{"id":1435,"date":"2008-04-05T19:44:46","date_gmt":"2008-04-05T19:44:46","guid":{"rendered":"https:\/\/la-presse-anarchiste.net\/index.php\/2008\/04\/05\/la-greve-generale-2\/"},"modified":"2008-04-05T19:44:46","modified_gmt":"2008-04-05T19:44:46","slug":"la-greve-generale-2","status":"publish","type":"post","link":"https:\/\/la-presse-anarchiste.net\/index.php\/2008\/04\/05\/la-greve-generale-2\/","title":{"rendered":"La gr\u00e8ve g\u00e9n\u00e9rale"},"content":{"rendered":"<div class=\"pdfprnt-buttons pdfprnt-buttons-post pdfprnt-top-right\"><a href=\"https:\/\/la-presse-anarchiste.net\/index.php\/wp-json\/wp\/v2\/posts\/1435?print=pdf\" class=\"pdfprnt-button pdfprnt-button-pdf\" target=\"_blank\"><img decoding=\"async\" src=\"https:\/\/la-presse-anarchiste.net\/wp-content\/plugins\/pdf-print\/images\/pdf.png\" alt=\"image_pdf\" title=\"Afficher le PDF\"><\/a><a href=\"https:\/\/la-presse-anarchiste.net\/index.php\/wp-json\/wp\/v2\/posts\/1435?print=print\" class=\"pdfprnt-button pdfprnt-button-print\" target=\"_blank\"><img decoding=\"async\" src=\"https:\/\/la-presse-anarchiste.net\/wp-content\/plugins\/pdf-print\/images\/print.png\" alt=\"image_print\" title=\"Contenu imprim\u00e9\"><\/a><\/div><p class=\"post_excerpt\">[[Par\u00admi les \u00e9crits de Pel\u00adlou\u00adtier non r\u00e9unis encore en volume et par cons\u00e9\u00adquent igno\u00adr\u00e9s de la g\u00e9n\u00e9\u00adra\u00adtion actuelle, cette \u00e9tude, parue en 1895, dans le petit jour\u00adnal La Gr\u00e8ve G\u00e9n\u00e9\u00adrale, nous a sem\u00adbl\u00e9 devoir figu\u00adrer \u00e0 la pre\u00admi\u00e8re place des docu\u00adments et des \u00e9tudes que nous vou\u00adlons r\u00e9unir ici pour mon\u00adtrer le d\u00e9ve\u00adlop\u00adpe\u00adment de l\u2019i\u00add\u00e9e de gr\u00e8ve g\u00e9n\u00e9rale.]]<\/p>\n<p><!--more--><br>\n&nbsp;<\/p>\n<p style=\"text-indent: 1.46cm; margin-bottom: 0cm;\" align=\"justify\"><font face=\"Garamond, serif\"><font style=\"font-size: 13pt;\" size=\"3\">(His\u00adto\u00adrique)<\/font><\/font><\/p>\n<p style=\"text-indent: 1.46cm; margin-bottom: 0cm;\" align=\"justify\"><font face=\"Garamond, serif\"><font style=\"font-size: 13pt;\" size=\"3\">\u00ab&nbsp;Il<br>\nest \u00e0 remar\u00adquer, a dit M.&nbsp;Edouard Lockroy, que c\u2019est dans&nbsp;les<br>\npays o\u00f9 les gr\u00e8ves ont \u00e9t\u00e9 les&nbsp;plus<br>\nfr\u00e9\u00adquentes et les plus pro\u00adlon\u00adg\u00e9es que les ouvriers sont<br>\npar\u00adve\u00adnus \u00e0 obte\u00adnir les salaires les plus \u00e9lev\u00e9s.<br>\nOn ne peut donc pas condam\u00adner les gr\u00e8ves au nom des int\u00e9r\u00eats<br>\nbien enten\u00addus des classes labo\u00adrieuses&nbsp;\u00bb. La gr\u00e8ve, en<br>\neffet, en cimen\u00adtant entre les tra\u00advailleurs une union de jour en&nbsp;jour<br>\nplus \u00e9troite, est de nature \u00e0 leur ins\u00adpi\u00adrer&nbsp;le<br>\nsen\u00adti\u00adment de leur force et \u00e0 d\u00e9ter\u00admi\u00adner, plus s\u00fbrement<br>\nencore que l\u2019ac\u00adtion de la rue, le suc\u00adc\u00e8s de la bataille que<br>\nl\u2019an\u00adta\u00adgo\u00adnisme \u00e9co\u00adno\u00admique a ren\u00addue n\u00e9cessaire.<\/font><\/font><\/p>\n<p style=\"text-indent: 1.46cm; margin-bottom: 0cm;\" align=\"justify\"><font face=\"Garamond, serif\"><font style=\"font-size: 13pt;\" size=\"3\">Mais<br>\nsi l\u2019ac\u00adca\u00adpa\u00adre\u00adment par\u00adtiel de la valeur-tra\u00advail s\u2019est accom\u00adpli&nbsp;d\u00e8s<br>\nle jour o\u00f9 le gou\u00adver\u00adne\u00adment de Napo\u00adl\u00e9on III, press\u00e9<br>\npar l\u2019exemple de l\u2019An\u00adgle\u00adterre, dut faire de la libert\u00e9<br>\nnatu\u00adrelle et pri\u00admor\u00addiale de coa\u00adli\u00adtion une liber\u00adt\u00e9 civile,<br>\nl\u2019i\u00add\u00e9e de concer\u00adter un mou\u00adve\u00adment gigan\u00adtesque, c\u2019est-\u00e0-dire<br>\nde sub\u00adsti\u00adtuer aux gr\u00e8ves locales une gr\u00e8ve g\u00e9n\u00e9rale<br>\nde toutes les indus\u00adtries, est tout \u00e0 fait r\u00e9cente. Le<br>\ntemps m\u00eame qu\u2019elle a mis \u00e0 se pro\u00adduire, l\u2019extension<br>\nconstante depuis vingt-neuf ans du mou\u00adve\u00adment gr\u00e9viste,<br>\nori\u00adgi\u00adnai\u00adre\u00adment limi\u00adt\u00e9 \u00e0 quelques centres industriels,<br>\nindique \u00e0 la fois com\u00adbien sont deve\u00adnus pro\u00adfonds les ravages<br>\ncau\u00ads\u00e9s par le d\u00e9ve\u00adlop\u00adpe\u00adment du machi\u00adnisme, com\u00adbien,&nbsp;par<br>\nsuite, s\u2019im\u00adpose une solu\u00adtion radi\u00adcale et imm\u00e9\u00addiate&nbsp;des<br>\npro\u00adbl\u00e8mes sociaux. On peut dire des gr\u00e8ves partielles<br>\nqu\u2019elles n\u2019ont \u00e9t\u00e9 que des escar\u00admouches, des combats<br>\nd\u2019a\u00advant-garde, dont les hautes classes devraient tenir compte avant<br>\nque s\u2019en\u00adgage l\u2019ac\u00adtion d\u00e9cisive.<\/font><\/font><\/p>\n<p style=\"text-indent: 1.46cm; margin-bottom: 0cm;\" align=\"justify\"><font face=\"Garamond, serif\"><font style=\"font-size: 13pt;\" size=\"3\">L\u2019As\u00adso\u00adcia\u00adtion<br>\ninter\u00adna\u00adtio\u00adnale des tra\u00advailleurs, issue n\u00e9ces\u00adsai\u00adre\u00adment de&nbsp;la<br>\nloi du 25 mai 1864 sur le droit de coa\u00adli\u00adtion, avait pour but,&nbsp;en<br>\nsup\u00adpri\u00admant toute bar\u00adri\u00e8re entre les classes ouvri\u00e8res<br>\ndes dif\u00adf\u00e9\u00adrents pays, de pr\u00e9\u00adpa\u00adrer pour un jour prochain<br>\nl\u2019or\u00adga\u00adni\u00adsa\u00adtion d\u2019un mou\u00adve\u00adment aus\u00adsi large que pos\u00adsible du Travail<br>\ncontre le Capi\u00adtal. Sous son impul\u00adsion, comme l\u2019a consta\u00adt\u00e9&nbsp;M.<br>\nMar\u00adtial Del\u00adpit (<i>Enq. par\u00adlem. s. l\u2019In\u00adsurr. du 18 mars<\/i>) \u00ab&nbsp;la<br>\nlutte des int\u00e9\u00adr\u00eats devait prendre des proportions<br>\ngigan\u00adtesques et les gr\u00e8ves deve\u00adnir irr\u00e9sistibles&nbsp;\u00bb.<br>\nEn fait, apr\u00e8s avoir consta\u00adt\u00e9, le 9 sep\u00adtembre 1868<br>\n(Congr\u00e8s de Bruxelles), que \u00ab&nbsp;la gr\u00e8ve n\u2019est&nbsp;pas<br>\nun moyen d\u2019af\u00adfran\u00adchir com\u00adpl\u00e8\u00adte\u00adment le tra\u00advailleur, mais<br>\nqu\u2019elle est sou\u00advent une n\u00e9ces\u00adsi\u00adt\u00e9 dans la situation<br>\nactuelle&nbsp;\u00bb, elle disait expli\u00adci\u00adte\u00adment, le 27 mars 1869 (jour\u00adnal<br>\n<i>l\u2019In\u00adter\u00adna\u00adtio\u00adnale<\/i>, de Bruxelles): \u00ab&nbsp;Lorsque les gr\u00e8ves<br>\ns\u2019\u00e9\u00adtendent, se com\u00admu\u00adniquent de proche en proche, c\u2019est<br>\nqu\u2019elles sont bien pr\u00e8s de deve\u00adnir une gr\u00e8ve g\u00e9n\u00e9rale&nbsp;;<br>\net une gr\u00e8ve g\u00e9n\u00e9\u00adrale, avec les&nbsp;id\u00e9es<br>\nd\u2019af\u00adfran\u00adchis\u00adse\u00adment qui r\u00e8gnent aujourd\u2019\u00adhui, ne peut qu\u2019aboutir<br>\n\u00e0 un grand cata\u00adclysme qui ferait faire peau neuve \u00e0&nbsp;la<br>\nsoci\u00e9\u00adt\u00e9&nbsp;\u00bb. C\u2019est ain\u00adsi que la mul\u00adti\u00adpli\u00adca\u00adtion&nbsp;et<br>\nl\u2019im\u00adpor\u00adtance crois\u00adsante des mou\u00adve\u00adments iso\u00adl\u00e9s, qu\u2019elle ne<br>\nconsi\u00add\u00e9\u00adrait pri\u00admi\u00adti\u00adve\u00adment que comme un moyen d\u2019agitation<br>\nr\u00e9vo\u00adlu\u00adtion\u00adnaire, l\u2019a\u00advaient ame\u00adn\u00e9e \u00e0 envi\u00adsa\u00adger&nbsp;la<br>\npers\u00adpec\u00adtive d\u2019un mou\u00adve\u00adment g\u00e9n\u00e9\u00adral sus\u00adcep\u00adtible&nbsp;de<br>\nr\u00e9a\u00adli\u00adser l\u2019\u00e9\u00adman\u00adci\u00adpa\u00adtion du pro\u00adl\u00e9\u00adta\u00adriat. Aus\u00adsi&nbsp;ne<br>\nces\u00adsa-t-elle d\u2019en\u00adcou\u00adra\u00adger les gr\u00e8ves, tout en se r\u00e9servant<br>\nde les approu\u00adver ou non&nbsp;; et, \u00e0 son ins\u00adti\u00adga\u00adtion, les ouvriers<br>\nqui, apr\u00e8s l\u2019ar\u00adres\u00adta\u00adtion des r\u00e9dac\u00adteurs de&nbsp;la<br>\n<i>Mar\u00adseillaise<\/i> (8 et 9 f\u00e9vrier 1870), s\u2019\u00e9taient<br>\nchar\u00adg\u00e9s de r\u00e9di\u00adger la rubrique&nbsp;: Ques\u00adtion sociale,<br>\nconseill\u00e8rent la sus\u00adpen\u00adsion du tra\u00advail comme l\u2019arme de<br>\nr\u00e9sis\u00adtance la plus effi\u00adcace aux abus de pou\u00advoir&nbsp;du<br>\ngou\u00adver\u00adne\u00adment [[Pour l\u2019his\u00adto\u00adrique du mou\u00adve\u00adment gr\u00e9viste,<br>\nrap\u00adpe\u00adlons quelques-unes des d\u00e9cla\u00adra\u00adtions offi\u00adcielles de<br>\nl\u2019In\u00adter\u00adna\u00adtio\u00adnale. Le Congr\u00e8s de Gen\u00e8ve (1866) demandait<br>\nd\u2019\u00e9\u00adta\u00adblir entre les tra\u00advailleurs un lien uni\u00adver\u00adsel&nbsp;qui<br>\nper\u00admet\u00adtrait d\u2019or\u00adga\u00adni\u00adser des gr\u00e8ves immenses, invincibles.&nbsp;\u2014<br>\nLe Congr\u00e8s de Bruxelles (1868) d\u00e9cla\u00adra que la&nbsp;gr\u00e8ve<br>\nest une n\u00e9ces\u00adsi\u00adt\u00e9\u200a\u2014\u200aM.&nbsp;Dupont, au nom du Conseil de<br>\nl\u2019In\u00adter\u00adna\u00adtio\u00adnale, \u00e9cri\u00advait&nbsp;: \u00ab&nbsp;La gr\u00e8ve est&nbsp;une<br>\narme ter\u00adrible et consti\u00adtue le meilleur moyen d\u2019or\u00adga\u00adni\u00adser les forces<br>\nde la classe ouvri\u00e8re.&nbsp;\u00bb \u2014.M.&nbsp;Tolain (<i>quan\u00adtum<br>\nmula\u00adtus ab illo<\/i>!) consta\u00adtait que l\u2019In\u00adter\u00adna\u00adtio\u00adnale \u00ab&nbsp;avait<br>\npour mis\u00adsion de sou\u00adte\u00adnir les gr\u00e8ves&nbsp;\u00bb.]].<\/font><\/font><\/p>\n<p style=\"text-indent: 1.46cm; margin-bottom: 0cm;\" align=\"justify\"><font face=\"Garamond, serif\"><font style=\"font-size: 13pt;\" size=\"3\">Les<br>\n\u00e9v\u00e9\u00adne\u00adments de 1871 et la dis\u00adper\u00adsion des membres de<br>\nl\u2019In\u00adter\u00adna\u00adtio\u00adnale apr\u00e8s la chute du gou\u00adver\u00adne\u00adment communaliste<br>\nemp\u00ea\u00adch\u00e8rent l\u2019As\u00adso\u00adcia\u00adtion d\u2019ex\u00e9\u00adcu\u00adter un dessein<br>\ndont mieux que qui\u00adconque elle pou\u00advait assu\u00adrer le suc\u00adc\u00e8s.&nbsp;La<br>\nloi de pros\u00adcrip\u00adtion de 1872 fut faite pour enrayer, si c\u2019\u00e9tait<br>\npos\u00adsible, ou du moins cana\u00adli\u00adser l\u2019\u00e9\u00advo\u00adlu\u00adtion socia\u00adliste. Et<br>\neffec\u00adti\u00adve\u00adment la plu\u00adpart des syn\u00addi\u00adcats dis\u00adpa\u00adrurent. A l\u2019\u00e9poque<br>\no\u00f9 fut vot\u00e9e la loi, il n\u2019en sub\u00adsis\u00adtait plus&nbsp;\u00e0<br>\nParis que cent trente-cinq, jus\u00adti\u00adciables des articles 291&nbsp;\u00e0<br>\n294 du Code p\u00e9nal, de la loi du 10 avril 1834 et du d\u00e9cret<br>\nd\u00e8s 25 mars et 2 avril 1852. Ces syn\u00addi\u00adcats ayant r\u00e9solu<br>\nd\u2019op\u00adpo\u00adser \u00e0 <i>l\u2019U\u00adnion natio\u00adnale du com\u00admerce et&nbsp;de<br>\nl\u2019in\u00addus\u00adtrie<\/i>, v\u00e9ri\u00adtable f\u00e9d\u00e9\u00adra\u00adtion&nbsp;des<br>\nsyn\u00addi\u00adcats patro\u00adnaux, un cercle dit de <i>l\u2019U\u00adnion syn\u00addi\u00adcale ouvri\u00e8re<\/i>,<br>\nle Pr\u00e9\u00adfet de police re\u00e7ut du Ministre de l\u2019Int\u00e9rieur<br>\nl\u2019ordre de le dis\u00adsoudre et sut habi\u00adle\u00adment semer la dis\u00adcorde entre&nbsp;les<br>\nassociations.<\/font><\/font><\/p>\n<p style=\"text-indent: 1.46cm; margin-bottom: 0cm;\" align=\"justify\"><font face=\"Garamond, serif\"><font style=\"font-size: 13pt;\" size=\"3\">L\u2019As\u00adsem\u00adbl\u00e9e<br>\nnatio\u00adnale refu\u00adsant de sup\u00adpri\u00admer la juri\u00addic\u00adtion exceptionnelle<br>\nappli\u00adqu\u00e9e aux syn\u00addi\u00adcats, M.&nbsp;Ed. Lockroy, alors d\u00e9put\u00e9<br>\ndes Bouches-du-Rh\u00f4ne, lui deman\u00adda de recon\u00adna\u00eetre leur<br>\nexis\u00adtence l\u00e9gale en d\u00e9ter\u00admi\u00adnant leurs attributions.<br>\nMais l\u2019op\u00adpo\u00adsi\u00adtion du Congr\u00e8s ouvrier de Paris (1876) le&nbsp;for\u00e7a<br>\nde reti\u00adrer son pro\u00adjet, et une com\u00admis\u00adsion d\u00e9l\u00e9gu\u00e9e<br>\npar 62 syn\u00addi\u00adcats, apr\u00e8s s\u2019\u00eatre vu refu\u00adser de nou\u00adveau&nbsp;par<br>\nle Ministre de l\u2019In\u00adt\u00e9\u00adrieur l\u2019au\u00adto\u00adri\u00adsa\u00adtion de recons\u00adti\u00adtuer&nbsp;le<br>\n<i>Cercle de l\u2019U\u00adnion syn\u00addi\u00adcale<\/i>, \u00e9la\u00adbo\u00adra \u00e0 son&nbsp;tour<br>\nun pro\u00adjet des\u00adti\u00adn\u00e9 \u00e0 faire face \u00e0 celui que&nbsp;le<br>\nministre lui-m\u00eame se pro\u00adpo\u00adsait de d\u00e9po\u00adser \u00e0&nbsp;bref<br>\nd\u00e9lai.<\/font><\/font><\/p>\n<p style=\"text-indent: 1.46cm; margin-bottom: 0cm;\" align=\"justify\"><font face=\"Garamond, serif\"><font style=\"font-size: 13pt;\" size=\"3\">La<br>\nloi de 1872 ne visait que les asso\u00adcia\u00adtions ouvri\u00e8res.<br>\nL\u2019\u00e9l\u00e9\u00adment socia\u00adliste poli\u00adtique, imbu de la doc\u00adtrine&nbsp;du<br>\npar\u00adle\u00admen\u00adta\u00adrisme, affir\u00adm\u00e9e par le socia\u00adlisme alle\u00admand,&nbsp;en<br>\npro\u00adfi\u00adta pour se recons\u00adti\u00adtuer d\u00e8s 1877 sous l\u2019\u00e9tiquette<br>\nhabi\u00adle\u00adment choi\u00adsie de <i>Par\u00adti ouvrier<\/i>. Sa tac\u00adtique&nbsp;\u00e9tait<br>\nessen\u00adtiel\u00adle\u00adment contraire \u00e0 celle de l\u2019In\u00adter\u00adna\u00adtio\u00adnale, et&nbsp;sous<br>\nl\u2019Em\u00adpire il avait eu, avec l\u2019As\u00adso\u00adcia\u00adtion, des difficult\u00e9s<br>\nmal\u00adheu\u00adreuses. Le 23 sep\u00adtembre 1865 il avait deman\u00add\u00e9&nbsp;aux<br>\ncor\u00adpo\u00adra\u00adtions d\u2019in\u00adter\u00adve\u00adnir en faveur de la Pologne&nbsp;; le 3 septembre<br>\n1866 il avait pos\u00e9 la ques\u00adtion des id\u00e9es reli\u00adgieuses et<br>\nde leur influence sur le mou\u00adve\u00adment social, poli\u00adtique et intellectuel.<br>\nCes deux pro\u00adpo\u00adsi\u00adtions, l\u2019In\u00adter\u00adna\u00adtio\u00adnale les avait \u00e9galement<br>\nrepous\u00ads\u00e9es, non pas, comme on pour\u00adrait croire, parce qu\u2019elle<br>\ns\u2019\u00e9\u00adcar\u00adtait \u00e0 leur sujet de l\u2019o\u00adpi\u00adnion com\u00admune,&nbsp;mais<br>\nparce qu\u2019elle les consi\u00add\u00e9\u00adrait comme une immix\u00adtion dans&nbsp;la<br>\npoli\u00adtique, contraire et fatale \u00e0 son but qui&nbsp;\u00e9tait<br>\nl\u2019\u00e9\u00adman\u00adci\u00adpa\u00adtion des tra\u00advailleurs par les tra\u00advailleurs eux-m\u00eames<br>\nsur le ter\u00adrain du tra\u00advail. De m\u00eame la sec\u00adtion pari\u00adsienne avait<br>\nrefu\u00ads\u00e9 d\u2019ad\u00admettre dans son sein les <i>tra\u00advailleurs de&nbsp;la<br>\npen\u00ads\u00e9e<\/i>, non par une dis\u00adtinc\u00adtion arbi\u00adtraire et<br>\nanti\u00adso\u00adcia\u00adliste entre pro\u00adduc\u00adteurs manuels et producteurs<br>\nintel\u00adlec\u00adtuels, qui, les uns et les autres, sont des <i>sala\u00adri\u00e9s<\/i>,<br>\nmais parce qu\u2019elle savait ceux-ci exclu\u00adsi\u00adve\u00adment par\u00adti\u00adsans de l\u2019action<br>\nde la rue, hos\u00adtiles par cons\u00e9\u00adquent au mou\u00adve\u00adment corporatif.<br>\nC\u2019est enfin dans le m\u00eame esprit qu\u2019aux paroles adress\u00e9es<br>\npar MM.&nbsp;Meu\u00adnier et Gen\u00adton aux inter\u00adna\u00adtio\u00adna\u00adlistes de Paris&nbsp;: \u00ab&nbsp;Si,<br>\npar impos\u00adsible, vous r\u00e9us\u00adsis\u00adsiez \u00e0 rendre l\u2019ouvrier<br>\nheu\u00adreux, la R\u00e9vo\u00adlu\u00adtion n\u2019ar\u00adri\u00adve\u00adrait jamais et nous voulons<br>\navoir la R\u00e9vo\u00adlu\u00adtion&nbsp;\u00bb, l\u2019In\u00adter\u00adna\u00adtio\u00adnale avait r\u00e9pondu<br>\nen 1869&nbsp;: \u00ab&nbsp;Il faut que le peuple ne se laisse plus esca\u00admo\u00adter&nbsp;par<br>\nles par\u00adleurs et les r\u00eaveurs [[Les r\u00eaveurs signi\u00adfie&nbsp;les<br>\n<i>b\u00e2tis\u00adseurs de sys\u00adt\u00e8mes<\/i> qui, comme Louis&nbsp;Blanc,<br>\nst\u00e9\u00adri\u00adlisent les mou\u00adve\u00adments popu\u00adlaires en s\u2019en ser\u00advant comme&nbsp;de<br>\nchamps d\u2019ex\u00adp\u00e9\u00adri\u00admen\u00adta\u00adtion.]], comme en&nbsp;1848&nbsp;\u00bb.<\/font><\/font><\/p>\n<p style=\"text-indent: 1.46cm; margin-bottom: 0cm;\" align=\"justify\"><font face=\"Garamond, serif\"><font style=\"font-size: 13pt;\" size=\"3\">Ce<br>\ndua\u00adlisme d\u2019in\u00adt\u00e9\u00adr\u00eats entre l\u2019\u00e9l\u00e9ment<br>\nouvrier et le par\u00adti jaco\u00adbin ne man\u00adqua pas de repa\u00adra\u00eetre en<br>\n1877, d\u2019au\u00adtant moins r\u00e9duc\u00adtible que le par\u00adti poli\u00adtique&nbsp;\u00e9tait<br>\ndiri\u00adg\u00e9 par d\u2019\u00e9\u00admi\u00adnentes per\u00adson\u00adna\u00adli\u00adt\u00e9s et&nbsp;qu\u2019il<br>\n\u00e9vo\u00adluait avec une liber\u00adt\u00e9 rela\u00adtive, tan\u00addis&nbsp;que<br>\nl\u2019\u00e9l\u00e9\u00adment cor\u00adpo\u00adra\u00adtif, conte\u00adnu par la loi de&nbsp;1872,<br>\nn\u2019a\u00advait ni chefs ni jour\u00adnaux. Aus\u00adsi, comme l\u2019In\u00adter\u00adna\u00adtio\u00adnale l\u2019avait<br>\npr\u00e9\u00advu, les th\u00e9o\u00adri\u00adciens du col\u00adlec\u00adti\u00advisme qui avaient<br>\nd\u00e9j\u00e0 com\u00adbat\u00adtu le pro\u00adjet de loi \u00e9labor\u00e9<br>\npar la com\u00admis\u00adsion des 62 syn\u00addi\u00adcats, d\u00e9cr\u00e9t\u00e8rent<br>\nque l\u2019<i>expro\u00adpria\u00adtion poli\u00adtique de la classe capi\u00adta\u00adliste devait<br>\npr\u00e9\u00adc\u00e9\u00adder son expro\u00adpria\u00adtion \u00e9co\u00adno\u00admique<\/i>, et,<br>\nen cons\u00e9\u00adquence, \u00e9car\u00adt\u00e8rent par syst\u00e8me<br>\ntoute motion d\u2019af\u00adfran\u00adchis\u00adse\u00adment du pro\u00adl\u00e9\u00adta\u00adriat sur le terrain<br>\ncorporatif.<\/font><\/font><\/p>\n<p style=\"margin-bottom: 0cm;\" align=\"justify\"><font face=\"Garamond, serif\"><font style=\"font-size: 13pt;\" size=\"3\"><\/font><\/font><\/p>\n<h2>II<\/h2>\n<p><\/p>\n<p style=\"text-indent: 1.46cm; margin-bottom: 0cm;\" align=\"justify\"><font face=\"Garamond, serif\"><font style=\"font-size: 13pt;\" size=\"3\">Vint<br>\nla loi du 21 mars 1884, sti\u00adpu\u00adlant que \u00ab&nbsp;les syndicats<br>\npro\u00adfes\u00adsion\u00adnels r\u00e9gu\u00adli\u00e8\u00adre\u00adment constitu\u00e9s<br>\npour\u00adraient libre\u00adment se concer\u00adter pour l\u2019\u00e9\u00adtude et la d\u00e9fense<br>\nde leurs int\u00e9\u00adr\u00eats \u00e9co\u00adno\u00admiques&nbsp;\u00bb.&nbsp;Les<br>\nouvriers, qui n\u2019at\u00adten\u00addaient que cette occa\u00adsion, s\u2019empress\u00e8rent<br>\nde mettre \u00e0 pro\u00adfit la l\u00e9gis\u00adla\u00adtion nou\u00advelle&nbsp;et<br>\nmul\u00adti\u00adpli\u00e8rent, avec les syn\u00addi\u00adcats, les gr\u00e8ves, qui&nbsp;sont<br>\nl\u2019un des moyens que sous-entend la loi pour la d\u00e9fense des<br>\nint\u00e9\u00adr\u00eats du Travail.<\/font><\/font><\/p>\n<p style=\"text-indent: 1.46cm; margin-bottom: 0cm;\" align=\"justify\"><font face=\"Garamond, serif\"><font style=\"font-size: 13pt;\" size=\"3\">Le<br>\npar\u00adti poli\u00adtique ne tar\u00adda pas \u00e0 aper\u00adce\u00advoir le dan\u00adger dont&nbsp;cette<br>\nloi mena\u00ad\u00e7ait son action et sa pro\u00adpa\u00adgande. Aus\u00adsi, fid\u00e8le<br>\n\u00e0 sa tac\u00adtique, il la pr\u00e9\u00adsen\u00adta comme un pi\u00e8ge, et<br>\nun jour\u00adnal de l\u2019\u00e9\u00adpoque \u00e9cri\u00advit en sub\u00adstance&nbsp;: \u00ab&nbsp;Le<br>\nPar\u00adle\u00adment pou\u00advait, au lieu d\u2019a\u00addop\u00adter une loi nou\u00advelle, demander<br>\nl\u2019a\u00adbro\u00adga\u00adtion de celle qui a \u00e9t\u00e9 vot\u00e9e en&nbsp;1872<br>\ncontre l\u2019In\u00adter\u00adna\u00adtio\u00adnale. En rap\u00adpor\u00adtant cette mesure exceptionnelle,<br>\nil \u00e9dic\u00adtait <i>ipso fac\u00adto<\/i> le droit d\u2019as\u00adso\u00adcia\u00adtion, et&nbsp;les<br>\nsyn\u00addi\u00adcats se consti\u00adtuaient tels qu\u2019ils existent aujourd\u2019\u00adhui&nbsp;sans<br>\nqu\u2019il f\u00fbt besoin d\u2019une auto\u00adri\u00adsa\u00adtion sp\u00e9\u00adciale. Mais&nbsp;il<br>\ns\u2019est gar\u00add\u00e9 de le faire parce que, tout en c\u00e9dant aux<br>\n\u00e9v\u00e9\u00adne\u00adments qui l\u2019o\u00adbligent \u00e0 sanc\u00adtion\u00adner&nbsp;les<br>\nl\u00e9gi\u00adtimes aspi\u00adra\u00adtions du par\u00adti socia\u00adliste, il veut s\u2019assurer<br>\npour l\u2019a\u00adve\u00adnir une \u00e9chap\u00adpa\u00adtoire contre les r\u00e9clamations<br>\ntrop pres\u00adsantes , des tra\u00advailleurs. Que le mou\u00adve\u00adment corporatif<br>\ns\u2019\u00e9\u00adtende au point de deve\u00adnir mena\u00ad\u00e7ant pour le Capital,<br>\net le pou\u00advoir ex\u00e9\u00adcu\u00adtif peut, gr\u00e2ce \u00e0 la loi&nbsp;de<br>\n1872, emp\u00ea\u00adcher, dis\u00adsoudre, pour\u00adsuivre les <i>F\u00e9d\u00e9\u00adra\u00adtions<br>\nde syn\u00addi\u00adcats<\/i> que la loi de 1884 n\u2019a pas express\u00e9ment<br>\nauto\u00adri\u00ads\u00e9es [[Cette argu\u00admen\u00adta\u00adtion \u00e9tait, est encore,<br>\nrigou\u00adreu\u00adse\u00adment juste. Mais comme elle avait moins pour but de mettre<br>\nles ouvriers en garde contre l\u2019ar\u00adbi\u00adtraire \u00e9ven\u00adtuel&nbsp;du<br>\ngou\u00adver\u00adne\u00adment que de les d\u00e9ta\u00adcher du mou\u00adve\u00adment cor\u00adpo\u00adra\u00adtif,&nbsp;nous<br>\nn\u2019en savons aucun gr\u00e9 \u00e0 ceux qui l\u2019ont pro\u00adduite. Si,&nbsp;du<br>\nreste, la fer\u00adme\u00adture de la Bourse du Tra\u00advail de Paris est&nbsp;venue<br>\njus\u00adti\u00adfier les pes\u00adsi\u00admistes pr\u00e9\u00advi\u00adsions des poli\u00adtiques, du&nbsp;moins<br>\ncette vio\u00adla\u00adtion du droit com\u00admun n\u2019a-t-elle en rien arr\u00eat\u00e9<br>\nles \u00e9v\u00e9\u00adne\u00adments. Elle n\u2019au\u00adra m\u00eame ser\u00advi&nbsp;qu\u2019\u00e0<br>\nles pr\u00e9\u00adci\u00adpi\u00adter si, comme nous l\u2019es\u00adp\u00e9\u00adrons,&nbsp;le<br>\npro\u00adl\u00e9\u00adta\u00adriat fran\u00ad\u00e7ais se pro\u00adnonce pour la&nbsp;gr\u00e8ve<br>\ng\u00e9n\u00e9rale.]]\u00bb.<\/font><\/font><\/p>\n<p style=\"text-indent: 1.46cm; margin-bottom: 0cm;\" align=\"justify\"><font face=\"Garamond, serif\"><font style=\"font-size: 13pt;\" size=\"3\">Le<br>\npar\u00adti cor\u00adpo\u00adra\u00adtif\u200a\u2014\u200aqui n\u2019a\u00advait pas d\u2019\u00e9\u00adti\u00adquette, les<br>\ngrou\u00adpe\u00adments poli\u00adtiques s\u2019\u00e9\u00adtant appro\u00adpri\u00e9 la sienne,&nbsp;\u2014<br>\nne tint nul compte, et fit bien, de cet insi\u00addieux aver\u00adtis\u00adse\u00adment.&nbsp;Il<br>\npour\u00adsui\u00advit sa r\u00e9or\u00adga\u00adni\u00adsa\u00adtion et l\u2019\u00e9l\u00e9ment<br>\njaco\u00adbin dut le suivre, faute d\u2019a\u00advoir pu l\u2019ar\u00adr\u00ea\u00adter.&nbsp;Des<br>\nf\u00e9d\u00e9\u00adra\u00adtions se consti\u00adtu\u00e8rent, d\u2019a\u00adbord locales,<br>\nlimi\u00adt\u00e9es aux exi\u00adgences imm\u00e9\u00addiates de la&nbsp;lutte<br>\n\u00e9co\u00adno\u00admique (rel\u00e8\u00adve\u00adment des salaires, coa\u00adli\u00adtions contre<br>\nle ch\u00f4\u00admage, le tra\u00advail aux pi\u00e8ces, etc.), puis<br>\nr\u00e9gio\u00adnales, et enfin natio\u00adnales, celles-ci ayant pour&nbsp;but<br>\nd\u2019emp\u00eacher la concur\u00adrence entre ouvriers d\u2019une&nbsp;m\u00eame<br>\ncor\u00adpo\u00adra\u00adtion et d\u2019\u00e9\u00adpui\u00adser les voies l\u00e9gales<br>\nd\u2019af\u00adfran\u00adchis\u00adse\u00adment en deman\u00addant aux pou\u00advoirs publics ce que&nbsp;les<br>\npou\u00advoirs publics ne pour\u00adraient accor\u00adder qu\u2019en fai\u00adsant faillite au<br>\nCapi\u00adtal, leur pro\u00adtec\u00adteur natu\u00adrel, \u00e0 savoir&nbsp;: la limi\u00adta\u00adtion&nbsp;de<br>\nla dur\u00e9e du tra\u00advail, la fixa\u00adtion d\u2019un mini\u00admum de salaire\u2026<br>\nD\u2019autre part, quelques conseils muni\u00adci\u00adpaux subventionn\u00e8rent<br>\ndes Bourses du Tra\u00advail, c\u2019est-\u00e0-dire des bureaux de placement<br>\ngra\u00adtuit. (dont le nombre s\u2019\u00e9\u00adl\u00e8ve aujourd\u2019\u00adhui&nbsp;\u00e0<br>\n33, comp\u00adtant 1.284 syn\u00addi\u00adcats et 1 mil\u00adlion 300.000 syndiqu\u00e9s)<br>\net cet ensemble d\u2019as\u00adso\u00adcia\u00adtions fut reli\u00e9 aux associations<br>\n\u00e9tran\u00adg\u00e8res par l\u2019ins\u00adti\u00adtu\u00adtion d\u2019un <i>Secr\u00e9\u00adta\u00adriat<br>\nnatio\u00adnal du tra\u00advail<\/i>.<\/font><\/font><\/p>\n<p style=\"text-indent: 1.46cm; margin-bottom: 0cm;\" align=\"justify\"><font face=\"Garamond, serif\"><font style=\"font-size: 13pt;\" size=\"3\">C\u2019est<br>\nalors que rena\u00eet l\u2019i\u00add\u00e9e d\u2019une gr\u00e8ve g\u00e9n\u00e9rale.<br>\nMais deux cou\u00adrants vont se des\u00adsi\u00adner&nbsp;: l\u2019un, favo\u00adrable \u00e0&nbsp;la<br>\ngr\u00e8ve des tra\u00advailleurs d\u2019une seule pro\u00adfes\u00adsion, l\u2019autre \u00e0<br>\nla gr\u00e8ve simul\u00adta\u00adn\u00e9e des tra\u00advailleurs de toutes les<br>\nindus\u00adtries. Ce n\u2019est pas que les ini\u00adtia\u00adteurs de la gr\u00e8ve&nbsp;d\u2019un<br>\nseul m\u00e9tier soient hos\u00adtiles aux par\u00adti\u00adsans de la&nbsp;gr\u00e8ve<br>\ng\u00e9n\u00e9\u00adrale. Non, les cir\u00adcons\u00adtances seules&nbsp;: une situation<br>\nplus dif\u00adfi\u00adcile, une mis\u00e8re plus grande, obligent les mineurs \u00e0<br>\ndevan\u00adcer les autres frac\u00adtions du pro\u00adl\u00e9\u00adta\u00adriat. C\u2019est le Congr\u00e8s<br>\ntenu en mai 1890, \u00e0 Joli\u00admont, qui prend l\u2019i\u00adni\u00adtia\u00adtive&nbsp;du<br>\nmou\u00adve\u00adment en adop\u00adtant la pro\u00adpo\u00adsi\u00adtion sui\u00advante d\u2019un d\u00e9l\u00e9gu\u00e9<br>\n\u00e9cos\u00adsais, M.&nbsp;Keir Har\u00addie, aujourd\u2019\u00adhui membre de la Chambre des<br>\nCom\u00admunes&nbsp;: \u00ab&nbsp;Le Congr\u00e8s d\u00e9clare qu\u2019il y a lieu&nbsp;de<br>\nfaire exa\u00admi\u00adner par les asso\u00adcia\u00adtions ouvri\u00e8res de tous les&nbsp;pays<br>\nrepr\u00e9\u00adsen\u00adt\u00e9s le prin\u00adcipe de la gr\u00e8ve g\u00e9n\u00e9rale<br>\nqui doit assu\u00adrer le triomphe de la jour\u00adn\u00e9e de huit heures. Il<br>\nengage les d\u00e9l\u00e9\u00adgu\u00e9s \u00e0 s\u2019oc\u00adcu\u00adper le&nbsp;plus<br>\npos\u00adsible de cette ques\u00adtion et fixe au 1<sup>er<\/sup> avril 1891&nbsp;la<br>\ndate du pro\u00adchain Congr\u00e8s inter\u00adna\u00adtio\u00adnal o\u00f9 la&nbsp;gr\u00e8ve,<br>\ndans tous les char\u00adbon\u00adnages d\u2019Eu\u00adrope, pour\u00adra \u00eatre d\u00e9cid\u00e9e.&nbsp;\u00bb<\/font><\/font><\/p>\n<p style=\"text-indent: 1.46cm; margin-bottom: 0cm;\" align=\"justify\"><font face=\"Garamond, serif\"><font style=\"font-size: 13pt;\" size=\"3\">Le<br>\npar\u00adti mar\u00adxiste vit dans cette pro\u00adpo\u00adsi\u00adtion un d\u00e9rivatif<br>\npos\u00adsible \u00e0 l\u2019i\u00add\u00e9e, impr\u00e9\u00adcise encore, mais<br>\nimmi\u00adnente, d\u2019une gr\u00e8ve g\u00e9n\u00e9\u00adrale de toutes les<br>\nindus\u00adtries. \u00c0 la demande de M<sup>me<\/sup> Ave\u00adling, une&nbsp;des<br>\nfilles de Karl Marx, il prit donc (Congr\u00e8s de Lille, octobre<br>\n1890) la r\u00e9so\u00adlu\u00adtion sui\u00advante qui, d\u2019a\u00adpr\u00e8s&nbsp;le<br>\n<i>Socia\u00adlisle<\/i>, son organe offi\u00adciel, reste <i>la loi du Par\u00adti<\/i>&nbsp;:<br>\n\u00ab&nbsp;Consi\u00add\u00e9\u00adrant que la gr\u00e8ve g\u00e9n\u00e9rale<br>\npro\u00adpre\u00adment dite, c\u2019est-\u00e0-dire le refus concer\u00adt\u00e9&nbsp;et<br>\nsimul\u00adta\u00adn\u00e9 du tra\u00advail par la tota\u00adli\u00adt\u00e9&nbsp;des<br>\ntra\u00advailleurs\u2026 sup\u00adpose et exige, pour abou\u00adtir, un&nbsp;\u00e9tat<br>\nd\u2019es\u00adprit socia\u00adliste et d\u2019or\u00adga\u00adni\u00adsa\u00adtion ouvri\u00e8re auquel n\u2019est<br>\npas arri\u00adv\u00e9 le pro\u00adl\u00e9\u00adta\u00adriat\u2026, que la seule&nbsp;gr\u00e8ve<br>\nqui, dans ces condi\u00adtions, ne soit pas illu\u00adsoire ou pr\u00e9matur\u00e9e,<br>\nest celle des mineurs de tous les pays, appuy\u00e9s dans&nbsp;leur<br>\nsor\u00adtie g\u00e9n\u00e9\u00adrale des fosses par les res\u00adsources des<br>\nautres corps de m\u00e9tier\u2026; qu\u2019elle a \u00e9t\u00e9 soumise<br>\nau Congr\u00e8s de Joli\u00adment et ren\u00advoy\u00e9e \u00e0 l\u2019\u00e9tude<br>\ndes int\u00e9\u00adres\u00ads\u00e9s\u2026, le Congr\u00e8s d\u00e9cide&nbsp;: les<br>\nF\u00e9d\u00e9\u00adra\u00adtions, groupes et membres du Par\u00adti sont invit\u00e9s<br>\n\u00e0 appuyer de toutes leurs forces la&nbsp;gr\u00e8ve<br>\ninter\u00adna\u00adtio\u00adnale des mineurs, au cas o\u00f9 elle serait vot\u00e9e<br>\npar ces derniers.&nbsp;\u00bb<\/font><\/font><\/p>\n<p style=\"text-indent: 1.46cm; margin-bottom: 0cm;\" align=\"justify\"><font face=\"Garamond, serif\"><font style=\"font-size: 13pt;\" size=\"3\">Les<br>\nmineurs se r\u00e9unirent en congr\u00e8s le 1<sup>er<\/sup> avril<br>\nsui\u00advant. Sur la demande de M.&nbsp;Bas\u00adly, d\u00e9pu\u00adt\u00e9&nbsp;et<br>\npr\u00e9\u00adsident du Syn\u00addi\u00adcat des mineurs du Pas-de-Calais [[M.&nbsp;Hamon<br>\nraconte dans la <i>France sociale et poli\u00adtique<\/i>, ann\u00e9e<br>\n1891, que \u00ab&nbsp;M.&nbsp;Bas\u00adly, par\u00adlant contre la gr\u00e8ve g\u00e9n\u00e9rale,<br>\nfut inter\u00adrom\u00adpu par le publie des tri\u00adbunes qui criait&nbsp;:\t\u00ab&nbsp;Traitre&nbsp;!<br>\nVen\u00addu&nbsp;!&nbsp;\u00bb \u00ab&nbsp;Le bruit fut tel que la s\u00e9ance fut&nbsp;lev\u00e9e<br>\net que M.&nbsp;Bas\u00adly s\u2019en\u00adfuit par une porte d\u00e9ro\u00adb\u00e9e.&nbsp;Il<br>\nracon\u00adta dans la <i>France<\/i> cet inci\u00addent d\u2019une telle&nbsp;fa\u00e7on<br>\nque M.&nbsp;Thi\u00advrier lui don\u00adna par lettre le d\u00e9men\u00adti le&nbsp;plus<br>\nfor\u00admel.&nbsp;\u00bb Une alter\u00adca\u00adtion du m\u00eamo genre et sur le&nbsp;m\u00eame<br>\nsujet devait s\u2019\u00e9\u00adle\u00adver l\u2019an\u00adn\u00e9e sui\u00advante entre le&nbsp;m\u00eame<br>\nThi\u00advrier, Fer\u00adroul et Lafargue. Ajou\u00adtons qu\u2019en octobre 1892 le Congr\u00e8s<br>\ntenu par les mineurs \u00e0 la Rica\u00adma\u00adrie vota la&nbsp;gr\u00e8ve<br>\ng\u00e9n\u00e9\u00adrale sans en d\u00e9ter\u00admi\u00adner la date. C\u2019est&nbsp;en<br>\nver\u00adtu de ce vote que les char\u00adbon\u00adnages du centre de la France et de&nbsp;la<br>\nBel\u00adgique songent \u00e0 appuyer actuel\u00adle\u00adment, la gr\u00e8ve&nbsp;des<br>\nchar\u00adbon\u00adnages du Pas-de-Calais, du Nord et de l\u2019An\u00adgle\u00adterre.]], la<br>\ngr\u00e8ve g\u00e9n\u00e9\u00adrale <i>inter\u00adna\u00adtio\u00adnale<\/i> fut<br>\nrepous\u00ads\u00e9e&nbsp;; mais sept mois plus tard (25 octobre 1891), le<br>\nCongr\u00e8s r\u00e9gio\u00adnal de Lens consul\u00adtait sur l\u2019opportunit\u00e9<br>\nd\u2019une gr\u00e8ve les mineurs des char\u00adbon\u00adnages du Nord. 12.149 se<br>\npro\u00adnon\u00adc\u00e8rent pour, 6.573 contre. Le Congr\u00e8s, malgr\u00e9<br>\nl\u2019op\u00adpo\u00adsi\u00adtion per\u00adsis\u00adtante de M.&nbsp;Bas\u00adly, pro\u00adcla\u00adma la gr\u00e8ve par&nbsp;48<br>\nvoix contre 46 et, le 18 novembre, 33.000 ouvriers ch\u00f4maient.<\/font><\/font><\/p>\n<p style=\"margin-bottom: 0cm;\" align=\"justify\"><font face=\"Garamond, serif\"><font style=\"font-size: 13pt;\" size=\"3\"><\/font><\/font><\/p>\n<h2>III<\/h2>\n<p><\/p>\n<p style=\"text-indent: 1.46cm; margin-bottom: 0cm;\" align=\"justify\"><font face=\"Garamond, serif\"><font style=\"font-size: 13pt;\" size=\"3\">Jus\u00adqu\u2019i\u00adci<br>\nla gr\u00e8ve g\u00e9n\u00e9\u00adrale de toutes les indus\u00adtries, bien<br>\nque com\u00adbat\u00adtue par les grou\u00adpe\u00adments poli\u00adtiques, n\u2019a\u00advait&nbsp;\u00e9t\u00e9<br>\npr\u00e9\u00adsen\u00adt\u00e9e nulle part\u200a\u2014\u200aen France du moins, car&nbsp;les<br>\nHol\u00adlan\u00addais et Dome\u00adla Nieu\u00adwen\u00adhuis ne cachent pas la faveur avec<br>\nlaquelle ils la consi\u00add\u00e8rent. Elle le fut, pour la premi\u00e8re<br>\nfois, le 4 sep\u00adtembre 1892, devant le Congr\u00e8s de Tours, auquel<br>\nM.&nbsp;Fer\u00adnand Pel\u00adlou\u00adtier, d\u00e9l\u00e9\u00adgu\u00e9 des Bourses du<br>\nTra\u00advail de la Loire-Inf\u00e9\u00adrieure, pr\u00e9\u00adsen\u00adta un pro\u00adjet&nbsp;sur<br>\nles hases suivantes&nbsp;:<\/font><\/font><\/p>\n<p style=\"text-indent: 1.46cm; margin-bottom: 0cm;\" align=\"justify\"><font face=\"Garamond, serif\"><font style=\"font-size: 13pt;\" size=\"3\">1\u00b0<br>\n\u00c9rec\u00adtion de chaque Bourse du Tra\u00advail en chef-lieu d\u2019un<br>\nd\u00e9par\u00adte\u00adment syndical&nbsp;;<\/font><\/font><\/p>\n<p style=\"text-indent: 1.46cm; margin-bottom: 0cm;\" align=\"justify\"><font face=\"Garamond, serif\"><font style=\"font-size: 13pt;\" size=\"3\">2\u00b0<br>\nPro\u00adpa\u00adgande ten\u00addant \u00e0 d\u00e9mon\u00adtrer la n\u00e9cessit\u00e9<br>\net \u00e0 expli\u00adquer le m\u00e9ca\u00adnisme de la&nbsp;gr\u00e8ve<br>\ng\u00e9n\u00e9rale&nbsp;;<\/font><\/font><\/p>\n<p style=\"text-indent: 1.46cm; margin-bottom: 0cm;\" align=\"justify\"><font face=\"Garamond, serif\"><font style=\"font-size: 13pt;\" size=\"3\">3\u00b0<br>\nPer\u00adcep\u00adtion dans le res\u00adsort des Bourses d\u2019une coti\u00adsa\u00adtion&nbsp;fix\u00e9e,<br>\nquant \u00e0 sa dur\u00e9e et \u00e0 sa valeur, par le nombre<br>\ndes ouvriers syndiqu\u00e9s&nbsp;;<\/font><\/font><\/p>\n<p style=\"text-indent: 1.46cm; margin-bottom: 0cm;\" align=\"justify\"><font face=\"Garamond, serif\"><font style=\"font-size: 13pt;\" size=\"3\">4\u00b0<br>\nCr\u00e9a\u00adtion de soci\u00e9\u00adt\u00e9s coop\u00e9\u00adra\u00adtives&nbsp;de<br>\nconsom\u00adma\u00adtion, pla\u00adc\u00e9es sous la sur\u00adveillance imm\u00e9diate<br>\ndes Bourses et des\u00adti\u00adn\u00e9es \u00e0 deve\u00adnir les entrep\u00f4ts<br>\nd\u2019a\u00adli\u00admen\u00adta\u00adtion des gr\u00e9vistes.<\/font><\/font><\/p>\n<p style=\"text-indent: 1.46cm; margin-bottom: 0cm;\" align=\"justify\"><font face=\"Garamond, serif\"><font style=\"font-size: 13pt;\" size=\"3\">a)<br>\nCr\u00e9a\u00adtion d\u2019un <i>ser\u00advice cou\u00adrant<\/i> et d\u2019un <i>ser\u00advice&nbsp;de<br>\nr\u00e9serve<\/i>, celui-l\u00e0 des\u00adti\u00adn\u00e9 \u00e0&nbsp;faire<br>\ncir\u00adcu\u00adler, et, par cons\u00e9\u00adquent, fruc\u00adti\u00adfier les fonds recueillis,<br>\ncelui-ci d\u00e9ter\u00admi\u00adn\u00e9 par jour et par homme sui\u00advant&nbsp;les<br>\nuni\u00adt\u00e9s qui seraient appe\u00adl\u00e9es \u00e0 le consommer.<\/font><\/font><\/p>\n<p style=\"text-indent: 1.46cm; margin-bottom: 0cm;\" align=\"justify\"><font face=\"Garamond, serif\"><font style=\"font-size: 13pt;\" size=\"3\">b)<br>\nCr\u00e9a\u00adtion d\u2019un tableau sp\u00e9\u00adcial indi\u00adquant l\u2019ordre des<br>\ndeux appro\u00advi\u00adsion\u00adne\u00adments, sui\u00advant la nature et la dur\u00e9e&nbsp;de<br>\nconser\u00adva\u00adtion des den\u00adr\u00e9es et les besoins de chaque individu.<\/font><\/font><\/p>\n<p style=\"text-indent: 1.46cm; margin-bottom: 0cm;\" align=\"justify\"><font face=\"Garamond, serif\"><font style=\"font-size: 13pt;\" size=\"3\">Le<br>\nCongr\u00e8s de Tours se fon\u00addant, comme l\u2019a\u00advait&nbsp;fait<br>\nl\u2019In\u00adter\u00adna\u00adtio\u00adnale, sur l\u2019in\u00adsuc\u00adc\u00e8s \u00e9vident d\u2019un mouvement<br>\ninsur\u00adrec\u00adtion\u00adnel, \u00e9mit, \u00e0 l\u2019u\u00adna\u00adni\u00admi\u00adt\u00e9, un&nbsp;vote<br>\nfavo\u00adrable \u00e0 l\u2019ac\u00adcep\u00adta\u00adtion de la gr\u00e8ve, mais en renvoya<br>\nle pro\u00adjet \u00e0 l\u2019\u00e9\u00adtude du plus pro\u00adchain Congr\u00e8s<br>\ninter\u00adna\u00adtio\u00adnal (lequel devait \u00eatre celui de Zurich).<\/font><\/font><\/p>\n<p style=\"text-indent: 1.46cm; margin-bottom: 0cm;\" align=\"justify\"><font face=\"Garamond, serif\"><font style=\"font-size: 13pt;\" size=\"3\">Quelques<br>\njours plus tard (20 sep\u00adtembre), le V<sup>e<\/sup> Congr\u00e8s<br>\nnatio\u00adnal de la <i>F\u00e9d\u00e9\u00adra\u00adtion des Syn\u00addi\u00adcats et groupe<br>\ncor\u00adpo\u00adra\u00adtifs de France<\/i> [[Tenu \u00e0 Mar\u00adseille.]] (une des&nbsp;trois<br>\ngrandes orga\u00adni\u00adsa\u00adtions ouvri\u00e8res fran\u00ad\u00e7aises) votait, sur<br>\nla pro\u00adpo\u00adsi\u00adtion de M.&nbsp;Briand, des conclu\u00adsions iden\u00adtiques \u00e0<br>\ncelles du Congr\u00e8s de Tours, avec une clause addi\u00adtion\u00adnelle&nbsp;aux<br>\ntermes de laquelle \u00ab&nbsp;le 1<sup>er<\/sup> mai sui\u00advant devait \u00eatre<br>\nune date de consul\u00adta\u00adtion mon\u00addiale des tra\u00advailleurs&nbsp;\u00bb&nbsp;sur<br>\nl\u2019op\u00adpor\u00adtu\u00adni\u00adt\u00e9 du mouvement.<\/font><\/font><\/p>\n<p style=\"text-indent: 1.46cm; margin-bottom: 0cm;\" align=\"justify\"><font face=\"Garamond, serif\"><font style=\"font-size: 13pt;\" size=\"3\">Le<br>\npar\u00adti poli\u00adtique s\u2019\u00e9\u00admut de ces deux votes suc\u00adces\u00adsifs et chercha<br>\n\u00e0 en amoin\u00addrir l\u2019im\u00adpor\u00adtance. Le groupe mar\u00adxiste, r\u00e9uni<br>\nle 24 sep\u00adtembre en Congr\u00e8s, \u00e0 Mar\u00adseille, repous\u00adsa&nbsp;de<br>\nnou\u00adveau, sui\u00advant la <i>loi du Par\u00adti<\/i>, la pro\u00adpo\u00adsi\u00adtion que M.&nbsp;Briand<br>\nosait lui sou\u00admettre. Chose curieuse, les membres de ce Congr\u00e8s<br>\npoli\u00adtique qui, sur la demande de MM.&nbsp;Fer\u00adroul et Lafargue [[Jules<br>\nGuesde s\u2019abs\u00adtint loya\u00adle\u00adment, de se pro\u00adnon\u00adcer, quoique hos\u00adtile&nbsp;\u00e0<br>\nla gr\u00e8ve g\u00e9n\u00e9\u00adrale, pour lais\u00adser aux d\u00e9l\u00e9gu\u00e9s<br>\ntoute liber\u00adt\u00e9 d\u2019al\u00adlures.]], repous\u00adsaient le pro\u00adjet, \u00e9taient<br>\nles m\u00eames qui l\u2019a\u00advaient accla\u00adm\u00e9 au Congr\u00e8s<br>\ncor\u00adpo\u00adra\u00adtif tenu trois jours aupa\u00adra\u00advant. Le vote, il est vrai,&nbsp;fut<br>\nloin d\u2019\u00eatre una\u00adnime. Une alter\u00adca\u00adtion assez vive s\u2019\u00e9leva<br>\nentre MM.&nbsp;Lafargue, Jourde et Fer\u00adroul, d\u2019une part, Thi\u00advrier et Antide<br>\nBoyer, d\u2019autre part&nbsp;; un grand nombre de d\u00e9l\u00e9gu\u00e9s<br>\ns\u2019abs\u00adtinrent et l\u2019on crut, pen\u00addant quelques jours, \u00e0&nbsp;une<br>\nscis\u00adsion des mar\u00adxistes, res\u00adt\u00e9s, jus\u00adqu\u2019a\u00adlors, \u00e9troitement<br>\nunis. La majo\u00adri\u00adt\u00e9 poli\u00adtique triom\u00adpha pour\u00adtant, et c\u2019est ce&nbsp;qui<br>\nexplique pour\u00adquoi le Conseil natio\u00adnal de la <i>F\u00e9d\u00e9\u00adra\u00adtion<br>\ndes Syn\u00addi\u00adcats<\/i>, apr\u00e8s avoir envoy\u00e9 dans toute&nbsp;la<br>\nFrance un ques\u00adtion\u00adnaire sur la gr\u00e8ve g\u00e9n\u00e9rale,<br>\ncou\u00adpa court \u00e0 sa louable ini\u00adtia\u00adtive et n\u00e9gligea<br>\nd\u2019ex\u00e9\u00adcu\u00adter, le 1<sup>er<\/sup> mai der\u00adnier, les r\u00e9solutions<br>\ndu Congr\u00e8s.<\/font><\/font><\/p>\n<p style=\"text-indent: 1.46cm; margin-bottom: 0cm;\" align=\"justify\"><font face=\"Garamond, serif\"><font style=\"font-size: 13pt;\" size=\"3\">En<br>\nm\u00eame temps la Bourse du Tra\u00advail de B\u00e9ziers, affili\u00e9e<br>\nau par\u00adti mar\u00adxiste, repre\u00adnait les conclu\u00adsions du Congr\u00e8s de<br>\nLille, et, apr\u00e8s avoir consta\u00adt\u00e9 que \u00ab&nbsp;la classe<br>\nouvri\u00e8re, prise dans son ensemble, n\u2019est pas suffisamment<br>\ngrou\u00adp\u00e9e sur le ter\u00adrain cor\u00adpo\u00adra\u00adtif pour l\u2019ar\u00adr\u00eat simultan\u00e9<br>\nde toutes les indus\u00adtries&nbsp;\u00bb, concluait \u00e0 \u00ab&nbsp;la&nbsp;gr\u00e8ve<br>\ninter\u00adna\u00adtio\u00adnale des tra\u00advailleurs des mines comme \u00e9tant la&nbsp;seule<br>\npos\u00adsible dans notre orga\u00adni\u00adsa\u00adtion actuelle&nbsp;\u00bb. Le <i>Socia\u00adliste<\/i><br>\ns\u2019empressa d\u2019en\u00adre\u00adgis\u00adtrer cette d\u00e9cla\u00adra\u00adtion et d\u2019en&nbsp;louer<br>\n\u00ab&nbsp;l\u2019es\u00adprit vrai\u00adment pra\u00adtique et r\u00e9volutionnaire&nbsp;\u00bb.<\/font><\/font><\/p>\n<p style=\"text-indent: 1.46cm; margin-bottom: 0cm;\" align=\"justify\"><font face=\"Garamond, serif\"><font style=\"font-size: 13pt;\" size=\"3\">Cette<br>\nirr\u00e9\u00adcon\u00adci\u00adliable oppo\u00adsi\u00adtion ne pou\u00advait emp\u00ea\u00adcher l\u2019id\u00e9e<br>\nde m\u00fbrir. Tel avait \u00e9t\u00e9 l\u2019ef\u00adfet du vote&nbsp;du<br>\nCongr\u00e8s de Tours qu\u2019une des deux frac\u00adtions du&nbsp;parti<br>\npos\u00adsi\u00adbi\u00adliste (celle qui recon\u00adna\u00eet pour guide M.&nbsp;Alle\u00admane et&nbsp;qui<br>\ns\u2019in\u00adti\u00adtule&nbsp;: Par\u00adti Ouvrier Socia\u00adliste R\u00e9vo\u00adlu\u00adtion\u00adnaire, Union<br>\nf\u00e9d\u00e9\u00adra\u00adtive du Centre) se d\u00e9ta\u00adcha de la&nbsp;Ligue<br>\npoli\u00adtique taci\u00adte\u00adment for\u00adm\u00e9e contre la gr\u00e8ve g\u00e9n\u00e9rale<br>\net se pro\u00adnon\u00ad\u00e7a \u00e0 son tour dans les Congr\u00e8s de<br>\nSaint-Quen\u00adtin et d\u2019Ar\u00admen\u00adti\u00e8res (octobre et novembre 1892)&nbsp;pour<br>\nles conclu\u00adsions pr\u00e9\u00adc\u00e9\u00addem\u00adment vot\u00e9es \u00e0<br>\nTours et \u00e0 Mar\u00adseille. C\u2019\u00e9\u00adtait rendre un hom\u00admage m\u00e9rit\u00e9<br>\n\u00e0 la puis\u00adsance crois\u00adsante de l\u2019or\u00adga\u00adni\u00adsa\u00adtion corporative.<\/font><\/font><\/p>\n<p style=\"text-indent: 1.46cm; margin-bottom: 0cm;\" align=\"justify\"><font face=\"Garamond, serif\"><font style=\"font-size: 13pt;\" size=\"3\">Cette<br>\nann\u00e9e, la gr\u00e8ve g\u00e9n\u00e9\u00adrale est entr\u00e9e<br>\ndans la p\u00e9riode d\u2019ex\u00e9\u00adcu\u00adtion. Le <i>Congr\u00e8s de&nbsp;la<br>\nF\u00e9d\u00e9\u00adra\u00adtion des Bourses du Tra\u00advail<\/i> l\u2019a\u00advait,&nbsp;d\u00e8s<br>\nle mois de mai, et sur la demande expresse du Congr\u00e8s de<br>\nSaint-Quen\u00adtin, ins\u00adcrite \u00e0 son ordre du jour. Peut-\u00eatre,<br>\ncepen\u00addant, ne l\u2019au\u00adrait-il pas vot\u00e9e s\u2019il n\u2019a\u00advait&nbsp;d\u00fb<br>\ntra\u00adduire avec une \u00e9ner\u00adgie toute par\u00adti\u00adcu\u00adli\u00e8re&nbsp;le<br>\nm\u00e9con\u00adten\u00adte\u00adment cau\u00ads\u00e9 par\u00admi les ouvriers de Paris par&nbsp;la<br>\nfer\u00adme\u00adture de la Bourse du Tra\u00advail. \u00c0 la majo\u00adri\u00adt\u00e9&nbsp;il<br>\nadop\u00adta, le 16 juillet, les r\u00e9so\u00adlu\u00adtions suivantes&nbsp;:<\/font><\/font><\/p>\n<p style=\"text-indent: 1.46cm; margin-bottom: 0cm;\" align=\"justify\"><font face=\"Garamond, serif\"><font style=\"font-size: 13pt;\" size=\"3\">1\u00b0<br>\nRejet de la gr\u00e8ve g\u00e9n\u00e9\u00adrale <i>imm\u00e9\u00addiate<\/i>,<br>\n\u00e0 laquelle 25 d\u00e9l\u00e9\u00adgu\u00e9s s\u2019\u00e9taient<br>\nd\u00e9chi\u00adr\u00e9s favorables&nbsp;;<\/font><\/font><\/p>\n<p style=\"text-indent: 1.46cm; margin-bottom: 0cm;\" align=\"justify\"><font face=\"Garamond, serif\"><font style=\"font-size: 13pt;\" size=\"3\">2\u00b0<br>\nPr\u00e9\u00adpa\u00adra\u00adtion \u00e0 la gr\u00e8ve par des conf\u00e9rences<br>\net des bro\u00adchures&nbsp;; consul\u00adta\u00adtion de tous les syn\u00addi\u00adcats&nbsp;sur<br>\nl\u2019ap\u00adpli\u00adca\u00adtion de la gr\u00e8ve dans un d\u00e9lai qui ne&nbsp;devra<br>\npas d\u00e9pas\u00adser le 1<sup>er<\/sup> octobre pro\u00adchain (1893).<\/font><\/font><\/p>\n<p style=\"text-indent: 1.46cm; margin-bottom: 0cm;\" align=\"justify\"><font face=\"Garamond, serif\"><font style=\"font-size: 13pt;\" size=\"3\">3\u00b0<br>\nMan\u00addat don\u00adn\u00e9 au Comi\u00adt\u00e9 d\u2019or\u00adga\u00adni\u00adsa\u00adtion [[Com\u00adpo\u00ads\u00e9<br>\ndes membres du Secr\u00e9\u00adta\u00adriat Natio\u00adnal et de cinq d\u00e9l\u00e9gu\u00e9s<br>\nd\u00e9si\u00adgn\u00e9s par le Congres.]], au cas o\u00f9,&nbsp;avant<br>\ncette date, le gou\u00adver\u00adne\u00adment ten\u00adte\u00adrai quelque attaque contre le<br>\npro\u00adl\u00e9\u00adta\u00adriat, de d\u00e9cr\u00e9\u00adter la&nbsp;gr\u00e8ve<br>\ng\u00e9n\u00e9\u00adrale <i>pro\u00adprio motu<\/i>, apr\u00e8s avis&nbsp;donn\u00e9<br>\npar t\u00e9l\u00e9\u00adgramme, et dans les qua\u00adrante-huit heures, aux<br>\nouvriers fran\u00e7ais.<\/font><\/font><\/p>\n<p style=\"text-indent: 1.46cm; margin-bottom: 0cm;\" align=\"justify\"><font face=\"Garamond, serif\"><font style=\"font-size: 13pt;\" size=\"3\">Quant<br>\nau Congr\u00e8s de Zurich,  auquel les Congr\u00e8s de Tours&nbsp;et<br>\nde Mar\u00adseille avaient d\u00e9ci\u00add\u00e9 de ren\u00advoyer l\u2019\u00e9tude<br>\ndu pro\u00adjet d\u2019or\u00adga\u00adni\u00adsa\u00adtion dont nous avons don\u00adn\u00e9 plus haut&nbsp;la<br>\nsub\u00adstance, il prit, le 16 ao\u00fbt der\u00adnier, la d\u00e9lib\u00e9ration<br>\nsui\u00advante dont l\u2019in\u00adco\u00adh\u00e9\u00adrence dis\u00adpense de tout commentaire&nbsp;:<br>\n\u00ab&nbsp;Consi\u00add\u00e9\u00adrant que les gr\u00e8ves ne peuvent \u00eatre<br>\nentre\u00adprises avec suc\u00adc\u00e8s que dans des cir\u00adcons\u00adtances sp\u00e9ciales<br>\n(les\u00adquelles?) et dans un but sp\u00e9\u00adcial (lequel?) qui ne peuvent<br>\npas \u00eatre d\u00e9ter\u00admi\u00adn\u00e9s d\u2019a\u00advance&nbsp;; qu\u2019une gr\u00e8ve<br>\nuni\u00adver\u00adselle n\u2019est d\u00e9j\u00e0 pas pra\u00adti\u00adcable (sui\u00advez&nbsp;bien<br>\nl\u2019ar\u00adgu\u00admen\u00adta\u00adtion) \u00e0 cause du d\u00e9ve\u00adlop\u00adpe\u00adment \u00e9conomique<br>\nsi dif\u00adf\u00e9\u00adrent dans les divers pays (en ce cas les mineurs de<br>\nBel\u00adgique, d\u2019An\u00adgle\u00adterre et de France ont donc tort de se concerter<br>\nactuel\u00adle\u00adment pour le rel\u00e8\u00adve\u00adment de leurs salaires?), mais&nbsp;que,<br>\nd\u00e8s qu\u2019elle est pra\u00adti\u00adcable, elle n\u2019est plus n\u00e9cessaire<br>\n[[C\u2019est Anseele, Je ne me trompe, qui, le pre\u00admier, pronon\u00e7a<br>\ncette phrase au Congr\u00e8s mar\u00adxiste de Mar\u00adseille, l\u2019an dernier.<br>\nDepuis, elle a fait for\u00adtune, parait-il, bien qu\u2019ab\u00adso\u00adlu\u00adment d\u00e9nu\u00e9e<br>\nde sens, puisque nous la retrou\u00advons dans les consi\u00add\u00e9\u00adrants&nbsp;du<br>\nCongr\u00e8s mar\u00adxiste de Zurich. Je serais bien aise&nbsp;qu\u2019on<br>\nm\u2019ex\u00adplique&nbsp;: 1\u00b0 com\u00adment la gr\u00e8ve pour\u00adrait \u00eatre&nbsp;jug\u00e9e<br>\npra\u00adti\u00adcable sans avoir \u00e9t\u00e9 faite&nbsp;; 2\u00b0 pour\u00adquoi,&nbsp;en<br>\nadmet\u00adtant m\u00eame la pos\u00adsi\u00adbi\u00adli\u00adt\u00e9 de cette impos\u00adsible&nbsp;et<br>\nimpayable consta\u00adta\u00adtion, la gr\u00e8ve en ces\u00adse\u00adrait, du&nbsp;m\u00eame<br>\ncoup, d\u2019\u00eatre n\u00e9ces\u00adsaire&nbsp;? Sup\u00adpose-t-on donc, parce que&nbsp;le<br>\nTra\u00advail dirait au Capi\u00adtal&nbsp;: \u00ab&nbsp;Je suis enfin mieux arm\u00e9&nbsp;que<br>\ntoi&nbsp;; rends les armes sans com\u00adbat&nbsp;\u00bb, que celui-ci d\u00e9sarmerait<br>\nb\u00e9n\u00e9\u00advo\u00adle\u00adment et ten\u00addrait le cou au jus\u00adti\u00adcier&nbsp;? Et&nbsp;c\u2019est<br>\n\u00e0 l\u2019aide de telles for\u00admules, sonores mais qui ne r\u00e9sistent<br>\npas l\u2019\u0153il, que le par\u00adti poli\u00adtique cherche \u00e0 entra\u00adver l\u2019action<br>\ncor\u00adpo\u00adra\u00adtive. Mieux vau\u00addrait boire l\u2019O\u00adc\u00e9an.]]; consid\u00e9rant<br>\nde plus que m\u00eame une gr\u00e8ve g\u00e9n\u00e9rale<br>\nres\u00adtreinte \u00e0 un seul pays ne peul avoir de r\u00e9sultat<br>\nlors\u00adqu\u2019elle est faite paci\u00adfi\u00adque\u00adment, parce que, d\u2019a\u00adbord,&nbsp;les<br>\ngr\u00e9\u00advistes seraient les pre\u00admiers souf\u00adfrir de la faim&nbsp;et<br>\ncontraints de capi\u00adtu\u00adler, et qu\u2019une gr\u00e8ve vio\u00adlente, par contre,<br>\nserait \u00e9cra\u00ads\u00e9e impi\u00adtoya\u00adble\u00adment par les classes<br>\ndiri\u00adgeantes (il en serait clone de m\u00eame pour un R\u00e9volution,<br>\net, dans cette alter\u00adna\u00adtive, le pro\u00adl\u00e9\u00adta\u00adriat n\u2019a plus&nbsp;qu\u2019\u00e0<br>\nse croi\u00adser les bras), le Congr\u00e8s d\u00e9clare que, dans&nbsp;les<br>\ncondi\u00adtions poli\u00adtiques et sociales actuelles, tout au plus une&nbsp;gr\u00e8ve<br>\ng\u00e9n\u00e9\u00adrale d\u2019in\u00addus\u00adtries sp\u00e9\u00adciales pour\u00adrait&nbsp;\u00eatre<br>\npra\u00adti\u00adqu\u00e9e avec suc\u00adc\u00e8s (par\u00addon, si elle est praticable,<br>\nelle n\u2019est plus n\u00e9ces\u00adsaire). Les gr\u00e8ves en&nbsp;masse<br>\npeuvent, il est vrai, dans cer\u00adtaines condi\u00adtions (les\u00adquelles?) \u00eatre<br>\nune arme tr\u00e8s effi\u00adcace&nbsp;; mais c\u2019est une arme qui, pour&nbsp;\u00eatre<br>\nmani\u00e9e effi\u00adca\u00adce\u00adment, sup\u00adpose une puis\u00adsante organisation<br>\nsyn\u00addi\u00adcale et poli\u00adtique de la classe ouvri\u00e8re (alors elle&nbsp;peut<br>\ndonc deve\u00adnir pra\u00adti\u00adcable et n\u00e9ces\u00adsaire?). Le Congr\u00e8s<br>\nrecom\u00admande, en cons\u00e9\u00adquence, aux par\u00adtis socia\u00adlistes de tous&nbsp;les<br>\npays de pour\u00adsuivre avec la plus grande \u00e9ner\u00adgie&nbsp;cette<br>\norganisation.&nbsp;\u00bb<\/font><\/font><\/p>\n<p style=\"text-indent: 1.46cm; margin-bottom: 0cm;\" align=\"justify\"><font face=\"Garamond, serif\"><font style=\"font-size: 13pt;\" size=\"3\">Cette<br>\nconclu\u00adsion \u00e9tait pr\u00e9\u00advue, et plu\u00adt\u00f4t que d\u2019\u00e9voluer<br>\naus\u00adsi mal\u00adadroi\u00adte\u00adment au milieu des r\u00e9ti\u00adcences et&nbsp;des<br>\ncir\u00adcon\u00adlo\u00adcu\u00adtions, le Congr\u00e8s aurait mieux fait de voter&nbsp;la<br>\nques\u00adtion pr\u00e9a\u00adlable. \u00ab&nbsp;En sup\u00adpo\u00adsant&nbsp;m\u00eame,<br>\n\u00e9cri\u00advions-nous le 26 juillet der\u00adnier [[&nbsp;<i>Ave\u00adnir Social<\/i>,<br>\nDijon.]], que le Congr\u00e8s accepte de dis\u00adcu\u00adter la&nbsp;gr\u00e8ve,<br>\n\u00e9car\u00adt\u00e9e cepen\u00addant de son ordre. du jour, il ne pourra<br>\nqu\u2019exa\u00admi\u00adner l\u2019en\u00adsemble des forces ouvri\u00e8res de l\u2019Eu\u00adrope,&nbsp;et,<br>\nsta\u00adtuant sur le prin\u00adcipe d\u2019une gr\u00e8ve inter\u00adna\u00adtio\u00adnale, d\u00e9clarer<br>\ncette gr\u00e8ve, sinon mau\u00advaise, du moins pr\u00e9matur\u00e9e.&nbsp;\u00bb<br>\nOr, il n\u2019est jamais entr\u00e9 dans notre pen\u00ads\u00e9e d\u2019organiser<br>\nautre chose qu\u2019une gr\u00e8ve natio\u00adnale, la seule qu\u2019au\u00adto\u00adrisent les<br>\ncir\u00adcons\u00adtances pr\u00e9\u00adsentes. Et nous ajou\u00adtions&nbsp;: \u00ab&nbsp;Le Congr\u00e8s<br>\nsera for\u00adte\u00adment pous\u00ads\u00e9 dans cette voie par les r\u00e9volutionnaires<br>\npoli\u00adtiques fran\u00ad\u00e7ais, notam\u00adment par les col\u00adlec\u00adti\u00advistes, qui,&nbsp;on<br>\nl\u2019a vu au X<sup>e<\/sup> Congr\u00e8s de Mar\u00adseille, et Jourde<br>\n[[D\u00e9pu\u00adt\u00e9 socia\u00adliste de Gironde.]] le r\u00e9p\u00e9tait<br>\nl\u2019autre soir au Syn\u00addi\u00adcat des jour\u00adna\u00adlistes socia\u00adlistes, sont&nbsp;les<br>\nadver\u00adsaires d\u00e9cla\u00adr\u00e9s de la R\u00e9volution<br>\n\u00e9co\u00adno\u00admique, impra\u00adti\u00adcable, \u00e0 leur avis, si elle&nbsp;doit<br>\npr\u00e9\u00adc\u00e9\u00adder la R\u00e9vo\u00adlu\u00adtion poli\u00adtique. D\u2019autre part,<br>\nle d\u00e9l\u00e9\u00adgu\u00e9 du Par\u00adti ouvrier espa\u00adgnol a,&nbsp;d\u00e8s<br>\nle mois de sep\u00adtembre ou d\u2019oc\u00adtobre 1892, re\u00e7u man\u00addat&nbsp;de<br>\ncom\u00adbattre toute pro\u00adpo\u00adsi\u00adtion de gr\u00e8ve g\u00e9n\u00e9rale&nbsp;;<br>\nles chefs du mou\u00adve\u00adment anglais, satis\u00adfaits, sauf de rares exceptions,<br>\nde la tac\u00adtique \u00e0 laquelle ils ont d\u00fb d\u2019ar\u00adri\u00adver&nbsp;\u00e0<br>\nla puis\u00adsance actuelle de leurs asso\u00adcia\u00adtions, ne voient pas&nbsp;la<br>\nn\u00e9ces\u00adsi\u00adt\u00e9 d\u2019en chan\u00adger. Enfin, le par\u00adti&nbsp;des<br>\n<i>sozia\u00adde\u00admo\u00adcrats<\/i> alle\u00admands imi\u00adte\u00adra, s\u2019il ne l\u2019inspire,<br>\nl\u2019op\u00adpo\u00adsi\u00adtion des mar\u00adxistes fran\u00ad\u00e7ais. D\u00e8s lors,&nbsp;un<br>\ndilemme s\u2019im\u00adpose&nbsp;: ou la ques\u00adtion sera ajour\u00adn\u00e9e sans d\u00e9bats,<br>\nou le Congr\u00e8s ne l\u2019\u00e9\u00adtu\u00addie\u00adra que pour la r\u00e9pudier.&nbsp;\u00bb<br>\nOn com\u00adprend main\u00adte\u00adnant pour\u00adquoi nous \u00e9vi\u00adt\u00e2mes&nbsp;de<br>\nsou\u00admettre \u00e0 l\u2019exa\u00admen du Congr\u00e8s de Zurich le pro\u00adjet&nbsp;du<br>\nCongr\u00e8s de Tours, nous d\u00e9cla\u00adrant ample\u00adment satis\u00adfait&nbsp;du<br>\nvote \u00e9mis par la F\u00e9d\u00e9\u00adra\u00adtion des Bourses du<br>\nTravail.<\/font><\/font><\/p>\n<p style=\"margin-bottom: 0cm;\" align=\"justify\"><font face=\"Garamond, serif\"><font style=\"font-size: 13pt;\" size=\"3\"><\/font><\/font><\/p>\n<h2>IV<\/h2>\n<p><\/p>\n<p style=\"text-indent: 1.46cm; margin-bottom: 0cm;\" align=\"justify\"><font face=\"Garamond, serif\"><font style=\"font-size: 13pt;\" size=\"3\">Quel<br>\nest l\u2019a\u00adve\u00adnir r\u00e9ser\u00adv\u00e9 \u00e0 la gr\u00e8ve g\u00e9n\u00e9rale&nbsp;?<br>\nBien har\u00addi qui ose\u00adrait for\u00admu\u00adler un pro\u00adnos\u00adtic sur une aus\u00adsi&nbsp;grave<br>\nques\u00adtion. Juger m\u00eame de la gr\u00e8ve g\u00e9n\u00e9rale<br>\npar les gr\u00e8ves par\u00adtielles, ce serait juger fort l\u00e9g\u00e8rement,<br>\ncelle-l\u00e0 \u00e9tant \u00e0 celles-ci comme le communisme<br>\nest au col\u00adlec\u00adti\u00advisme&nbsp;: l\u2019a\u00adbou\u00adtis\u00adsant in\u00e9vi\u00adtable. On&nbsp;peut,<br>\ncepen\u00addant tirer des r\u00e9sul\u00adtats des gr\u00e8ves partielles<br>\nquelques ren\u00adsei\u00adgne\u00adments utiles pour envi\u00adsa\u00adger les probabilit\u00e9s<br>\nde suc\u00adc\u00e8s d\u2019une gr\u00e8ve nationale.<\/font><\/font><\/p>\n<p style=\"text-indent: 1.46cm; margin-bottom: 0cm;\" align=\"justify\"><font face=\"Garamond, serif\"><font style=\"font-size: 13pt;\" size=\"3\">Des<br>\nsta\u00adtis\u00adtiques publi\u00e9es par l\u2019Of\u00adfice du tra\u00advail au minist\u00e8re<br>\ndu com\u00admerce nous extra\u00adyons le tableau suivant&nbsp;:<\/font><\/font><\/p>\n<table>\n<tbody>\n<tr class=\"row_even\">\n<td>&nbsp;<\/td>\n<td>1890<\/td>\n<td>1891<\/td>\n<\/tr>\n<tr class=\"row_odd\">\n<td>R\u00e9us\u00adsite<\/td>\n<td>82 gr\u00e8ves<\/td>\n<td> 91 gr\u00e8ves, soit 9 de&nbsp;plus<\/td>\n<\/tr>\n<tr class=\"row_even\">\n<td>R\u00e9us\u00adsite partielle<\/td>\n<td>64<\/td>\n<td>67 soit 3 de&nbsp;plus<\/td>\n<\/tr>\n<tr class=\"row_odd\">\n<td>\u00c9chec<\/td>\n<td> 161<\/td>\n<td>106 soit 55 de&nbsp;moins<\/td>\n<\/tr>\n<\/tbody>\n<\/table>\n<p><\/p>\n<p style=\"text-indent: 1.46cm; margin-bottom: 0cm;\" align=\"justify\"><font face=\"Garamond, serif\"><font style=\"font-size: 13pt;\" size=\"3\">De<br>\nces chiffres il r\u00e9sulte que pour la France l\u2019exc\u00e9dent<br>\nd\u2019in\u00adsuc\u00adc\u00e8s qui a affec\u00adt\u00e9 les gr\u00e8ves en&nbsp;1890<br>\ns\u2019est trans\u00adfor\u00adm\u00e9 en 1891 en exc\u00e9\u00addent de succ\u00e8s.<br>\nLa pro\u00adpor\u00adtion des gr\u00e8ves heu\u00adreuses a \u00e9t\u00e9 en&nbsp;1890<br>\nde 47,55%, en 1891 de 59,84%. Cette pro\u00adpor\u00adtion est, en Angle\u00adterre, de<br>\n144,35%. Mais si l\u2019on consi\u00add\u00e8re, d\u2019une part, les difficult\u00e9s<br>\nde toute nature aux\u00adquelles se heurtent les chefs des gr\u00e8ves&nbsp;:<br>\npro\u00advo\u00adca\u00adtions de la police, hos\u00adti\u00adli\u00adt\u00e9 des tri\u00adbu\u00adnaux, et&nbsp;la<br>\nr\u00e9sis\u00adtance qu\u2019ils ren\u00adcontrent chez cer\u00adtains ouvriers<br>\neux-m\u00eames, et d\u2019autre part, l\u2019as\u00adsis\u00adtance p\u00e9cu\u00adniaire que<br>\npeuvent se pr\u00ea\u00adter les indus\u00adtriels (assis\u00adtance impos\u00adsible, ou,<br>\npour mieux&nbsp;; dire, inutile dans l\u2019hy\u00adpo\u00adth\u00e8se d\u2019une&nbsp;gr\u00e8ve<br>\ng\u00e9n\u00e9\u00adrale), notre pro\u00adjet n\u2019ap\u00adpa\u00adra\u00eet plus&nbsp;aussi<br>\nchi\u00adm\u00e9\u00adrique que quelques-uns ont bien vou\u00adlu le dire. Et&nbsp;quand.<br>\nm\u00eame l\u2019es\u00adpoir des ini\u00adtia\u00adteurs du mou\u00adve\u00adment ne serait pas<br>\nabso\u00adlu\u00adment satis\u00adfait, l\u2019\u00e9\u00adpui\u00adse\u00adment de la sur\u00adpro\u00adduc\u00adtion,&nbsp;du<br>\nmoins, et l\u2019u\u00adsure du machi\u00adnisme n\u00e9ces\u00adsi\u00adte\u00adraient apr\u00e8s<br>\nla gr\u00e8ve une si vigou\u00adreuse reprise de la vie uni\u00adver\u00adselle&nbsp;que<br>\nle pro\u00adl\u00e9\u00adta\u00adriat serait le ma\u00eetre du march\u00e9<br>\nindus\u00adtriel, l\u2019ar\u00adbitre unique, par cons\u00e9\u00adquent, du taux&nbsp;des<br>\nsalaires. Ce r\u00e9sul\u00adtat ne m\u00e9ri\u00adte\u00adrait-il pas \u00e0&nbsp;lui<br>\nseul l\u2019ef\u00adfort sou\u00adhai\u00adt\u00e9&nbsp;? L\u00e0 est presque toute&nbsp;la<br>\nquestion.<\/font><\/font><\/p>\n<p style=\"text-indent: 1.46cm; margin-bottom: 0cm;\" align=\"justify\"><font face=\"Garamond, serif\"><font style=\"font-size: 13pt;\" size=\"3\">Fer\u00adnand<br>\nPel\u00adlou\u00adtier (Sep\u00adtembre 1893)<\/font><\/font><\/p>\n","protected":false},"excerpt":{"rendered":"<p>[[Par\u00admi les \u00e9crits de Pel\u00adlou\u00adtier non r\u00e9unis encore en volume et par cons\u00e9\u00adquent igno\u00adr\u00e9s de la g\u00e9n\u00e9\u00adra\u00adtion actuelle, cette \u00e9tude, parue en 1895, dans le petit jour\u00adnal La Gr\u00e8ve G\u00e9n\u00e9\u00adrale, nous a sem\u00adbl\u00e9 devoir figu\u00adrer \u00e0 la pre\u00admi\u00e8re place des docu\u00adments et des \u00e9tudes que nous vou\u00adlons r\u00e9unir ici pour mon\u00adtrer le d\u00e9ve\u00adlop\u00adpe\u00adment de l\u2019i\u00add\u00e9e [\u2026]<\/p>\n","protected":false},"author":1,"featured_media":0,"comment_status":"closed","ping_status":"closed","sticky":false,"template":"","format":"standard","meta":{"wp_typography_post_enhancements_disabled":false,"footnotes":""},"categories":[158],"tags":[],"ppma_author":[540],"class_list":["post-1435","post","type-post","status-publish","format-standard","hentry","category-la-vie-ouvriere-n8-20-janvier-1910"],"authors":[{"term_id":540,"user_id":1,"is_guest":0,"slug":"admin_3gikpwyf","display_name":"Vincent Dubuc","avatar_url":"https:\/\/secure.gravatar.com\/avatar\/d015720652c25fd2ced191ade86430094e1f288a17483713e3b34d26dea52507?s=96&d=mm&r=g","author_category":"","user_url":"https:\/\/la-presse-anarchiste.net","last_name":"Dubuc","first_name":"Vincent","job_title":"","description":""}],"_links":{"self":[{"href":"https:\/\/la-presse-anarchiste.net\/index.php\/wp-json\/wp\/v2\/posts\/1435","targetHints":{"allow":["GET"]}}],"collection":[{"href":"https:\/\/la-presse-anarchiste.net\/index.php\/wp-json\/wp\/v2\/posts"}],"about":[{"href":"https:\/\/la-presse-anarchiste.net\/index.php\/wp-json\/wp\/v2\/types\/post"}],"author":[{"embeddable":true,"href":"https:\/\/la-presse-anarchiste.net\/index.php\/wp-json\/wp\/v2\/users\/1"}],"replies":[{"embeddable":true,"href":"https:\/\/la-presse-anarchiste.net\/index.php\/wp-json\/wp\/v2\/comments?post=1435"}],"version-history":[{"count":0,"href":"https:\/\/la-presse-anarchiste.net\/index.php\/wp-json\/wp\/v2\/posts\/1435\/revisions"}],"wp:attachment":[{"href":"https:\/\/la-presse-anarchiste.net\/index.php\/wp-json\/wp\/v2\/media?parent=1435"}],"wp:term":[{"taxonomy":"category","embeddable":true,"href":"https:\/\/la-presse-anarchiste.net\/index.php\/wp-json\/wp\/v2\/categories?post=1435"},{"taxonomy":"post_tag","embeddable":true,"href":"https:\/\/la-presse-anarchiste.net\/index.php\/wp-json\/wp\/v2\/tags?post=1435"},{"taxonomy":"author","embeddable":true,"href":"https:\/\/la-presse-anarchiste.net\/index.php\/wp-json\/wp\/v2\/ppma_author?post=1435"}],"curies":[{"name":"wp","href":"https:\/\/api.w.org\/{rel}","templated":true}]}}