{"id":1444,"date":"2008-05-10T14:23:08","date_gmt":"2008-05-10T14:23:08","guid":{"rendered":"https:\/\/la-presse-anarchiste.net\/index.php\/2008\/05\/10\/la-fin-du-regime-bourgeois\/"},"modified":"2008-05-10T14:23:08","modified_gmt":"2008-05-10T14:23:08","slug":"la-fin-du-regime-bourgeois","status":"publish","type":"post","link":"https:\/\/la-presse-anarchiste.net\/index.php\/2008\/05\/10\/la-fin-du-regime-bourgeois\/","title":{"rendered":"La fin du r\u00e9gime bourgeois&nbsp;!"},"content":{"rendered":"<div class=\"pdfprnt-buttons pdfprnt-buttons-post pdfprnt-top-right\"><a href=\"https:\/\/la-presse-anarchiste.net\/index.php\/wp-json\/wp\/v2\/posts\/1444?print=pdf\" class=\"pdfprnt-button pdfprnt-button-pdf\" target=\"_blank\"><img decoding=\"async\" src=\"https:\/\/la-presse-anarchiste.net\/wp-content\/plugins\/pdf-print\/images\/pdf.png\" alt=\"image_pdf\" title=\"Afficher le PDF\"><\/a><a href=\"https:\/\/la-presse-anarchiste.net\/index.php\/wp-json\/wp\/v2\/posts\/1444?print=print\" class=\"pdfprnt-button pdfprnt-button-print\" target=\"_blank\"><img decoding=\"async\" src=\"https:\/\/la-presse-anarchiste.net\/wp-content\/plugins\/pdf-print\/images\/print.png\" alt=\"image_print\" title=\"Contenu imprim\u00e9\"><\/a><\/div><p>&nbsp;<\/p>\n<p style=\"text-indent: 1.52cm; margin-bottom: 0cm;\" align=\"justify\"><font face=\"Garamond, serif\"><font style=\"font-size: 13pt;\" size=\"3\">\u00c7a<br>\ny est&nbsp;! Le trac vient d\u2019en\u00adva\u00adhir for\u00admi\u00adda\u00adble\u00adment la Bourgeoisie&nbsp;!<\/font><\/font><\/p>\n<p style=\"text-indent: 1.52cm; margin-bottom: 0cm;\" align=\"justify\"><font face=\"Garamond, serif\"><font style=\"font-size: 13pt;\" size=\"3\">Bien<br>\nqu\u2019a\u00adno\u00addine en son esprit, bien qu\u2019au\u00adcun sou\u00adla\u00adge\u00adment s\u00e9rieux ne<br>\npuisse r\u00e9el\u00adle\u00adment sor\u00adtir de cette mani\u00adfes\u00adta\u00adtion,&nbsp;la<br>\npers\u00adpec\u00adtive du 1<sup>er<\/sup> Mai a jet\u00e9 la peur au ventre des<br>\nbour\u00adgeois&nbsp;! Le Tra\u00advailleur des\u00adcen\u00addant dans la rue ce jour-l\u00e0,<br>\nles fait fr\u00e9\u00admir au plus haut point. Non pas que ce soit&nbsp;cette<br>\nfameuse jour\u00adn\u00e9e de huit heures qu\u2019on leur men\u00addie&nbsp;si<br>\nser\u00advi\u00adle\u00adment, qui les atteigne pro\u00adfon\u00add\u00e9\u00adment. Non&nbsp;! Ils savent \u00e0<br>\nquoi s\u2019en tenir. Ils savent que leurs pri\u00advi\u00adl\u00e8ges ne sont&nbsp;pas<br>\nen p\u00e9ril, que tout le vieux sys\u00adt\u00e8me&nbsp;: gouvernement,<br>\npolice, arm\u00e9e, magis\u00adtra\u00adture, propri\u00e9t\u00e9,<br>\npatro\u00adnat, sala\u00adriat, finances, vols, pots-de-vin, etc.,&nbsp;etc.,<br>\nsubsistera.<\/font><\/font><\/p>\n<p style=\"text-indent: 1.52cm; margin-bottom: 0cm;\" align=\"justify\"><font face=\"Garamond, serif\"><font style=\"font-size: 13pt;\" size=\"3\">Mais<br>\nil y a des co\u00efn\u00adci\u00addences \u00e9tranges, dans l\u2019exis\u00adtence&nbsp;des<br>\npeuples. Ce nom de Mai les affole&nbsp;! Ils se sou\u00adviennent que vingt ans&nbsp;\u00e0<br>\npeine nous s\u00e9parent des heures o\u00f9 ils ten\u00adtaient de<br>\nnoyer dans son plus pur sang le Pro\u00adl\u00e9\u00adta\u00adriat lev\u00e9&nbsp;pour<br>\nla reven\u00addi\u00adca\u00adtion de ses indis\u00adcu\u00adtables droits&nbsp;; qu\u2019il essay\u00e8rent<br>\npar les balles d\u2019un Bou\u00adlange, les mitraillades d\u2019un Thiers et&nbsp;les<br>\ncoups de sabre d\u2019un Galif\u00adfet de frap\u00adper mor\u00adtel\u00adle\u00adment et d\u2019en\u00adfouir&nbsp;\u00e0<br>\ntout jamais sous les pav\u00e9s de Paris le Socia\u00adlisme et&nbsp;la<br>\nR\u00e9volution.<\/font><\/font><\/p>\n<p style=\"text-indent: 1.52cm; margin-bottom: 0cm;\" align=\"justify\"><font face=\"Garamond, serif\"><font style=\"font-size: 13pt;\" size=\"3\">Tous<br>\nces sou\u00adve\u00adnirs revi\u00advant en leur m\u00e9moire, les ter\u00adri\u00adfient&nbsp;! Si&nbsp;le<br>\nsang des F\u00e9d\u00e9\u00adr\u00e9s de 1871 allait subitement<br>\nbouillon\u00adner dans les veines des Tra\u00advailleurs de 1890 et&nbsp;que<br>\nsur\u00adgis\u00adsant des pav\u00e9s pour les conduire \u00e0&nbsp;la<br>\nrepos\u00adses\u00adsion de tout ce qu\u2019ils ont pro\u00adduit et dont ils les ont&nbsp;si<br>\nimpi\u00adtoya\u00adble\u00adment d\u00e9pouill\u00e9, le spectre de Mai allait se<br>\ndres\u00adser tout \u00e0 coup gigan\u00adtesque  et ven\u00adgeur devant eux&nbsp;!&nbsp;Voil\u00e0<br>\nce qu\u2019ils redoutent par des\u00adsus&nbsp;tout&nbsp;!<\/font><\/font><\/p>\n<p style=\"text-indent: 1.52cm; margin-bottom: 0cm;\" align=\"justify\"><font face=\"Garamond, serif\"><font style=\"font-size: 13pt;\" size=\"3\">Et<br>\npour par\u00adve\u00adnir \u00e0 cette vague de Jus\u00adtice qui menace de&nbsp;les<br>\nbri\u00adser comme paille, les maque\u00adreaux qui vivent de la pros\u00adti\u00adtu\u00adtion&nbsp;de<br>\nnotre catin de R\u00e9pu\u00adblique mettent tout en \u0153uvre\u200a\u2014\u200ad\u00e9passant<br>\nen infa\u00admies et en pol\u00adtron\u00adne\u00adries les plus vils proc\u00e9d\u00e9s<br>\nqu\u2019employa l\u2019Em\u00adpire \u00e0 ses der\u00adni\u00e8res heures. D\u00e9cid\u00e9ment<br>\ncette fin de Pou\u00advoir sera incom\u00adpa\u00adra\u00adble\u00adment sup\u00e9\u00adrieure \u00e0<br>\ntout ce que nous avions per\u00e7u.<\/font><\/font><\/p>\n<p style=\"text-indent: 1.52cm; margin-bottom: 0cm;\" align=\"justify\"><font face=\"Garamond, serif\"><font style=\"font-size: 13pt;\" size=\"3\">Nous<br>\nvivons dans l\u2019es\u00adpoir que le sang qui sera peut-\u00eatre \u00e0<br>\nnou\u00adveau r\u00e9pan\u00addu demain, le sera au nom des concepts modernes.<\/font><\/font><\/p>\n<p style=\"text-indent: 1.52cm; margin-bottom: 0cm;\" align=\"justify\"><font face=\"Garamond, serif\"><font style=\"font-size: 13pt;\" size=\"3\">La<br>\nrai\u00adson d\u2019\u00eatre de l\u2019\u00c9\u00adtat a v\u00e9cu comme le r\u00e9gime<br>\nde la Propri\u00e9t\u00e9.<\/font><\/font><\/p>\n<p style=\"text-indent: 1.52cm; margin-bottom: 0cm;\" align=\"justify\"><font face=\"Garamond, serif\"><font style=\"font-size: 13pt;\" size=\"3\">\u00c0<br>\nbas l\u2019\u00c9\u00adtat&nbsp;! Vive l\u2019Ex\u00adpro\u00adpria\u00adtion&nbsp;! \u00c0 bas l\u2019Autorit\u00e9&nbsp;!<br>\nVive la Com\u00admune Anar\u00adchiste&nbsp;! Voi\u00adl\u00e0 le cri de la situation.<br>\nC\u2019est dans cette voie seule qu\u2019il faut s\u2019en\u00adga\u00adger\u200a\u2014\u200ahors de&nbsp;l\u00e0<br>\ntout est erreur&nbsp;!<\/font><\/font><\/p>\n<p style=\"text-indent: 1.52cm; margin-bottom: 0cm;\" align=\"justify\"><font face=\"Garamond, serif\"><font style=\"font-size: 13pt;\" size=\"3\">Du<br>\nnerf&nbsp;! Pas de com\u00adpro\u00admis\u00adsion, pas de faux pas. La lutte impla\u00adcable&nbsp;et<br>\nsans&nbsp;piti\u00e9.<\/font><\/font><\/p>\n<p style=\"text-indent: 1.52cm; margin-bottom: 0cm;\" align=\"justify\"><font face=\"Garamond, serif\"><font style=\"font-size: 13pt;\" size=\"3\">PAS<br>\nDE QUARTIER&nbsp;! \u00e9tait le cri des \u00ab&nbsp;bleus&nbsp;\u00bb\u200a\u2014\u200aqu\u2019il<br>\nsoit aus\u00adsi le n\u00f4tre. Pas de sen\u00adsi\u00adble\u00adries. Pas&nbsp;de<br>\nsen\u00adti\u00admen\u00adta\u00adlisme idiot, le triomphe est en entier dans ces conditions.<\/font><\/font><\/p>\n<p style=\"text-indent: 1.52cm; margin-bottom: 0cm;\" align=\"justify\"><font face=\"Garamond, serif\"><font style=\"font-size: 13pt;\" size=\"3\">En<br>\navant, feu de toutes pi\u00e8ces. Ne recu\u00adlons, sur\u00adtout, devant<br>\naucun moyen. Il y a trop long\u00adtemps que le sang de nos fr\u00e8res,<br>\ntom\u00adb\u00e9s dans les luttes pr\u00e9\u00adc\u00e9\u00addentes, d\u00e9plore<br>\nnotre inaction.<\/font><\/font><\/p>\n<p style=\"text-indent: 1.52cm; margin-bottom: 0cm;\" align=\"justify\"><font face=\"Garamond, serif\"><font style=\"font-size: 13pt;\" size=\"3\">VIVE<br>\nLA R\u00c9VOLUTION \u00c9CONOMIQUE ET SOCIALE.<\/font><\/font><\/p>\n<p style=\"text-indent: 1.52cm; margin-bottom: 0cm;\" align=\"justify\"><font face=\"Garamond, serif\"><font style=\"font-size: 13pt;\" size=\"3\">VIVE<br>\nLA COMMUNE ANARCHISTE.<\/font><\/font><\/p>\n","protected":false},"excerpt":{"rendered":"<p>&nbsp; \u00c7a y est&nbsp;! Le trac vient d\u2019en\u00adva\u00adhir for\u00admi\u00adda\u00adble\u00adment la Bour\u00adgeoi\u00adsie&nbsp;! Bien qu\u2019a\u00adno\u00addine en son esprit, bien qu\u2019au\u00adcun sou\u00adla\u00adge\u00adment s\u00e9rieux ne puisse r\u00e9el\u00adle\u00adment sor\u00adtir de cette mani\u00adfes\u00adta\u00adtion,&nbsp;la pers\u00adpec\u00adtive du 1<sup>er<\/sup> Mai a jet\u00e9 la peur au ventre des bour\u00adgeois&nbsp;! Le Tra\u00advailleur des\u00adcen\u00addant dans la rue ce jour-l\u00e0, les fait fr\u00e9\u00admir au plus haut point. Non&nbsp;[\u2026]<\/p>\n","protected":false},"author":1,"featured_media":0,"comment_status":"closed","ping_status":"closed","sticky":false,"template":"","format":"standard","meta":{"wp_typography_post_enhancements_disabled":false,"footnotes":""},"categories":[159],"tags":[],"ppma_author":[540],"class_list":["post-1444","post","type-post","status-publish","format-standard","hentry","category-producteur-le-3-avril-1890"],"authors":[{"term_id":540,"user_id":1,"is_guest":0,"slug":"admin_3gikpwyf","display_name":"Vincent Dubuc","avatar_url":"https:\/\/secure.gravatar.com\/avatar\/d015720652c25fd2ced191ade86430094e1f288a17483713e3b34d26dea52507?s=96&d=mm&r=g","author_category":"","user_url":"https:\/\/la-presse-anarchiste.net","last_name":"Dubuc","first_name":"Vincent","job_title":"","description":""}],"_links":{"self":[{"href":"https:\/\/la-presse-anarchiste.net\/index.php\/wp-json\/wp\/v2\/posts\/1444","targetHints":{"allow":["GET"]}}],"collection":[{"href":"https:\/\/la-presse-anarchiste.net\/index.php\/wp-json\/wp\/v2\/posts"}],"about":[{"href":"https:\/\/la-presse-anarchiste.net\/index.php\/wp-json\/wp\/v2\/types\/post"}],"author":[{"embeddable":true,"href":"https:\/\/la-presse-anarchiste.net\/index.php\/wp-json\/wp\/v2\/users\/1"}],"replies":[{"embeddable":true,"href":"https:\/\/la-presse-anarchiste.net\/index.php\/wp-json\/wp\/v2\/comments?post=1444"}],"version-history":[{"count":0,"href":"https:\/\/la-presse-anarchiste.net\/index.php\/wp-json\/wp\/v2\/posts\/1444\/revisions"}],"wp:attachment":[{"href":"https:\/\/la-presse-anarchiste.net\/index.php\/wp-json\/wp\/v2\/media?parent=1444"}],"wp:term":[{"taxonomy":"category","embeddable":true,"href":"https:\/\/la-presse-anarchiste.net\/index.php\/wp-json\/wp\/v2\/categories?post=1444"},{"taxonomy":"post_tag","embeddable":true,"href":"https:\/\/la-presse-anarchiste.net\/index.php\/wp-json\/wp\/v2\/tags?post=1444"},{"taxonomy":"author","embeddable":true,"href":"https:\/\/la-presse-anarchiste.net\/index.php\/wp-json\/wp\/v2\/ppma_author?post=1444"}],"curies":[{"name":"wp","href":"https:\/\/api.w.org\/{rel}","templated":true}]}}