{"id":1456,"date":"2008-05-15T22:44:57","date_gmt":"2008-05-15T22:44:57","guid":{"rendered":"https:\/\/la-presse-anarchiste.net\/index.php\/2008\/05\/15\/demission\/"},"modified":"2008-05-15T22:44:57","modified_gmt":"2008-05-15T22:44:57","slug":"demission","status":"publish","type":"post","link":"https:\/\/la-presse-anarchiste.net\/index.php\/2008\/05\/15\/demission\/","title":{"rendered":"D\u00e9mission"},"content":{"rendered":"<div class=\"pdfprnt-buttons pdfprnt-buttons-post pdfprnt-top-right\"><a href=\"https:\/\/la-presse-anarchiste.net\/index.php\/wp-json\/wp\/v2\/posts\/1456?print=pdf\" class=\"pdfprnt-button pdfprnt-button-pdf\" target=\"_blank\"><img decoding=\"async\" src=\"https:\/\/la-presse-anarchiste.net\/wp-content\/plugins\/pdf-print\/images\/pdf.png\" alt=\"image_pdf\" title=\"Afficher le PDF\"><\/a><a href=\"https:\/\/la-presse-anarchiste.net\/index.php\/wp-json\/wp\/v2\/posts\/1456?print=print\" class=\"pdfprnt-button pdfprnt-button-print\" target=\"_blank\"><img decoding=\"async\" src=\"https:\/\/la-presse-anarchiste.net\/wp-content\/plugins\/pdf-print\/images\/print.png\" alt=\"image_print\" title=\"Contenu imprim\u00e9\"><\/a><\/div><p style=\"text-indent: 1.5cm; margin-bottom: 0cm;\" align=\"justify\">Ain\u00adsi,<br>\nde par la volon\u00adt\u00e9 de nos \u00e9diles, M.&nbsp;Guille\u00admin est&nbsp;sorti<br>\nblanc comme neige, ou \u00e0 peu pr\u00e8s, de la s\u00e9ance<br>\nqui devait <font face=\"Times New Roman, serif\">\u2013<\/font> on&nbsp;le<br>\ncroyait du moins dans le public <font face=\"Times New Roman, serif\">\u2013<\/font><br>\nse ter\u00admi\u00adner par la condam\u00adna\u00adtion de ce maire indigne.<\/p>\n<p style=\"text-indent: 1.5cm; margin-bottom: 0cm;\" align=\"justify\">Et<br>\noui&nbsp;! les \u00e9lus du peuple, qui si\u00e8gent \u00e0<br>\nl\u2019H\u00f4\u00adtel-de-Ville, n\u2019ont pas craint de d\u00e9li\u00advrer&nbsp;un<br>\ncer\u00adti\u00adfi\u00adcat de <i>bonne conduite<\/i> au chi\u00admiste Nicolas.&nbsp;<\/p>\n<p style=\"text-indent: 1.5cm; margin-bottom: 0cm;\" align=\"justify\">Ce<br>\nder\u00adnier, ain\u00adsi encou\u00adra\u00adg\u00e9, ne peut man\u00adquer de faire mas\u00adsa\u00adcrer&nbsp;\u00e0<br>\nla pro\u00adchaine occa\u00adsion, les braves habi\u00adtants de Falaise\u2026 pardon,<br>\nd\u2019Al\u00adger, qui se per\u00admet\u00adtront de contem\u00adpler les bal\u00adcons de l\u2019ancien<br>\nH\u00f4tel d\u2019Orient.<\/p>\n<p style=\"text-indent: 1.5cm; margin-bottom: 0cm;\" align=\"justify\">Passe-temps<br>\nagr\u00e9able, d\u2019ailleurs, et bien digne du pre\u00admier magis\u00adtrat&nbsp;d\u2019une<br>\ngrande cit\u00e9. On se croi\u00adrait, parole d\u2019hon\u00adneur, reve\u00adnu au&nbsp;temps<br>\nb\u00e9ni o\u00f9 les sei\u00adgneurs avaient droit de vie et de&nbsp;mort<br>\nsur leurs mal\u00adheu\u00adreux vassaux.<\/p>\n<p style=\"text-indent: 1.5cm; margin-bottom: 0cm;\" align=\"justify\">A<br>\nquand, s\u2019il vous pla\u00eet, le r\u00e9ta\u00adblis\u00adse\u00adment,&nbsp;\u00e0<br>\nAlger, du droit de <i>jam\u00adbage<\/i>&nbsp;?<\/p>\n<p style=\"text-indent: 1.5cm; margin-bottom: 0cm;\" align=\"justify\">Et<br>\nl\u2019un des eunuques de l\u2019as\u00adsem\u00adbl\u00e9e com\u00admu\u00adnale, le d\u00e9nomm\u00e9<br>\nCat, a os\u00e9 approu\u00adver, en ces termes, la conduite du&nbsp;maire&nbsp;:<br>\n\u00ab&nbsp;Est-ce une faute grace  que de ne pas avoir arr\u00eat\u00e9<br>\nla charge&nbsp;? Pas le moins du&nbsp;monde&nbsp;!&nbsp;\u00bb<\/p>\n<p style=\"text-indent: 1.5cm; margin-bottom: 0cm;\" align=\"justify\">Tout<br>\nbeau, mon\u00adsieur, sup\u00adpo\u00adsez un ins\u00adtant que les pan\u00addores aient charg\u00e9s,<br>\nnon sur un petit nombre de curieux, mais sur un groupe impor\u00adtant&nbsp;de<br>\nmani\u00adfes\u00adtants, que serait-il advenu&nbsp;?<\/p>\n<p style=\"text-indent: 1.5cm; margin-bottom: 0cm;\" align=\"justify\">Le<br>\nsang aurait rou\u00adgi les pav\u00e9s du Bou\u00adle\u00advard de la R\u00e9publique.<\/p>\n<p style=\"text-indent: 1.5cm; margin-bottom: 0cm;\" align=\"justify\">M.<br>\nGuille\u00admin n\u2019est pas excu\u00adsable, n\u2019en d\u00e9plaise \u00e0&nbsp;ses<br>\nthurif\u00e9raires.<\/p>\n<p style=\"text-indent: 1.5cm; margin-bottom: 0cm;\" align=\"justify\">Le<br>\n1<sup>er<\/sup> Mai, ce maire a fait preuve de l\u00e2chet\u00e9&nbsp;:<br>\nlorsque son devoir lui com\u00adman\u00addait de se pr\u00e9\u00adci\u00adpi\u00adter dans la&nbsp;rue<br>\npour crier aux sabreurs&nbsp;: arr\u00ea\u00adtez&nbsp;! il n\u2019a pas&nbsp;boug\u00e9.<\/p>\n<p style=\"text-indent: 1.5cm; margin-bottom: 0cm;\" align=\"justify\">Entre<br>\nla pre\u00admi\u00e8re charge et les rou\u00adle\u00adments de tam\u00adbour, pr\u00e9curseurs<br>\nde la seconde, <i>cinq<\/i> minutes au moins se sont \u00e9coul\u00e9es&nbsp;?<br>\nM.&nbsp;Guille\u00admin, a conti\u00adnu\u00e9 \u00e0 faire le&nbsp;mort.<\/p>\n<p style=\"text-indent: 1.5cm; margin-bottom: 0cm;\" align=\"justify\">Enfin,<br>\nil a com\u00admis une pre\u00admi\u00e8re faute en contre\u00adsi\u00adgnant l\u2019affiche<br>\nblanche du pr\u00e9fet.<\/p>\n<p style=\"text-indent: 1.5cm; margin-bottom: 0cm;\" align=\"justify\">Le<br>\ndoute ne peut donc sub\u00adsis\u00adter&nbsp;: le cou\u00adpable <font face=\"Times New Roman, serif\">\u2013<\/font><br>\nle respo\u00adnable, en tout cas <font face=\"Times New Roman, serif\">\u2013<\/font><br>\nn\u2019est autre que M.&nbsp;Guillemin.<\/p>\n<p style=\"text-indent: 1.5cm; margin-bottom: 0cm;\" align=\"justify\">On<br>\naccuse aujourd\u2019\u00adhui des sous-ordres&nbsp;; peine per\u00addue&nbsp;: l\u2019o\u00adpi\u00adnion a&nbsp;jug\u00e9<br>\net bien jug\u00e9&nbsp;; elle a fait elle-m\u00eame son enqu\u00eate et<br>\nles conseillers muni\u00adci\u00adpaux, qui se sont ren\u00addus soli\u00addaires du maire&nbsp;en<br>\nvotant l\u2019ordre du jour pur et simple <font face=\"Times New Roman, serif\">\u2013<\/font><br>\nv\u00e9ri\u00adtable ordre du jour de confiance <font face=\"Times New Roman, serif\">\u2013<\/font><br>\nn\u2019\u00e9\u00adtant plus en com\u00admu\u00adnion d\u2019i\u00add\u00e9e avec leurs mandants<br>\ndoivent d\u00e9mis\u00adsion\u00adner en&nbsp;masse.<\/p>\n<p style=\"text-indent: 1.5cm; margin-bottom: 0cm;\" align=\"justify\">Allez-vous<br>\nen&nbsp;! leur crie-t-on de tous&nbsp;c\u00f4t\u00e9s.<\/p>\n<p style=\"text-indent: 1.5cm; margin-bottom: 0cm;\" align=\"justify\">Sinon<br>\nle peuple se ver\u00adra dans l\u2019o\u00adbli\u00adga\u00adtion de vous chas\u00adser de la Maison<br>\ncom\u00admune \u00e0 grands coups de trique.<\/p>\n<p style=\"text-indent: 1.5cm; margin-bottom: 0cm;\" align=\"justify\">A la<br>\nporte, et vivement&nbsp;!<\/p>\n<p style=\"text-indent: 1.5cm; margin-bottom: 0cm;\" align=\"justify\">Duba\u00adlai<\/p>\n","protected":false},"excerpt":{"rendered":"<p>Ain\u00adsi, de par la volon\u00adt\u00e9 de nos \u00e9diles, M.&nbsp;Guille\u00admin est&nbsp;sor\u00adti blanc comme neige, ou \u00e0 peu pr\u00e8s, de la s\u00e9ance qui devait \u2013 on&nbsp;le croyait du moins dans le public \u2013 se ter\u00admi\u00adner par la condam\u00adna\u00adtion de ce maire indigne. Et oui&nbsp;! les \u00e9lus du peuple, qui si\u00e8gent \u00e0 l\u2019H\u00f4\u00adtel-de-Ville, n\u2019ont pas craint de d\u00e9li\u00advrer&nbsp;un&nbsp;[\u2026]<\/p>\n","protected":false},"author":1,"featured_media":0,"comment_status":"closed","ping_status":"closed","sticky":false,"template":"","format":"standard","meta":{"wp_typography_post_enhancements_disabled":false,"footnotes":""},"categories":[161],"tags":[],"ppma_author":[540],"class_list":["post-1456","post","type-post","status-publish","format-standard","hentry","category-le-tocsin-na1-25-mai-1er-juin-1890"],"authors":[{"term_id":540,"user_id":1,"is_guest":0,"slug":"admin_3gikpwyf","display_name":"Vincent Dubuc","avatar_url":"https:\/\/secure.gravatar.com\/avatar\/d015720652c25fd2ced191ade86430094e1f288a17483713e3b34d26dea52507?s=96&d=mm&r=g","author_category":"","user_url":"https:\/\/la-presse-anarchiste.net","last_name":"Dubuc","first_name":"Vincent","job_title":"","description":""}],"_links":{"self":[{"href":"https:\/\/la-presse-anarchiste.net\/index.php\/wp-json\/wp\/v2\/posts\/1456","targetHints":{"allow":["GET"]}}],"collection":[{"href":"https:\/\/la-presse-anarchiste.net\/index.php\/wp-json\/wp\/v2\/posts"}],"about":[{"href":"https:\/\/la-presse-anarchiste.net\/index.php\/wp-json\/wp\/v2\/types\/post"}],"author":[{"embeddable":true,"href":"https:\/\/la-presse-anarchiste.net\/index.php\/wp-json\/wp\/v2\/users\/1"}],"replies":[{"embeddable":true,"href":"https:\/\/la-presse-anarchiste.net\/index.php\/wp-json\/wp\/v2\/comments?post=1456"}],"version-history":[{"count":0,"href":"https:\/\/la-presse-anarchiste.net\/index.php\/wp-json\/wp\/v2\/posts\/1456\/revisions"}],"wp:attachment":[{"href":"https:\/\/la-presse-anarchiste.net\/index.php\/wp-json\/wp\/v2\/media?parent=1456"}],"wp:term":[{"taxonomy":"category","embeddable":true,"href":"https:\/\/la-presse-anarchiste.net\/index.php\/wp-json\/wp\/v2\/categories?post=1456"},{"taxonomy":"post_tag","embeddable":true,"href":"https:\/\/la-presse-anarchiste.net\/index.php\/wp-json\/wp\/v2\/tags?post=1456"},{"taxonomy":"author","embeddable":true,"href":"https:\/\/la-presse-anarchiste.net\/index.php\/wp-json\/wp\/v2\/ppma_author?post=1456"}],"curies":[{"name":"wp","href":"https:\/\/api.w.org\/{rel}","templated":true}]}}