{"id":146,"date":"2007-02-09T14:57:12","date_gmt":"2007-02-09T14:57:12","guid":{"rendered":"https:\/\/la-presse-anarchiste.net\/index.php\/2007\/02\/09\/le-peuple-allemand-dans-la-guerre\/"},"modified":"2007-02-09T14:57:12","modified_gmt":"2007-02-09T14:57:12","slug":"le-peuple-allemand-dans-la-guerre","status":"publish","type":"post","link":"https:\/\/la-presse-anarchiste.net\/index.php\/2007\/02\/09\/le-peuple-allemand-dans-la-guerre\/","title":{"rendered":"Le peuple allemand dans la guerre"},"content":{"rendered":"<div class=\"pdfprnt-buttons pdfprnt-buttons-post pdfprnt-top-right\"><a href=\"https:\/\/la-presse-anarchiste.net\/index.php\/wp-json\/wp\/v2\/posts\/146?print=pdf\" class=\"pdfprnt-button pdfprnt-button-pdf\" target=\"_blank\"><img decoding=\"async\" src=\"https:\/\/la-presse-anarchiste.net\/wp-content\/plugins\/pdf-print\/images\/pdf.png\" alt=\"image_pdf\" title=\"Afficher le PDF\"><\/a><a href=\"https:\/\/la-presse-anarchiste.net\/index.php\/wp-json\/wp\/v2\/posts\/146?print=print\" class=\"pdfprnt-button pdfprnt-button-print\" target=\"_blank\"><img decoding=\"async\" src=\"https:\/\/la-presse-anarchiste.net\/wp-content\/plugins\/pdf-print\/images\/print.png\" alt=\"image_print\" title=\"Contenu imprim\u00e9\"><\/a><\/div><div align=\"justify\">\n\tAin\u00adsi le par\u00adti tra\u00advailliste \u00e0 une forte majo\u00adri\u00adt\u00e9 a d\u00e9cla\u00adr\u00e9 que le peuple alle\u00admand devait par\u00adta\u00adger au m\u00eame titre que ses chefs la res\u00adpon\u00adsa\u00adbi\u00adli\u00adt\u00e9 de cette guerre.&nbsp;\n<p>\tAupa\u00adra\u00advant la C.G.T. anglaise avait opi\u00adn\u00e9 dans le m\u00eame&nbsp;sens.&nbsp;<\/p>\n<p>\tCes deux d\u00e9ci\u00adsions refl\u00e8tent peut-\u00eatre l\u2019o\u00adpi\u00adnion des adh\u00e9\u00adrents, mais cer\u00adtai\u00adne\u00adment davan\u00adtage celle des dirigeants.&nbsp;<\/p>\n<p>\tIl est pos\u00adsible que ces der\u00adniers se soient pro\u00adnon\u00adc\u00e9s en toute ind\u00e9\u00adpen\u00addance, que les hautes sph\u00e8res du par\u00adti tra\u00advailliste n\u2019aient point par\u00adtie li\u00e9e avec leur gou\u00adver\u00adne\u00adment et que les visites des repr\u00e9\u00adsen\u00adtants des syn\u00addi\u00adcats d\u2019\u00c9\u00adtat russe n\u2019aient eu aucun rap\u00adport avec les d\u00e9ci\u00adsions de sir Wal\u00adter Citrine et de son entourage.&nbsp;<\/p>\n<p>\tOn a quand m\u00eame pris l\u00e0 une lourde responsabilit\u00e9.&nbsp;<\/p>\n<p>\tParce que les gou\u00adver\u00adne\u00adments des pays vain\u00adqueurs pour\u00adront se ser\u00advir de ce ver\u00addict de culpa\u00adbi\u00adli\u00adt\u00e9 et oppri\u00admer les classes labo\u00adrieuses alle\u00admandes dans leurs condi\u00adtions de paix, soit par \u00e9troi\u00adtesse d\u2019es\u00adprit, soit pour affir\u00admer leur h\u00e9g\u00e9\u00admo\u00adnie poli\u00adtique et \u00e9conomique.&nbsp;<\/p>\n<p>\tPar la suite, on aura bien du mal \u00e0 r\u00e9ta\u00adblir des rela\u00adtions \u00e9qui\u00adtables entre classes ouvri\u00e8res de dif\u00adf\u00e9\u00adrentes langues.&nbsp;<\/p>\n<p>\tOn a agi l\u00e0 comme si le peuple alle\u00admand \u00e9tait for\u00adm\u00e9 uni\u00adque\u00adment de sc\u00e9\u00adl\u00e9\u00adrats, tous capables de mitrailler Asq ou Ora\u00addour, de per\u00ads\u00e9\u00adcu\u00adter les isra\u00e9\u00adlites, et dont la seule mani\u00adfes\u00adta\u00adtion intel\u00adlec\u00adtuelle f\u00fbt de s\u2019\u00e9\u00adcrier&nbsp;: \u00ab&nbsp;Hit\u00adler pense pour moi.&nbsp;\u00bb Qu\u2019il y ait eu en Alle\u00admagne un fort par\u00adti de la guerre, nous n\u2019en dou\u00adtons pas&nbsp;; mais ceci n\u2019est peut-\u00eatre pas par\u00adti\u00adcu\u00adlier au seul&nbsp;Reich&nbsp;!&nbsp;<\/p>\n<p>\tQue les diri\u00adgeants d\u2019in\u00addus\u00adtrie lourde, qui forment la classe pr\u00e9\u00adpon\u00add\u00e9\u00adrante, n\u2019aient point h\u00e9si\u00adt\u00e9, \u00e7a se con\u00e7oit. Ils pou\u00advaient s\u2019ap\u00adpuyer natu\u00adrel\u00adle\u00adment sur les hobe\u00adreaux et les Jun\u00adkers pro\u00adpri\u00e9\u00adtaires ter\u00adriens et mili\u00adtaires, ultra-mili\u00adta\u00adristes, nobles, fig\u00e9s de p\u00e8re en fils dans un natio\u00adna\u00adlisme bor\u00adn\u00e9, s\u2019es\u00adti\u00admant spo\u00adli\u00e9s par la d\u00e9faite de 1918 et appe\u00adlant de tous leurs voeux la revanche.&nbsp;<\/p>\n<p>\tJoignons\u2011y la classe moyenne \u00e0 qui Hit\u00adler appa\u00adrut comme un sau\u00adveur. Et ajou\u00adtons encore une bonne par\u00adtie de la jeu\u00adnesse, si mal\u00adheu\u00adreuse des suites de la pre\u00admi\u00e8re guerre mon\u00addiale. Cette jeu\u00adnesse aux d\u00e9bou\u00adch\u00e9s fer\u00adm\u00e9s, r\u00e9duite au ch\u00f4\u00admage et \u00e0 qui des agi\u00adta\u00adteurs v\u00e9h\u00e9\u00adments expli\u00adquaient que tous ses mal\u00adheurs venaient du trai\u00adt\u00e9 de Versailles.&nbsp;<\/p>\n<p>\tIl serait int\u00e9\u00adres\u00adsant, mais, h\u00e9las&nbsp;! impos\u00adsible de faire encore la part de ceux qui dans ces classes ne sou\u00adhai\u00adtaient pas la guerre, qui l\u2019ac\u00adcep\u00adtaient seule\u00adment comme une chose in\u00e9vi\u00adtable, comme une cala\u00admi\u00adt\u00e9 \u00e9pi\u00adso\u00addique \u00e0 laquelle ils ne croyaient point pou\u00advoir se soustraire.&nbsp;<\/p>\n<h2>Responsabilit\u00e9 du prol\u00e9tariat&nbsp;?<\/h2>\n<p>\tLe pro\u00adl\u00e9\u00adta\u00adriat alle\u00admand, celui des villes et celui des champs, forme la classe la moins connue, la moins d\u00e9crite et la plus nombreuse.&nbsp;<\/p>\n<p>\tC\u2019est lui certes qui a fabri\u00adqu\u00e9 les armes fra\u00adtri\u00adcides. Il a endu\u00adr\u00e9 sans mur\u00admure appa\u00adrent les pires pri\u00adva\u00adtions pour la pr\u00e9\u00adpa\u00adra\u00adtion du conflit. Et au jour J il s\u2019est pr\u00e9\u00adci\u00adpi\u00adt\u00e9 sans h\u00e9si\u00adter sur les objec\u00adtifs de conqu\u00eate assi\u00adgn\u00e9s. Peut-\u00eatre aurait-il pu agir autre\u00adment&nbsp;? C\u2019est ce que nous pour\u00adrons exa\u00admi\u00adner quand la tour\u00admente sera&nbsp;finie.&nbsp;<\/p>\n<p>\tN\u2019ou\u00adblions pas tou\u00adte\u00adfois que d\u00e8s 1933 pri\u00adsons et camps de concen\u00adtra\u00adtion se d\u00e9ve\u00adlop\u00adp\u00e8rent \u00e0 un rythme acc\u00e9\u00adl\u00e9\u00adr\u00e9 pour s\u2019emplir d\u2019op\u00adpo\u00adsants au nazisme, de syn\u00addi\u00adca\u00adlistes, de paci\u00adfistes, de r\u00e9vo\u00adlu\u00adtion\u00adnaires, gens qui eussent r\u00e9us\u00adsi peut-\u00eatre \u00e0 for\u00admer un contre\u00adpoids de&nbsp;paix.&nbsp;<\/p>\n<p>\tOn peut tou\u00adjours rele\u00adver deux faits typiques.&nbsp;<\/p>\n<p>\tLe pre\u00admier, c\u2019est l\u2019\u00e9\u00adnorme orga\u00adni\u00adsa\u00adtion du mou\u00adchar\u00addage cr\u00e9\u00e9e dans les usines par l\u2019\u00c9\u00adtat nazi. Il prouve qu\u2019on n\u2019\u00e9\u00adtait pas tran\u00adquille en haut lieu sur le com\u00adpor\u00adte\u00adment des gens d\u2019en bas, mal\u00adgr\u00e9 la mise en lieu s\u00fbr des \u00ab&nbsp;meneurs&nbsp;\u00bb.<\/p>\n<p>\tLe second, c\u2019est Munich.<\/p>\n<p>\tLes peuples ignorent encore ce qui s\u2019est pas\u00ads\u00e9 \u00ab&nbsp;exac\u00adte\u00adment&nbsp;\u00bb \u00e0 Munich lors de l\u2019en\u00adtre\u00advue des quatre. Ils ont cru, h\u00e9las&nbsp;! Qu\u2019on y avait sau\u00adv\u00e9 la paix. Et c\u2019est pour\u00adquoi Cham\u00adber\u00adlain, Dala\u00addier, Mus\u00adso\u00adli\u00adni et Hit\u00adler furent fol\u00adle\u00adment accla\u00adm\u00e9s dans leurs pays res\u00adpec\u00adtifs et en Alle\u00admagne les masses \u00e9ta\u00adlaient une joie qui n\u2019\u00e9\u00adtait point feinte.<\/p>\n<p>\tC\u2019est pour\u00adquoi nous esti\u00admons que Labour Par\u00adty et C.G.T. Anglaise auraient d\u00fb d\u2019a\u00adbord faire une plus nette dis\u00adtinc\u00adtion entre gou\u00adver\u00adnants et gou\u00adver\u00adn\u00e9s avant d\u2019\u00e9\u00admettre une opi\u00adnion cat\u00e9gorique.<\/p>\n<p>\tEt attendre que sur la sc\u00e8ne mon\u00addiale soient ter\u00admi\u00adn\u00e9s le der\u00adnier acte et l\u2019\u00e9pilogue.<br>\n<\/p>\n<\/div>","protected":false},"excerpt":{"rendered":"<p>Ain\u00adsi le par\u00adti tra\u00advailliste \u00e0 une forte majo\u00adri\u00adt\u00e9 a d\u00e9cla\u00adr\u00e9 que le peuple alle\u00admand devait par\u00adta\u00adger au m\u00eame titre que ses chefs la res\u00adpon\u00adsa\u00adbi\u00adli\u00adt\u00e9 de cette guerre.&nbsp; Aupa\u00adra\u00advant la C.G.T. anglaise avait opi\u00adn\u00e9 dans le m\u00eame&nbsp;sens.&nbsp; Ces deux d\u00e9ci\u00adsions refl\u00e8tent peut-\u00eatre l\u2019o\u00adpi\u00adnion des adh\u00e9\u00adrents, mais cer\u00adtai\u00adne\u00adment davan\u00adtage celle des diri\u00adgeants.&nbsp; Il est pos\u00adsible que&nbsp;ces&nbsp;[\u2026]<\/p>\n","protected":false},"author":1,"featured_media":0,"comment_status":"closed","ping_status":"closed","sticky":false,"template":"","format":"standard","meta":{"wp_typography_post_enhancements_disabled":false,"footnotes":""},"categories":[25],"tags":[],"ppma_author":[540],"class_list":["post-146","post","type-post","status-publish","format-standard","hentry","category-le-libertaire-n2-15-fevrier-1945"],"authors":[{"term_id":540,"user_id":1,"is_guest":0,"slug":"admin_3gikpwyf","display_name":"Vincent Dubuc","avatar_url":"https:\/\/secure.gravatar.com\/avatar\/d015720652c25fd2ced191ade86430094e1f288a17483713e3b34d26dea52507?s=96&d=mm&r=g","author_category":"","user_url":"https:\/\/la-presse-anarchiste.net","last_name":"Dubuc","first_name":"Vincent","job_title":"","description":""}],"_links":{"self":[{"href":"https:\/\/la-presse-anarchiste.net\/index.php\/wp-json\/wp\/v2\/posts\/146","targetHints":{"allow":["GET"]}}],"collection":[{"href":"https:\/\/la-presse-anarchiste.net\/index.php\/wp-json\/wp\/v2\/posts"}],"about":[{"href":"https:\/\/la-presse-anarchiste.net\/index.php\/wp-json\/wp\/v2\/types\/post"}],"author":[{"embeddable":true,"href":"https:\/\/la-presse-anarchiste.net\/index.php\/wp-json\/wp\/v2\/users\/1"}],"replies":[{"embeddable":true,"href":"https:\/\/la-presse-anarchiste.net\/index.php\/wp-json\/wp\/v2\/comments?post=146"}],"version-history":[{"count":0,"href":"https:\/\/la-presse-anarchiste.net\/index.php\/wp-json\/wp\/v2\/posts\/146\/revisions"}],"wp:attachment":[{"href":"https:\/\/la-presse-anarchiste.net\/index.php\/wp-json\/wp\/v2\/media?parent=146"}],"wp:term":[{"taxonomy":"category","embeddable":true,"href":"https:\/\/la-presse-anarchiste.net\/index.php\/wp-json\/wp\/v2\/categories?post=146"},{"taxonomy":"post_tag","embeddable":true,"href":"https:\/\/la-presse-anarchiste.net\/index.php\/wp-json\/wp\/v2\/tags?post=146"},{"taxonomy":"author","embeddable":true,"href":"https:\/\/la-presse-anarchiste.net\/index.php\/wp-json\/wp\/v2\/ppma_author?post=146"}],"curies":[{"name":"wp","href":"https:\/\/api.w.org\/{rel}","templated":true}]}}