{"id":1461,"date":"2008-05-15T23:02:46","date_gmt":"2008-05-15T23:02:46","guid":{"rendered":"https:\/\/la-presse-anarchiste.net\/index.php\/2008\/05\/15\/la-semaine-sanglante\/"},"modified":"2008-05-15T23:02:46","modified_gmt":"2008-05-15T23:02:46","slug":"la-semaine-sanglante","status":"publish","type":"post","link":"https:\/\/la-presse-anarchiste.net\/index.php\/2008\/05\/15\/la-semaine-sanglante\/","title":{"rendered":"La semaine sanglante"},"content":{"rendered":"<div class=\"pdfprnt-buttons pdfprnt-buttons-post pdfprnt-top-right\"><a href=\"https:\/\/la-presse-anarchiste.net\/index.php\/wp-json\/wp\/v2\/posts\/1461?print=pdf\" class=\"pdfprnt-button pdfprnt-button-pdf\" target=\"_blank\"><img decoding=\"async\" src=\"https:\/\/la-presse-anarchiste.net\/wp-content\/plugins\/pdf-print\/images\/pdf.png\" alt=\"image_pdf\" title=\"Afficher le PDF\"><\/a><a href=\"https:\/\/la-presse-anarchiste.net\/index.php\/wp-json\/wp\/v2\/posts\/1461?print=print\" class=\"pdfprnt-button pdfprnt-button-print\" target=\"_blank\"><img decoding=\"async\" src=\"https:\/\/la-presse-anarchiste.net\/wp-content\/plugins\/pdf-print\/images\/print.png\" alt=\"image_print\" title=\"Contenu imprim\u00e9\"><\/a><\/div><p style=\"text-indent: 1.5cm; margin-bottom: 0cm;\" align=\"justify\">C\u2019\u00e9\u00adtait<br>\n\u00e0 la der\u00adni\u00e8re heure du jour, la cou\u00adleur fauve&nbsp;de<br>\nl\u2019in\u00adcen\u00addie allait bien\u00adt\u00f4t seule \u00e9clai\u00adrer Paris. A<br>\nl\u2019ap\u00adproche de la nuit, la lutte expi\u00adrante se rele\u00advait de temps&nbsp;\u00e0<br>\nautre comme par sou\u00adbre\u00adsauts furieux.<\/p>\n<p style=\"text-indent: 1.5cm; margin-bottom: 0cm;\" align=\"justify\">A ces<br>\nmoments, canons, mitrailleuses, chas\u00adse\u00adpots, se mul\u00adti\u00adpliaient. Les<br>\ncoups de l\u2019ar\u00adtille\u00adrie se pr\u00e9\u00adci\u00adpi\u00adtaient en feu de pelo\u00adton&nbsp;;&nbsp;le<br>\nbronze lui-m\u00eame sem\u00adblait avoir pris rage. La veille, du haut&nbsp;de<br>\nla tri\u00adbune, Thiers, avait en par\u00adlant des \u00e9v\u00e9\u00adne\u00adments&nbsp;de<br>\nParis, lais\u00ads\u00e9 tom\u00adb\u00e9 ces mots, les plus navrants<br>\npeut-\u00eatre que l\u2019his\u00adtoire ait jamais enten\u00addus&nbsp;: \u00ab&nbsp;<i>les<br>\nrepr\u00e9\u00adsailles du d\u00e9ses\u00adpoir&nbsp;!<\/i>\u00bb L\u2026 et moi&nbsp;nous<br>\nche\u00admi\u00adnions remon\u00adtant la rue de Tour\u00adnon et nous diri\u00adgeant vers&nbsp;cette<br>\nsinistre encoi\u00adgnure droite de la porte du Luxem\u00adbourg qui,&nbsp;le<br>\nlen\u00adde\u00admain, fut la pre\u00admi\u00e8re sta\u00adtion de l\u2019a\u00adgo\u00adnie de Milli\u00e8re.<\/p>\n<p style=\"text-indent: 1.5cm; margin-bottom: 0cm;\" align=\"justify\">Nous<br>\nv\u00eemes pas\u00adser un piquet de sol\u00addats qui mar\u00adchaient \u00e0&nbsp;pas<br>\npres\u00ads\u00e9s, ayant au milieu d\u2019eux trois citoyens.<\/p>\n<p style=\"text-indent: 1.5cm; margin-bottom: 0cm;\" align=\"justify\">L\u2019air<br>\ngrave, r\u00e9so\u00adlu et par\u00adfai\u00adte\u00adment calme de ceux qu\u2019on conduisait<br>\nain\u00adsi, nous trom\u00adpa. Nous ne devi\u00adn\u00e2mes point le but vers lequel<br>\nils allaient&nbsp;; mais lorsque nous e\u00fbmes fait une cin\u00adquan\u00adtaine&nbsp;de<br>\npas, un cri \u00e9ner\u00adgique et une d\u00e9charge de chassepots<br>\nnous l\u2019apprirent.<\/p>\n<p style=\"text-indent: 1.5cm; margin-bottom: 0cm;\" align=\"justify\">Tous<br>\ntrois \u00e9taient cou\u00adch\u00e9s sur le trot\u00adtoir&nbsp;; deux \u00e9taient<br>\ntom\u00adb\u00e9s raides morts, l\u2019autre s\u2019a\u00adgi\u00adtait dans les derni\u00e8res<br>\nconvul\u00adsions. On prit celui-l\u00e0 par le bas des jambes, et&nbsp;d\u2019un<br>\nretour de bras, on le ran\u00adgea le long du mur&nbsp;; un der\u00adnier coup de&nbsp;feu<br>\ndans la tempe l\u2019a\u00advait achev\u00e9.<\/p>\n<p style=\"text-indent: 1.5cm; margin-bottom: 0cm;\" align=\"justify\">Une<br>\npetite vieille femme qui se trou\u00advait devant moi, se retour\u00adna&nbsp;alors&nbsp;;<br>\nelle avait aux l\u00e8vres un sou\u00adrire d\u2019in\u00addi\u00adgna\u00adtion&nbsp;et<br>\nd\u2019\u00e9\u00adton\u00adne\u00adment&nbsp;; ses mains se croi\u00adsaient sur un livre de pri\u00e8re<br>\net un cha\u00adpe\u00adlet. Je crus qu\u2019elle allait for\u00admu\u00adler quelques paroles de<br>\npiti\u00e9. \u00ab&nbsp;<i>Croyez-vous, mon\u00adsieur<\/i>, me dit-elle, <i>les<br>\nl\u00e2ches&nbsp;! au moment o\u00f9 on les fusillait, ils criaient&nbsp;:<br>\nVive la Com\u00admune&nbsp;!<\/i>\u00bb <\/p>\n<p style=\"text-indent: 1.5cm; margin-bottom: 0cm;\" align=\"justify\">Comme<br>\nla foule s\u2019as\u00adsem\u00adblait, une jeune ouvri\u00e8re s\u2019ap\u00adpro\u00adcha&nbsp;du<br>\ntrot\u00adtoir et glis\u00adsa sur une tache sombre.  <font face=\"Times New Roman, serif\">\u2013<\/font><br>\n\u00ab&nbsp;Qu\u2019est-ce que c\u2019est que \u00e7a&nbsp;?&nbsp;\u00bb fit-elle, regardant<br>\n\u00e0 ses pieds et p\u00e2le d\u2019horreur.<\/p>\n<p style=\"text-indent: 1.5cm; margin-bottom: 0cm;\" align=\"justify\">\u00ab&nbsp;Eh&nbsp;!<br>\nla petite m\u00e8re, dit un sol\u00addat, est-ce que vous croyez que<br>\nc\u2019est de l\u2019eau claire qu\u2019ils ont dans la poitrine&nbsp;?&nbsp;\u00bb<\/p>\n<p style=\"text-indent: 1.5cm; margin-bottom: 0cm;\" align=\"justify\">La<br>\npauvre enfant frap\u00adpa pr\u00e9\u00adci\u00adpi\u00adtam\u00adment le pav\u00e9 de&nbsp;sa<br>\nchaus\u00adsure san\u00adglante et des\u00adcen\u00addit en cou\u00adrant la rue de Tournon.<\/p>\n<p style=\"text-indent: 1.5cm; margin-bottom: 0cm;\" align=\"justify\">\n<\/p><p><strong><em>\u2014 O<br>\n\u2014<\/em><\/strong><\/p>\n<p style=\"text-indent: 1.5cm; margin-bottom: 0cm;\" align=\"justify\">Nous<br>\nquit\u00adt\u00e2mes le Luxem\u00adbourg et pen\u00addant quelques ins\u00adtants&nbsp;nous<br>\nmar\u00adch\u00e2mes au hasard, l\u2019\u00e2me gla\u00adc\u00e9e du triste<br>\nspec\u00adtacle que nous venions de voir, \u00e9cou\u00adtant les grondements<br>\nsombres du canon, et levant les yeux vers l\u2019ho\u00adri\u00adzon qui se faisait<br>\nplus enflam\u00adm\u00e9 et plus rouge, \u00e0 mesure qie<br>\ns\u2019\u00e9\u00adpais\u00adsis\u00adsait l\u2019ombre&nbsp;; la nuit \u00e9tait&nbsp;venue.<\/p>\n<p style=\"text-indent: 1.5cm; margin-bottom: 0cm;\" align=\"justify\">O\u00f9<br>\n\u00e9tions-nous&nbsp;? Je ne sais. La rue \u00e9tait d\u00e9serte&nbsp;;&nbsp;\u00e0<br>\npeine de minute en minute, un pas\u00adsant qui s\u2019en allait rapide et&nbsp;comme<br>\ns\u2019il fuyait ou pour\u00adsui\u00advait quel\u00adqu\u2019un&nbsp;; des portes closes et muettes&nbsp;;<br>\ndes fen\u00eatres fer\u00adm\u00e9es&nbsp;; aux car\u00adre\u00adfours des barricades<br>\n\u00e9ven\u00adtr\u00e9es, des tran\u00adch\u00e9es sombres, dans<br>\nles\u00adquelles avait rou\u00adl\u00e9 un peu de tout et un peu de tous.&nbsp;L\u2019une<br>\nd\u2019elle gar\u00addait encore le corps d\u2019un che\u00adval blanc atte\u00adl\u00e9&nbsp;\u00e0<br>\nson caisson.<\/p>\n<p style=\"text-indent: 1.5cm; margin-bottom: 0cm;\" align=\"justify\">A ce<br>\nmoment nous nous retour\u00adn\u00e2mes&nbsp;; pr\u00e8s de nous quelqu\u2019un<br>\nsanglotait.<\/p>\n<p style=\"text-indent: 1.5cm; margin-bottom: 0cm;\" align=\"justify\">Deux<br>\nfemmes \u00e9taient l\u00e0. Non de celles que Paris voit assises<br>\n\u00e0 l\u2019\u00e9\u00adta\u00adlage ext\u00e9\u00adrieur des caf\u00e9s&nbsp;du<br>\nbou\u00adle\u00advard&nbsp;; c\u2019\u00e9\u00adtaient deux femmes d\u2019ou\u00advriers, cha\u00adcune portant<br>\nun enfant <font face=\"Times New Roman, serif\">\u2013<\/font> les autres<br>\nn\u2019en ont&nbsp;pas.<\/p>\n<p style=\"text-indent: 1.5cm; margin-bottom: 0cm;\" align=\"justify\">Elles<br>\nne mar\u00adchaient pas <font face=\"Times New Roman, serif\">\u2013<\/font> les<br>\nmal\u00adheu\u00adreuse se tra\u00eenaient.<\/p>\n<p style=\"text-indent: 1.5cm; margin-bottom: 0cm;\" align=\"justify\">\u00ab&nbsp;Mais<br>\no\u00f9 me m\u00e8nes-tu, disait celle qui pleu\u00adrait&nbsp;; on ne&nbsp;veut<br>\nnous rece\u00advoir nulle part, et puis je te dis que j\u2019ai&nbsp;faim&nbsp;!&nbsp;\u00bb<\/p>\n<p style=\"text-indent: 1.5cm; margin-bottom: 0cm;\" align=\"justify\">Celle-l\u00e0<br>\ntenait l\u2019en\u00adfant de ses deux bras et lui don\u00adnait le sein,&nbsp;mais<br>\nl\u2019en\u00adfant qui t\u00e9tait pleu\u00adrait aus\u00adsi&nbsp;; <font face=\"Times New Roman, serif\">\u2013<br>\nque pou\u00advait lui don\u00adner cette mamelle d\u2019affam\u00e9e&nbsp;?<\/font><\/p>\n<p style=\"text-indent: 1.5cm; margin-bottom: 0cm;\" align=\"justify\">\u00ab&nbsp;Viens,\u00bb<br>\nr\u00e9pon\u00addit l\u2019autre.<\/p>\n<p style=\"text-indent: 1.5cm; margin-bottom: 0cm;\" align=\"justify\">\u00ab&nbsp;Mais<br>\no\u00f9&nbsp;? mais o\u00f9&nbsp;? dis le moi&nbsp;!&nbsp;\u00bb conti\u00adnuait&nbsp;la<br>\nmal\u00adheu\u00adreuse qui conti\u00adnuait d\u2019allaiter.<\/p>\n<p style=\"text-indent: 1.5cm; margin-bottom: 0cm;\" align=\"justify\">L\u2019autre,<br>\nalors, se retour\u00adna vers sa com\u00adpagne h\u00e9si\u00adtante et nous&nbsp;p\u00fbmes<br>\nla&nbsp;voir.<\/p>\n<p style=\"text-indent: 1.5cm; margin-bottom: 0cm;\" align=\"justify\">Grande,<br>\nh\u00e2ve, extra\u00ador\u00addi\u00adnai\u00adre\u00adment p\u00e2le, elle por\u00adtait son enfant<br>\nsur le bras gauche. Il avait trois ou quatre ans peut-\u00eatre&nbsp;;<br>\nc\u2019\u00e9\u00adtait la faim toute petite. Les deux bras \u00e9taient<br>\nlev\u00e9s et rai\u00addis, sa bouche muette, ses petits poings crisp\u00e9s.<br>\nL\u2019es\u00adto\u00admac inas\u00adsou\u00advi jette par\u00adfois de ces cris qui se glacent et<br>\ns\u2019im\u00admo\u00adbi\u00adlisent, se font statue.<\/p>\n<p style=\"text-indent: 1.5cm; margin-bottom: 0cm;\" align=\"justify\">\u00ab&nbsp;Viens&nbsp;!&nbsp;\u00bb<br>\nr\u00e9p\u00e9\u00adta-t-elle, et du bras droit mon\u00adtrant l\u2019horizon<br>\nrouge&nbsp;: \u00ab&nbsp;Il pleut des obus, l\u00e0-bas, on nous recevra.&nbsp;\u00bb<br>\nEt elles se remirent \u00e0 marcher.<\/p>\n<p style=\"text-indent: 1.5cm; margin-bottom: 0cm;\" align=\"justify\">\u00ab&nbsp;Pre\u00adnez<br>\nceci, lui dit l\u2019un de nous, pre\u00adnez madame,\u00bb fit-il, offrant<br>\nquelques humbles pi\u00e8ces blanches.<\/p>\n<p style=\"text-indent: 1.5cm; margin-bottom: 0cm;\" align=\"justify\">Mais<br>\nla grande femme maigre sai\u00adsit le bras de la plus petite&nbsp;: \u2013 \u00ab&nbsp;C\u2019est<br>\ninutile, dit-elle, bien\u00adt\u00f4t nous n\u2019au\u00adrons plus&nbsp;faim.&nbsp;\u00bb<\/p>\n<p style=\"text-indent: 1.5cm; margin-bottom: 0cm;\" align=\"justify\">Nous<br>\nles v\u00eemes se perdre dans la nuit, et la der\u00adni\u00e8re&nbsp;chose<br>\nque nous p\u00fbmes dis\u00adtin\u00adguer au milieu de l\u2019ombre fut le&nbsp;petit<br>\nbras blanc, p\u00e2le et cris\u00adp\u00e9 de l\u2019en\u00adfant, dont le&nbsp;poing<br>\n\u00e9tait tour\u00adn\u00e9 vers le&nbsp;ciel.<\/p>\n<p style=\"text-indent: 1.5cm; margin-bottom: 0cm;\" align=\"justify\">\n<\/p><p><strong><em>\u2014 O<br>\n\u2014<\/em><\/strong><\/p>\n<p style=\"text-indent: 1.5cm; margin-bottom: 0cm;\" align=\"justify\">Dans<br>\nl\u2019es\u00adpace d\u2019une heure, nous avions vu toute l\u2019his\u00adtoire du prol\u00e9tariat<br>\nau dix-neu\u00advi\u00e8me si\u00e8cle&nbsp;: l\u2019homme ados\u00ads\u00e9 au&nbsp;mur,<br>\nla femme dans la rue, l\u2019en\u00adfant le poing ser\u00adr\u00e9 par la faim&nbsp;et<br>\nau des\u00adsus d\u2019eux le canon hur\u00adlant la r\u00e9pression!\u2026<\/p>\n<p style=\"text-indent: 1.5cm; margin-bottom: 0cm;\" align=\"justify\">25<br>\nd\u00e9cembre 1871.<\/p>\n<p style=\"text-indent: 1.5cm; margin-bottom: 0cm;\" align=\"justify\">Louis<br>\nMie<\/p>\n","protected":false},"excerpt":{"rendered":"<p>C\u2019\u00e9\u00adtait \u00e0 la der\u00adni\u00e8re heure du jour, la cou\u00adleur fauve&nbsp;de l\u2019in\u00adcen\u00addie allait bien\u00adt\u00f4t seule \u00e9clai\u00adrer Paris. A l\u2019ap\u00adproche de la nuit, la lutte expi\u00adrante se rele\u00advait de temps&nbsp;\u00e0 autre comme par sou\u00adbre\u00adsauts furieux. A ces moments, canons, mitrailleuses, chas\u00adse\u00adpots, se mul\u00adti\u00adpliaient. Les coups de l\u2019ar\u00adtille\u00adrie se pr\u00e9\u00adci\u00adpi\u00adtaient en feu de pelo\u00adton&nbsp;;&nbsp;le bronze lui-m\u00eame sem\u00adblait&nbsp;avoir&nbsp;[\u2026]<\/p>\n","protected":false},"author":1,"featured_media":0,"comment_status":"closed","ping_status":"closed","sticky":false,"template":"","format":"standard","meta":{"wp_typography_post_enhancements_disabled":false,"footnotes":""},"categories":[161],"tags":[],"ppma_author":[540],"class_list":["post-1461","post","type-post","status-publish","format-standard","hentry","category-le-tocsin-na1-25-mai-1er-juin-1890"],"authors":[{"term_id":540,"user_id":1,"is_guest":0,"slug":"admin_3gikpwyf","display_name":"Vincent Dubuc","avatar_url":"https:\/\/secure.gravatar.com\/avatar\/d015720652c25fd2ced191ade86430094e1f288a17483713e3b34d26dea52507?s=96&d=mm&r=g","author_category":"","user_url":"https:\/\/la-presse-anarchiste.net","last_name":"Dubuc","first_name":"Vincent","job_title":"","description":""}],"_links":{"self":[{"href":"https:\/\/la-presse-anarchiste.net\/index.php\/wp-json\/wp\/v2\/posts\/1461","targetHints":{"allow":["GET"]}}],"collection":[{"href":"https:\/\/la-presse-anarchiste.net\/index.php\/wp-json\/wp\/v2\/posts"}],"about":[{"href":"https:\/\/la-presse-anarchiste.net\/index.php\/wp-json\/wp\/v2\/types\/post"}],"author":[{"embeddable":true,"href":"https:\/\/la-presse-anarchiste.net\/index.php\/wp-json\/wp\/v2\/users\/1"}],"replies":[{"embeddable":true,"href":"https:\/\/la-presse-anarchiste.net\/index.php\/wp-json\/wp\/v2\/comments?post=1461"}],"version-history":[{"count":0,"href":"https:\/\/la-presse-anarchiste.net\/index.php\/wp-json\/wp\/v2\/posts\/1461\/revisions"}],"wp:attachment":[{"href":"https:\/\/la-presse-anarchiste.net\/index.php\/wp-json\/wp\/v2\/media?parent=1461"}],"wp:term":[{"taxonomy":"category","embeddable":true,"href":"https:\/\/la-presse-anarchiste.net\/index.php\/wp-json\/wp\/v2\/categories?post=1461"},{"taxonomy":"post_tag","embeddable":true,"href":"https:\/\/la-presse-anarchiste.net\/index.php\/wp-json\/wp\/v2\/tags?post=1461"},{"taxonomy":"author","embeddable":true,"href":"https:\/\/la-presse-anarchiste.net\/index.php\/wp-json\/wp\/v2\/ppma_author?post=1461"}],"curies":[{"name":"wp","href":"https:\/\/api.w.org\/{rel}","templated":true}]}}