{"id":1466,"date":"2008-05-24T20:23:29","date_gmt":"2008-05-24T20:23:29","guid":{"rendered":"https:\/\/la-presse-anarchiste.net\/index.php\/2008\/05\/24\/lobjection-de-conscience-en-belgique\/"},"modified":"2008-05-24T20:23:29","modified_gmt":"2008-05-24T20:23:29","slug":"lobjection-de-conscience-en-belgique","status":"publish","type":"post","link":"https:\/\/la-presse-anarchiste.net\/index.php\/2008\/05\/24\/lobjection-de-conscience-en-belgique\/","title":{"rendered":"L\u2019objection de conscience en Belgique"},"content":{"rendered":"<div class=\"pdfprnt-buttons pdfprnt-buttons-post pdfprnt-top-right\"><a href=\"https:\/\/la-presse-anarchiste.net\/index.php\/wp-json\/wp\/v2\/posts\/1466?print=pdf\" class=\"pdfprnt-button pdfprnt-button-pdf\" target=\"_blank\"><img decoding=\"async\" src=\"https:\/\/la-presse-anarchiste.net\/wp-content\/plugins\/pdf-print\/images\/pdf.png\" alt=\"image_pdf\" title=\"Afficher le PDF\"><\/a><a href=\"https:\/\/la-presse-anarchiste.net\/index.php\/wp-json\/wp\/v2\/posts\/1466?print=print\" class=\"pdfprnt-button pdfprnt-button-print\" target=\"_blank\"><img decoding=\"async\" src=\"https:\/\/la-presse-anarchiste.net\/wp-content\/plugins\/pdf-print\/images\/print.png\" alt=\"image_print\" title=\"Contenu imprim\u00e9\"><\/a><\/div><p>&nbsp;<\/p>\n<p style=\"margin-right: 0.98cm; text-indent: 1.51cm; margin-bottom: 0cm;\" align=\"justify\">\n<font face=\"Garamond, serif\"><font size=\"4\"><b><span lang=\"fr-FR\"><strong><em>Le<br>\nnou\u00adveau statut<\/em><\/strong><\/span><\/b><\/font><\/font><\/p>\n<p style=\"margin-right: 0.98cm; text-indent: 1.51cm; margin-bottom: 0cm;\" align=\"justify\">\n<font face=\"Garamond, serif\"><font size=\"4\"><span lang=\"fr-FR\">Le<br>\nsta\u00adtut des objec\u00adteurs de conscience est r\u00e9gl\u00e9 par&nbsp;la<br>\nloi du 3 juin 1964, amen\u00add\u00e9e par la loi du 22 jan\u00advier&nbsp;1969<br>\n(\u00ab&nbsp;Moni\u00adteur belge&nbsp;\u00bb du 1<sup>er<\/sup> f\u00e9vrier 1969).<\/span><\/font><\/font><\/p>\n<p style=\"margin-right: 0.98cm; text-indent: 1.51cm; margin-bottom: 0cm;\" align=\"justify\">\n<font face=\"Garamond, serif\"><font size=\"4\"><span lang=\"fr-FR\">Il<br>\npr\u00e9\u00advoit deux cat\u00e9\u00adgo\u00adries d\u2019objecteurs&nbsp;:<\/span><\/font><\/font><\/p>\n<p style=\"margin-right: 0.98cm; text-indent: 1.51cm; margin-bottom: 0cm;\" align=\"justify\">\u200a\u2014\u200a<font face=\"Garamond, serif\"><font size=\"4\"><span lang=\"fr-FR\">d\u2019une<br>\npart, l\u2019objecteur par\u00adtiel, effec\u00adtuant un ser\u00advice mili\u00adtaire non&nbsp;arm\u00e9<br>\nd\u2019une p\u00e9riode \u00e9gale \u00e0 celle du mili\u00adcien.&nbsp;Il<br>\npeut effec\u00adtuer des rap\u00adpels \u00e9ventuels.<\/span><\/font><\/font><\/p>\n<p style=\"margin-right: 0.98cm; text-indent: 1.51cm; margin-bottom: 0cm;\" align=\"justify\">\u200a\u2014\u200a<font face=\"Garamond, serif\"><font size=\"4\"><span lang=\"fr-FR\">d\u2019autre<br>\npart, l\u2019objecteur radi\u00adcal qui doit effec\u00adtuer un temps de service<br>\ncivil de deux ans, dans lequel il accomplira&nbsp;:<\/span><\/font><\/font><\/p>\n<p style=\"margin-right: 0.98cm; text-indent: 1.51cm; margin-bottom: 0cm;\" align=\"justify\">\n<font face=\"Garamond, serif\"><font size=\"4\"><span lang=\"fr-FR\">a) \tsoit<br>\ndes t\u00e2ches d\u2019utilit\u00e9 publique, en Bel\u00adgique. Il<br>\nd\u00e9pen\u00addra du minis\u00adt\u00e8re de l\u2019Int\u00e9rieur pour&nbsp;des<br>\ntra\u00advaux dans des orga\u00adnismes \u00e0 carac\u00adt\u00e8re social,<br>\n\u00e9du\u00adca\u00adtif ou culturel&nbsp;;<\/span><\/font><\/font><\/p>\n<p style=\"margin-right: 0.98cm; text-indent: 1.51cm; margin-bottom: 0cm;\" align=\"justify\">\n<font face=\"Garamond, serif\"><font size=\"4\"><span lang=\"fr-FR\">b) soit,<br>\ndans le cadre de la loi du 21 juin 1961 sur l\u2019assistance technique,<br>\nil peut par\u00adtir deux ans dans le tiers monde, ou invo\u00adquer la&nbsp;loi<br>\ncom\u00adpl\u00e9\u00admen\u00adtaire du 24 sep\u00adtembre 1964 sur le volon\u00adta\u00adriat de&nbsp;la<br>\ncoop\u00e9ration.<\/span><\/font><\/font><\/p>\n<p style=\"margin-right: 0.98cm; text-indent: 1.51cm; margin-bottom: 0cm;\" align=\"justify\">\n<font face=\"Garamond, serif\"><font size=\"4\"><span lang=\"fr-FR\">Pour ces<br>\ndeux cas de ser\u00advice civil, les objec\u00adteurs sont ensuite exempt\u00e9s<br>\nde tout rap\u00adpel en temps de&nbsp;paix.<\/span><\/font><\/font><\/p>\n<p style=\"margin-right: 0.98cm; text-indent: 1.51cm; margin-bottom: 0cm;\" align=\"justify\" lang=\"fr-FR\">\n<font face=\"Garamond, serif\"><font size=\"4\">Ces nou\u00advelles dispositions<br>\nl\u00e9gales peuvent \u00eatre consi\u00add\u00e9\u00adr\u00e9es comme&nbsp;une<br>\nvic\u00adtoire des forces paci\u00adfistes en Bel\u00adgique. Mais il est \u00e9vident<br>\naus\u00adsi que l\u2019obtention du sta\u00adtut cor\u00adres\u00adpond \u00e0 une n\u00e9cessit\u00e9<br>\nde l\u2019Etat pour r\u00e9or\u00adga\u00adni\u00adser son poten\u00adtiel militaire.<\/font><\/font><\/p>\n<p style=\"margin-right: 0.98cm; text-indent: 1.51cm; margin-bottom: 0cm;\" align=\"justify\" lang=\"fr-FR\">\n<font face=\"Garamond, serif\"><font size=\"4\">L\u2019existence d\u2019une&nbsp;arm\u00e9e<br>\nde m\u00e9tier effi\u00adcace est un des buts plus ou moins avou\u00e9s<br>\nde l\u2019\u00e9tat-major mili\u00adtaire&nbsp;belge.<\/font><\/font><\/p>\n<p style=\"margin-right: 0.98cm; text-indent: 1.51cm; margin-bottom: 0cm;\" align=\"justify\">\n<font face=\"Garamond, serif\"><font size=\"4\"><span lang=\"fr-FR\">Ain\u00adsi,<br>\n\u00e9tran\u00adge\u00adment, le sta\u00adtut des objec\u00adteurs de conscience sert&nbsp;les<br>\nint\u00e9\u00adr\u00eats imm\u00e9\u00addiats de la bureau\u00adcra\u00adtie dirigeante&nbsp;:<br>\n\u00e9li\u00admi\u00adner les g\u00eaneurs, les po\u00e8tes, les<br>\ncontes\u00adta\u00adtaires du manie\u00adment des armes tout en gar\u00addant un contr\u00f4le<br>\n\u00e9troit sur leurs acti\u00advi\u00adt\u00e9s par l\u2019instauration du<br>\nser\u00advice&nbsp;civil.<\/span><\/font><\/font><\/p>\n<p style=\"margin-right: 0.98cm; text-indent: 1.51cm; margin-bottom: 0cm;\" align=\"justify\">\n<font face=\"Garamond, serif\"><font size=\"4\"><span lang=\"fr-FR\">Pour\u00adtant,<br>\nces pro\u00adjets de r\u00e9formes mili\u00adtaires sont entrav\u00e9s<br>\nactuel\u00adle\u00adment par les exi\u00adgences nou\u00advelles de l\u2019Otan&nbsp;: ren\u00adfor\u00adcer&nbsp;la<br>\npr\u00e9\u00adsence mili\u00adtaire occi\u00adden\u00adtale en Alle\u00admagne, suite au d\u00e9part<br>\nde nom\u00adbreux d\u00e9ta\u00adche\u00adments US pour le Vietnam.<\/span><\/font><\/font><\/p>\n<p style=\"margin-right: 0.98cm; text-indent: 1.51cm; margin-bottom: 0cm;\" align=\"justify\">\n<font face=\"Garamond, serif\"><font size=\"4\"><b><span lang=\"fr-FR\"><strong><em>Anti\u00admi\u00adli\u00adta\u00adrisme<br>\net pers\u00adpec\u00adtive r\u00e9volutionnaire<\/em><\/strong><\/span><\/b><\/font><\/font><\/p>\n<p style=\"margin-right: 0.98cm; text-indent: 1.51cm; margin-bottom: 0cm;\" align=\"justify\" lang=\"fr-FR\">\n<font face=\"Garamond, serif\"><font size=\"4\">Accep\u00adter le service<br>\nmili\u00adtaire en Bel\u00adgique, c\u2019est donc consciem\u00adment faire le jeu&nbsp;de<br>\nl\u2019imp\u00e9rialisme am\u00e9\u00adri\u00adcain au Viet\u00adnam et permettre,<br>\nmal\u00adgr\u00e9 les pseu\u00addo-noyau\u00adtages, les sabo\u00adtages hypoth\u00e9tiques<br>\naccom\u00adplis par des mili\u00adtants r\u00e9vo\u00adlu\u00adtion\u00adnaires non rep\u00e9r\u00e9s<br>\npar la BSR le ren\u00adfor\u00adce\u00adment du poten\u00adtiel mili\u00adtaire occi\u00adden\u00adtal&nbsp;en<br>\nAlle\u00admagne de l\u2019Ouest, favo\u00adri\u00adsant ain\u00adsi l\u2019escalade de l\u2019agression<br>\nimp\u00e9\u00adria\u00adliste au Vietnam.<\/font><\/font><\/p>\n<p style=\"margin-right: 0.98cm; text-indent: 1.51cm; margin-bottom: 0cm;\" align=\"justify\">\n<font face=\"Garamond, serif\"><font size=\"4\"><span lang=\"fr-FR\">D\u00e8s<br>\nlors, il est \u00e9vident que le refus du ser\u00advice militaire<br>\ns\u2019inscrit r\u00e9el\u00adle\u00adment dans une pers\u00adpec\u00adtive r\u00e9volutionnaire&nbsp;:<br>\nla non-col\u00adla\u00adbo\u00adra\u00adtion au mili\u00adta\u00adrisme per\u00admet\u00adtant de mener une&nbsp;lutte<br>\nbeau\u00adcoup plus effi\u00adciente contre les struc\u00adtures r\u00e9pres\u00adsives&nbsp;de<br>\nla soci\u00e9\u00adt\u00e9 bour\u00adgeoise. Cepen\u00addant, la l\u00e9galisation<br>\ndu sta\u00adtut des objec\u00adteurs de conscience, bien qu\u2019\u00e9tant un<br>\npro\u00adgr\u00e8s ind\u00e9\u00adniable pour l\u2019action des objecteurs,<br>\nper\u00admet au l\u00e9gis\u00adla\u00adteur de r\u00e9gle\u00admen\u00adter les rai\u00adsons&nbsp;de<br>\nconscience, et par-l\u00e0 l\u2019Etat empi\u00e8te une nouvelle<br>\nfois sur un droit fon\u00adda\u00admen\u00adtal de l\u2019homme&nbsp;: sa liber\u00adt\u00e9&nbsp;de<br>\nconscience et de raison.<\/span><\/font><\/font><\/p>\n<p style=\"margin-right: 0.98cm; text-indent: 1.51cm; margin-bottom: 0cm;\" align=\"justify\">\n<font face=\"Garamond, serif\"><font size=\"4\"><span lang=\"fr-FR\"><b><strong><em>Ser\u00advice<br>\ncivil&nbsp;:<\/em><\/strong><\/b> <b>r\u00e9cu\u00adp\u00e9\u00adra\u00adtion des OC<\/b> <b>en faveur de<br>\nl\u2019\u00c9tat<\/b><\/span><\/font><\/font><\/p>\n<p style=\"margin-right: 0.98cm; text-indent: 1.51cm; margin-bottom: 0cm;\" align=\"justify\">\n<font face=\"Garamond, serif\"><font size=\"4\"><span lang=\"fr-FR\">Pour les<br>\nmili\u00adtants anar\u00adchistes, le sta\u00adtut actuel des objec\u00adteurs pr\u00e9conisant<br>\nle ser\u00advice civil reste donc enti\u00e8\u00adre\u00adment \u00e9quivoque.<br>\nNotre objec\u00adtif essen\u00adtiel res\u00adte\u00adra tou\u00adjours la dis\u00adpa\u00adri\u00adtion compl\u00e8te<br>\ndu mili\u00adta\u00adrisme, sou\u00adtien de tout Etat et de tout capitalisme<br>\nengen\u00addrant n\u00e9ces\u00adsai\u00adre\u00adment le tota\u00adli\u00adta\u00adrisme (USA,&nbsp;URSS,<br>\nEspagne, Por\u00adtu\u00adgal, Gr\u00e8ce, Cuba, etc.). D\u00e8s lors,&nbsp;il<br>\ndevient d\u00e9li\u00adcat de col\u00adla\u00adbo\u00adrer, comme le demande le sta\u00adtut,&nbsp;\u00e0<br>\ndes orga\u00adnismes socio-\u00e9du\u00adca\u00adtifs int\u00e9\u00adgr\u00e9s&nbsp;\u00e0<br>\nla poli\u00adtique cultu\u00adrelle de l\u2019Etat bour\u00adgeois, orga\u00adnismes qui&nbsp;ne<br>\ncontestent nul\u00adle\u00adment, de par leur carac\u00adt\u00e8re officiel,<br>\nl\u2019existence du mili\u00adta\u00adrisme et de la poli\u00adtique r\u00e9actionnaire<br>\nde l\u2019Etat en mati\u00e8re de culture&nbsp;: censure.<\/span><\/font><\/font><\/p>\n<p style=\"margin-right: 0.98cm; text-indent: 1.51cm; margin-bottom: 0cm;\" align=\"justify\" lang=\"fr-FR\">\n<font face=\"Garamond, serif\"><font size=\"4\">De plus, le cha\u00adpeau\u00adtage&nbsp;du<br>\nminis\u00adt\u00e8re de l\u2019Int\u00e9rieur indique clai\u00adre\u00adment&nbsp;les<br>\nlimites dans les\u00adquelles s\u2019inscrit le ser\u00advice civil&nbsp;: une&nbsp;sage<br>\ncol\u00adla\u00adbo\u00adra\u00adtion \u00e0 la poli\u00adtique d\u2019Etat, une mise&nbsp;\u00e0<br>\ndis\u00adpo\u00adni\u00adbi\u00adli\u00adt\u00e9 qua\u00adsi per\u00adma\u00adnente de notre jeu\u00adnesse en faveur<br>\nd\u2019un minis\u00adt\u00e8re ayant la res\u00adpon\u00adsa\u00adbi\u00adli\u00adt\u00e9 de la police<br>\net de la gen\u00addar\u00adme\u00adrie pour le main\u00adtien de l\u2019ordre bourgeois.<\/font><\/font><\/p>\n<p style=\"margin-right: 0.98cm; text-indent: 1.51cm; margin-bottom: 0cm;\" align=\"justify\" lang=\"fr-FR\">\n<font face=\"Garamond, serif\"><font size=\"4\">L\u2019instauration du service<br>\ncivil per\u00admet \u00e0 l\u2019Etat mili\u00adta\u00adriste de conti\u00adnuer&nbsp;\u00e0<br>\nl\u2019aise sa poli\u00adtique d\u2019armement, les paci\u00adfistes ayant obtenu<br>\nsatis\u00adfac\u00adtion, ils pour\u00adront s\u2019occuper de l\u2019organisation d\u2019un<br>\nser\u00advice civil, dans le cadre de la conscrip\u00adtion g\u00e9n\u00e9ralis\u00e9e,<br>\n\u00e0 condi\u00adtion de ne plus mettre celle-ci en ques\u00adtion puisque le<br>\nser\u00advice civil pour exis\u00adter doit b\u00e9n\u00e9\u00adfi\u00adcier \u00e9galement<br>\nde cette mobi\u00adli\u00adsa\u00adtion de la jeu\u00adnesse. Ain\u00adsi, le ser\u00advice&nbsp;civil,<br>\nins\u00adtru\u00adment de paix, devient un paravent \u00e0 la conscription<br>\nmilitaire.<\/font><\/font><\/p>\n<p style=\"margin-right: 0.98cm; text-indent: 1.51cm; margin-bottom: 0cm;\" align=\"justify\">\n<font face=\"Garamond, serif\"><font size=\"4\"><b><span lang=\"fr-FR\"><strong><em>L\u2019objecteur<br>\nde conscience anarchiste<\/em><\/strong><\/span><\/b><\/font><\/font><\/p>\n<p style=\"margin-right: 0.98cm; text-indent: 1.51cm; margin-bottom: 0cm;\" align=\"justify\">\n<font face=\"Garamond, serif\"><font size=\"4\"><span lang=\"fr-FR\">Pou\u00advons-nous<br>\nadmettre, en tant qu\u2019objecteurs anar\u00adchistes, refu\u00adsant&nbsp;le<br>\nmili\u00adta\u00adrisme de l\u2019Etat, d\u2019\u00eatre obli\u00adg\u00e9s de ser\u00advir&nbsp;les<br>\nint\u00e9\u00adr\u00eats de ce m\u00eame Etat, m\u00eame sous l\u2019\u00e9gide<br>\nd\u2019un autre minis\u00adt\u00e8re que celui de la D\u00e9fense<br>\nnationale&nbsp;?<\/span><\/font><\/font><\/p>\n<p style=\"margin-right: 0.98cm; text-indent: 1.51cm; margin-bottom: 0cm;\" align=\"justify\" lang=\"fr-FR\">\n<font face=\"Garamond, serif\"><font size=\"4\">Cette posi\u00adtion d\u00e9fendue<br>\npar cer\u00adtains paci\u00adfistes, nous para\u00eet incom\u00adpa\u00adtible avec l\u2019id\u00e9al<br>\nliber\u00adtaire qui est le&nbsp;n\u00f4tre.<\/font><\/font><\/p>\n<p style=\"margin-right: 0.98cm; text-indent: 1.51cm; margin-bottom: 0cm;\" align=\"justify\" lang=\"fr-FR\">\n<font face=\"Garamond, serif\"><font size=\"4\">Le socia\u00adlisme libertaire<br>\npr\u00e9\u00adco\u00adnise la dis\u00adpa\u00adri\u00adtion de l\u2019Etat comme pr\u00e9alable<br>\nindis\u00adpen\u00adsable \u00e0 l\u2019instauration d\u2019une libert\u00e9<br>\neffec\u00adtive pour tous, bas\u00e9e sur la responsabilit\u00e9<br>\nmutuelle engen\u00addrant la d\u00e9mo\u00adcra\u00adtie directe, le f\u00e9d\u00e9ralisme<br>\net l\u2019autogestion \u00e9co\u00adno\u00admique sans aucun interm\u00e9diaire<br>\nbureaucratique.<\/font><\/font><\/p>\n<p style=\"margin-right: 0.98cm; text-indent: 1.51cm; margin-bottom: 0cm;\" align=\"justify\">\n<font face=\"Garamond, serif\"><font size=\"4\"><span lang=\"fr-FR\">Le<br>\ncol\u00adla\u00adbo\u00adra\u00adtion\u00adnisme avec l\u2019Etat, par l\u2019interm\u00e9diaire du<br>\nser\u00advice civil, ne peut ren\u00adfor\u00adcer que l\u2019emprise \u00e9ta\u00adtique&nbsp;sur<br>\nl\u2019action des objec\u00adteurs, sur\u00adtout que le carac\u00adt\u00e8re r\u00e9pressif<br>\ndu ser\u00advice civil s\u2019est r\u00e9v\u00e9\u00adl\u00e9 net\u00adte\u00adment depuis<br>\nque cer\u00adtains objec\u00adteurs ont d\u00e9li\u00adb\u00e9\u00adr\u00e9\u00adment sabot\u00e9<br>\nleur par\u00adti\u00adci\u00adpa\u00adtion obli\u00adga\u00adtoire \u00e0 cer\u00adtains orga\u00adnismes culturels<br>\nbour\u00adgeois o\u00f9 ils \u00e9taient affect\u00e9s.<\/span><\/font><\/font><\/p>\n<p style=\"margin-right: 0.98cm; text-indent: 1.51cm; margin-bottom: 0cm;\" align=\"justify\">\n<font face=\"Garamond, serif\"><font size=\"4\"><span lang=\"fr-FR\">Pour\u00adquoi<br>\naus\u00adsi par\u00adler de \u00ab&nbsp;ser\u00advice&nbsp;\u00bb alors que l\u2019obligation est<br>\nmani\u00adfeste, alors que, pour nous, ser\u00advir signi\u00adfie avant&nbsp;tout<br>\nspon\u00adta\u00adn\u00e9i\u00adt\u00e9, d\u00e9s\u00adin\u00adt\u00e9\u00adres\u00adse\u00adment, libert\u00e9<br>\nd\u2019action et de pens\u00e9e.<\/span><\/font><\/font><\/p>\n<p style=\"margin-right: 0.98cm; text-indent: 1.51cm; margin-bottom: 0cm;\" align=\"justify\" lang=\"fr-FR\">\n<font face=\"Garamond, serif\"><font size=\"4\">Le ser\u00advice civil actuel est<br>\ntout le contraire. Il impose \u00e0 l\u2019objecteur de conscience,<br>\npen\u00addant deux ans, l\u2019\u00e9loignement de ses v\u00e9ritables<br>\nacti\u00advi\u00adt\u00e9s au seul pro\u00adfit de la poli\u00adtique d\u2019Etat. Il emp\u00eache<br>\ntoute v\u00e9ri\u00adtable cr\u00e9a\u00adtion de la part de l\u2019objecteur en<br>\nser\u00advice civil puisqu\u2019il doit accep\u00adter les affec\u00adta\u00adtions propos\u00e9es<br>\npar le minist\u00e8re.<\/font><\/font><\/p>\n<p style=\"margin-right: 0.98cm; text-indent: 1.51cm; margin-bottom: 0cm;\" align=\"justify\" lang=\"fr-FR\">\n<font face=\"Garamond, serif\"><font size=\"4\">Notre oppo\u00adsi\u00adtion au service<br>\ncivil est donc com\u00adpl\u00e8te. La lutte anti\u00admi\u00adli\u00adta\u00adriste ne peut&nbsp;se<br>\nfour\u00advoyer sur un tel ter\u00adrain. Il faut refu\u00adser l\u2019intervention de<br>\nl\u2019Etat dans l\u2019occupation nor\u00admale de notre&nbsp;vie.<\/font><\/font><\/p>\n<p style=\"margin-right: 0.98cm; text-indent: 1.51cm; margin-bottom: 0cm;\" align=\"justify\" lang=\"fr-FR\">\n<font face=\"Garamond, serif\"><font size=\"4\">Il est impos\u00adsible de croire<br>\nque l\u2019Etat pr\u00e9\u00adpa\u00adre\u00adrait la paix par le ser\u00advice civil, alors<br>\nque par sa poli\u00adtique d\u2019armement aus\u00adsi bien que par son sou\u00adtien&nbsp;au<br>\nsys\u00adt\u00e8me capi\u00adta\u00adliste, il contri\u00adbue \u00e0 main\u00adte\u00adnir&nbsp;la<br>\nsitua\u00adtion actuelle&nbsp;: l\u2019injustice sociale, l\u2019exploitation<br>\n\u00e9co\u00adno\u00admique des tra\u00advailleurs, l\u2019illusion de la d\u00e9mocratie<br>\npar la foire parlementaire.<\/font><\/font><\/p>\n<p style=\"margin-right: 0.98cm; text-indent: 1.51cm; margin-bottom: 0cm;\" align=\"justify\" lang=\"fr-FR\">\n<font face=\"Garamond, serif\"><font size=\"4\">Mais alors, que reste-t-il<br>\n\u00e0 l\u2019objecteur anarchiste&nbsp;?<\/font><\/font><\/p>\n<p style=\"margin-right: 0.98cm; text-indent: 1.51cm; margin-bottom: 0cm;\" align=\"justify\">\n<font face=\"Garamond, serif\"><font size=\"4\"><span lang=\"fr-FR\">Le refus<br>\ndes com\u00adpro\u00admis\u00adsions m\u00e8ne n\u00e9ces\u00adsai\u00adre\u00adment au radicalisme.<br>\nLa r\u00e9sis\u00adtance aux struc\u00adtures r\u00e9pres\u00adsives mises en&nbsp;place<br>\npar la bour\u00adgeoi\u00adsie, le cler\u00adg\u00e9 et l\u2019arm\u00e9e pour<br>\nenca\u00addrer la jeu\u00adnesse (ser\u00advice mili\u00adtaire\u200a\u2014\u200aser\u00advice civil) est<br>\nn\u00e9ces\u00adsaire pour mener une v\u00e9ri\u00adtable&nbsp;lutte<br>\nr\u00e9vo\u00adlu\u00adtion\u00adnaire. Bien que nous pen\u00adsions que la transformation<br>\nradi\u00adcale de notre soci\u00e9\u00adt\u00e9 ne puisse se faire que par&nbsp;un<br>\nmou\u00adve\u00adment r\u00e9vo\u00adlu\u00adtion\u00adnaire du pro\u00adl\u00e9\u00adta\u00adriat contre le<br>\nsys\u00adt\u00e8me r\u00e9pres\u00adsif exis\u00adtant&nbsp;: capi\u00adta\u00adlisme, Etat,&nbsp;arm\u00e9e,<br>\n\u00c9glise, ensei\u00adgne\u00adment, par\u00adtis, syn\u00addi\u00adcats, les objecteurs<br>\nanar\u00adchistes peuvent jouer un r\u00f4le d\u2019appoint, de catalyseur<br>\naus\u00adsi, dans la r\u00e9sis\u00adtance \u00e0 l\u2019exploitation<br>\ncapi\u00adta\u00adliste. Bien s\u00fbr, une telle oppo\u00adsi\u00adtion au r\u00e9gime<br>\nsigni\u00adfie\u00adra l\u2019emprisonnement. Mais pour ceux qui refu\u00adse\u00adraient cette<br>\nultime cons\u00e9\u00adquence, le ser\u00advice civil pour\u00adrait n\u00e9anmoins<br>\ns\u2019av\u00e9rer effi\u00adcace, \u00e0 condi\u00adtion de d\u00e9non\u00adcer&nbsp;d\u00e8s<br>\nle d\u00e9part le carac\u00adt\u00e8re de ser\u00advice obli\u00adga\u00adtoire, donc<br>\nn\u00e9ga\u00adteur de liber\u00adt\u00e9, et de fixer les limites de<br>\npar\u00adti\u00adci\u00adpa\u00adtion au ser\u00advice civil&nbsp;: refus effec\u00adtif de col\u00adla\u00adbo\u00adrer&nbsp;aux<br>\norga\u00adnismes cultu\u00adrels offi\u00adciels pour ne tra\u00advailler uni\u00adque\u00adment que&nbsp;pour<br>\ndes mou\u00adve\u00adments pri\u00adv\u00e9s, auto\u00adnomes, ne b\u00e9n\u00e9ficiant<br>\nd\u2019aucune aide \u00e9ta\u00adtique, ou la volon\u00adt\u00e9 de r\u00e9aliser<br>\nun tra\u00advail social dans un milieu ouvert&nbsp;: quar\u00adtier popu\u00adlaire, usines,<br>\netc.<\/span><\/font><\/font><\/p>\n<p style=\"margin-right: 0.98cm; text-indent: 1.51cm; margin-bottom: 0cm;\" align=\"justify\" lang=\"fr-FR\">\n<font face=\"Garamond, serif\"><font size=\"4\"><b>Fran\u00ad\u00e7ois<br>\nDestryker<\/b><\/font><\/font><\/p>\n","protected":false},"excerpt":{"rendered":"<p>&nbsp; Le nou\u00adveau sta\u00adtut Le sta\u00adtut des objec\u00adteurs de conscience est r\u00e9gl\u00e9 par&nbsp;la loi du 3 juin 1964, amen\u00add\u00e9e par la loi du 22 jan\u00advier&nbsp;1969 (\u00ab&nbsp;Moni\u00adteur belge&nbsp;\u00bb du 1<sup>er<\/sup> f\u00e9vrier 1969). Il pr\u00e9\u00advoit deux cat\u00e9\u00adgo\u00adries d\u2019objecteurs&nbsp;: \u200a\u2014\u200ad\u2019une part, l\u2019objecteur par\u00adtiel, effec\u00adtuant un ser\u00advice mili\u00adtaire non&nbsp;arm\u00e9 d\u2019une p\u00e9riode \u00e9gale \u00e0 celle du mili\u00adcien.&nbsp;Il peut effec\u00adtuer&nbsp;des&nbsp;[\u2026]<\/p>\n","protected":false},"author":1,"featured_media":0,"comment_status":"closed","ping_status":"closed","sticky":false,"template":"","format":"standard","meta":{"wp_typography_post_enhancements_disabled":false,"footnotes":""},"categories":[164],"tags":[],"ppma_author":[540],"class_list":["post-1466","post","type-post","status-publish","format-standard","hentry","category-anarchisme-et-non-violence-na20-21-janvier-avril-1970"],"authors":[{"term_id":540,"user_id":1,"is_guest":0,"slug":"admin_3gikpwyf","display_name":"Vincent Dubuc","avatar_url":"https:\/\/secure.gravatar.com\/avatar\/d015720652c25fd2ced191ade86430094e1f288a17483713e3b34d26dea52507?s=96&d=mm&r=g","author_category":"","user_url":"https:\/\/la-presse-anarchiste.net","last_name":"Dubuc","first_name":"Vincent","job_title":"","description":""}],"_links":{"self":[{"href":"https:\/\/la-presse-anarchiste.net\/index.php\/wp-json\/wp\/v2\/posts\/1466","targetHints":{"allow":["GET"]}}],"collection":[{"href":"https:\/\/la-presse-anarchiste.net\/index.php\/wp-json\/wp\/v2\/posts"}],"about":[{"href":"https:\/\/la-presse-anarchiste.net\/index.php\/wp-json\/wp\/v2\/types\/post"}],"author":[{"embeddable":true,"href":"https:\/\/la-presse-anarchiste.net\/index.php\/wp-json\/wp\/v2\/users\/1"}],"replies":[{"embeddable":true,"href":"https:\/\/la-presse-anarchiste.net\/index.php\/wp-json\/wp\/v2\/comments?post=1466"}],"version-history":[{"count":0,"href":"https:\/\/la-presse-anarchiste.net\/index.php\/wp-json\/wp\/v2\/posts\/1466\/revisions"}],"wp:attachment":[{"href":"https:\/\/la-presse-anarchiste.net\/index.php\/wp-json\/wp\/v2\/media?parent=1466"}],"wp:term":[{"taxonomy":"category","embeddable":true,"href":"https:\/\/la-presse-anarchiste.net\/index.php\/wp-json\/wp\/v2\/categories?post=1466"},{"taxonomy":"post_tag","embeddable":true,"href":"https:\/\/la-presse-anarchiste.net\/index.php\/wp-json\/wp\/v2\/tags?post=1466"},{"taxonomy":"author","embeddable":true,"href":"https:\/\/la-presse-anarchiste.net\/index.php\/wp-json\/wp\/v2\/ppma_author?post=1466"}],"curies":[{"name":"wp","href":"https:\/\/api.w.org\/{rel}","templated":true}]}}