{"id":1468,"date":"2008-05-24T20:46:19","date_gmt":"2008-05-24T20:46:19","guid":{"rendered":"https:\/\/la-presse-anarchiste.net\/index.php\/2008\/05\/24\/des-anarchistes-catholiques-aux-etats-unis\/"},"modified":"2008-05-24T20:46:19","modified_gmt":"2008-05-24T20:46:19","slug":"des-anarchistes-catholiques-aux-etats-unis","status":"publish","type":"post","link":"https:\/\/la-presse-anarchiste.net\/index.php\/2008\/05\/24\/des-anarchistes-catholiques-aux-etats-unis\/","title":{"rendered":"Des anarchistes catholiques aux \u00c9tats-Unis"},"content":{"rendered":"<div class=\"pdfprnt-buttons pdfprnt-buttons-post pdfprnt-top-right\"><a href=\"https:\/\/la-presse-anarchiste.net\/index.php\/wp-json\/wp\/v2\/posts\/1468?print=pdf\" class=\"pdfprnt-button pdfprnt-button-pdf\" target=\"_blank\"><img decoding=\"async\" src=\"https:\/\/la-presse-anarchiste.net\/wp-content\/plugins\/pdf-print\/images\/pdf.png\" alt=\"image_pdf\" title=\"Afficher le PDF\"><\/a><a href=\"https:\/\/la-presse-anarchiste.net\/index.php\/wp-json\/wp\/v2\/posts\/1468?print=print\" class=\"pdfprnt-button pdfprnt-button-print\" target=\"_blank\"><img decoding=\"async\" src=\"https:\/\/la-presse-anarchiste.net\/wp-content\/plugins\/pdf-print\/images\/print.png\" alt=\"image_print\" title=\"Contenu imprim\u00e9\"><\/a><\/div><p style=\"margin-right: 0.98cm; text-indent: 1.51cm; margin-bottom: 0cm;\" align=\"justify\" lang=\"fr-FR\">\n<font face=\"Garamond, serif\"><font size=\"4\"><i>Le but g\u00e9n\u00e9ral<br>\ndu \u00ab&nbsp;Mou\u00adve\u00adment du tra\u00advailleur catho\u00adlique&nbsp;\u00bb est de r\u00e9aliser<br>\ndans l\u2019individu et dans la soci\u00e9\u00adt\u00e9 l\u2019enseignement<br>\ndu Christ. En pre\u00admier lieu, il faut pro\u00adc\u00e9\u00adder&nbsp;\u00e0<br>\nl\u2019analyse de la soci\u00e9\u00adt\u00e9 o\u00f9 nous vivons et&nbsp;voir<br>\nsi, oui ou non, nous avons \u00e9ta\u00adbli un ordre cor\u00adres\u00adpon\u00addant&nbsp;aux<br>\nexi\u00adgences de cha\u00adri\u00adt\u00e9 et de jus\u00adtice de J\u00e9sus. Or,&nbsp;cette<br>\nsoci\u00e9\u00adt\u00e9, capi\u00adta\u00adliste et bour\u00adgeoise, n\u2019est ni juste&nbsp;ni<br>\ncha\u00adri\u00adtable. En&nbsp;effet&nbsp;:<\/i><\/font><\/font><\/p>\n<p style=\"margin-right: 0.98cm; text-indent: 1.51cm; margin-bottom: 0cm;\" align=\"justify\">\n<font face=\"Garamond, serif\"><font size=\"4\"><i><span lang=\"fr-FR\">L\u2019\u00c9CONOMIE<br>\nest diri\u00adg\u00e9e par la  pro\u00adfit, et la pro\u00adduc\u00adtion cr\u00e9e&nbsp;les<br>\nbesoins. Un ordre meilleur pour\u00advoi\u00adrait aux besoins de tous, et&nbsp;seuls<br>\nles besoins r\u00e9els d\u00e9ter\u00admi\u00adne\u00adraient la production.<br>\nAujourd\u2019hui, une classe non pro\u00adduc\u00adtive vit du tra\u00advail d\u2019une<br>\nautre, et le tra\u00advailleur perd le pro\u00adfit de son labeur.<\/span><\/i><\/font><\/font><\/p>\n<p style=\"margin-right: 0.98cm; text-indent: 1.51cm; margin-bottom: 0cm;\" align=\"justify\" lang=\"fr-FR\">\n<font face=\"Garamond, serif\"><font size=\"4\"><i>HUMAINEMENT la soci\u00e9t\u00e9<br>\ncapi\u00adta\u00adliste refuse de prendre l\u2019homme en consid\u00e9ration<br>\nautre\u00adment que comme fac\u00adteur \u00e9co\u00adno\u00admique. Il est l\u2019instrument<br>\ndu pro\u00adfit, d\u2019o\u00f9 l\u2019esclavage de son tra\u00advail. Dans&nbsp;une<br>\nsoci\u00e9\u00adt\u00e9 meilleure, il fau\u00addra trou\u00adver un tra\u00advail&nbsp;en<br>\naccord avec les valeurs humaines.<\/i><\/font><\/font><\/p>\n<p style=\"margin-right: 0.98cm; text-indent: 1.51cm; margin-bottom: 0cm;\" align=\"justify\">\n<font face=\"Garamond, serif\"><font size=\"4\"><span lang=\"fr-FR\"><i>MORALEMENT,<br>\nnotre soci\u00e9\u00adt\u00e9 est condam\u00adnable, car elle cr\u00e9e&nbsp;un<br>\nconflit de classes inso\u00adluble&nbsp;; l\u2019employeur cherche <\/i>a <i>obte\u00adnir<br>\nun tra\u00advail aus\u00adsi bon mar\u00adch\u00e9 que pos\u00adsible alors que l\u2019ouvrier<br>\nveut le vendre aus\u00adsi cher que pos\u00adsible. Ce conflit ne dispara\u00eetra<br>\nqu\u2019avec la fin du sala\u00adriat. Pour r\u00e9a\u00adli\u00adser cette soci\u00e9t\u00e9<br>\nmeilleure, le mou\u00adve\u00adment du \u00ab&nbsp;Catho\u00adlic Wor\u00adker&nbsp;\u00bb recommande&nbsp;:<\/i><\/span><\/font><\/font><\/p>\n<p style=\"margin-right: 0.98cm; text-indent: 1.51cm; margin-bottom: 0cm;\" align=\"justify\">\u200a\u2014\u200a<font face=\"Garamond, serif\"><font size=\"4\"><span lang=\"fr-FR\"><i>Un<br>\nrefus total de l\u2019ordre social actuel et une r\u00e9vo\u00adlu\u00adtion&nbsp;non<br>\nvio\u00adlente pour \u00e9ta\u00adblir un ordre en accord avec les valeurs<br>\nchr\u00e9\u00adtiennes. Cela ne peut \u00eatre acquis que par l\u2019action<br>\ndirecte, car les moyens poli\u00adtiques ont fait faillite. \u00ab&nbsp;Nous<br>\nrecom\u00adman\u00addons une prise de res\u00adpon\u00adsa\u00adbi\u00adli\u00adt\u00e9 per\u00adson\u00adnelle&nbsp;par<br>\nlaquelle nous nous char\u00adgeons nous-m\u00eames de trans\u00adfor\u00admer&nbsp;nos<br>\ncondi\u00adtions de vie dans la mesure o\u00f9 nous sommes capables de&nbsp;le<br>\nfaire.&nbsp;\u00bb En ouvrant leurs \u00ab&nbsp;mai\u00adsons hospitali\u00e8res&nbsp;\u00bb,<br>\nles \u00ab&nbsp;CW&nbsp;\u00bb prennent soin de ceux qui sont dans le besoin au<br>\nlieu de les pla\u00adcer dans des ins\u00adti\u00adtu\u00adtions d\u2019Etat&nbsp;; non pour rem\u00e9dier<br>\naux fai\u00adblesses du sys\u00adt\u00e8me, mais parce que la responsabilit\u00e9<br>\ndoit tou\u00adjours \u00eatre par\u00adta\u00adg\u00e9e et que l\u2019appel \u00e0<br>\nl\u2019aide venant d\u2019un fr\u00e8re humain trans\u00adcende&nbsp;toute<br>\nconsi\u00add\u00e9\u00adra\u00adtion \u00e9conomique.<\/i><\/span><\/font><\/font><\/p>\n<p style=\"margin-right: 0.98cm; text-indent: 1.51cm; margin-bottom: 0cm;\" align=\"justify\">\u200a\u2014\u200a<font face=\"Garamond, serif\"><font size=\"4\"><span lang=\"fr-FR\"><i>Le<br>\nrefus du sys\u00adt\u00e8me capi\u00adta\u00adliste en favo\u00adri\u00adsant une \u00e9conomie<br>\ndis\u00adtri\u00adbu\u00adtive o\u00f9 les uns tra\u00advaillent aux champs parce qu\u2019ils<br>\nen ont la voca\u00adtion et les autres dans la cit\u00e9. Ain\u00adsi, on&nbsp;peut<br>\nse pas\u00adser de l\u2019Etat gr\u00e2ce \u00e0 une \u00e9conomie<br>\nd\u00e9cen\u00adtra\u00adli\u00ads\u00e9e de carac\u00adt\u00e8re f\u00e9d\u00e9raliste,<br>\ntelle qu\u2019on la trou\u00advait durant cer\u00adtaines p\u00e9riodes pr\u00e9c\u00e9dant<br>\nl\u2019\u00e9tablissement des&nbsp;Etats.<\/i><\/span><\/font><\/font><\/p>\n<p style=\"margin-right: 0.98cm; text-indent: 1.51cm; margin-bottom: 0cm;\" align=\"justify\" lang=\"fr-FR\">\u200a\u2014\u200a<font face=\"Garamond, serif\"><font size=\"4\"><i>La reprise par&nbsp;les<br>\ntra\u00advailleurs des moyens de pro\u00adduc\u00adtion et de dis\u00adtri\u00adbu\u00adtion, mais non&nbsp;la<br>\nnatio\u00adna\u00adli\u00adsa\u00adtion de ces moyens. Ceci sera l\u2019\u0153uvre de coop\u00e9ratives<br>\nd\u00e9cen\u00adtra\u00adli\u00ads\u00e9es, et r\u00e9a\u00adli\u00ads\u00e9es&nbsp;gr\u00e2ce<br>\n\u00e0 la dis\u00adpa\u00adri\u00adtion du patro\u00adnat. C\u2019est la r\u00e9vo\u00adlu\u00adtion&nbsp;par<br>\nle bas, et non par le haut comme dans les r\u00e9volutions<br>\npoli\u00adtiques. La pro\u00adpri\u00e9\u00adt\u00e9 devien\u00addra propri\u00e9t\u00e9<br>\nde tous et un pas sera fait vers le com\u00admu\u00adnisme en accord avec&nbsp;les<br>\nle\u00e7ons du Christ&nbsp;: d\u00e9ta\u00adche\u00adment des biens mat\u00e9riels,<br>\ndonc pro\u00adpri\u00e9\u00adt\u00e9 en commun.<\/i><\/font><\/font><\/p>\n<p style=\"margin-right: 0.98cm; text-indent: 1.51cm; margin-bottom: 0cm;\" align=\"justify\">\u200a\u2014\u200a<font face=\"Garamond, serif\"><font size=\"4\"><span lang=\"fr-FR\"><i>La<br>\nfra\u00adter\u00adni\u00adt\u00e9 et l\u2019\u00e9galit\u00e9 de tous les hommes<br>\nentre eux, qui ont le m\u00eame p\u00e8re, Dieu. Le racisme est&nbsp;un<br>\nblas\u00adph\u00e8me dans toutes ses formes, car Dieu a&nbsp;cr\u00e9\u00e9<br>\nl\u2019homme \u00e0 son image et il offre la r\u00e9demp\u00adtion&nbsp;\u00e0<br>\ntous. L\u2019homme vient \u00e0 Dieu libre\u00adment, ou bien il n\u2019y&nbsp;vient<br>\npas, ce n\u2019est l\u2019affaire de per\u00adsonne ni d\u2019aucune ins\u00adti\u00adtu\u00adtion&nbsp;que<br>\nd\u2019imposer la foi \u00e0 qui que ce soit. Toute pers\u00e9cution<br>\nenvers un peuple est un p\u00e9ch\u00e9 et un crime contre la<br>\nlibert\u00e9.<\/i><\/span><\/font><\/font><\/p>\n<p style=\"margin-right: 0.98cm; text-indent: 1.51cm; margin-bottom: 0cm;\" align=\"justify\">\u200a\u2014\u200a<font face=\"Garamond, serif\"><font size=\"4\"><span lang=\"fr-FR\"><i>La<br>\nr\u00e9vo\u00adlu\u00adtion, en nous-m\u00eames aus\u00adsi bien que dans&nbsp;la<br>\nsoci\u00e9\u00adt\u00e9, mais la r\u00e9vo\u00adlu\u00adtion paci\u00adfique. Sinon, la<br>\nvio\u00adlence usant de moyens mau\u00advais, le but, atteint sera mau\u00advais,&nbsp;et<br>\nm\u00e8ne\u00adra \u00e0 une nou\u00advelle tyran\u00adnie. Le Christ a<br>\ncer\u00adtai\u00adne\u00adment ensei\u00adgn\u00e9 la non-vio\u00adlence. Aus\u00adsi, pour lutter<br>\ncontre l\u2019Etat et ses injus\u00adtices, il faut uti\u00adli\u00adser des&nbsp;armes<br>\nspi\u00adri\u00adtuelles et la non-coop\u00e9\u00adra\u00adtion. Les m\u00e9thodes<br>\nrecom\u00adman\u00add\u00e9es dans ce but sont&nbsp;:<\/i><b> <\/b><i>refus de&nbsp;payer<br>\nles imp\u00f4ts, de par\u00adti\u00adci\u00adper \u00e0 la d\u00e9fense civile, de<br>\nse pr\u00e9\u00adsen\u00adter au ser\u00advice mili\u00adtaire, les gr\u00e8ves non<br>\nvio\u00adlentes, le refus de col\u00adla\u00adbo\u00adrer avec le syst\u00e8me.<\/i><\/span><\/font><\/font><\/p>\n<p style=\"margin-right: 0.98cm; text-indent: 1.51cm; margin-bottom: 0cm;\" align=\"justify\" lang=\"fr-FR\">\n<font face=\"Garamond, serif\"><font size=\"4\"><b><\/b><\/font><\/font><\/p>\n<h2>  *  *<\/h2>\n<p><\/p>\n<p style=\"margin-right: 0.98cm; text-indent: 1.51cm; margin-bottom: 0cm;\" align=\"justify\" lang=\"fr-FR\">\n<font face=\"Garamond, serif\"><font size=\"4\"><i>Le mou\u00adve\u00adment \u00ab&nbsp;CW&nbsp;\u00bb<br>\nne veut pas \u00eatre jug\u00e9 \u00e0 ses suc\u00adc\u00e8s.&nbsp;La<br>\nfaillite semble sou\u00advent le mena\u00adcer&nbsp;; mais les valeurs demeurent, qui<br>\nr\u00e9sistent au temps et qui exigent de cha\u00adcun un effort<br>\nper\u00adson\u00adnel. Les anar\u00adchistes catho\u00adliques veulent res\u00adter fid\u00e8les<br>\n\u00e0 ces valeurs, non pour le suc\u00adc\u00e8s qu\u2019elles apportent<br>\n(bien qu\u2019ils sou\u00adhaitent les voir un jour vic\u00adto\u00adrieuses) mais&nbsp;parce<br>\nqu\u2019elles sont seules vraies.<\/i><\/font><\/font><\/p>\n<p style=\"margin-right: 0.98cm; text-indent: 1.51cm; margin-bottom: 0cm;\" align=\"justify\">\n<font face=\"Garamond, serif\"><font size=\"4\"><span lang=\"en-GB\"><i>Un<br>\njour\u00adnal men\u00adsuel, \u00ab&nbsp;The Catho\u00adlic<\/i><b> <\/b><i>Wor\u00adker&nbsp;\u00bb (36<br>\nEast First St, New-York, NY 10 003. <\/i><\/span><i><span lang=\"fr-FR\">Prix<br>\nde l\u2019abonnement pour l\u2019\u00e9tranger&nbsp;: 30 cents par an) est&nbsp;le<br>\nporte-parole du mou\u00adve\u00adment. C\u2019est Doro\u00adthy Day qui l\u2019a<\/span><\/i><span lang=\"fr-FR\"><b><br>\n<\/b><i>fon\u00add\u00e9 (avec Peter Mau\u00adrin d\u2019origine fran\u00e7aise<br>\net aujourd\u2019hui d\u00e9c\u00e9d\u00e9).<\/i><\/span><\/font><\/font><\/p>\n<p style=\"margin-right: 0.98cm; text-indent: 1.51cm; margin-bottom: 0cm;\" align=\"justify\">\n<font face=\"Garamond, serif\"><font size=\"4\"><span lang=\"fr-FR\"><i>Les<br>\nCW ont ouvert, au cours des ans<\/i><b> <\/b><i>une tren\u00adtaine&nbsp;de<br>\n\u00ab&nbsp;mai\u00adsons d\u2019accueil.&nbsp;\u00bb o\u00f9 ils h\u00e9bergent et<br>\nnour\u00adrissent un nombre incroyable de mis\u00e9\u00adreux. D\u2019autres ont<br>\nfon\u00add\u00e9 des petites com\u00admu\u00adnau\u00adt\u00e9s o\u00f9 le tra\u00advail&nbsp;de<br>\nla terre alterne avec des conf\u00e9\u00adrences, des retraites, des<br>\npri\u00e8res.<\/i><\/span><\/font><\/font><\/p>\n<p style=\"margin-right: 0.98cm; text-indent: 1.51cm; margin-bottom: 0cm;\" align=\"justify\">\n<font face=\"Garamond, serif\"><font size=\"4\"><span lang=\"fr-FR\"><i>Tous<br>\nles res\u00adpon\u00adsables ont fait de la pri\u00adson&nbsp;: pour manifestations<br>\npaci\u00adfistes, anti\u00adra\u00adcistes, contre la peine de mort, pour les droits<br>\nciviques, etc. Ammon Hen\u00adna\u00adcy, qui vient de d\u00e9c\u00e9\u00adder,&nbsp;et<br>\nqui fut pen\u00addant quelques ann\u00e9es un col\u00adla\u00adbo\u00adra\u00adteur assi\u00addu&nbsp;de<br>\nDoro\u00adthy<\/i><b> <\/b><i>Day, a consi\u00adgn\u00e9 dans un livre&nbsp;de<br>\nsou\u00adve\u00adnirs [[\u00ab&nbsp;The Book of&nbsp;Ammon&nbsp;\u00bb,<br>\nthe Catho\u00adlic Wor\u00adker, NY, plu\u00adsieurs \u00e9di\u00adtions successives.]]<br>\n<i>un grand nombre de ces \u00e9v\u00e9nements.<\/i><\/i><\/span><\/font><\/font><\/p>\n<p style=\"margin-right: 0.98cm; text-indent: 1.51cm; margin-bottom: 0cm;\" align=\"justify\" lang=\"fr-FR\">\n<font face=\"Garamond, serif\"><font size=\"4\"><i>Comme il a par\u00adcou\u00adru&nbsp;les<br>\nEtats-Unis en tous sens pour faire des conf\u00e9\u00adrences et&nbsp;des<br>\nadeptes, il a aus\u00adsi pu visi\u00adter de nom\u00adbreuses communaut\u00e9s<br>\npaci\u00adfistes am\u00e9\u00adri\u00adcaines dont on trou\u00adve\u00adra de br\u00e8ves<br>\ndes\u00adcrip\u00adtions dans le m\u00eame ouvrage&nbsp;: Dou\u00adkho\u00adbors, Mormons,<br>\nT\u00e9moins de J\u00e9ho\u00advah, Molo\u00adkans, Single Tax, Bruderhof,<br>\nHut\u00adt\u00e9\u00adrites, etc.<\/i><\/font><\/font><\/p>\n<p style=\"margin-right: 0.98cm; text-indent: 1.51cm; margin-bottom: 0cm;\" align=\"justify\" lang=\"fr-FR\">\n<font face=\"Garamond, serif\"><font size=\"4\"><i>Il est difficile<br>\nd\u2019\u00e9valuer le nombre des adh\u00e9\u00adrents au mou\u00adve\u00adment&nbsp;des<br>\nTra\u00advailleurs catho\u00adliques am\u00e9\u00adri\u00adcains&nbsp;; mais on sait qu\u2019ils<br>\nviennent de tous les milieux et de toutes les classes sociales, et<br>\nl\u2019on compte aus\u00adsi, par\u00admi eux, des pr\u00eatres et des religieuses,<br>\nqui se disent anarchistes.<\/i><\/font><\/font><\/p>\n<p style=\"margin-right: 0.98cm; text-indent: 1.51cm; margin-bottom: 0cm;\" align=\"justify\" lang=\"en-GB\">\n<font face=\"Garamond, serif\"><font size=\"4\"><b>Marie-Chr. Mikhai\u00adlov<\/b><\/font><\/font><\/p>\n","protected":false},"excerpt":{"rendered":"<p>Le but g\u00e9n\u00e9\u00adral du \u00ab&nbsp;Mou\u00adve\u00adment du tra\u00advailleur catho\u00adlique&nbsp;\u00bb est de r\u00e9a\u00adli\u00adser dans l\u2019individu et dans la soci\u00e9\u00adt\u00e9 l\u2019enseignement du Christ. En pre\u00admier lieu, il faut pro\u00adc\u00e9\u00adder&nbsp;\u00e0 l\u2019analyse de la soci\u00e9\u00adt\u00e9 o\u00f9 nous vivons et&nbsp;voir si, oui ou non, nous avons \u00e9ta\u00adbli un ordre cor\u00adres\u00adpon\u00addant&nbsp;aux exi\u00adgences de cha\u00adri\u00adt\u00e9 et de jus\u00adtice de J\u00e9sus. Or,&nbsp;cette soci\u00e9\u00adt\u00e9, capitaliste&nbsp;[\u2026]<\/p>\n","protected":false},"author":1,"featured_media":0,"comment_status":"closed","ping_status":"closed","sticky":false,"template":"","format":"standard","meta":{"wp_typography_post_enhancements_disabled":false,"footnotes":""},"categories":[164],"tags":[],"ppma_author":[540],"class_list":["post-1468","post","type-post","status-publish","format-standard","hentry","category-anarchisme-et-non-violence-na20-21-janvier-avril-1970"],"authors":[{"term_id":540,"user_id":1,"is_guest":0,"slug":"admin_3gikpwyf","display_name":"Vincent Dubuc","avatar_url":"https:\/\/secure.gravatar.com\/avatar\/d015720652c25fd2ced191ade86430094e1f288a17483713e3b34d26dea52507?s=96&d=mm&r=g","author_category":"","user_url":"https:\/\/la-presse-anarchiste.net","last_name":"Dubuc","first_name":"Vincent","job_title":"","description":""}],"_links":{"self":[{"href":"https:\/\/la-presse-anarchiste.net\/index.php\/wp-json\/wp\/v2\/posts\/1468","targetHints":{"allow":["GET"]}}],"collection":[{"href":"https:\/\/la-presse-anarchiste.net\/index.php\/wp-json\/wp\/v2\/posts"}],"about":[{"href":"https:\/\/la-presse-anarchiste.net\/index.php\/wp-json\/wp\/v2\/types\/post"}],"author":[{"embeddable":true,"href":"https:\/\/la-presse-anarchiste.net\/index.php\/wp-json\/wp\/v2\/users\/1"}],"replies":[{"embeddable":true,"href":"https:\/\/la-presse-anarchiste.net\/index.php\/wp-json\/wp\/v2\/comments?post=1468"}],"version-history":[{"count":0,"href":"https:\/\/la-presse-anarchiste.net\/index.php\/wp-json\/wp\/v2\/posts\/1468\/revisions"}],"wp:attachment":[{"href":"https:\/\/la-presse-anarchiste.net\/index.php\/wp-json\/wp\/v2\/media?parent=1468"}],"wp:term":[{"taxonomy":"category","embeddable":true,"href":"https:\/\/la-presse-anarchiste.net\/index.php\/wp-json\/wp\/v2\/categories?post=1468"},{"taxonomy":"post_tag","embeddable":true,"href":"https:\/\/la-presse-anarchiste.net\/index.php\/wp-json\/wp\/v2\/tags?post=1468"},{"taxonomy":"author","embeddable":true,"href":"https:\/\/la-presse-anarchiste.net\/index.php\/wp-json\/wp\/v2\/ppma_author?post=1468"}],"curies":[{"name":"wp","href":"https:\/\/api.w.org\/{rel}","templated":true}]}}