{"id":1473,"date":"1872-02-15T01:20:49","date_gmt":"1872-02-15T01:20:49","guid":{"rendered":"https:\/\/la-presse-anarchiste.net\/index.php\/2008\/05\/27\/calomnies-de-legalite-de-geneve\/"},"modified":"2024-05-01T13:36:05","modified_gmt":"2024-05-01T13:36:05","slug":"calomnies-de-legalite-de-geneve","status":"publish","type":"post","link":"https:\/\/la-presse-anarchiste.net\/index.php\/1872\/02\/15\/calomnies-de-legalite-de-geneve\/","title":{"rendered":"Calomnies de l\u2019<i>\u00c9galit\u00e9<\/i> de Gen\u00e8ve"},"content":{"rendered":"<div class=\"pdfprnt-buttons pdfprnt-buttons-post pdfprnt-top-right\"><a href=\"https:\/\/la-presse-anarchiste.net\/index.php\/wp-json\/wp\/v2\/posts\/1473?print=pdf\" class=\"pdfprnt-button pdfprnt-button-pdf\" target=\"_blank\"><img decoding=\"async\" src=\"https:\/\/la-presse-anarchiste.net\/wp-content\/plugins\/pdf-print\/images\/pdf.png\" alt=\"image_pdf\" title=\"Afficher le PDF\"><\/a><a href=\"https:\/\/la-presse-anarchiste.net\/index.php\/wp-json\/wp\/v2\/posts\/1473?print=print\" class=\"pdfprnt-button pdfprnt-button-print\" target=\"_blank\"><img decoding=\"async\" src=\"https:\/\/la-presse-anarchiste.net\/wp-content\/plugins\/pdf-print\/images\/print.png\" alt=\"image_print\" title=\"Contenu imprim\u00e9\"><\/a><\/div><p class=\"post_excerpt\"><sup class=\"modern-footnotes-footnote modern-footnotes-footnote--expands-on-desktop \" data-mfn=\"1\" data-mfn-post-scope=\"000000001a38b431000000004fc38448_1473\"><a href=\"javascript:void(0)\" role=\"button\" aria-pressed=\"false\" aria-describedby=\"mfn-content-000000001a38b431000000004fc38448_1473-1\">1<\/a><\/sup><span id=\"mfn-content-000000001a38b431000000004fc38448_1473-1\" role=\"tooltip\" class=\"modern-footnotes-footnote__note\" tabindex=\"0\" data-mfn=\"1\">entre\u00adfi\u00adlet publi\u00e9 sans&nbsp;titre<\/span><\/p>\n<p style=\"text-indent: 1.45cm; margin-bottom: 0cm;\" align=\"justify\">D\u2019a\u00adpr\u00e8s ce qui nous est rap\u00adpor\u00adt\u00e9 par un ami qui arrive de Gen\u00e8ve au moment o\u00f9 nous met\u00adtons sous presse (19 f\u00e9vrier) le jour\u00adnal <em>l\u2019\u00c9\u00adga\u00adli\u00adt\u00e9<\/em> vient de faire affi\u00adcher sur les murs de cette ville un pla\u00adcard rouge conte\u00adnant ces&nbsp;mots&nbsp;:<\/p>\n<p style=\"text-indent: 1.45cm; margin-bottom: 0cm; text-align: center;\" align=\"justify\"><strong><em>Au pilo\u00adri<\/em><\/strong><\/p>\n<p style=\"text-indent: 1.45cm; margin-bottom: 0cm;\" align=\"justify\">Richard, Blanc et Bastelica<\/p>\n<p style=\"text-indent: 1.45cm; margin-bottom: 0cm;\" align=\"justify\">Le pla\u00adcard invite le public \u00e0 ache\u00adter un num\u00e9\u00adro de <em>l\u2019\u00c9\u00adga\u00adli\u00adt\u00e9<\/em> o\u00f9 le citoyen Bas\u00adte\u00adli\u00adca, membre de la F\u00e9d\u00e9\u00adra\u00adtion juras\u00adsienne est accu\u00ads\u00e9 d\u2019\u00eatre le com\u00adplice de Richard et de Blanc, et de s\u2019\u00eatre ven\u00addu \u00e0 Bonaparte.<\/p>\n<p style=\"text-indent: 1.45cm; margin-bottom: 0cm;\" align=\"justify\">Nous signa\u00adlons cette ignoble man\u0153uvre de la cote\u00adrie diri\u00adg\u00e9e par M.&nbsp;Outine \u00e0 tous nos amis et sp\u00e9\u00adcia\u00adle\u00adment \u00e0 ceux qui, en Bel\u00adgique, en Espagne et en Ita\u00adlie vou\u00addraient croire encore \u00e0 la loyau\u00adt\u00e9 et aux bonnes inten\u00adtions de ces hommes. Le citoyen Bas\u00adte\u00adli\u00adca r\u00e9pon\u00addra lui-m\u00eame \u00e0 ses indignes calom\u00adnia\u00adteurs. Les hommes de <em>l\u2019\u00c9\u00adga\u00adli\u00adt\u00e9<\/em> ont suc\u00adces\u00adsi\u00adve\u00adment insul\u00adt\u00e9 tous les cham\u00adpions les plus vaillants et les plus purs du socia\u00adlisme en France. Il semble qu\u2019ils ob\u00e9issent \u00e0 un mot d\u2019ordre qui consiste \u00e0 salir tous ceux qui, dans l\u2019In\u00adter\u00adna\u00adtio\u00adnale, se refusent \u00e0 cour\u00adber la t\u00eate sous une dic\u00adta\u00adture, et savent conser\u00adver leur ind\u00e9\u00adpen\u00addance et leur honn\u00eatet\u00e9.<\/p>\n<ul class=\"modern-footnotes-list modern-footnotes-list--show-only-for-print\"><li><span>1<\/span><div>entre\u00adfi\u00adlet publi\u00e9 sans&nbsp;titre<\/div><\/li><\/ul>","protected":false},"excerpt":{"rendered":"<p>D\u2019a\u00adpr\u00e8s ce qui nous est rap\u00adpor\u00adt\u00e9 par un ami qui arrive de Gen\u00e8ve au moment o\u00f9 nous met\u00adtons sous presse (19 f\u00e9vrier) le jour\u00adnal l\u2019\u00c9\u00adga\u00adli\u00adt\u00e9 vient de faire affi\u00adcher sur les murs de cette ville un pla\u00adcard rouge conte\u00adnant ces&nbsp;mots&nbsp;: Au pilo\u00adri Richard, Blanc et Bas\u00adte\u00adli\u00adca Le pla\u00adcard invite le public \u00e0 ache\u00adter un num\u00e9ro&nbsp;[\u2026]<\/p>\n","protected":false},"author":8,"featured_media":6089,"comment_status":"closed","ping_status":"closed","sticky":false,"template":"wp-custom-template-page-d-article","format":"standard","meta":{"wp_typography_post_enhancements_disabled":false,"footnotes":""},"categories":[166],"tags":[],"ppma_author":[680],"class_list":["post-1473","post","type-post","status-publish","format-standard","has-post-thumbnail","hentry","category-bulletin-de-la-federation-jurassienne-n1-15-fevrier-1872"],"authors":[{"term_id":680,"user_id":8,"is_guest":0,"slug":"anonyme","display_name":"Anonyme","avatar_url":"https:\/\/secure.gravatar.com\/avatar\/cdccebf2bbf18d75df96a6721f7ce7f7ec80d026f1b8ec6be93de563bca5236b?s=96&d=mm&r=g","author_category":"","user_url":"","last_name":"","first_name":"","job_title":"","description":""}],"_links":{"self":[{"href":"https:\/\/la-presse-anarchiste.net\/index.php\/wp-json\/wp\/v2\/posts\/1473","targetHints":{"allow":["GET"]}}],"collection":[{"href":"https:\/\/la-presse-anarchiste.net\/index.php\/wp-json\/wp\/v2\/posts"}],"about":[{"href":"https:\/\/la-presse-anarchiste.net\/index.php\/wp-json\/wp\/v2\/types\/post"}],"author":[{"embeddable":true,"href":"https:\/\/la-presse-anarchiste.net\/index.php\/wp-json\/wp\/v2\/users\/8"}],"replies":[{"embeddable":true,"href":"https:\/\/la-presse-anarchiste.net\/index.php\/wp-json\/wp\/v2\/comments?post=1473"}],"version-history":[{"count":2,"href":"https:\/\/la-presse-anarchiste.net\/index.php\/wp-json\/wp\/v2\/posts\/1473\/revisions"}],"predecessor-version":[{"id":6110,"href":"https:\/\/la-presse-anarchiste.net\/index.php\/wp-json\/wp\/v2\/posts\/1473\/revisions\/6110"}],"wp:featuredmedia":[{"embeddable":true,"href":"https:\/\/la-presse-anarchiste.net\/index.php\/wp-json\/wp\/v2\/media\/6089"}],"wp:attachment":[{"href":"https:\/\/la-presse-anarchiste.net\/index.php\/wp-json\/wp\/v2\/media?parent=1473"}],"wp:term":[{"taxonomy":"category","embeddable":true,"href":"https:\/\/la-presse-anarchiste.net\/index.php\/wp-json\/wp\/v2\/categories?post=1473"},{"taxonomy":"post_tag","embeddable":true,"href":"https:\/\/la-presse-anarchiste.net\/index.php\/wp-json\/wp\/v2\/tags?post=1473"},{"taxonomy":"author","embeddable":true,"href":"https:\/\/la-presse-anarchiste.net\/index.php\/wp-json\/wp\/v2\/ppma_author?post=1473"}],"curies":[{"name":"wp","href":"https:\/\/api.w.org\/{rel}","templated":true}]}}