{"id":1479,"date":"1872-02-15T00:01:44","date_gmt":"1872-02-15T00:01:44","guid":{"rendered":"https:\/\/la-presse-anarchiste.net\/index.php\/2008\/05\/27\/a-nos-lecteurs-2\/"},"modified":"2024-05-01T13:28:44","modified_gmt":"2024-05-01T13:28:44","slug":"a-nos-lecteurs-2","status":"publish","type":"post","link":"https:\/\/la-presse-anarchiste.net\/index.php\/1872\/02\/15\/a-nos-lecteurs-2\/","title":{"rendered":"\u00c0 nos lecteurs"},"content":{"rendered":"<div class=\"pdfprnt-buttons pdfprnt-buttons-post pdfprnt-top-right\"><a href=\"https:\/\/la-presse-anarchiste.net\/index.php\/wp-json\/wp\/v2\/posts\/1479?print=pdf\" class=\"pdfprnt-button pdfprnt-button-pdf\" target=\"_blank\"><img decoding=\"async\" src=\"https:\/\/la-presse-anarchiste.net\/wp-content\/plugins\/pdf-print\/images\/pdf.png\" alt=\"image_pdf\" title=\"Afficher le PDF\"><\/a><a href=\"https:\/\/la-presse-anarchiste.net\/index.php\/wp-json\/wp\/v2\/posts\/1479?print=print\" class=\"pdfprnt-button pdfprnt-button-print\" target=\"_blank\"><img decoding=\"async\" src=\"https:\/\/la-presse-anarchiste.net\/wp-content\/plugins\/pdf-print\/images\/print.png\" alt=\"image_print\" title=\"Contenu imprim\u00e9\"><\/a><\/div><div align=\"justify\">\n<p style=\"text-align: justify;\">La F\u00e9d\u00e9\u00adra\u00adtion juras\u00adsienne de l\u2019As\u00adso\u00adcia\u00adtion Inter\u00adna\u00adtio\u00adnale des tra\u00advailleurs, au nom de laquelle nous entre\u00adpre\u00adnons la publi\u00adca\u00adtion du pr\u00e9\u00adsent bul\u00adle\u00adtin, avait eu jus\u00adqu\u2019\u00e0 pr\u00e9\u00adsent pour organe un jour\u00adnal parais\u00adsant \u00e0 Gen\u00e8ve sous le titre de la <i>R\u00e9vo\u00adlu\u00adtion Sociale<\/i>. Le r\u00e9ac\u00adteur-pro\u00adpri\u00e9\u00adtaire de ce jour\u00adnal, le citoyen Cla\u00adris, avait mis obli\u00adgeam\u00adment ses colonnes \u00e0 notre dis\u00adpo\u00adsi\u00adtion, et nous avons \u00e0 le remer\u00adcier ici de cet acte de confra\u00adter\u00adni\u00adt\u00e9 d\u00e9mocratique.<\/p>\n<p style=\"text-align: justify;\">La <i>R\u00e9vo\u00adlu\u00adtion Sociale<\/i>, dont le centre d\u2019ac\u00adtion devait sur\u00adtout \u00eatre la France, et qui s\u2019est vu fer\u00admer enti\u00e8\u00adre\u00adment l\u2019ac\u00adc\u00e8s de ce pays, ayant d\u00fb pour ce motif, ces\u00adser de para\u00eetre, la F\u00e9d\u00e9\u00adra\u00adtion juras\u00adsienne a char\u00adg\u00e9 son comi\u00adt\u00e9 f\u00e9d\u00e9\u00adral de publier, deux fois par mois, un <i>Bul\u00adle\u00adtin<\/i> auto\u00adgra\u00adphi\u00e9, qui sera, jus\u00adqu\u2019\u00e0 nou\u00advel ordre, l\u2019or\u00adgane offi\u00adciel de notre f\u00e9d\u00e9ration.<\/p>\n<p style=\"text-align: justify;\">Le Bul\u00adle\u00adtin qui se fera \u00e0 tr\u00e8s bon mar\u00adch\u00e9, et qui, pour ce motif, pour\u00adra \u00eatre r\u00e9pan\u00addu gra\u00adtui\u00adte\u00adment \u00e0 de grandes quan\u00adti\u00adt\u00e9s dans les loca\u00adli\u00adt\u00e9s o\u00f9 le besoin de pro\u00adpa\u00adgande socia\u00adliste se fait le plus sen\u00adtir, ce Bul\u00adle\u00adtin, aura pour mis\u00adsion&nbsp;: de pro\u00adpa\u00adger les prin\u00adcipes de l\u2019In\u00adter\u00adna\u00adtio\u00adnale dans la r\u00e9gion juras\u00adsienne&nbsp;; de ser\u00advir de lien entre les sec\u00adtions f\u00e9d\u00e9\u00adr\u00e9es&nbsp;; et enfin de ren\u00adsei\u00adgner toutes les f\u00e9d\u00e9\u00adra\u00adtions de notre grande asso\u00adcia\u00adtion sur ce qui se passe au sein de la F\u00e9d\u00e9\u00adra\u00adtion juras\u00adsienne, de mani\u00e8re \u00e0 ce qu\u2019elles connaissent nos prin\u00adcipes, nos sen\u00adti\u00adments et nos actes direc\u00adte\u00adment par nous-m\u00eames.<\/p>\n<p style=\"text-align: justify;\">Une fois mises ain\u00adsi en rela\u00adtions directes avec nous, les F\u00e9d\u00e9\u00adra\u00adtions de l\u2019ex\u00adt\u00e9\u00adrieur sau\u00adront exac\u00adte\u00adment \u00e0 quoi s\u2019en tenir sur les attaques dont nous sommes l\u2019ob\u00adjet, et elles pour\u00adront juger d\u2019une mani\u00e8re cer\u00adtaine si la F\u00e9d\u00e9\u00adra\u00adtion juras\u00adsienne a un autre but et un autre pro\u00adgramme que celui qui doit res\u00adter, sous peine de de d\u00e9ch\u00e9ance et de mort, le but et le pro\u00adgramme de l\u2019Internationale&nbsp;:<\/p>\n<p style=\"text-align: justify;\"><i>\u00c9man\u00adci\u00adpa\u00adtion des tra\u00advailleurs par les tra\u00advailleurs eux-m\u00eames&nbsp;!<\/i><\/p>\n<p style=\"text-align: right;\">Le Comi\u00adt\u00e9 f\u00e9d\u00e9\u00adral jurassien<\/p>\n<p>&nbsp;<\/p>\n<p style=\"text-align: center;\"><b>* * * * *<\/b><\/p>\n<p>Une cir\u00adcu\u00adlaire du Comi\u00adt\u00e9 f\u00e9d\u00e9\u00adral aux sec\u00adtions juras\u00adsiennes, en date du 14 f\u00e9vrier, annonce les dis\u00adpo\u00adsi\u00adtions prises par le Comi\u00adt\u00e9 pour la publi\u00adca\u00adtion du <i>Bul\u00adle\u00adtin<\/i>.<\/p>\n<p style=\"text-align: justify;\">Le <i>Bul\u00adle\u00adtin<\/i> para\u00ee\u00adtra en une s\u00e9rie de 24 num\u00e9\u00adros pour l\u2019an\u00adn\u00e9e 1872. Il sera publi\u00e9, \u00e0 par\u00adtir du 15 f\u00e9vrier, un num\u00e9\u00adro par semaine, jus\u00adqu\u2019\u00e0 ce que les num\u00e9\u00adros arri\u00e9\u00adr\u00e9s de jan\u00advier et de f\u00e9vrier aient \u00e9t\u00e9 livr\u00e9s aux abon\u00adn\u00e9s. Ensuite le Bul\u00adle\u00adtin para\u00ee\u00adtra le 1<sup>er <\/sup>et le 15 de chaque mois.<\/p>\n<p style=\"text-align: justify;\">Toutes les com\u00admu\u00adni\u00adca\u00adtions, articles ou pi\u00e8ces \u00e0 ins\u00e9\u00adrer dans le <i>Bul\u00adle\u00adtin<\/i> doivent \u00eatre adres\u00ads\u00e9es au secr\u00e9\u00adtaire-cor\u00adres\u00adpon\u00addant du Comi\u00adt\u00e9 f\u00e9d\u00e9\u00adral juras\u00adsien, Adh\u00e9\u00admar Schwit\u00adgu\u00e9\u00adbel, gra\u00adveur \u00e0 Son\u00advil\u00adliers (Can\u00adton de Berne). Toute pi\u00e8ce rev\u00ea\u00adtue du sceau d\u2019une sec\u00adtion de la f\u00e9d\u00e9\u00adra\u00adtion, et dont l\u2019in\u00adser\u00adtion est deman\u00add\u00e9e par ladite sec\u00adtion, doit \u00eatre ins\u00e9\u00adr\u00e9e. Pour les autres pi\u00e8ces, le Comi\u00adt\u00e9 f\u00e9d\u00e9\u00adral d\u00e9cide.<\/p>\n<p style=\"text-align: justify;\">Le Comi\u00adt\u00e9 f\u00e9d\u00e9\u00adral sera res\u00adpon\u00adsable, devant la f\u00e9d\u00e9\u00adra\u00adtion, de la r\u00e9dac\u00adtion et de l\u2019ad\u00admi\u00adnis\u00adtra\u00adtion du <i>Bul\u00adle\u00adtin<\/i>.<\/p>\n<p style=\"text-align: justify;\">Le prix de l\u2019a\u00adbon\u00adne\u00adment pour les 24 num\u00e9\u00adros est fix\u00e9 \u00e0 <i>4 francs<\/i>. L\u2019ex\u00adc\u00e9\u00addant de recette que pour\u00adrait pro\u00adduite l\u2019\u00e9\u00adl\u00e9\u00adva\u00adtion du prix de l\u2019a\u00adbon\u00adne\u00adment ser\u00advi\u00adra \u00e0 cou\u00advrir les frais de l\u2019en\u00advoi gra\u00adtuit du <i>Bul\u00adle\u00adtin<\/i> aux sec\u00adtions de l\u2019ext\u00e9rieur.<\/p>\n<p style=\"text-align: justify;\">Toutes les sommes doivent \u00eatre envoy\u00e9es \u00e0 l\u2019a\u00addresse du Comi\u00adt\u00e9 f\u00e9d\u00e9\u00adral juras\u00adsien indi\u00adqu\u00e9 plus&nbsp;haut.<\/p>\n<\/div>\n","protected":false},"excerpt":{"rendered":"<p>La F\u00e9d\u00e9\u00adra\u00adtion juras\u00adsienne de l\u2019As\u00adso\u00adcia\u00adtion Inter\u00adna\u00adtio\u00adnale des tra\u00advailleurs, au nom de laquelle nous entre\u00adpre\u00adnons la publi\u00adca\u00adtion du pr\u00e9\u00adsent bul\u00adle\u00adtin, avait eu jus\u00adqu\u2019\u00e0 pr\u00e9\u00adsent pour organe un jour\u00adnal parais\u00adsant \u00e0 Gen\u00e8ve sous le titre de la R\u00e9vo\u00adlu\u00adtion Sociale. Le r\u00e9ac\u00ad\u00adteur-pro\u00ad\u00adpri\u00e9\u00ad\u00adtaire de ce jour\u00adnal, le citoyen Cla\u00adris, avait mis obli\u00adgeam\u00adment ses colonnes \u00e0 notre dis\u00adpo\u00adsi\u00adtion, et&nbsp;nous&nbsp;[\u2026]<\/p>\n","protected":false},"author":8,"featured_media":6089,"comment_status":"closed","ping_status":"closed","sticky":false,"template":"wp-custom-template-page-d-article","format":"standard","meta":{"wp_typography_post_enhancements_disabled":false,"footnotes":""},"categories":[166],"tags":[609],"ppma_author":[680],"class_list":["post-1479","post","type-post","status-publish","format-standard","has-post-thumbnail","hentry","category-bulletin-de-la-federation-jurassienne-n1-15-fevrier-1872","tag-presentation-de-revue"],"authors":[{"term_id":680,"user_id":8,"is_guest":0,"slug":"anonyme","display_name":"Anonyme","avatar_url":"https:\/\/secure.gravatar.com\/avatar\/cdccebf2bbf18d75df96a6721f7ce7f7ec80d026f1b8ec6be93de563bca5236b?s=96&d=mm&r=g","author_category":"","user_url":"","last_name":"","first_name":"","job_title":"","description":""}],"_links":{"self":[{"href":"https:\/\/la-presse-anarchiste.net\/index.php\/wp-json\/wp\/v2\/posts\/1479","targetHints":{"allow":["GET"]}}],"collection":[{"href":"https:\/\/la-presse-anarchiste.net\/index.php\/wp-json\/wp\/v2\/posts"}],"about":[{"href":"https:\/\/la-presse-anarchiste.net\/index.php\/wp-json\/wp\/v2\/types\/post"}],"author":[{"embeddable":true,"href":"https:\/\/la-presse-anarchiste.net\/index.php\/wp-json\/wp\/v2\/users\/8"}],"replies":[{"embeddable":true,"href":"https:\/\/la-presse-anarchiste.net\/index.php\/wp-json\/wp\/v2\/comments?post=1479"}],"version-history":[{"count":2,"href":"https:\/\/la-presse-anarchiste.net\/index.php\/wp-json\/wp\/v2\/posts\/1479\/revisions"}],"predecessor-version":[{"id":6097,"href":"https:\/\/la-presse-anarchiste.net\/index.php\/wp-json\/wp\/v2\/posts\/1479\/revisions\/6097"}],"wp:featuredmedia":[{"embeddable":true,"href":"https:\/\/la-presse-anarchiste.net\/index.php\/wp-json\/wp\/v2\/media\/6089"}],"wp:attachment":[{"href":"https:\/\/la-presse-anarchiste.net\/index.php\/wp-json\/wp\/v2\/media?parent=1479"}],"wp:term":[{"taxonomy":"category","embeddable":true,"href":"https:\/\/la-presse-anarchiste.net\/index.php\/wp-json\/wp\/v2\/categories?post=1479"},{"taxonomy":"post_tag","embeddable":true,"href":"https:\/\/la-presse-anarchiste.net\/index.php\/wp-json\/wp\/v2\/tags?post=1479"},{"taxonomy":"author","embeddable":true,"href":"https:\/\/la-presse-anarchiste.net\/index.php\/wp-json\/wp\/v2\/ppma_author?post=1479"}],"curies":[{"name":"wp","href":"https:\/\/api.w.org\/{rel}","templated":true}]}}