{"id":1484,"date":"2008-05-28T22:43:24","date_gmt":"2008-05-28T22:43:24","guid":{"rendered":"https:\/\/la-presse-anarchiste.net\/index.php\/2008\/05\/28\/le-mouvement-anarchiste\/"},"modified":"2008-05-28T22:43:24","modified_gmt":"2008-05-28T22:43:24","slug":"le-mouvement-anarchiste","status":"publish","type":"post","link":"https:\/\/la-presse-anarchiste.net\/index.php\/2008\/05\/28\/le-mouvement-anarchiste\/","title":{"rendered":"Le Mouvement anarchiste"},"content":{"rendered":"<div class=\"pdfprnt-buttons pdfprnt-buttons-post pdfprnt-top-right\"><a href=\"https:\/\/la-presse-anarchiste.net\/index.php\/wp-json\/wp\/v2\/posts\/1484?print=pdf\" class=\"pdfprnt-button pdfprnt-button-pdf\" target=\"_blank\"><img decoding=\"async\" src=\"https:\/\/la-presse-anarchiste.net\/wp-content\/plugins\/pdf-print\/images\/pdf.png\" alt=\"image_pdf\" title=\"Afficher le PDF\"><\/a><a href=\"https:\/\/la-presse-anarchiste.net\/index.php\/wp-json\/wp\/v2\/posts\/1484?print=print\" class=\"pdfprnt-button pdfprnt-button-print\" target=\"_blank\"><img decoding=\"async\" src=\"https:\/\/la-presse-anarchiste.net\/wp-content\/plugins\/pdf-print\/images\/print.png\" alt=\"image_print\" title=\"Contenu imprim\u00e9\"><\/a><\/div><div align=\"justify\">\n[(Pour la pre\u00admi\u00e8re fois depuis le n\u00b0 8, nous r\u00e9en\u00adta\u00admons ce que nous vou\u00adlons \u00eatre un dia\u00adlogue avec les cama\u00adrades des autres groupes anar\u00adchistes. Aupa\u00adra\u00advant, nous avons accor\u00add\u00e9 beau\u00adcoup plus d\u2019importance \u00e0 la deuxi\u00e8me par\u00adtie de notre \u00e9ti\u00adquette et \u00e0 notre soli\u00adda\u00adri\u00adt\u00e9 active avec les objec\u00adteurs. Deux sortes d\u2019\u00e9v\u00e9nements nous poussent \u00e0 cela&nbsp;; les atten\u00adtats d\u2019Italie, et la recru\u00addes\u00adcence de la r\u00e9pres\u00adsion, ain\u00adsi que les ten\u00adta\u00adtives de regroupements.\n<p>Il est quand m\u00eame \u00e9vident que nous ne vou\u00adlons pas concur\u00adren\u00adcer \u00ab&nbsp;Recherches liber\u00adtaires&nbsp;\u00bb qui nous semble rem\u00adplir cette t\u00e2che unique et impor\u00adtante qui est la renais\u00adsance d\u2019une r\u00e9flexion anar\u00adchiste adap\u00adt\u00e9e aux temps que nous vivons.)]<\/p>\n<p>Aujourd\u2019hui le mou\u00adve\u00adment anar\u00adchiste est com\u00adpo\u00ads\u00e9 essen\u00adtiel\u00adle\u00adment de petits groupes locaux actifs et par\u00adfois acti\u00advistes sans beau\u00adcoup de liens entre eux. Une de leurs par\u00adti\u00adcu\u00adla\u00adri\u00adt\u00e9s est la fra\u00adgi\u00adli\u00adt\u00e9 extr\u00eame de leur exis\u00adtence. Il suf\u00adfit d\u2019un d\u00e9part de lea\u00adders, \u00e9tu\u00addiants ou pas, d\u2019un coup de vent ou m\u00eame de la r\u00e9pres\u00adsion poli\u00adci\u00e8re pour qu\u2019un ou deux ans apr\u00e8s leur nais\u00adsance ils sombrent dans l\u2019inconnu. Sou\u00advent, alors, cer\u00adtains de leurs par\u00adti\u00adci\u00adpants resur\u00adgissent \u00e7\u00e0 et l\u00e0, silen\u00adcieu\u00adse\u00adment, ou en pro\u00adcla\u00admant qu\u2019ils y \u00e9taient et qu\u2019on ver\u00adra ce qu\u2019on ver\u00adra. Cela a pour cons\u00e9\u00adquence qu\u2019il est pra\u00adti\u00adque\u00adment impos\u00adsible de savoir s\u2019il ne s\u2019est pas glis\u00ads\u00e9 par\u00admi ces reve\u00adnants un pro\u00advo\u00adca\u00adteur. Il serait ridi\u00adcule de pro\u00adpo\u00adser la cr\u00e9a\u00adtion d\u2019un fichier natio\u00adnal. Cela a d\u00e9j\u00e0 \u00e9t\u00e9 fait par quelques groupes auto\u00adri\u00adtaires. Ce serait faci\u00adli\u00adter \u00e0 l\u2019exc\u00e8s le tra\u00advail de la police mais, plus grave, ce serait contraire \u00e0 l\u2019id\u00e9al anar\u00adchiste. Il serait tout aus\u00adsi ridi\u00adcule de refu\u00adser de se poser le pro\u00adbl\u00e8me. Pour ne pas som\u00adbrer dans la fli\u00adco\u00adma\u00adnie et la d\u00e9la\u00adtion interne, il faut lier ce pro\u00adbl\u00e8me \u00e0 celui de la r\u00e9pres\u00adsion et \u00e0 celui de la r\u00e9flexion.<\/p>\n<p>Il est ambi\u00adtieux de tout abor\u00adder de front. Pour\u00adtant, si on regarde la situa\u00adtion du mou\u00adve\u00adment anar actuel\u00adle\u00adment, on dis\u00adcerne un cer\u00adtain nombre de choses. D\u2019abord et avant tout la pau\u00advre\u00adt\u00e9 incroyable des groupes puis (ceci en est une cons\u00e9\u00adquence posi\u00adtive) un effort de regrou\u00adpe\u00adment dans deux sens bien distincts.<\/p>\n<p>Com\u00admen\u00ad\u00e7ons par ce qu\u2019il est conve\u00adnu d\u2019appeler la pau\u00advre\u00adt\u00e9 de l\u2019\u00abapr\u00e8s-Mai&nbsp;\u00bb.<\/p>\n<p>Les retom\u00adb\u00e9es de ce mois se sont fait dure\u00adment sen\u00adtir dans les dif\u00adf\u00e9\u00adrents groupes. La sen\u00adsa\u00adtion pro\u00adfonde qu\u2019il y avait quelque chose de chan\u00adg\u00e9 et l\u2019impossibilit\u00e9 de d\u00e9ter\u00admi\u00adner exac\u00adte\u00adment quoi ame\u00adn\u00e8rent beau\u00adcoup de groupes soit \u00e0 se tor\u00adpiller par purisme (m\u00eame si c\u2019est deux ans apr\u00e8s) soit \u00e0 plon\u00adger dans un acti\u00advisme d\u00e9bor\u00addant o\u00f9 chaque petite action prit une dimen\u00adsion triom\u00adpha\u00adliste. Les groupes n\u2019eurent pas la pos\u00adsi\u00adbi\u00adli\u00adt\u00e9 de prendre du recul et d\u2019ailleurs ne l\u2019ont tou\u00adjours pas. C\u2019est alors que prit une grande impor\u00adtance (du fait de l\u2019absence d\u2019autre chose) le cou\u00adrant \u00ab&nbsp;pseu\u00addo-situ&nbsp;\u00bb. Il se carac\u00adt\u00e9\u00adrise par sa cri\u00adtique des\u00adtruc\u00adtive tous azi\u00admuts et par son lan\u00adgage incom\u00adpr\u00e9\u00adhen\u00adsible au mili\u00adtant moyen (je ne parle pas des ouvriers). Les th\u00e8mes uti\u00adli\u00ads\u00e9s, emprun\u00adt\u00e9s pour la plu\u00adpart aux th\u00e8ses de l\u2019Internationale situa\u00adtion\u00adniste jouent sur la mau\u00advaise conscience inh\u00e9\u00adrente aux anars. En effet, qui par\u00admi nous ne se sait pas ali\u00e9\u00adn\u00e9&nbsp;? Le nier serait refu\u00adser la r\u00e9a\u00adli\u00adt\u00e9. Il ne suf\u00adfit pour\u00adtant pas de convaincre les autres de leur impuis\u00adsance sexuelle et poli\u00adtique pour les lib\u00e9\u00adrer. Il est remar\u00adquable que les cri\u00adtiques les plus vio\u00adlentes s\u2019adressent presque toutes aux cama\u00adrades les plus proches poli\u00adti\u00adque\u00adment. En paro\u00addiant hon\u00adteu\u00adse\u00adment, leur devise semble \u00eatre&nbsp;: \u00ab&nbsp;Tuez-les tous, l\u2019IS retrou\u00adve\u00adra les siens&nbsp;!&nbsp;\u00bb Il faut ten\u00adter de mettre fin \u00e0 ce n\u00e9o-nihi\u00adlisme sans tou\u00adte\u00adfois jeter le b\u00e9b\u00e9 avec le bain. La plu\u00adpart des cri\u00adtiques de l\u2019IS sont fon\u00add\u00e9es, il fau\u00addrait pour\u00adtant les abor\u00adder avec moins d\u2019agressivit\u00e9 gratuite.<\/p>\n<p>Il existe aus\u00adsi par\u00admi presque tous les groupes une impos\u00adsi\u00adbi\u00adli\u00adt\u00e9 d\u2019analyse per\u00adma\u00adnente de l\u2019action en cours, de la situa\u00adtion poli\u00adtique et des moti\u00adva\u00adtions des mili\u00adtants, et cela dans un lan\u00adgage nor\u00admal \u00e9pu\u00adr\u00e9 du voca\u00adbu\u00adlaire r\u00e9volutionnaire.<\/p>\n<p>Quand il y a ana\u00adlyse, elle est faite en cercle fer\u00adm\u00e9, avec les m\u00eames \u00e9l\u00e9\u00adments sub\u00adjec\u00adtifs, dans une ambiance r\u00e9vo\u00adlu\u00adtion\u00adna\u00adriste. Apr\u00e8s ladite pau\u00advre\u00adt\u00e9, exa\u00admi\u00adnons le pro\u00adbl\u00e8me des regrou\u00adpe\u00adments. Il y en a de deux sortes&nbsp;: le r\u00e9gio\u00adnal et le poli\u00adtique. Sur le plan r\u00e9gio\u00adnal, on assiste dans l\u2019Est et le Midi \u00e0 des ten\u00adta\u00adtives de cr\u00e9a\u00adtion d\u2019union de groupes sans dis\u00adtinc\u00adtion de ten\u00addance poli\u00adtique, le fait de se r\u00e9cla\u00admer de l\u2019anarchisme \u00e9tant suf\u00adfi\u00adsant en soi. Les choses sont d\u00e9j\u00e0 assez avan\u00adc\u00e9es dans l\u2019Est o\u00f9 les r\u00e9unions se suc\u00adc\u00e8dent et o\u00f9 le BI en est d\u00e9j\u00e0 \u00e0 son num\u00e9\u00adro 4. Il est int\u00e9\u00adres\u00adsant de noter \u00e0 ce pro\u00adpos que cette union est n\u00e9e de l\u2019initiative de cama\u00adrades de la FA alors que la majo\u00adri\u00adt\u00e9 de ses membres en sont en dehors et entendent y res\u00adter. Dans cette union il y a beau\u00adcoup de dif\u00adfi\u00adcul\u00adt\u00e9s cau\u00ads\u00e9es par des dif\u00adf\u00e9\u00adrences de lan\u00adgage (pr\u00e9\u00adsence d\u2019Italiens, d\u2019Espagnols et de Fran\u00ad\u00e7ais), des dif\u00adf\u00e9\u00adrences de situa\u00adtion (mino\u00adri\u00adt\u00e9 de tra\u00advailleurs) et des dif\u00adf\u00e9\u00adrences d\u2019\u00e2ge assez prononc\u00e9es.<\/p>\n<p>Tout cela fait qu\u2019apr\u00e8s plu\u00adsieurs r\u00e9unions on ne se conna\u00eet que fort&nbsp;peu.<\/p>\n<p>Je ne sais quelle est la situa\u00adtion dans le Midi mais, d\u2019apr\u00e8s les infor\u00adma\u00adtions recueillies, elle semble \u00eatre en plein mou\u00adve\u00adment. Les regrou\u00adpe\u00adments poli\u00adtiques sont d\u2019une teinte tr\u00e8s dif\u00adf\u00e9\u00adrente. J\u2019en cite\u00adrai deux (je n\u2019en connais pas d\u2019autres actuel\u00adle\u00adment): le MCL (Mou\u00adve\u00adment com\u00admu\u00adniste liber\u00adtaire) et UGAL (Union des groupes auto\u00adnomes liber\u00adtaires). Cha\u00adcun semble affir\u00admer \u00eatre le seul vrai et voit les autres de haut. Visant \u00e0 \u00eatre des avant-gardes ou de grandes orga\u00adni\u00adsa\u00adtions, ils vont avoir ten\u00addance \u00e0 adop\u00adter des posi\u00adtions auto\u00adri\u00adtaires (cela se sent d\u00e9j\u00e0 dans leurs textes) d\u2019abord \u00e0 l\u2019\u00e9gard des autres groupes puis en leur sein. Pour\u00adtant ces unions poli\u00adtiques sont la cons\u00e9\u00adquence de la prise de conscience de l\u2019apr\u00e8s-Mai et de sa pauvret\u00e9.<\/p>\n<p>Quelque n\u00e9ces\u00adsaires que soient ces unions, ni les unions r\u00e9gio\u00adnales ni encore moins les unions poli\u00adtiques ne pour\u00adront r\u00e9soudre le pro\u00adbl\u00e8me actuel du mou\u00adve\u00adment anar\u00adchiste en France (dans les autres pays ce n\u2019est pas mes oignons).<\/p>\n<p>Il y a deux besoins&nbsp;: sta\u00adbi\u00adli\u00adt\u00e9 dans le temps (base d\u2019appui) et pos\u00adsi\u00adbi\u00adli\u00adt\u00e9 de r\u00e9flexion vraie cor\u00adres\u00adpon\u00addant \u00e0 la r\u00e9a\u00adli\u00adt\u00e9 glo\u00adbale et locale. Je pr\u00e9\u00adtends donc qu\u2019on ne peut les r\u00e9soudre ni dans de petits groupes ni dans des unions r\u00e9gio\u00adnales ou poli\u00adtiques. Il est n\u00e9ces\u00adsaire, pour que nous autres anar\u00adchistes puis\u00adsions ensemble \u00eatre et r\u00e9fl\u00e9\u00adchir cal\u00adme\u00adment, que des liens affec\u00adtifs pro\u00adfonds existent entre nous. Ces liens ne peuvent exis\u00adter vrai\u00adment dans des unions r\u00e9gio\u00adnales ou poli\u00adtiques. Que pro\u00adpo\u00adser&nbsp;alors&nbsp;?<\/p>\n<p>Il fau\u00addrait qu\u2019\u00e0 par\u00adtir des unions r\u00e9gio\u00adnales (et pour\u00adquoi pas poli\u00adtiques?) des regrou\u00adpe\u00adments s\u2019op\u00e8rent, non plus sur des bases g\u00e9o\u00adgra\u00adphiques locales, mais natio\u00adnales, sur un accord poli\u00adtique (autant th\u00e9o\u00adrique que pra\u00adtique) et sur des liens affec\u00adtifs. Ces trois bases, natio\u00adna\u00adli\u00adt\u00e9, poli\u00adti\u00adsa\u00adtion et affec\u00adti\u00advi\u00adt\u00e9, me semblent \u00eatre essen\u00adtielles si l\u2019on veut cr\u00e9er quelque chose de durable.<\/p>\n<p><strong>Natio\u00adna\u00adli\u00adt\u00e9<\/strong><\/p>\n<p>Natio\u00adna\u00adli\u00adt\u00e9 prend ici une dimen\u00adsion g\u00e9o\u00adgra\u00adphique, \u00e9vi\u00addem\u00adment. Si un groupe est inter\u00adna\u00adtio\u00adnal, ce n\u2019en est que meilleur. Il est n\u00e9ces\u00adsaire que les membres de ces groupes soient de par\u00adtout afin de sai\u00adsir les dif\u00adf\u00e9\u00adrentes facettes de la m\u00eame r\u00e9a\u00adli\u00adt\u00e9, cha\u00adcun dans sa pra\u00adtique dif\u00adf\u00e9\u00adrente. Il est cer\u00adtain qu\u2019une telle dis\u00adper\u00adsion entra\u00eene des pro\u00adbl\u00e8mes de rela\u00adtions (\u00e9crits et voyages) ain\u00adsi que financiers.<\/p>\n<p><strong>Poli\u00adti\u00adsa\u00adtion<\/strong><\/p>\n<p>Poli\u00adti\u00adsa\u00adtion&nbsp;: L\u2019accord poli\u00adtique ne peut \u00eatre total (ou alors plus de dis\u00adcus\u00adsions ni de recherches), pour\u00adtant il doit y tendre. Il doit \u00eatre autant au niveau de la th\u00e9o\u00adrie et de la recherche qu\u2019au niveau de la pra\u00adtique de cha\u00adcun. Sur\u00adtout il faut de prime abord ne vou\u00adloir \u00e0 aucun prix \u00eatre une avant-garde de quelque sorte que ce soit. Autant parce qu\u2019un peu de modes\u00adtie ne fait de mal \u00e0 per\u00adsonne que parce qu\u2019une telle posi\u00adtion com\u00adpro\u00admet gra\u00adve\u00adment les rela\u00adtions avec les autres groupes et camarades.<\/p>\n<p><strong>Affec\u00adti\u00advi\u00adt\u00e9<\/strong><\/p>\n<p>Il faut se gar\u00adder comme de la peste de n\u2019avoir que des rela\u00adtions affec\u00adtives ou de les pri\u00advi\u00adl\u00e9\u00adgier. Il n\u2019y a rien de pire qu\u2019un groupe poli\u00adtique de copains. En dehors du fait que cela cr\u00e9e des rela\u00adtions curieuses, cela emp\u00eache toute entr\u00e9e r\u00e9gu\u00adli\u00e8re de nou\u00adveaux, et cela am\u00e8ne \u00e0 l\u2019\u00e9chec final am\u00e8\u00adre\u00adment regret\u00adt\u00e9, une bles\u00adsure pro\u00adfonde ne cr\u00e9ant que des aigris. Pour\u00adtant les rela\u00adtions affec\u00adtives sont n\u00e9ces\u00adsaires car elles sont un fac\u00adteur impor\u00adtant dans la confron\u00adta\u00adtion des id\u00e9es. Dans la soci\u00e9\u00adt\u00e9 quo\u00adti\u00addienne confron\u00adt\u00e9e \u00e0 nos pro\u00adbl\u00e8mes, nous sommes obli\u00adg\u00e9s de nous cui\u00adras\u00adser pour \u00e0 la fois ne pas recu\u00adler devant les attaques et c\u00e9der devant le doute. Cette mise en \u00e9tat de d\u00e9fense per\u00adma\u00adnente, entra\u00eene \u00e0 la longue une impos\u00adsi\u00adbi\u00adli\u00adt\u00e9 d\u2019autoanalyse ain\u00adsi que des rela\u00adtions fausses avec les gens que nous fr\u00e9quentons.<\/p>\n<p>Se sen\u00adtant bien avec des cama\u00adrades dans le groupe, se sachant en s\u00e9cu\u00adri\u00adt\u00e9, ne crai\u00adgnant plus d\u2019\u00eatre d\u00e9truit, cha\u00adcun pour\u00adra essayer de se rou\u00advrir com\u00adpl\u00e8\u00adte\u00adment, se sachant com\u00adpris. C\u2019est alors que se sen\u00adtant bien, en accord poli\u00adtique avec des cama\u00adrades venus de par\u00adtout, il sera pos\u00adsible de mener ann\u00e9e apr\u00e8s ann\u00e9e, un tra\u00advail com\u00admun qui fera avan\u00adcer et les indi\u00advi\u00addus et le mouvement.<\/p>\n<p>Il serait ridi\u00adcule de pen\u00adser que je pro\u00adpose une recette effi\u00adcace \u00e0 cent pour cent. Ma pro\u00adpo\u00adsi\u00adtion ne per\u00admet, \u00e0 mon sens, que d\u2019aborder plus s\u00e9rieu\u00adse\u00adment les dif\u00adfi\u00adcul\u00adt\u00e9s et les ten\u00adsions qui sur\u00adgi\u00adront in\u00e9vi\u00adta\u00adble\u00adment dans ces groupes. Elle per\u00admet aus\u00adsi de cr\u00e9er une ossa\u00adture stable, des points de rep\u00e8res, et un r\u00e9seau de rela\u00adtions per\u00adma\u00adnentes dans le mou\u00adve\u00adment anar\u00adchiste fran\u00e7ais.<\/p>\n<p>Pierre Som\u00admer\u00admeyer<\/p>\n<\/div>","protected":false},"excerpt":{"rendered":"<p>[(Pour la pre\u00admi\u00e8re fois depuis le n\u00b0 8, nous r\u00e9en\u00adta\u00admons ce que nous vou\u00adlons \u00eatre un dia\u00adlogue avec les cama\u00adrades des autres groupes anar\u00adchistes. Aupa\u00adra\u00advant, nous avons accor\u00add\u00e9 beau\u00adcoup plus d\u2019importance \u00e0 la deuxi\u00e8me par\u00adtie de notre \u00e9ti\u00adquette et \u00e0 notre soli\u00adda\u00adri\u00adt\u00e9 active avec les objec\u00adteurs. Deux sortes d\u2019\u00e9v\u00e9nements nous poussent \u00e0 cela&nbsp;; les attentats&nbsp;[\u2026]<\/p>\n","protected":false},"author":1,"featured_media":0,"comment_status":"closed","ping_status":"closed","sticky":false,"template":"","format":"standard","meta":{"wp_typography_post_enhancements_disabled":false,"footnotes":""},"categories":[167],"tags":[],"ppma_author":[540],"class_list":["post-1484","post","type-post","status-publish","format-standard","hentry","category-anarchisme-et-non-violence-n23-octobre-decembre-1970"],"authors":[{"term_id":540,"user_id":1,"is_guest":0,"slug":"admin_3gikpwyf","display_name":"Vincent Dubuc","avatar_url":"https:\/\/secure.gravatar.com\/avatar\/d015720652c25fd2ced191ade86430094e1f288a17483713e3b34d26dea52507?s=96&d=mm&r=g","author_category":"","user_url":"https:\/\/la-presse-anarchiste.net","last_name":"Dubuc","first_name":"Vincent","job_title":"","description":""}],"_links":{"self":[{"href":"https:\/\/la-presse-anarchiste.net\/index.php\/wp-json\/wp\/v2\/posts\/1484","targetHints":{"allow":["GET"]}}],"collection":[{"href":"https:\/\/la-presse-anarchiste.net\/index.php\/wp-json\/wp\/v2\/posts"}],"about":[{"href":"https:\/\/la-presse-anarchiste.net\/index.php\/wp-json\/wp\/v2\/types\/post"}],"author":[{"embeddable":true,"href":"https:\/\/la-presse-anarchiste.net\/index.php\/wp-json\/wp\/v2\/users\/1"}],"replies":[{"embeddable":true,"href":"https:\/\/la-presse-anarchiste.net\/index.php\/wp-json\/wp\/v2\/comments?post=1484"}],"version-history":[{"count":0,"href":"https:\/\/la-presse-anarchiste.net\/index.php\/wp-json\/wp\/v2\/posts\/1484\/revisions"}],"wp:attachment":[{"href":"https:\/\/la-presse-anarchiste.net\/index.php\/wp-json\/wp\/v2\/media?parent=1484"}],"wp:term":[{"taxonomy":"category","embeddable":true,"href":"https:\/\/la-presse-anarchiste.net\/index.php\/wp-json\/wp\/v2\/categories?post=1484"},{"taxonomy":"post_tag","embeddable":true,"href":"https:\/\/la-presse-anarchiste.net\/index.php\/wp-json\/wp\/v2\/tags?post=1484"},{"taxonomy":"author","embeddable":true,"href":"https:\/\/la-presse-anarchiste.net\/index.php\/wp-json\/wp\/v2\/ppma_author?post=1484"}],"curies":[{"name":"wp","href":"https:\/\/api.w.org\/{rel}","templated":true}]}}