{"id":1485,"date":"2008-05-28T22:55:37","date_gmt":"2008-05-28T22:55:37","guid":{"rendered":"https:\/\/la-presse-anarchiste.net\/index.php\/2008\/05\/28\/italie-1969-les-mecanismes-de-la-provocation-et-de-la-repression\/"},"modified":"2008-05-28T22:55:37","modified_gmt":"2008-05-28T22:55:37","slug":"italie-1969-les-mecanismes-de-la-provocation-et-de-la-repression","status":"publish","type":"post","link":"https:\/\/la-presse-anarchiste.net\/index.php\/2008\/05\/28\/italie-1969-les-mecanismes-de-la-provocation-et-de-la-repression\/","title":{"rendered":"Italie 1969, les m\u00e9canismes de la provocation et de la r\u00e9pression"},"content":{"rendered":"<div class=\"pdfprnt-buttons pdfprnt-buttons-post pdfprnt-top-right\"><a href=\"https:\/\/la-presse-anarchiste.net\/index.php\/wp-json\/wp\/v2\/posts\/1485?print=pdf\" class=\"pdfprnt-button pdfprnt-button-pdf\" target=\"_blank\"><img decoding=\"async\" src=\"https:\/\/la-presse-anarchiste.net\/wp-content\/plugins\/pdf-print\/images\/pdf.png\" alt=\"image_pdf\" title=\"Afficher le PDF\"><\/a><a href=\"https:\/\/la-presse-anarchiste.net\/index.php\/wp-json\/wp\/v2\/posts\/1485?print=print\" class=\"pdfprnt-button pdfprnt-button-print\" target=\"_blank\"><img decoding=\"async\" src=\"https:\/\/la-presse-anarchiste.net\/wp-content\/plugins\/pdf-print\/images\/print.png\" alt=\"image_print\" title=\"Contenu imprim\u00e9\"><\/a><\/div><div align=\"justify\">\nLe 25 avril 1969, deux bombes explo\u00adsaient \u00e0 la Foire de Milan et \u00e0 la gare, fai\u00adsant plu\u00adsieurs bles\u00ads\u00e9s l\u00e9gers. Le 12 d\u00e9cembre dans l\u2019apr\u00e8s-midi, une bombe plus ter\u00adrible cau\u00adsait la mort de 16 per\u00adsonnes dans une banque mila\u00adnaise, \u00e0 la Piaz\u00adza Fon\u00adta\u00adna, une autre fai\u00adsait des bles\u00ads\u00e9s et des d\u00e9g\u00e2ts mat\u00e9\u00adriels dans une banque de Rome. Quelques heures apr\u00e8s cha\u00adcun de ces atten\u00adtats, des anar\u00adchistes \u00e9taient arr\u00ea\u00adt\u00e9s, leurs locaux per\u00adqui\u00adsi\u00adtion\u00adn\u00e9s et mis \u00e0 sac&nbsp;; l\u2019un d\u2019eux allait, pen\u00addant l\u2019interrogatoire de police, \u00ab&nbsp;tom\u00adber&nbsp;\u00bb du 4<sup>e<\/sup> \u00e9tage et se tuer&nbsp;; plu\u00adsieurs autres sont encore en pri\u00adson. Les atten\u00adtats devaient aus\u00adsi don\u00adner le pr\u00e9\u00adtexte d\u2019une v\u00e9ri\u00adtable chasse aux gau\u00adchistes de toutes all\u00e9\u00adgeances, \u00e0 la fouille de leurs locaux et \u00e0 la r\u00e9qui\u00adsi\u00adtion de ces objets dan\u00adge\u00adreux que sont les tracts et les ron\u00e9os.\n<p>L\u2019hiver 1968\u200a\u2013\u200a1969 avait \u00e9t\u00e9 mar\u00adqu\u00e9 par une s\u00e9rie de luttes sociales en Ita\u00adlie&nbsp;; dont cer\u00adtaines avaient fait des morts\u200a\u2014\u200a\u00e0 Bat\u00adti\u00adpa\u00adglia et en Sar\u00addaigne. Les anar\u00adchistes n\u2019avaient pas \u00e9t\u00e9 les der\u00adniers sur le front des luttes&nbsp;; cer\u00adtains d\u2019entre eux, renouant\u200a\u2014\u200ah\u00e9las\u200a\u2014\u200aavec une vieille tra\u00addi\u00adtion du mou\u00adve\u00adment, s\u2019\u00e9taient ser\u00advis d\u2019arguments explo\u00adsifs. Mais les \u00ab&nbsp;bombes en papier&nbsp;\u00bb de faible puis\u00adsance avaient \u00e9t\u00e9 pos\u00e9es dans des endroits peu fr\u00e9\u00adquen\u00adt\u00e9s, de nuit, devant des palais de jus\u00adtice ou des h\u00f4tels de ville, fai\u00adsant sau\u00adter quelques moel\u00adlons et lais\u00adsant une tache noire sur le mur. Mais sur\u00adtout, c\u2019est une v\u00e9ri\u00adtable vague d\u2019attentats qui d\u00e9fer\u00adla sur l\u2019Italie \u00e0 cette \u00e9poque&nbsp;: entre les bombes des s\u00e9pa\u00adra\u00adtistes du haut Adige, celles dans les trains, celles des fas\u00adcistes contre le si\u00e8ge d\u2019organisations de gauche, celles des grou\u00adpus\u00adcules d\u2019excit\u00e9s, on a d\u00e9nom\u00adbr\u00e9 145 atten\u00adtats en 1969, douze par mois, trois par semaine\u2026 La plu\u00adpart \u00e9taient sans \u00e9qui\u00advoque dus \u00e0 des milieux d\u2019extr\u00eame droite, qui allaient par\u00adfois jusqu\u2019\u00e0 s\u2019en van\u00adter, puisqu\u2019ils savaient bien qu\u2019ils ne seraient pas inqui\u00e9\u00adt\u00e9s, qu\u2019ils avaient la police et les groupes de pres\u00adsion pour eux. Quant aux atten\u00adtats sup\u00adpo\u00ads\u00e9s anar\u00adchistes, ils \u00e9taient sign\u00e9s d\u2019un texte, manus\u00adcrit ou poly\u00adco\u00adpi\u00e9, expli\u00adquant la signi\u00adfi\u00adca\u00adtion de l\u2019acte et le choix de l\u2019objectif. Les arres\u00adta\u00adtions arbi\u00adtraires n\u2019avaient pas ser\u00advi \u00e0 grand-chose, jusqu\u2019\u00e0 ce qu\u2019en avril on arr\u00eate plu\u00adsieurs tr\u00e8s jeunes gens \u00e0 Milan, et que sous la pres\u00adsion de la tor\u00adture, de la faim, de la soif, de la peur, on leur fasse \u00ab&nbsp;avouer&nbsp;\u00bb cer\u00adtains de ces \u00ab&nbsp;crimes&nbsp;\u00bb.<\/p>\n<p>Rien cepen\u00addant ne rap\u00adproche les \u00ab&nbsp;bombes en papier&nbsp;\u00bb de l\u2019hiver de celles meur\u00adtri\u00e8res d\u2019avril et sur\u00adtout de d\u00e9cembre. Hor\u00admis la fausse concep\u00adtion que la bour\u00adgeoi\u00adsie, les hommes au pou\u00advoir et les cercles d\u2019extr\u00eame droite entre\u00adtiennent de l\u2019anarchisme. Hor\u00admis aus\u00adsi, il faut le dire, une cer\u00adtaine res\u00adpon\u00adsa\u00adbi\u00adli\u00adt\u00e9 du mou\u00adve\u00adment&nbsp;: les anar\u00adchistes ne pr\u00f4nent-ils pas bien sou\u00advent la vio\u00adlence contre l\u2019exploiteur, la des\u00adtruc\u00adtion des organes du pou\u00advoir, la dis\u00adpa\u00adri\u00adtion bru\u00adtale des ins\u00adti\u00adtu\u00adtions abhor\u00adr\u00e9es&nbsp;? Et si leur pro\u00adpa\u00adgande a \u00e9t\u00e9 mal com\u00adprise, pous\u00ads\u00e9e \u00e0 l\u2019extr\u00eame par des d\u00e9ses\u00adp\u00e9\u00adr\u00e9s, et sur\u00adtout uti\u00adli\u00ads\u00e9e contre eux par des pro\u00advo\u00adca\u00adteurs, c\u2019est qu\u2019ils n\u2019ont pas tou\u00adjours su \u00e9vi\u00adter les contre\u00adsens, expli\u00adquer les contra\u00addic\u00adtions his\u00adto\u00adriques du mou\u00adve\u00adment. Il y a dans la m\u00e9moire des anar\u00adchistes un cer\u00adtain culte des h\u00e9ros atten\u00adta\u00adteurs, de Rava\u00adchol \u00e0 Case\u00adrio, de Bres\u00adci \u00e0 Maria\u00adni&nbsp;: aujourd\u2019hui qu\u2019il n\u2019est plus de mode de tuer des tsars ou des gros bour\u00adgeois, on peut \u00eatre ten\u00adt\u00e9 d\u2019utiliser des explo\u00adsifs \u00e0 d\u2019autres endroits.<\/p>\n<p>Le dan\u00adger sur\u00adtout, mais qui n\u2019\u00e9tait pas conscient avant qu\u2019il ne soit trop tard, c\u2019est que des atten\u00adtats dus \u00e0 des pro\u00advo\u00adca\u00adteurs servent \u00e0 affai\u00adblir et \u00e0 d\u00e9man\u00adte\u00adler le mou\u00adve\u00adment anar\u00adchiste dans son ensemble. Il est aujourd\u2019hui indu\u00adbi\u00adtable\u200a\u2014\u200ala presse de gauche, un grand nombre d\u2019avocats, d\u2019intellectuels, de gens de toute sorte l\u2019ont bien com\u00adpris\u200a\u2014\u200aque tel a \u00e9t\u00e9 le cas \u00e0 Milan en avril et en d\u00e9cembre.<\/p>\n<p>On vient de publier en Ita\u00adlie un ouvrage inti\u00adtu\u00adl\u00e9 \u00ab&nbsp;La Strage di Sta\u00adto&nbsp;\u00bb [[\u00ab&nbsp;Le Mas\u00adsacre d\u2019Etat&nbsp;\u00bb, Rome, Ed. Samon\u00e0 e Savel\u00adli, 1970, 160 p., 500 lires.]], \u00ab&nbsp;contre-enqu\u00eate&nbsp;\u00bb sur les atten\u00adtats et la mani\u00e8re dont les enqu\u00eates ont \u00e9t\u00e9 men\u00e9es. Les auteurs\u200a\u2014\u200amili\u00adtants dans dif\u00adf\u00e9\u00adrents groupes de l\u2019opposition extra-par\u00adle\u00admen\u00adtaire\u200a\u2014\u200asont tr\u00e8s bien docu\u00admen\u00adt\u00e9s sur les milieux d\u2019extr\u00eame droite, et plu\u00adt\u00f4t que de se bor\u00adner \u00e0 accu\u00adser la juris\u00adpru\u00addence et \u00e0 d\u00e9non\u00adcer quelques indi\u00advi\u00addus qui auraient pos\u00e9 les bombes meur\u00adtri\u00e8res, c\u2019est de toute la renais\u00adsance du fas\u00adcisme en Ita\u00adlie qu\u2019ils d\u00e9montent les m\u00e9ca\u00adnismes&nbsp;: pro\u00advo\u00adca\u00adtion, \u00ab&nbsp;entrisme&nbsp;\u00bb d\u2019\u00e9l\u00e9ments n\u00e9o-fas\u00adcistes dans les mou\u00adve\u00adments mao\u00efstes, anar\u00adchistes, \u00e9tu\u00addiants, finan\u00adce\u00adment des orga\u00adni\u00adsa\u00adtions et des jour\u00adnaux natio\u00adnaux-socia\u00adlistes, liens avec la dic\u00adta\u00adture mili\u00adtaire en Gr\u00e8ce, bio\u00adgra\u00adphies de res\u00adpon\u00adsables et de mili\u00adtants fas\u00adcistes. Simul\u00adta\u00adn\u00e9\u00adment, ils font un tableau de la d\u00e9gra\u00adda\u00adtion de la situa\u00adtion sociale et poli\u00adtique dans l\u2019Italie de ces der\u00adni\u00e8res ann\u00e9es.<\/p>\n<p>Les anar\u00adchistes se sont livr\u00e9 \u00e0 la m\u00eame ana\u00adlyse, m\u00eame s\u2019ils ont pro\u00adc\u00e9\u00add\u00e9 moins sys\u00adt\u00e9\u00adma\u00adti\u00adque\u00adment. D\u00e8s le mois d\u2019ao\u00fbt 1969, le bul\u00adle\u00adtin de \u00ab&nbsp;Cro\u00adce\u00adne\u00adra anar\u00adchi\u00adca&nbsp;\u00bb\u200a\u2014\u200ale secours inter\u00adna\u00adtio\u00adnal anar\u00adchiste\u200a\u2014\u200a\u00e9crit que les arres\u00adta\u00adtions de cama\u00adrades mila\u00adnais doivent \u00eatre rap\u00adpor\u00adt\u00e9es aux pro\u00adbl\u00e8mes de l\u2019Italie tout enti\u00e8re, \u00ab&nbsp;les m\u00eames qu\u2019il y a 70 ans&nbsp;\u00bb&nbsp;: d\u00e9s\u00ad\u00e9qui\u00adlibre entre le Nord et le Midi, ch\u00f4\u00admage, \u00e9mi\u00adgra\u00adtion, catas\u00adtrophes natu\u00adrelles ou dues \u00e0 la n\u00e9gli\u00adgence, orga\u00adni\u00adsa\u00adtion de la police et des cara\u00adbi\u00adniers en pou\u00advoir paral\u00adl\u00e8le. Les r\u00e9voltes les plus criantes \u00e9clatent \u00e0 la p\u00e9ri\u00adph\u00e9\u00adrie sociale et poli\u00adtique&nbsp;: en Sar\u00addaigne, en Sicile, au Mez\u00adzo\u00adgior\u00adno, chez des pay\u00adsans, dans des bour\u00adgades&nbsp;; et la r\u00e9pres\u00adsion peut s\u2019y exer\u00adcer bien plus vio\u00adlem\u00adment que dans les usines Fiat \u00e0 Turin ou Pirel\u00adli \u00e0 Milan. La r\u00e9pres\u00adsion du gou\u00adver\u00adne\u00adment vise les vic\u00adtimes de sa propre vio\u00adlence&nbsp;; et les par\u00adtis d\u2019opposition, \u00ab&nbsp;pour conser\u00adver leur peu de pou\u00advoir, renoncent hon\u00adteu\u00adse\u00adment \u00e0 tous leurs prin\u00adcipes et font l\u2019apologie de l\u2019ordre&nbsp;\u00bb , donc de la r\u00e9ac\u00adtion. \u00ab&nbsp;Quand les anar\u00adchistes disent qu\u2019\u00abavec l\u2019arrestation des anar\u00adchistes com\u00admence le fas\u00adcisme&nbsp;\u00bb, ils entendent mettre en lumi\u00e8re la cir\u00adcons\u00adtance sui\u00advante&nbsp;: avec la r\u00e9pres\u00adsion vio\u00adlente exer\u00adc\u00e9e contre la p\u00e9ri\u00adph\u00e9\u00adrie sociale et poli\u00adtique, une op\u00e9\u00adra\u00adtion de police plus g\u00e9n\u00e9\u00adrale a com\u00admen\u00adc\u00e9. Le gou\u00adver\u00adne\u00adment qui a sur la conscience Avo\u00adla, Bat\u00adti\u00adpa\u00adglia et l\u2019Italie tout enti\u00e8re conti\u00adnue \u00e0 par\u00adler de vio\u00adlence sans cher\u00adcher \u00e0 expli\u00adquer d\u2019o\u00f9 vient cette violence.&nbsp;\u00bb<\/p>\n<p>Les atten\u00adtats et leur r\u00e9pres\u00adsion ne sont donc pas un pro\u00adbl\u00e8me pour les seuls anar\u00adchistes&nbsp;; mais ce sont eux qui sont phy\u00adsi\u00adque\u00adment les plus tou\u00adch\u00e9s. D\u00e8s les pre\u00admi\u00e8res minutes de l\u2019enqu\u00eate sur les bombes cri\u00admi\u00adnelles de d\u00e9cembre, les noms de plu\u00adsieurs anar\u00adchistes \u00e9taient pro\u00adnon\u00adc\u00e9s et ils allaient \u00eatre arr\u00ea\u00adt\u00e9s par dizaines&nbsp;; Val\u00adpre\u00adda \u00e9tait imm\u00e9\u00addia\u00adte\u00adment le bouc \u00e9mis\u00adsaire d\u00e9sign\u00e9.<\/p>\n<p>Et pour\u00adtant, qu\u2019est-ce que de tels atten\u00adtats pou\u00advaient avoir d\u2019anarchiste&nbsp;? Le 27 d\u00e9cembre, \u00ab&nbsp;Uma\u00adni\u00adt\u00e0 Nova&nbsp;\u00bb, l\u2019hebdomadaire de la FAI, publie un \u00e9di\u00adto\u00adrial inti\u00adtu\u00adl\u00e9&nbsp;: \u00ab&nbsp;Nous ne nous d\u00e9fen\u00addons pas, nous accusons&nbsp;\u00bb.<\/p>\n<p>\u00ab&nbsp;R\u00e9p\u00e9\u00adtons-le&nbsp;: il y a tant d\u2019humanit\u00e9 en nous autres, les anar\u00adchistes, tant de haine contre la vio\u00adlence sau\u00advage et qui se prend elle-m\u00eame pour fin, que nous trans\u00adfor\u00admons l\u2019horreur envers le mas\u00adsacre aus\u00adsi mons\u00adtrueux qu\u2019inimaginable de Milan en une pro\u00adfonde r\u00e9volte contre ceux qui tentent, cyni\u00adque\u00adment, uti\u00adli\u00adsant l\u2019\u00e9motion g\u00e9n\u00e9\u00adrale, d\u2019associer quelque id\u00e9o\u00adlo\u00adgie pro\u00adgres\u00adsiste\u200a\u2014\u200aet en par\u00adti\u00adcu\u00adlier l\u2019id\u00e9ologie liber\u00adtaire\u200a\u2014\u200aau mas\u00adsacre de vies humaines, dans un froid cal\u00adcul de pro\u00adfit. R\u00e9volte pro\u00adfonde que la n\u00f4tre, contre une telle pro\u00adfa\u00adna\u00adtion de la souf\u00adfrance des vic\u00adtimes inno\u00adcentes, que n\u2019adoucit pas la sin\u00adc\u00e8re indi\u00adgna\u00adtion popu\u00adlaire, qui n\u2019est que pas\u00adsa\u00adg\u00e8re. R\u00e9volte qui sub\u00adsis\u00adte\u00adra en nous-m\u00eames quand tous auront oubli\u00e9, comme ils ont oubli\u00e9 les vic\u00adtimes des mas\u00adsacres d\u2019ouvriers, et comme la chro\u00adnique est lue dis\u00adtrai\u00adte\u00adment qui fait conna\u00eetre aujourd\u2019hui le hon\u00adteux ver\u00addict condam\u00adnant les auteurs conscients de l\u2019immonde tra\u00adg\u00e9\u00addie du Vajont\u200a\u2014\u200a2 000 vic\u00adtimes de la sp\u00e9\u00adcu\u00adla\u00adtion et de l\u2019affairisme cri\u00admi\u00adnel\u200a\u2014\u200a\u00e0 un seul jour de prison.&nbsp;\u00bb<\/p>\n<p>Tou\u00adte\u00adfois, la plu\u00adpart des jour\u00adnaux anar\u00adchistes se m\u00e9fient d\u2019abord de Val\u00adpre\u00adda et des autres arr\u00ea\u00adt\u00e9s. Seul Pinel\u00adli \u00ab&nbsp;tom\u00adb\u00e9&nbsp;\u00bb par la fen\u00eatre apr\u00e8s trois jours d\u2019interrogatoire (alors qu\u2019il \u00e9tait pro\u00adba\u00adble\u00adment d\u00e9j\u00e0 mort sous les coups des poli\u00adciers, alors qu\u2019il avait un ali\u00adbi irr\u00e9\u00adfu\u00adtable, alors qu\u2019il \u00e9tait venu volon\u00adtai\u00adre\u00adment se faire inter\u00adro\u00adger, sur sa propre moto) jouis\u00adsait de la confiance et de l\u2019estime de tous. A son enter\u00adre\u00adment, la t\u00e9l\u00e9\u00advi\u00adsion a d\u00e9nom\u00adbr\u00e9 3000 per\u00adsonnes. Le coup de force contre les anar\u00adchistes aura ser\u00advi, pour quelque temps du moins, \u00e0 res\u00adsou\u00adder les rangs de l\u2019opposition extra-parlementaire.<\/p>\n<p>Quant \u00e0 Val\u00adpre\u00adda, il est si for\u00adte\u00adment accu\u00ads\u00e9 par la presse et les mou\u00adve\u00adments de l\u2019extr\u00eame droite \u00e0 une cer\u00adtaine gauche, on raconte tant de choses sur lui, que les milieux anar\u00adchistes doutent quelque temps. Tr\u00e8s t\u00f4t, la Cro\u00adce\u00adne\u00adra affirme cepen\u00addant son inno\u00adcence&nbsp;: c\u2019est avant tout une convic\u00adtion <i>poli\u00adtique<\/i>, car aucun anar\u00adchiste n\u2019aurait pu com\u00admettre des atten\u00adtats de ce genre, et ceux-ci s\u2019ins\u00e8rent par\u00adfai\u00adte\u00adment dans la logique de pro\u00advo\u00adca\u00adtion-r\u00e9pres\u00adsion du gou\u00adver\u00adne\u00adment. Mais c\u2019est aus\u00adsi une convic\u00adtion tech\u00adnique, \u00e0 cause de son ali\u00adbi, des nom\u00adbreux indices en sa faveur et de la fai\u00adblesse des \u00ab&nbsp;preuves&nbsp;\u00bb contre lui. La seule qui tienne est la recon\u00adnais\u00adsance for\u00admelle d\u2019un chauf\u00adfeur de taxi, Rolan\u00addi&nbsp;; mais on a appris depuis que le poli\u00adcier char\u00adg\u00e9 de l\u2019enqu\u00eate aurait pr\u00e9\u00adsen\u00adt\u00e9 une seule pho\u00adto, celle de Val\u00adpre\u00adda, \u00e0 ce chauf\u00adfeur, en lui disant qu\u2019il \u00ab&nbsp;devait le recon\u00adna\u00eetre\u00bb&nbsp;; on a aus\u00adsi trou\u00adv\u00e9 au moins deux sosies pos\u00adsibles, mili\u00adtants d\u2019extr\u00eame droite impli\u00adqu\u00e9s depuis long\u00adtemps dans de la pro\u00advo\u00adca\u00adtion ter\u00adro\u00adriste, et \u00e0 qui leurs chefs auraient fort bien pu faire jouer le r\u00f4le de Val\u00adpre\u00adda. Ce der\u00adnier l\u2019a bien com\u00adpris, qui \u00e9crit dans une lettre sor\u00adtie clan\u00addes\u00adti\u00adne\u00adment de sa pri\u00adson romaine&nbsp;: \u00ab&nbsp;Si vrai\u00adment le tueur de la Piaz\u00adza Fon\u00adta\u00adna a uti\u00adli\u00ads\u00e9 le taxi de Rolan\u00addi, c\u2019est qu\u2019il savait qu\u2019il \u00e9tait com\u00adpl\u00e8\u00adte\u00adment cou\u00advert et que quelqu\u2019un d\u2019autre serait recon\u00adnu \u00e0 sa&nbsp;place.&nbsp;\u00bb<\/p>\n<p>En effet, il y avait \u00e0 coup s\u00fbr des pro\u00advo\u00adca\u00adteurs dans le groupe du \u00ab&nbsp;22 mars&nbsp;\u00bb romain que fr\u00e9\u00adquen\u00adtait Val\u00adpre\u00adda&nbsp;: ex-mili\u00adtants fas\u00adcistes qui avaient gar\u00add\u00e9 un peu trop de rela\u00adtions avec leurs anciens amis, qui sur\u00adtout pro\u00adpo\u00adsaient un peu trop sou\u00advent de faire des actions ter\u00adro\u00adristes, d\u2019apprendre \u00e0 confec\u00adtion\u00adner des cock\u00adtails Molo\u00adtov et d\u2019autres jouets plus dan\u00adge\u00adreux pour \u00ab&nbsp;tout foutre en l\u2019air&nbsp;\u00bb. Nom\u00adbreux sont les groupes d\u2019extr\u00eame gauche et les mou\u00adve\u00adments \u00e9tu\u00addiants qui ont \u00e9t\u00e9 \u00ab&nbsp;infil\u00adtr\u00e9s&nbsp;\u00bb de cette fa\u00e7on depuis quelques ann\u00e9es, et pour un temps plus ou moins long, jusqu\u2019\u00e0 ce que les pro\u00advo\u00adca\u00adteurs et les indi\u00adca\u00adteurs soient d\u00e9masqu\u00e9s.<\/p>\n<p>On a dit que les anar\u00adchistes \u00e9taient une proie plus facile \u00e0 cause de leur orga\u00adni\u00adsa\u00adtion non cen\u00adtra\u00adli\u00ads\u00e9e, de leur id\u00e9o\u00adlo\u00adgie mal d\u00e9fi\u00adnie&nbsp;; mais, selon \u00ab&nbsp;La Strage di Sta\u00adto&nbsp;\u00bb, rares sont les groupes qui ont \u00e9chap\u00adp\u00e9 \u00e0 l\u2019infiltration. Et si les anar\u00adchistes ont \u00e9t\u00e9 une proie de choix, c\u2019est sur\u00adtout \u00e0 cause de l\u2019image tra\u00addi\u00adtion\u00adnelle du lan\u00adceur de bombes que les classes diri\u00adgeantes cultivent dans l\u2019opinion publique et que l\u2019on essaie de leur faire endos\u00adser \u00e0 chaque occasion.<\/p>\n<p>Aujourd\u2019hui, une dou\u00adzaine de cama\u00adrades sont encore empri\u00adson\u00adn\u00e9s en Ita\u00adlie pour les atten\u00adtats d\u2019avril et de d\u00e9cembre. Le plus jeune d\u2019entre eux, Rober\u00adto Man\u00adder, \u00e9crit \u00e0 \u00ab&nbsp;Uma\u00adni\u00adt\u00e0 Nova&nbsp;\u00bb de la mai\u00adson de r\u00e9\u00e9du\u00adca\u00adtion o\u00f9 il a \u00e9t\u00e9 fourr\u00e9&nbsp;:&nbsp;<\/p>\n<p>\u00ab&nbsp;Je sai\u00adsis l\u2019occasion pour deman\u00adder aux juges et aux poli\u00adciers o\u00f9 ils \u00e9taient les 25 avril et 12 d\u00e9cembre&nbsp;? Eh bien, je pense que ces mes\u00adsieurs res\u00adpec\u00adtables \u00e9taient sor\u00adtis, \u00e0 cette heure fati\u00addique, pour prendre un caf\u00e9 ou aller aux cabi\u00adnets&nbsp;; mais moi, pauvre citoyen, qui garan\u00adtit que je n\u2019\u00e9tais pas \u00e0 la Foire ou \u00e0 la Piaz\u00adza Fon\u00adta\u00adna plu\u00adt\u00f4t qu\u2019au caf\u00e9 \u00e0 c\u00f4t\u00e9 du bureau&nbsp;? En somme, tout citoyen pou\u00advait se trou\u00adver en che\u00admin, pen\u00addant ces deux heures, sans ali\u00adbi solide&nbsp;; l\u2019important, c\u2019est qu\u2019il n\u2019ait pas pro\u00adfes\u00ads\u00e9 d\u2019id\u00e9es anar\u00adchistes&nbsp;; autre\u00adment, ali\u00adbi ou non, il pou\u00advait \u00eatre incri\u00admi\u00adn\u00e9, parce que la seule preuve d\u00e9ter\u00admi\u00adnante pour des d\u00e9lits de ce genre, c\u2019est le cre\u00addo poli\u00adtique&nbsp;; il est donc logique (selon la logique de l\u2019Etat) que seuls des anar\u00adchistes soient arr\u00ea\u00adt\u00e9s et accus\u00e9s.&nbsp;\u00bb<\/p>\n<p>On a vu que les fas\u00adcistes ita\u00adliens avaient des rela\u00adtions \u00e9troites avec cer\u00adtains milieux grecs. Un docu\u00adment grec secret publi\u00e9 par des jour\u00adnaux anglais en automne 1969 apporte des r\u00e9v\u00e9\u00adla\u00adtions sur\u00adpre\u00adnantes sur les atten\u00adtats d\u2019avril&nbsp;:<\/p>\n<p>\u00ab&nbsp;Cha\u00adpitre II. Action concr\u00e8te. A. Les actions qui devaient se r\u00e9a\u00adli\u00adser ant\u00e9\u00adrieu\u00adre\u00adment n\u2019ont pu \u00eatre r\u00e9a\u00adli\u00ads\u00e9es avant le 20 avril. La modi\u00adfi\u00adca\u00adtion de nos plans a \u00e9t\u00e9 ren\u00addue n\u00e9ces\u00adsaire parce qu\u2019un contre\u00adtemps a ren\u00addu dif\u00adfi\u00adcile l\u2019acc\u00e8s au pavillon Fiat [de la Foire de Milan, o\u00f9 l\u2019une des bombes a explo\u00ads\u00e9\u200a\u2014\u200andt]. Les deux actions ont eu un effet remarqu\u00e9.&nbsp;\u00bb<\/p>\n<p>Par la suite, plu\u00adsieurs hommes de main des fas\u00adcistes ont d\u00e9cla\u00adr\u00e9 qu\u2019on leur avait pro\u00adpo\u00ads\u00e9 toutes sortes d\u2019attentats, devant par\u00adfois mettre en dan\u00adger des vies humaines, pour cr\u00e9er en Ita\u00adlie une psy\u00adchose de coup d\u2019Etat. Apr\u00e8s leurs d\u00e9cla\u00adra\u00adtions, ils ont dis\u00adpa\u00adru de la cir\u00adcu\u00adla\u00adtion, ou ont re\u00e7u des menaces graves, comme en re\u00e7oivent r\u00e9gu\u00adli\u00e8\u00adre\u00adment les anar\u00adchistes qui en savent trop long ou les avo\u00adcats qui cherchent trop&nbsp;loin.<\/p>\n<p>N\u2019allons pas jusqu\u2019\u00e0 dire que les anar\u00adchistes sont purs de tout soup\u00ad\u00e7on, ne portent aucune res\u00adpon\u00adsa\u00adbi\u00adli\u00adt\u00e9 dans les actes ter\u00adro\u00adristes et dans l\u2019escalade de la pro\u00advo\u00adca\u00adtion et de la r\u00e9pres\u00adsion. Il faut avant tout dis\u00adtin\u00adguer les atten\u00adtats qu\u2019ils peuvent avoir com\u00admis\u200a\u2014\u200acomme nous l\u2019avons mon\u00adtr\u00e9 plus haut\u200a\u2014\u200aet ceux qui sont \u00e9tran\u00adgers \u00e0 toute id\u00e9o\u00adlo\u00adgie et \u00e0 toute stra\u00adt\u00e9\u00adgie anar\u00adchistes. Mais il faut aus\u00adsi se deman\u00adder quelle part ils prennent dans la conser\u00adva\u00adtion du st\u00e9\u00adr\u00e9o\u00adtype \u00ab&nbsp;anar\u00adchie = bombe&nbsp;\u00bb. Pour s\u2019en d\u00e9faire, il leur faut pro\u00adpo\u00adser une stra\u00adt\u00e9\u00adgie radi\u00adca\u00adle\u00adment dif\u00adf\u00e9\u00adrente, d\u00e9fi\u00adnir clai\u00adre\u00adment les types d\u2019action\u200a\u2014\u200ales \u00ab&nbsp;actions exem\u00adplaires&nbsp;\u00bb sont \u00e0 cet \u00e9gard un th\u00e8me \u00e0 dis\u00adcu\u00adter\u200a\u2014\u200aet, sur\u00adtout, arr\u00ea\u00adter de jouer avec les explo\u00adsifs. Quand \u00e7a fait boum, \u00e7a fait sur\u00adtout plai\u00adsir \u00e0 celui qui a pos\u00e9 l\u2019engin, mais a\u2011t-on jamais vu que cela f\u00eet avan\u00adcer la r\u00e9volution&nbsp;?<\/p>\n<p>Le ter\u00adro\u00adrisme et la pro\u00advo\u00adca\u00adtion posent aus\u00adsi, une fois de plus, le pro\u00adbl\u00e8me de l\u2019organisation. La chasse aux sor\u00adci\u00e8res men\u00e9e contre les anar\u00adchistes a per\u00admis au mou\u00adve\u00adment ita\u00adlien de se d\u00e9bar\u00adras\u00adser d\u2019\u00e9l\u00e9ments dou\u00adteux et de res\u00adser\u00adrer les rangs&nbsp;; mais il e\u00fbt mieux valu pou\u00advoir le faire sans tous les empri\u00adson\u00adne\u00adments, tous les inter\u00adro\u00adga\u00adtoires et toutes les per\u00adqui\u00adsi\u00adtions qui ont eu lieu ces der\u00adniers mois. Nous  aux pro\u00advo\u00adca\u00adteurs et \u00e0 la sus\u00adpi\u00adcion de l\u2019Etat&nbsp;; au moins devrions-nous pou\u00advoir \u00eatre s\u00fbrs de nous-m\u00eames et des n\u00f4tres. L\u2019ins\u00e9curit\u00e9 et le malaise qui ont r\u00e9gn\u00e9 par\u00admi nous, ne f\u00fbt-ce que quelques jours, apr\u00e8s les der\u00adniers atten\u00adtats meur\u00adtriers, et qui renaissent \u00e0 chaque \u00e9v\u00e9\u00adne\u00adment \u00e9qui\u00advoque, montrent que le doute sub\u00adsiste. La cr\u00e9a\u00adtion de comi\u00adt\u00e9s contre la r\u00e9pres\u00adsion et de secours aux mili\u00adtants, un peu par\u00adtout en Europe [[En Ita\u00adlie&nbsp;: Cro\u00adce\u00adne\u00adra anar\u00adchi\u00adca, c\/\u200bo Cir\u00adco\u00adlo Ponte del\u00adla Ghi\u00adsol\u00adfa, Piaz\u00adzale Luga\u00adno 31, 20 158 Mila\u00adno. Ver\u00adse\u00adments au nom d\u2019Umberto del Grande.]], montre que la soli\u00adda\u00adri\u00adt\u00e9 est cepen\u00addant agis\u00adsante, et per\u00admet\u00adtra peut-\u00eatre une action de type pr\u00e9ventif.<\/p>\n<p>1<sup>er<\/sup> sep\u00adtembre 1970.<\/p>\n<p>Marie Mar\u00adtin\n<\/p><\/div>\n","protected":false},"excerpt":{"rendered":"<p>Le 25 avril 1969, deux bombes explo\u00adsaient \u00e0 la Foire de Milan et \u00e0 la gare, fai\u00adsant plu\u00adsieurs bles\u00ads\u00e9s l\u00e9gers. Le 12 d\u00e9cembre dans l\u2019apr\u00e8s-midi, une bombe plus ter\u00adrible cau\u00adsait la mort de 16 per\u00adsonnes dans une banque mila\u00adnaise, \u00e0 la Piaz\u00adza Fon\u00adta\u00adna, une autre fai\u00adsait des bles\u00ads\u00e9s et des d\u00e9g\u00e2ts mat\u00e9\u00adriels dans une banque&nbsp;[\u2026]<\/p>\n","protected":false},"author":1,"featured_media":0,"comment_status":"closed","ping_status":"closed","sticky":false,"template":"","format":"standard","meta":{"wp_typography_post_enhancements_disabled":false,"footnotes":""},"categories":[167],"tags":[],"ppma_author":[540],"class_list":["post-1485","post","type-post","status-publish","format-standard","hentry","category-anarchisme-et-non-violence-n23-octobre-decembre-1970"],"authors":[{"term_id":540,"user_id":1,"is_guest":0,"slug":"admin_3gikpwyf","display_name":"Vincent Dubuc","avatar_url":"https:\/\/secure.gravatar.com\/avatar\/d015720652c25fd2ced191ade86430094e1f288a17483713e3b34d26dea52507?s=96&d=mm&r=g","author_category":"","user_url":"https:\/\/la-presse-anarchiste.net","last_name":"Dubuc","first_name":"Vincent","job_title":"","description":""}],"_links":{"self":[{"href":"https:\/\/la-presse-anarchiste.net\/index.php\/wp-json\/wp\/v2\/posts\/1485","targetHints":{"allow":["GET"]}}],"collection":[{"href":"https:\/\/la-presse-anarchiste.net\/index.php\/wp-json\/wp\/v2\/posts"}],"about":[{"href":"https:\/\/la-presse-anarchiste.net\/index.php\/wp-json\/wp\/v2\/types\/post"}],"author":[{"embeddable":true,"href":"https:\/\/la-presse-anarchiste.net\/index.php\/wp-json\/wp\/v2\/users\/1"}],"replies":[{"embeddable":true,"href":"https:\/\/la-presse-anarchiste.net\/index.php\/wp-json\/wp\/v2\/comments?post=1485"}],"version-history":[{"count":0,"href":"https:\/\/la-presse-anarchiste.net\/index.php\/wp-json\/wp\/v2\/posts\/1485\/revisions"}],"wp:attachment":[{"href":"https:\/\/la-presse-anarchiste.net\/index.php\/wp-json\/wp\/v2\/media?parent=1485"}],"wp:term":[{"taxonomy":"category","embeddable":true,"href":"https:\/\/la-presse-anarchiste.net\/index.php\/wp-json\/wp\/v2\/categories?post=1485"},{"taxonomy":"post_tag","embeddable":true,"href":"https:\/\/la-presse-anarchiste.net\/index.php\/wp-json\/wp\/v2\/tags?post=1485"},{"taxonomy":"author","embeddable":true,"href":"https:\/\/la-presse-anarchiste.net\/index.php\/wp-json\/wp\/v2\/ppma_author?post=1485"}],"curies":[{"name":"wp","href":"https:\/\/api.w.org\/{rel}","templated":true}]}}