{"id":150,"date":"1965-10-01T00:09:37","date_gmt":"1965-10-01T00:09:37","guid":{"rendered":"https:\/\/la-presse-anarchiste.net\/index.php\/2007\/02\/09\/objecteurs-rapport-au-ministre\/"},"modified":"2024-04-22T06:35:08","modified_gmt":"2024-04-22T06:35:08","slug":"objecteurs-rapport-au-ministre","status":"publish","type":"post","link":"https:\/\/la-presse-anarchiste.net\/index.php\/1965\/10\/01\/objecteurs-rapport-au-ministre\/","title":{"rendered":"Objecteurs&nbsp;: rapport au ministre"},"content":{"rendered":"<div class=\"pdfprnt-buttons pdfprnt-buttons-post pdfprnt-top-right\"><a href=\"https:\/\/la-presse-anarchiste.net\/index.php\/wp-json\/wp\/v2\/posts\/150?print=pdf\" class=\"pdfprnt-button pdfprnt-button-pdf\" target=\"_blank\"><img decoding=\"async\" src=\"https:\/\/la-presse-anarchiste.net\/wp-content\/plugins\/pdf-print\/images\/pdf.png\" alt=\"image_pdf\" title=\"Afficher le PDF\"><\/a><a href=\"https:\/\/la-presse-anarchiste.net\/index.php\/wp-json\/wp\/v2\/posts\/150?print=print\" class=\"pdfprnt-button pdfprnt-button-print\" target=\"_blank\"><img decoding=\"async\" src=\"https:\/\/la-presse-anarchiste.net\/wp-content\/plugins\/pdf-print\/images\/print.png\" alt=\"image_print\" title=\"Contenu imprim\u00e9\"><\/a><\/div><p class=\"post_excerpt\" style=\"padding-left: 200px;\"><em>Depuis le vote du sta\u00adtut, la situa\u00adtion des objec\u00adteurs de conscience, en se l\u00e9ga\u00adli\u00adsant, s\u2019est am\u00e9\u00adlio\u00adr\u00e9e, mais l\u2019ap\u00adpli\u00adca\u00adtion dudit sta\u00adtut se r\u00e9v\u00e9\u00adla assez d\u00e9li\u00adcate et sans la vigi\u00adlance de nos cama\u00adrades le camp de Bri\u00adgnoles serait tout \u00e0 fait mili\u00adta\u00adri\u00ads\u00e9 et le sta\u00adtut vid\u00e9 de tout contenu.<\/em><\/p>\n<p style=\"padding-left: 200px;\"><em>Apr\u00e8s de nom\u00adbreuses pro\u00adtes\u00adta\u00adtions, une gr\u00e8ve de la faim de plu\u00adsieurs jours, le conflit avec l\u2019au\u00adto\u00adri\u00adt\u00e9 mili\u00adtaire vient d\u2019at\u00adteindre son point culmi\u00adnant et le \u00ab&nbsp;tra\u00advail&nbsp;\u00bb de s\u2019ar\u00adr\u00ea\u00adter au&nbsp;camp.<\/em><\/p>\n<p style=\"padding-left: 200px;\"><em>En ces cir\u00adcons\u00adtances, les objec\u00adteurs ont envoy\u00e9 au ministre de l\u2019In\u00adt\u00e9\u00adrieur un rap\u00adport dont nous repro\u00addui\u00adsons le texte ci-apr\u00e8s.<\/em><\/p>\n<hr>\n<div align=\"justify\">\n<p>L\u2019ex\u00adp\u00e9\u00adrience ten\u00adt\u00e9e \u00e0 Bri\u00adgnoles (Var) en appli\u00adca\u00adtion de la loi vot\u00e9e le 21 d\u00e9cembre 1963, concer\u00adnant les objec\u00adteurs de conscience dure depuis plus d\u2019un an et, aux yeux de tous ceux qui l\u2019ont v\u00e9cu la n\u00e9ces\u00adsi\u00adt\u00e9 d\u2019\u00e9\u00adta\u00adblir un bilan s\u2019impose.<\/p>\n<p>Depuis quelques jours, le tra\u00advail a ces\u00ads\u00e9 sur les chan\u00adtiers, ce qui \u00e9tait pr\u00e9\u00advi\u00adsible bien avant la p\u00e9riode des feux de for\u00eats o\u00f9 nous nous sommes employ\u00e9s acti\u00adve\u00adment cet \u00e9t\u00e9. Il ne s\u2019a\u00adgit en aucune fa\u00e7on d\u2019une gr\u00e8ve, mais cet arr\u00eat de tra\u00advail tra\u00adduit une crise de confiance g\u00e9n\u00e9\u00adrale dans l\u2019u\u00adti\u00adli\u00adt\u00e9 et le s\u00e9rieux de l\u2019en\u00adtre\u00adprise mon\u00adt\u00e9e \u00e0 Brignoles.<\/p>\n<p>La lutte contre les incen\u00addies nous a don\u00adn\u00e9 l\u2019im\u00adpres\u00adsion d\u2019\u00eatre utiles pen\u00addant quelques semaines, mais nous ne pou\u00advons nous dis\u00adsi\u00admu\u00adler qu\u2019elle ne jus\u00adti\u00adfie en aucune fa\u00e7on notre pr\u00e9\u00adsence d\u2019une ann\u00e9e \u00e0 Bri\u00adgnoles. Par rap\u00adport \u00e0 l\u2019ob\u00adjec\u00adtif \u00ab&nbsp;feux de for\u00eats&nbsp;\u00bb, la cr\u00e9a\u00adtion et l\u2019en\u00adtre\u00adtien d\u2019un petit grou\u00adpe\u00adment de cin\u00adquante hommes repr\u00e9\u00adsentent une somme d\u2019in\u00adves\u00adtis\u00adse\u00adments mani\u00adfes\u00adte\u00adment irra\u00adtion\u00adnels. Et nous devons bien consta\u00adter que cette acti\u00advi\u00adt\u00e9 de pom\u00adpier\u200a\u2014\u200a\u00e0 laquelle, d\u2019ailleurs, nous n\u2019a\u00advons pas obte\u00adnu sans quelque dif\u00adfi\u00adcul\u00adt\u00e9 de par\u00adti\u00adci\u00adper\u200a\u2014\u200aconsti\u00adtue seule\u00adment la mani\u00e8re la moins mau\u00advaise dont on nous occupe.<\/p>\n<p>Nous voi\u00adci de retour au camp, ayant comme pers\u00adpec\u00adtive, devant nous, la pour\u00adsuite des tra\u00advaux entre\u00adpris l\u2019an\u00adn\u00e9e der\u00adni\u00e8re. Mais, au cours de l\u2019hi\u00adver et du prin\u00adtemps, l\u2019ex\u00adp\u00e9\u00adrience s\u2019est av\u00e9\u00adr\u00e9e trop clai\u00adre\u00adment d\u00e9pour\u00advue des bases \u00e9l\u00e9\u00admen\u00adtaires, qui lui auraient don\u00adn\u00e9 une chance de r\u00e9us\u00adsite, pour que nous puis\u00adsions encore y croire, et sim\u00adple\u00adment lui appor\u00adter notre contribution.<\/p>\n<p>Le pro\u00adbl\u00e8me peut \u00eatre d\u00e9cou\u00adp\u00e9 en plu\u00adsieurs niveaux&nbsp;:<\/p>\n<ul>\n<li>Pour ce qui concerne l\u2019or\u00adga\u00adni\u00adsa\u00adtion pra\u00adtique du chan\u00adtier de construc\u00adtion&nbsp;: on a vou\u00adlu b\u00e2tir sans y mettre le prix&nbsp;: manque de vis\u00e9e d\u2019en\u00adsemble, absence de plan, pas de direc\u00adtion tech\u00adnique com\u00adp\u00e9\u00adtente. En somme, un vaste bricolage.<\/li>\n<li>Mais, plus pro\u00adfon\u00add\u00e9\u00adment, la mise en ques\u00adtion a por\u00adt\u00e9 sur l\u2019emploi lui-m\u00eame et sa signification.<\/li>\n<\/ul>\n<ul>\n<li>La construc\u00adtion\n<ul>\n<li>Elle se fait sur un ter\u00adrain r\u00e9ser\u00adv\u00e9 \u00e0 l\u2019implantation des futurs \u00ab&nbsp;Corps de D\u00e9fense&nbsp;\u00bb. \u00c0 qui ira-t-elle en d\u00e9fi\u00adni\u00adtive&nbsp;? Nous ne vou\u00adlons pas b\u00e2tir pour cet organisme.<\/li>\n<li>On la jus\u00adti\u00adfie par le fait que nous sommes l\u00e0 et qu\u2019il faut bien abri\u00adter le mat\u00e9\u00adriel et les hommes. Mais pour\u00adquoi sommes-nous l\u00e0&nbsp;? Avant tout pour b\u00e2tir, para\u00eet-il. On s\u2019en\u00adferme ain\u00adsi dans un cercle vicieux absurde o\u00f9 il appa\u00adra\u00eet \u00e0 l\u2019\u00e9\u00advi\u00addence, en d\u00e9pit des jus\u00adti\u00adfi\u00adca\u00adtions que l\u2019on pour\u00adra tou\u00adjours appor\u00adter, que nous sommes ici parce qu\u2019il fal\u00adlait \u00ab&nbsp;caser&nbsp;\u00bb les objec\u00adteurs de conscience quelque part, et que l\u2019on cherche seule\u00adment \u00e0 les occuper.<\/li>\n<\/ul>\n<\/li>\n<\/ul>\n<p>Tel est donc l\u2019es\u00adprit du ser\u00advice qui nous est deman\u00add\u00e9 \u00e0 Bri\u00adgnoles. Il ne cor\u00adres\u00adpond pas \u00e0 un besoin, mais seule\u00adment au sou\u00adci de nous \u00ab&nbsp;occu\u00adper&nbsp;\u00bb pen\u00addant 32 mois, \u00e0 une p\u00e9riode de notre exis\u00adtence o\u00f9 nous aurions beau\u00adcoup mieux \u00e0 faire\u2026 \u00c9prou\u00adv\u00e9e concr\u00e8\u00adte\u00adment au jour le jour, cette situa\u00adtion devient \u00e9vi\u00addem\u00adment into\u00adl\u00e9\u00adrable. D\u2019au\u00adtant que la mani\u00e8re dont on nous occupe est d\u00e9pour\u00advue d\u2019in\u00adt\u00e9\u00adr\u00eat quand elle ne prend pas pour nous une signi\u00adfi\u00adca\u00adtion ambigu\u00eb.<\/p>\n<ul>\n<li>L\u2019ins\u00adtruc\u00adtion s\u2019est limi\u00adt\u00e9e \u00e0 une for\u00adma\u00adtion som\u00admaire de secou\u00adriste et \u00e0 quelques manie\u00adments de mat\u00e9riel.<\/li>\n<\/ul>\n<p>Le fait que l\u2019\u00c9\u00adtat nous demande 32 mois pour\u00adrait \u00eatre mis \u00e0 pro\u00adfit pour dis\u00adpen\u00adser aux hommes une for\u00adma\u00adtion tech\u00adnique s\u00e9rieuse en quelque domaine que ce soit, et qui, sans doute, pro\u00adfi\u00adte\u00adrait au ser\u00advice du pays. Mais la notion de ser\u00advice semble ain\u00adsi con\u00e7ue que l\u2019on est avant tout sou\u00adcieux de nous faire pas\u00adser le&nbsp;temps\u2026<\/p>\n<p>Avec cette ques\u00adtion de ser\u00advice non moti\u00adv\u00e9, nous tou\u00adchons une carence fon\u00adda\u00admen\u00adtale de l\u2019ex\u00adp\u00e9\u00adrience. Il en est une autre qui s\u2019im\u00adpose au m\u00eame&nbsp;titre.<\/p>\n<ul>\n<li>Aux jeunes gens qui sor\u00adtaient des pri\u00adsons o\u00f9 les avait conduits leur refus de l\u2019ar\u00adm\u00e9e, ou qui se voyaient affec\u00adt\u00e9s \u00e0 une \u00ab&nbsp;for\u00adma\u00adtion civile&nbsp;\u00bb suite \u00e0 leur demande, on n\u2019a pro\u00adpo\u00ads\u00e9 d\u2019autre voie que celle-ci&nbsp;: tra\u00advailler sous les ordres d\u2019un enca\u00addre\u00adment \u00e0 carac\u00adt\u00e8re mili\u00adtaire, for\u00adm\u00e9 exclu\u00adsi\u00adve\u00adment d\u2019an\u00adciens mili\u00adtaires en uni\u00adforme, dans un orga\u00adnisme qui, sui\u00advant les nou\u00advelles lois, d\u00e9tient une part impor\u00adtante de l\u2019Or\u00adga\u00adni\u00adsa\u00adtion de la D\u00e9fense, enfin, selon les dis\u00adpo\u00adsi\u00adtions du R\u00e8gle\u00adment de Dis\u00adci\u00adpline G\u00e9n\u00e9\u00adrale des Arm\u00e9es, avec pos\u00adsi\u00adbi\u00adli\u00adt\u00e9 d\u2019\u00eatre d\u00e9f\u00e9\u00adr\u00e9 devant les Tri\u00adbu\u00adnaux Mili\u00adtaires. En juillet 1964, il n\u2019y avait pas le choix pour les objec\u00adteurs. Seule l\u2019ex\u00adp\u00e9\u00adrience pou\u00advait d\u00e9ci\u00adder. Nous croyons l\u2019a\u00advoir ten\u00adt\u00e9 loya\u00adle\u00adment. Elle a fait aujourd\u2019\u00adhui ses preuves.<\/li>\n<\/ul>\n<hr>\n<p>Pour une suite de cet article, voir <a href=\"https:\/\/la-presse-anarchiste.net\/index.php\/1966\/01\/01\/informations-objecteurs\/\">le num\u00e9\u00adro sui\u00advant<\/a> d\u2019<em>Anar\u00adchisme et non-vio\u00adlence<\/em> (note du site <em>La Presse Anar\u00adchiste<\/em>)<\/p>\n<\/div>\n","protected":false},"excerpt":{"rendered":"<p>Depuis le vote du sta\u00adtut, la situa\u00adtion des objec\u00adteurs de conscience, en se l\u00e9ga\u00adli\u00adsant, s\u2019est am\u00e9\u00adlio\u00adr\u00e9e, mais l\u2019ap\u00adpli\u00adca\u00adtion dudit sta\u00adtut se r\u00e9v\u00e9\u00adla assez d\u00e9li\u00adcate et sans la vigi\u00adlance de nos cama\u00adrades le camp de Bri\u00adgnoles serait tout \u00e0 fait mili\u00adta\u00adri\u00ads\u00e9 et le sta\u00adtut vid\u00e9 de tout conte\u00adnu. Apr\u00e8s de nom\u00adbreuses pro\u00adtes\u00adta\u00adtions, une gr\u00e8ve de&nbsp;la&nbsp;[\u2026]<\/p>\n","protected":false},"author":8,"featured_media":5126,"comment_status":"closed","ping_status":"closed","sticky":false,"template":"wp-custom-template-page-d-article","format":"standard","meta":{"wp_typography_post_enhancements_disabled":false,"footnotes":""},"categories":[19],"tags":[554],"ppma_author":[680],"class_list":["post-150","post","type-post","status-publish","format-standard","has-post-thumbnail","hentry","category-anarchisme-et-non-violence-na2-octobre-1965","tag-objection-de-conscience"],"authors":[{"term_id":680,"user_id":8,"is_guest":0,"slug":"anonyme","display_name":"Anonyme","avatar_url":"https:\/\/secure.gravatar.com\/avatar\/cdccebf2bbf18d75df96a6721f7ce7f7ec80d026f1b8ec6be93de563bca5236b?s=96&d=mm&r=g","author_category":"","user_url":"","last_name":"","first_name":"","job_title":"","description":""}],"_links":{"self":[{"href":"https:\/\/la-presse-anarchiste.net\/index.php\/wp-json\/wp\/v2\/posts\/150","targetHints":{"allow":["GET"]}}],"collection":[{"href":"https:\/\/la-presse-anarchiste.net\/index.php\/wp-json\/wp\/v2\/posts"}],"about":[{"href":"https:\/\/la-presse-anarchiste.net\/index.php\/wp-json\/wp\/v2\/types\/post"}],"author":[{"embeddable":true,"href":"https:\/\/la-presse-anarchiste.net\/index.php\/wp-json\/wp\/v2\/users\/8"}],"replies":[{"embeddable":true,"href":"https:\/\/la-presse-anarchiste.net\/index.php\/wp-json\/wp\/v2\/comments?post=150"}],"version-history":[{"count":6,"href":"https:\/\/la-presse-anarchiste.net\/index.php\/wp-json\/wp\/v2\/posts\/150\/revisions"}],"predecessor-version":[{"id":7031,"href":"https:\/\/la-presse-anarchiste.net\/index.php\/wp-json\/wp\/v2\/posts\/150\/revisions\/7031"}],"wp:featuredmedia":[{"embeddable":true,"href":"https:\/\/la-presse-anarchiste.net\/index.php\/wp-json\/wp\/v2\/media\/5126"}],"wp:attachment":[{"href":"https:\/\/la-presse-anarchiste.net\/index.php\/wp-json\/wp\/v2\/media?parent=150"}],"wp:term":[{"taxonomy":"category","embeddable":true,"href":"https:\/\/la-presse-anarchiste.net\/index.php\/wp-json\/wp\/v2\/categories?post=150"},{"taxonomy":"post_tag","embeddable":true,"href":"https:\/\/la-presse-anarchiste.net\/index.php\/wp-json\/wp\/v2\/tags?post=150"},{"taxonomy":"author","embeddable":true,"href":"https:\/\/la-presse-anarchiste.net\/index.php\/wp-json\/wp\/v2\/ppma_author?post=150"}],"curies":[{"name":"wp","href":"https:\/\/api.w.org\/{rel}","templated":true}]}}