{"id":1505,"date":"2008-06-02T23:10:16","date_gmt":"2008-06-02T23:10:16","guid":{"rendered":"https:\/\/la-presse-anarchiste.net\/index.php\/2008\/06\/02\/la-commune\/"},"modified":"2008-06-02T23:10:16","modified_gmt":"2008-06-02T23:10:16","slug":"la-commune","status":"publish","type":"post","link":"https:\/\/la-presse-anarchiste.net\/index.php\/2008\/06\/02\/la-commune\/","title":{"rendered":"La Commune"},"content":{"rendered":"<div class=\"pdfprnt-buttons pdfprnt-buttons-post pdfprnt-top-right\"><a href=\"https:\/\/la-presse-anarchiste.net\/index.php\/wp-json\/wp\/v2\/posts\/1505?print=pdf\" class=\"pdfprnt-button pdfprnt-button-pdf\" target=\"_blank\"><img decoding=\"async\" src=\"https:\/\/la-presse-anarchiste.net\/wp-content\/plugins\/pdf-print\/images\/pdf.png\" alt=\"image_pdf\" title=\"Afficher le PDF\"><\/a><a href=\"https:\/\/la-presse-anarchiste.net\/index.php\/wp-json\/wp\/v2\/posts\/1505?print=print\" class=\"pdfprnt-button pdfprnt-button-print\" target=\"_blank\"><img decoding=\"async\" src=\"https:\/\/la-presse-anarchiste.net\/wp-content\/plugins\/pdf-print\/images\/print.png\" alt=\"image_print\" title=\"Contenu imprim\u00e9\"><\/a><\/div><div align=\"justify\">\n<h2>Le massacre<\/h2>\n<p>L\u2019on ne rap\u00adpel\u00adle\u00adra jamais assez cet entre\u00adtien qu\u2019eut Alfred Naquet dans les cou\u00adloirs de l\u2019As\u00adsem\u00adbl\u00e9e Natio\u00adnale avec son col\u00adl\u00e8gue Bar\u00adth\u00e9\u00adle\u00admy-Saint-Hilaire se r\u00e9pan\u00addant en furieuses r\u00e9cri\u00admi\u00adna\u00adtions contre Mac-Mahon. Qu\u2019y a\u2011t-il donc&nbsp;? lui deman\u00addait Naquet.<\/p>\n<p>Il y a que cet imb\u00e9\u00adcile nous fait le plus grand tort. Thiers se conten\u00adtait de trois jours de mas\u00adsacre&nbsp;; le mar\u00e9\u00adchal en a vou\u00adlu&nbsp;huit.<\/p>\n<p>De fait, la r\u00e9pres\u00adsion fut non seule\u00adment ter\u00adrible, mais d\u2019une stu\u00adpi\u00addi\u00adt\u00e9 \u00e0 nulle autre pareille. La sol\u00adda\u00adtesque sou\u00advent ivre, tuait pour tuer au point que par\u00adfois les offi\u00adciers eux-m\u00eames devaient s\u2019interposer.<\/p>\n<p>\u00c0 Mont\u00admartre, les d\u00e9non\u00adcia\u00adtions se firent si nom\u00adbreuses dans les pre\u00admiers jours que les Ver\u00adsaillais en vinrent \u00e0 \u00e9ta\u00adblir une sorte de contr\u00f4le.<\/p>\n<p>Le colo\u00adnel qui en \u00e9tait char\u00adg\u00e9 n\u2019\u00e9\u00adtait pas inhu\u00admain. Il ne tar\u00adda pas \u00e0 s\u2019a\u00adper\u00adce\u00advoir qu\u2019un mou\u00adchard ne ten\u00adtait rien moins qu\u2019\u00e0 assou\u00advir d\u2019as\u00adsez basses ven\u00adgeances. \u00c0 quelque igno\u00admi\u00adnie nou\u00advelle le colo\u00adnel s\u2019y oppo\u00adsa, et le l\u00e2che dut quit\u00adter les lieux car il aurait pu lui en&nbsp;cuire.<\/p>\n<p>Un employ\u00e9 de la mai\u00adrie de Mont\u00admartre qui a lais\u00ads\u00e9 quelques sou\u00adve\u00adnirs mal\u00adheu\u00adreu\u00adse\u00adment incom\u00adplets\u200a\u2014\u200ail avait lui-m\u00eame ser\u00advi la Com\u00admune cite ce&nbsp;fait&nbsp;:<\/p>\n<p>\u00ab&nbsp;Au bout de trois jours, les ex\u00e9\u00adcu\u00adtions som\u00admaires avaient ces\u00ads\u00e9 dans le quar\u00adtier, le colo\u00adnel fai\u00adsait arr\u00ea\u00adter d\u00e9non\u00adc\u00e9s et d\u00e9non\u00adcia\u00adteurs, les confron\u00adtaient&nbsp;; quand ceux-ci avaient men\u00adti, il les rete\u00adnait pri\u00adson\u00adniers et ren\u00advoyait ceux-l\u00e0.<\/p>\n<p>Pour qu\u2019il en ait \u00e9t\u00e9 ain\u00adsi, l\u2019on convien\u00addra que la situa\u00adtion des mal\u00adheu\u00adreux pari\u00adsiens \u00e9tait des plus tra\u00adgiques. Un offi\u00adcier char\u00adg\u00e9 de la r\u00e9pres\u00adsion mis dans l\u2019o\u00adbli\u00adga\u00adtion d\u2019y mettre un frein, l\u2019on a peine \u00e0 le conce\u00advoir et n\u2019\u00e9\u00adtait que les faits sont ici rap\u00adpor\u00adt\u00e9s par un homme qui a pris part \u00e0 la Com\u00admune, qui s\u2019est bat\u00adtu pour elle aus\u00adsi bien dans les sor\u00adties qu\u2019aux bar\u00adri\u00adcades\u200a\u2014\u200ases notes \u00e9parses ne laissent aucun doute sur sa conduite\u200a\u2014\u200ail faut bien avouer qu\u2019un vent de folie d\u00fb \u00e0 la peur des uns et \u00e0 la l\u00e2che\u00adt\u00e9 des autres, s\u2019\u00e9\u00adtait empa\u00adr\u00e9 de pas mal de Parisiens.<\/p>\n<p>Voi\u00adci par\u00admi beau\u00adcoup d\u2019autres, quelques frag\u00adments de \u00ab&nbsp;Sc\u00e8nes v\u00e9cues&nbsp;\u00bb que nous emprun\u00adtons \u00e0 des lettres, des sou\u00adve\u00adnirs, des m\u00e9moires mal\u00adheu\u00adreu\u00adse\u00adment incom\u00adplets et jamais ter\u00admi\u00adn\u00e9s. Ils n\u2019en sont pas moins r\u00e9v\u00e9\u00adla\u00adteurs. On ren\u00addait les com\u00admu\u00adneux res\u00adpon\u00adsables de tous les incen\u00addies, alors que le feu avait \u00e9t\u00e9 mis, en maints endroits, par les obus de l\u2019ar\u00adm\u00e9e r\u00e9guli\u00e8re.<\/p>\n<p>Les arres\u00adta\u00adtions \u00e0 domi\u00adcile avaient lieu le matin \u00e0 l\u2019aube&nbsp;; \u00e0 six heures, je m\u2019\u00e9\u00adveillais en sur\u00adsaut, sous le coup de l\u2019i\u00add\u00e9e fixe qu\u2019un jour ou l\u2019autre j\u2019al\u00adlais voir appa\u00adra\u00eetre les agents. J\u2019\u00e9\u00adtais tr\u00e8s com\u00adpro\u00admis, puisque j\u2019a\u00advais com\u00adbat\u00adtu aux avan\u00adc\u00e9es et dans les rues&nbsp;; des por\u00adti\u00e8res aux\u00adquelles j\u2019a\u00advais jou\u00e9 de m\u00e9chants tours dans mon ado\u00adles\u00adcence, avaient fait cou\u00adrir le bruit que j\u2019a\u00advais contri\u00adbu\u00e9 \u00e0 faire fusiller le cur\u00e9 de Notre-Dame-de-Lorette.<\/p>\n<p>C\u2019est dans ces jours de mal\u00adheur qu\u2019un soir en tra\u00adver\u00adsant la place Pigalle, je fus t\u00e9moin de la sc\u00e8ne suivante&nbsp;:<\/p>\n<p>Un gigan\u00adtesque sol\u00addat de la ligne, un sapeur, qui tenait par le bras un mal\u00adheu\u00adreux \u00ab&nbsp;p\u00e9kin&nbsp;\u00bb, il le condui\u00adsit au poste, car l\u2019autre criait \u00e0 tue-t\u00eate qu\u2019il n\u2019a\u00advait rien fait. Mais le sol\u00addat le fai\u00adsait val\u00adser, comme une marion\u00adnette, \u00e0 grands coups de pied et de poing. Un ras\u00adsem\u00adble\u00adment se forme&nbsp;; quelques pas\u00adsants, indi\u00adgn\u00e9s, font entendre des pro\u00adtes\u00adta\u00adtions. Je m\u2019ap\u00adproche et je&nbsp;crie&nbsp;:<\/p>\n<p>\u2014C\u2019est ignoble de voir des choses comme&nbsp;\u00e7a&nbsp;!<br>\n<br>\u2014Qu\u2019est-ce qui est ignoble, mon\u00adsieur&nbsp;? entends-je der\u00adri\u00e8re&nbsp;moi.<\/p>\n<p>Je me retourne et je me trouve en pr\u00e9\u00adsence d\u2019un jeune sous-lieu\u00adte\u00adnant qui avait tout au plus vingt ans. Inso\u00adlem\u00adment cam\u00adp\u00e9, le poing sur la hanche, le k\u00e9pi sur l\u2019o\u00adreille, il cin\u00adglait de sa cra\u00advache le bout de ses bottes ver\u00adnies, et me regar\u00addait d\u2019un air de d\u00e9fi qui me fit bouillon\u00adner le sang dans les veines. N\u00e9an\u00admoins sous ce regard insul\u00adtant, je ne bron\u00adchai pas, sachant trop ce qu\u2019il m\u2019en aurait co\u00fbt\u00e9.<\/p>\n<p>\u2014Ah, ah&nbsp;! mes\u00adsieurs les Pari\u00adsiens, fit enfin le jeune mata\u00admore, vous n\u2019a\u00advez pas vou\u00adlu de la police&nbsp;! Eh bien, nous, nous la ferons, et raide, soyez tranquilles.<\/p>\n<p>Et il en est de m\u00eame par\u00adtout. les sol\u00addats triomphent et mettent en action les huit jours de mas\u00adsacre ordon\u00adn\u00e9s par Mac-Mahon. Co\u00fbte que co\u00fbte il faut que ces Pari\u00adsiens qui les ont tant fait trem\u00adbler \u00e9pient.<\/p>\n<p>Pr\u00e9\u00adc\u00e9\u00add\u00e9s de leurs chefs, ils entrent dans les mai\u00adsons, visitent les uns apr\u00e8s les autres les mis\u00e9\u00adrables loge\u00adments o\u00f9 il ne reste \u00e0 peu pr\u00e8s rien,. tout ayant \u00e9t\u00e9 ven\u00addu pen\u00addant le&nbsp;si\u00e8ge.<\/p>\n<p>Ils fusillent des mal\u00adheu\u00adreux qui d\u2019au\u00adcune mani\u00e8re n\u2019a\u00advaient pris part \u00e0 l\u2019ac\u00adtion. Mais qu\u2019importe.<\/p>\n<p>Il suf\u00adfit d\u2019a\u00advoir des \u00ab&nbsp;godillots&nbsp;\u00bb aux pieds, les mains noires et c\u2019en est&nbsp;fait.<\/p>\n<p>Tout homme rev\u00ea\u00adtu d\u2019un uni\u00adforme de f\u00e9d\u00e9\u00adr\u00e9\u200a\u2014\u200aet beau\u00adcoup n\u2019a\u00advaient pas les moyens d\u2019a\u00advoir d\u2019autre cos\u00adtume\u200a\u2014\u200a\u00e9tait col\u00adl\u00e9 au mur et fusill\u00e9.<\/p>\n<p>Les d\u00e9non\u00adcia\u00adtions s\u2019\u00e9\u00adle\u00advaient \u00e0 un chiffre effrayant, inima\u00adgi\u00adnable, tout suait la peur. Des com\u00adm\u00e8res se tenaient sur le pas de leur porte et signa\u00adlaient aux sol\u00addats et aux ser\u00adgents de ville qu\u2019on voyait sabre au c\u00f4t\u00e9 et revol\u00adver \u00e0 la cein\u00adture, les jeunes gens qu\u2019elles pou\u00advaient conna\u00eetre&nbsp;: \u00ab&nbsp;Tenez&nbsp;! disaient-elles, en voi\u00adl\u00e0 encore un qui a ser\u00advi la Commune&nbsp;!&nbsp;\u00bb<\/p>\n<p>Les cadavres des f\u00e9d\u00e9\u00adr\u00e9s fusill\u00e9s gisaient des jour\u00adn\u00e9es enti\u00e8res sur les trot\u00adtoirs\u200a\u2014\u200acelui de Raoul Rigault res\u00adta pr\u00e8s de 24 heures rue Gay-Lusac et le des\u00adsi\u00adna\u00adteur Pilo\u00adtell put en prendre un cro\u00adquis. Les mares de sang ne se comp\u00adtaient plus. Il y en avait par\u00adtout. Cer\u00adtaines casernes \u00e9taient bon\u00add\u00e9es de pri\u00adson\u00adniers qu\u2019on fusillait par dix apr\u00e8s un simple interrogatoire..<\/p>\n<p>Au parc Mon\u00adceau c\u2019\u00e9\u00adtait encore pire. On ex\u00e9\u00adcu\u00adtait au hasard, tous ceux que la sol\u00adda\u00adtesque ver\u00adsaillaise avait pu sai\u00adsir, par four\u00adn\u00e9es et \u00e0 coups de mitrailleuses.<\/p>\n<p>Rue de Cichy rele\u00advons-nous dans une lettre \u00e0 laquelle nous emprun\u00adtons par\u00adtie de ces hor\u00adreurs\u200a\u2014\u200aj\u2019ai vu pas\u00adser un convoi de pri\u00adson\u00adniers par\u00admi les\u00adquels il se trou\u00advait des femmes ayant des enfants \u00e0 la mamelle. Les mal\u00adheu\u00adreux qui ne pou\u00advaient mar\u00adcher assez vite \u00e9taient frap\u00adp\u00e9s \u00e0 coup de plat de sabre ou piqu\u00e9s avec la pointe.<\/p>\n<p>La bataille dans Paris avait pris fin. C\u2019\u00e9\u00adtait un \u00e9norme sou\u00adla\u00adge\u00adment de ne plus entendre la canon\u00adnade de la bat\u00adte\u00adrie des Buttes qui fou\u00addroyait les bat\u00adte\u00adries f\u00e9d\u00e9\u00adr\u00e9es des But\u00adt\u00e9s-Chau\u00admont et du P\u00e8re-Lachaise&nbsp;; c\u2019en \u00e9tait un aus\u00adsi de ne plus voir la troupe cam\u00adper dans les rues et de ne plus ren\u00adcon\u00adtrer les tapis\u00adsi\u00e8res recou\u00advertes de b\u00e2ches, d\u2019o\u00f9 s\u2019\u00e9\u00adchap\u00adpaient des filets de sang, car elles \u00e9taient bon\u00add\u00e9es de morts qu\u2019on allait enter\u00adrer p\u00eale-m\u00eale dans les cime\u00adti\u00e8res. Mais les cours mar\u00adtiales fonc\u00adtion\u00adnaient tou\u00adjours&nbsp;; les jour\u00adnaux exci\u00adtaient les auto\u00adri\u00adt\u00e9s \u00e0 la chasse aux vain\u00adcus, et des hommes de grand talent, des \u00e9cri\u00advains aim\u00e9s ne crai\u00adgnaient pas de jouer le r\u00f4le de d\u00e9non\u00adcia\u00adteurs, trou\u00advant qu\u2019on n\u2019a\u00advait pas assez fusill\u00e9, exter\u00admi\u00adn\u00e9\u2026 C\u2019\u00e9\u00adtait un affo\u00adle\u00adment de r\u00e9action.<\/p>\n<p>\u00ab&nbsp;Tous les sol\u00addats qui ont pris part \u00e0 ces ex\u00e9\u00adcu\u00adtions et que j\u2019ai ques\u00adtion\u00adn\u00e9s ont \u00e9t\u00e9 una\u00adnimes dans leurs r\u00e9cits.<\/p>\n<p>\u00ab&nbsp;L\u2019un d\u2019eux me disait&nbsp;: \u00ab\u2014 Nous avons fusill\u00e9 \u00e0 Pas\u00adsy une qua\u00adran\u00adtaine de ces canailles. Ils sont tous morts en sol\u00addats. Les uns croi\u00adsaient les bras et gar\u00addaient la t\u00eate haute. Les autres ouvraient leurs tuniques et nous criaient&nbsp;: \u00ab&nbsp;Faites feu&nbsp;! Nous n\u2019a\u00advons pas peur de la&nbsp;mort&nbsp;!&nbsp;\u00bb<\/p>\n<p>Et le comte de Mun, qui avait pris part \u00e0 l\u2019in\u00adves\u00adtis\u00adse\u00adment de Paris par l\u2019ar\u00adm\u00e9e de Ver\u00adsailles, r\u00e9pon\u00addait \u00e0 la Com\u00admis\u00adsion d\u2019en\u00adqu\u00eate sur la Commune&nbsp;:<\/p>\n<p>Les hommes que j\u2019ai vu fusiller apr\u00e8s la bataille, sans juge\u00adment\u200a\u2014\u200ac\u2019est hor\u00adrible \u00e0 pen\u00adser\u200a\u2014\u200ails mou\u00adraient avec insolence.<\/p>\n<p>Inca\u00adpable sans doute de com\u00adprendre, le \u00ab&nbsp;comte&nbsp;\u00bb prend le d\u00e9fi qui n\u2019est en la cir\u00adcons\u00adtance qu\u2019une forme du cou\u00adrage pour ce qu\u2019il qua\u00adli\u00adfie \u00ab&nbsp;d\u2019insolence&nbsp;\u00bb.<\/p>\n<p>Les hommes de sa classe ne savent jamais juger les ouvriers qu\u2019\u00e0 leur&nbsp;aune.<\/p>\n<p>Certes, l\u2019on pour\u00adrait ajou\u00adter des faits aus\u00adsi pr\u00e9\u00adcis \u00e0 l\u2019in\u00adfi\u00adni, les docu\u00adments ne manquent pas, mais \u00e0 quoi&nbsp;bon&nbsp;?<\/p>\n<p>La Com\u00admune de 1871 res\u00adte\u00adra un des faits les plus \u00e9lo\u00adquents de l\u2019his\u00adtoire de la France. Les bour\u00adgeois ont mon\u00adtr\u00e9 l\u00e0 toute la haine qu\u2019ils ont en r\u00e9serve pour la classe ouvri\u00e8re.<\/p>\n<p>Nous n\u2019a\u00adjou\u00adte\u00adrons rien de&nbsp;plus.&nbsp;<\/p><\/div>\n","protected":false},"excerpt":{"rendered":"<p>Le mas\u00adsacre L\u2019on ne rap\u00adpel\u00adle\u00adra jamais assez cet entre\u00adtien qu\u2019eut Alfred Naquet dans les cou\u00adloirs de l\u2019As\u00adsem\u00adbl\u00e9e Natio\u00adnale avec son col\u00adl\u00e8gue Bar\u00ad\u00adth\u00e9\u00ad\u00adle\u00ad\u00admy-Saint-Hilaire se r\u00e9pan\u00addant en furieuses r\u00e9cri\u00admi\u00adna\u00adtions contre Mac-Mahon. Qu\u2019y a\u2011t\u2011il donc&nbsp;? lui deman\u00addait Naquet. Il y a que cet imb\u00e9\u00adcile nous fait le plus grand tort. Thiers se conten\u00adtait de trois jours de massacre&nbsp;;&nbsp;[\u2026]<\/p>\n","protected":false},"author":1,"featured_media":0,"comment_status":"closed","ping_status":"closed","sticky":false,"template":"","format":"standard","meta":{"wp_typography_post_enhancements_disabled":false,"footnotes":""},"categories":[171],"tags":[],"ppma_author":[540],"class_list":["post-1505","post","type-post","status-publish","format-standard","hentry","category-plus-loin-na2-juin-1946"],"authors":[{"term_id":540,"user_id":1,"is_guest":0,"slug":"admin_3gikpwyf","display_name":"Vincent Dubuc","avatar_url":"https:\/\/secure.gravatar.com\/avatar\/d015720652c25fd2ced191ade86430094e1f288a17483713e3b34d26dea52507?s=96&d=mm&r=g","author_category":"","user_url":"https:\/\/la-presse-anarchiste.net","last_name":"Dubuc","first_name":"Vincent","job_title":"","description":""}],"_links":{"self":[{"href":"https:\/\/la-presse-anarchiste.net\/index.php\/wp-json\/wp\/v2\/posts\/1505","targetHints":{"allow":["GET"]}}],"collection":[{"href":"https:\/\/la-presse-anarchiste.net\/index.php\/wp-json\/wp\/v2\/posts"}],"about":[{"href":"https:\/\/la-presse-anarchiste.net\/index.php\/wp-json\/wp\/v2\/types\/post"}],"author":[{"embeddable":true,"href":"https:\/\/la-presse-anarchiste.net\/index.php\/wp-json\/wp\/v2\/users\/1"}],"replies":[{"embeddable":true,"href":"https:\/\/la-presse-anarchiste.net\/index.php\/wp-json\/wp\/v2\/comments?post=1505"}],"version-history":[{"count":0,"href":"https:\/\/la-presse-anarchiste.net\/index.php\/wp-json\/wp\/v2\/posts\/1505\/revisions"}],"wp:attachment":[{"href":"https:\/\/la-presse-anarchiste.net\/index.php\/wp-json\/wp\/v2\/media?parent=1505"}],"wp:term":[{"taxonomy":"category","embeddable":true,"href":"https:\/\/la-presse-anarchiste.net\/index.php\/wp-json\/wp\/v2\/categories?post=1505"},{"taxonomy":"post_tag","embeddable":true,"href":"https:\/\/la-presse-anarchiste.net\/index.php\/wp-json\/wp\/v2\/tags?post=1505"},{"taxonomy":"author","embeddable":true,"href":"https:\/\/la-presse-anarchiste.net\/index.php\/wp-json\/wp\/v2\/ppma_author?post=1505"}],"curies":[{"name":"wp","href":"https:\/\/api.w.org\/{rel}","templated":true}]}}