{"id":1513,"date":"2008-07-10T11:54:15","date_gmt":"2008-07-10T11:54:15","guid":{"rendered":"https:\/\/la-presse-anarchiste.net\/index.php\/2008\/07\/10\/mouvement-social-31\/"},"modified":"2008-07-10T11:54:15","modified_gmt":"2008-07-10T11:54:15","slug":"mouvement-social-31","status":"publish","type":"post","link":"https:\/\/la-presse-anarchiste.net\/index.php\/2008\/07\/10\/mouvement-social-31\/","title":{"rendered":"Mouvement Social"},"content":{"rendered":"<div class=\"pdfprnt-buttons pdfprnt-buttons-post pdfprnt-top-right\"><a href=\"https:\/\/la-presse-anarchiste.net\/index.php\/wp-json\/wp\/v2\/posts\/1513?print=pdf\" class=\"pdfprnt-button pdfprnt-button-pdf\" target=\"_blank\"><img decoding=\"async\" src=\"https:\/\/la-presse-anarchiste.net\/wp-content\/plugins\/pdf-print\/images\/pdf.png\" alt=\"image_pdf\" title=\"Afficher le PDF\"><\/a><a href=\"https:\/\/la-presse-anarchiste.net\/index.php\/wp-json\/wp\/v2\/posts\/1513?print=print\" class=\"pdfprnt-button pdfprnt-button-print\" target=\"_blank\"><img decoding=\"async\" src=\"https:\/\/la-presse-anarchiste.net\/wp-content\/plugins\/pdf-print\/images\/print.png\" alt=\"image_print\" title=\"Contenu imprim\u00e9\"><\/a><\/div><div align=\"justify\">\nNous trou\u00advons dans le <i>R\u00e9veil des Ver\u00adriers<\/i>&nbsp;:\n<p><b>Schles\u00adwig-Hol\u00adstein<\/b> (Alle\u00admagne).\u200a\u2014\u200aLa gr\u00e8ve des ouvriers cimen\u00adtiers \u00e0 Lager\u00addorf est d\u00e9cla\u00adr\u00e9e et nous appre\u00adnons. \u00e0 cet effet, que les direc\u00adteurs des trois grandes fabriques de ciment&nbsp;: MM.&nbsp;Eug\u00e8ne Lyon, Alsen et Brei\u00adten\u00adburg, ont conclu une entente dans laquelle il est conve\u00adnu qu\u2019un ouvrier ren\u00advoy\u00e9 de l\u2019une de ces fabriques, ou n\u2019y ayant plus de tra\u00advail, ne pour\u00adra en obte\u00adnir dans l\u2019une des deux autres et ne pour\u00adra y \u00eatre admis qu\u2019a\u00adpr\u00e8s avoir ch\u00f4\u00adm\u00e9 six mois ou tra\u00advaill\u00e9 au dehors, quel que soit le motif pour lequel il aura d\u00fb quit\u00adter l\u2019u\u00adsine. Il est \u00e0 obser\u00adver qu\u2019il n\u2019y a que le per\u00adson\u00adnel de la fabrique Eug\u00e8ne Lyon qui se trouve en gr\u00e8ve et que, par cons\u00e9\u00adquent, les deux autres usines n\u2019\u00e9\u00adtaient nul\u00adle\u00adment contraintes \u00e0 conclure cette entente de d\u00e9mence.<\/p>\n<p>Depuis plu\u00adsieurs ann\u00e9es d\u00e9j\u00e0, les fabri\u00adcants ver\u00adriers alle\u00admands et leurs confr\u00e8res autri\u00adchiens s\u2019a\u00addonnent \u00e0 cette \u00ab&nbsp;noble pas\u00adsion&nbsp;\u00bb. Il en est ain\u00adsi, par exemple, entre les ver\u00adre\u00adries rh\u00e9\u00adnanes et west\u00adpha\u00adliennes, quand les grandes ver\u00adre\u00adries \u00e0 bou\u00adteilles de Dres\u00adden, Doh\u00adlen ont conclu de pareils trai\u00adt\u00e9s avec celles de Neu\u00adrat\u00adtl, Esbit\u00adtl, Aus\u00adsig et tant d\u2019autres. En outre, d\u2019a\u00adpr\u00e8s le r\u00e8gle\u00adment de ces fabriques, tout ouvrier appar\u00adte\u00adnant \u00e0 une soci\u00e9\u00adt\u00e9 de cor\u00adpo\u00adra\u00adtion sociale d\u00e9mo\u00adcra\u00adtique quel\u00adconque qui ten\u00adte\u00adrait de faire une qu\u00eate pour des causes socia\u00adlistes doit \u00eatre cong\u00e9\u00addi\u00e9 imm\u00e9diatement.<\/p>\n<p>(Extrait du <i>Fach\u00adge\u00adnosse<\/i>, n\u00ba 24.\u200a\u2014\u200asign\u00e9&nbsp;: Reldiw)&nbsp;<\/p><\/div>\n","protected":false},"excerpt":{"rendered":"<p>Nous trou\u00advons dans le R\u00e9veil des Ver\u00adriers&nbsp;: Schles\u00ad\u00adwig-Hol\u00ad\u00adstein (Alle\u00admagne).\u200a\u2014\u200aLa gr\u00e8ve des ouvriers cimen\u00adtiers \u00e0 Lager\u00addorf est d\u00e9cla\u00adr\u00e9e et nous appre\u00adnons. \u00e0 cet effet, que les direc\u00adteurs des trois grandes fabriques de ciment&nbsp;: MM.&nbsp;Eug\u00e8ne Lyon, Alsen et Brei\u00adten\u00adburg, ont conclu une entente dans laquelle il est conve\u00adnu qu\u2019un ouvrier ren\u00advoy\u00e9 de l\u2019une de ces fabriques, ou&nbsp;[\u2026]<\/p>\n","protected":false},"author":1,"featured_media":0,"comment_status":"closed","ping_status":"closed","sticky":false,"template":"","format":"standard","meta":{"wp_typography_post_enhancements_disabled":false,"footnotes":""},"categories":[172],"tags":[],"ppma_author":[540],"class_list":["post-1513","post","type-post","status-publish","format-standard","hentry","category-les-temps-nouveaux-na10-6-12-juillet-1895"],"authors":[{"term_id":540,"user_id":1,"is_guest":0,"slug":"admin_3gikpwyf","display_name":"Vincent Dubuc","avatar_url":"https:\/\/secure.gravatar.com\/avatar\/d015720652c25fd2ced191ade86430094e1f288a17483713e3b34d26dea52507?s=96&d=mm&r=g","author_category":"","user_url":"https:\/\/la-presse-anarchiste.net","last_name":"Dubuc","first_name":"Vincent","job_title":"","description":""}],"_links":{"self":[{"href":"https:\/\/la-presse-anarchiste.net\/index.php\/wp-json\/wp\/v2\/posts\/1513","targetHints":{"allow":["GET"]}}],"collection":[{"href":"https:\/\/la-presse-anarchiste.net\/index.php\/wp-json\/wp\/v2\/posts"}],"about":[{"href":"https:\/\/la-presse-anarchiste.net\/index.php\/wp-json\/wp\/v2\/types\/post"}],"author":[{"embeddable":true,"href":"https:\/\/la-presse-anarchiste.net\/index.php\/wp-json\/wp\/v2\/users\/1"}],"replies":[{"embeddable":true,"href":"https:\/\/la-presse-anarchiste.net\/index.php\/wp-json\/wp\/v2\/comments?post=1513"}],"version-history":[{"count":0,"href":"https:\/\/la-presse-anarchiste.net\/index.php\/wp-json\/wp\/v2\/posts\/1513\/revisions"}],"wp:attachment":[{"href":"https:\/\/la-presse-anarchiste.net\/index.php\/wp-json\/wp\/v2\/media?parent=1513"}],"wp:term":[{"taxonomy":"category","embeddable":true,"href":"https:\/\/la-presse-anarchiste.net\/index.php\/wp-json\/wp\/v2\/categories?post=1513"},{"taxonomy":"post_tag","embeddable":true,"href":"https:\/\/la-presse-anarchiste.net\/index.php\/wp-json\/wp\/v2\/tags?post=1513"},{"taxonomy":"author","embeddable":true,"href":"https:\/\/la-presse-anarchiste.net\/index.php\/wp-json\/wp\/v2\/ppma_author?post=1513"}],"curies":[{"name":"wp","href":"https:\/\/api.w.org\/{rel}","templated":true}]}}