{"id":1522,"date":"2008-07-10T16:13:28","date_gmt":"2008-07-10T16:13:28","guid":{"rendered":"https:\/\/la-presse-anarchiste.net\/index.php\/2008\/07\/10\/sur-le-trimard\/"},"modified":"2008-07-10T16:13:28","modified_gmt":"2008-07-10T16:13:28","slug":"sur-le-trimard","status":"publish","type":"post","link":"https:\/\/la-presse-anarchiste.net\/index.php\/2008\/07\/10\/sur-le-trimard\/","title":{"rendered":"Sur le Trimard"},"content":{"rendered":"<div class=\"pdfprnt-buttons pdfprnt-buttons-post pdfprnt-top-right\"><a href=\"https:\/\/la-presse-anarchiste.net\/index.php\/wp-json\/wp\/v2\/posts\/1522?print=pdf\" class=\"pdfprnt-button pdfprnt-button-pdf\" target=\"_blank\"><img decoding=\"async\" src=\"https:\/\/la-presse-anarchiste.net\/wp-content\/plugins\/pdf-print\/images\/pdf.png\" alt=\"image_pdf\" title=\"Afficher le PDF\"><\/a><a href=\"https:\/\/la-presse-anarchiste.net\/index.php\/wp-json\/wp\/v2\/posts\/1522?print=print\" class=\"pdfprnt-button pdfprnt-button-print\" target=\"_blank\"><img decoding=\"async\" src=\"https:\/\/la-presse-anarchiste.net\/wp-content\/plugins\/pdf-print\/images\/print.png\" alt=\"image_print\" title=\"Contenu imprim\u00e9\"><\/a><\/div><p class=\"post_excerpt\">[[Entre\u00adfi\u00adlet publi\u00e9 sans&nbsp;titre.]]<\/p>\n<p><!--more--><\/p>\n<div align=\"justify\">\n\t<i>Sur le Tri\u00admard<\/i>, l\u2019or\u00adgane, que quelques cama\u00adrades \u00e9tu\u00addiants viennent de fon\u00adder, a lan\u00adc\u00e9 son pre\u00admier num\u00e9\u00adro. Nous ne pou\u00advons qu\u2019ap\u00adplau\u00addir des deux mains \u00e0 l\u2019ap\u00adpa\u00adri\u00adtion d\u2019un nou\u00adveau jour\u00adnal des\u00adti\u00adn\u00e9 \u00e0 r\u00e9pandre nos&nbsp;id\u00e9es.&nbsp;\n<p>\tMais son pre\u00admier num\u00e9\u00adro contient une \u00e9pi\u00adgramme \u00e0 notre adresse que nous croyons bon de relever.<\/p>\n<p>\t<i>Sur le Tri\u00admard<\/i> nous reproche d\u2019a\u00advoir, dans l\u2019ar\u00adticle <i><a href=\"http:\/\/www.la-presse-anarchiste.net\/spip\/spip.php?action=redirect&amp;id_article=778\">Autour de nous<\/a><\/i>, paru dans le num\u00e9\u00adro 6, consta\u00adt\u00e9 que le tra\u00advailleur, pous\u00ads\u00e9 en cela par les condi\u00adtions \u00e9co\u00adno\u00admiques, voyait dans la r\u00e9vo\u00adlu\u00adtion sociale plu\u00adt\u00f4t une ques\u00adtion d\u2019a\u00adm\u00e9\u00adlio\u00adra\u00adtion mat\u00e9\u00adrielle que la r\u00e9a\u00adli\u00adsa\u00adtion d\u2019une concep\u00adtion phi\u00adlo\u00adso\u00adphique. C\u2019est un fait&nbsp;: pou\u00advons-nous d\u00e9ci\u00adder qu\u2019il en soit autre\u00adment&nbsp;? Nos cama\u00adrades de <i>Sur le Tri\u00admard<\/i> auraient-ils pr\u00e9\u00adf\u00e9\u00adr\u00e9 nous voir tor\u00adtu\u00adrer les faits pour les for\u00adcer \u00e0 cadrer avec une concep\u00adtion for\u00admu\u00adl\u00e9e a priori&nbsp;?<\/p>\n<p>\tOui, \u00e0 l\u2019heure actuelle, l\u2019i\u00add\u00e9e de liber\u00adt\u00e9 com\u00adpl\u00e8te, bien com\u00adprise, bien consciente, n\u2019est que l\u2019a\u00adpa\u00adnage d\u2019une mino\u00adri\u00adt\u00e9 affran\u00adchie des dif\u00adfi\u00adcul\u00adt\u00e9s de la lutte pour vivre. Oui, l\u2019i\u00add\u00e9e de liber\u00adt\u00e9 est encore, \u00e0 l\u2019heure actuelle, un luxe dont la plu\u00adpart des tra\u00advailleurs ne res\u00adsentent pas le besoin d\u2019une fa\u00e7on tr\u00e8s intense. C\u2019est la faute de la soci\u00e9\u00adt\u00e9 actuelle et non la&nbsp;n\u00f4tre.<\/p>\n<p>\tEt c\u2019est pour \u00e9veiller chez eux ce besoin, pour essayer de lui don\u00adner de l\u2019in\u00adten\u00adsi\u00adt\u00e9, que nous trai\u00adtons la ques\u00adtion sous toutes ses faces, dans toute son int\u00e9\u00adgra\u00adli\u00adt\u00e9, que nous refu\u00adsons de la morceler.&nbsp;<\/p><\/div>\n","protected":false},"excerpt":{"rendered":"<p>[[Entre\u00adfi\u00adlet publi\u00e9 sans&nbsp;titre.]]<\/p>\n","protected":false},"author":1,"featured_media":0,"comment_status":"closed","ping_status":"closed","sticky":false,"template":"","format":"standard","meta":{"wp_typography_post_enhancements_disabled":false,"footnotes":""},"categories":[173],"tags":[],"ppma_author":[540],"class_list":["post-1522","post","type-post","status-publish","format-standard","hentry","category-les-temps-nouveaux-na11-13-19-juillet-1895"],"authors":[{"term_id":540,"user_id":1,"is_guest":0,"slug":"admin_3gikpwyf","display_name":"Vincent Dubuc","avatar_url":"https:\/\/secure.gravatar.com\/avatar\/d015720652c25fd2ced191ade86430094e1f288a17483713e3b34d26dea52507?s=96&d=mm&r=g","author_category":"","user_url":"https:\/\/la-presse-anarchiste.net","last_name":"Dubuc","first_name":"Vincent","job_title":"","description":""}],"_links":{"self":[{"href":"https:\/\/la-presse-anarchiste.net\/index.php\/wp-json\/wp\/v2\/posts\/1522","targetHints":{"allow":["GET"]}}],"collection":[{"href":"https:\/\/la-presse-anarchiste.net\/index.php\/wp-json\/wp\/v2\/posts"}],"about":[{"href":"https:\/\/la-presse-anarchiste.net\/index.php\/wp-json\/wp\/v2\/types\/post"}],"author":[{"embeddable":true,"href":"https:\/\/la-presse-anarchiste.net\/index.php\/wp-json\/wp\/v2\/users\/1"}],"replies":[{"embeddable":true,"href":"https:\/\/la-presse-anarchiste.net\/index.php\/wp-json\/wp\/v2\/comments?post=1522"}],"version-history":[{"count":0,"href":"https:\/\/la-presse-anarchiste.net\/index.php\/wp-json\/wp\/v2\/posts\/1522\/revisions"}],"wp:attachment":[{"href":"https:\/\/la-presse-anarchiste.net\/index.php\/wp-json\/wp\/v2\/media?parent=1522"}],"wp:term":[{"taxonomy":"category","embeddable":true,"href":"https:\/\/la-presse-anarchiste.net\/index.php\/wp-json\/wp\/v2\/categories?post=1522"},{"taxonomy":"post_tag","embeddable":true,"href":"https:\/\/la-presse-anarchiste.net\/index.php\/wp-json\/wp\/v2\/tags?post=1522"},{"taxonomy":"author","embeddable":true,"href":"https:\/\/la-presse-anarchiste.net\/index.php\/wp-json\/wp\/v2\/ppma_author?post=1522"}],"curies":[{"name":"wp","href":"https:\/\/api.w.org\/{rel}","templated":true}]}}