{"id":153,"date":"2007-02-09T19:49:18","date_gmt":"2007-02-09T19:49:18","guid":{"rendered":"https:\/\/la-presse-anarchiste.net\/index.php\/2007\/02\/09\/cinema-radio\/"},"modified":"2007-02-09T19:49:18","modified_gmt":"2007-02-09T19:49:18","slug":"cinema-radio","status":"publish","type":"post","link":"https:\/\/la-presse-anarchiste.net\/index.php\/2007\/02\/09\/cinema-radio\/","title":{"rendered":"Cin\u00e9ma, Radio"},"content":{"rendered":"<div class=\"pdfprnt-buttons pdfprnt-buttons-post pdfprnt-top-right\"><a href=\"https:\/\/la-presse-anarchiste.net\/index.php\/wp-json\/wp\/v2\/posts\/153?print=pdf\" class=\"pdfprnt-button pdfprnt-button-pdf\" target=\"_blank\"><img decoding=\"async\" src=\"https:\/\/la-presse-anarchiste.net\/wp-content\/plugins\/pdf-print\/images\/pdf.png\" alt=\"image_pdf\" title=\"Afficher le PDF\"><\/a><a href=\"https:\/\/la-presse-anarchiste.net\/index.php\/wp-json\/wp\/v2\/posts\/153?print=print\" class=\"pdfprnt-button pdfprnt-button-print\" target=\"_blank\"><img decoding=\"async\" src=\"https:\/\/la-presse-anarchiste.net\/wp-content\/plugins\/pdf-print\/images\/print.png\" alt=\"image_print\" title=\"Contenu imprim\u00e9\"><\/a><\/div><div align=\"justify\">\n\tLe temps ne se pr\u00eate gu\u00e8re aux sor\u00adties, et nous ne sommes all\u00e9s ni au th\u00e9\u00e2tre ni au music-hall ce mois-ci. Pour y voir quoi, d\u2019ailleurs&nbsp;? Et puis, ces mes\u00adsieurs-dames sont en pleine crise d\u2019\u00e9\u00adpu\u00adra\u00adtion. (On perd son temps comme on peut&nbsp;!) Il convient donc d\u2019at\u00adtendre que soient d\u00e9fi\u00adni\u00adti\u00adve\u00adment clas\u00ads\u00e9s les \u00ab&nbsp;bons&nbsp;\u00bb et les \u00ab&nbsp;mau\u00advais&nbsp;\u00bb. (En se basant sur quoi&nbsp;? Per\u00adsonne n\u2019en sait rien. Et c\u2019est l\u00e0 le c\u00f4t\u00e9 le plus dr\u00f4le de l\u2019histoire.)&nbsp;\n<p>\tPar contre, nous sommes all\u00e9s deux fois au cin\u00e9\u00adma. Sim\u00adple\u00adment pour y revoir l\u2019<em>Etrange sur\u00adsis<\/em>, et <em>Vous ne l\u2019emporterez pas avec vous<\/em>. (Voi\u00adl\u00e0 une chose que nous savons par\u00adfai\u00adte\u00adment, ici&nbsp;; mais qu\u2019il serait bon que les bour\u00adgeois et les ban\u00adquiers se mettent dans la t\u00eate une fois pour toutes).&nbsp;<\/p>\n<p>\tNous avons aus\u00adsi enten\u00addu le tour de chant de Jacques Grel\u00adlo. Par\u00admi ses nou\u00advelles chan\u00adsons, il y en a une sur la c\u00e9r\u00e9\u00admo\u00adnie de la signa\u00adture du pacte fran\u00adco-sovi\u00e9\u00adtique, qui vaut son verre de vod\u00adka. Brave Grello&nbsp;!&nbsp;<\/p>\n<p>\tEt donc, \u00e9tant si peu sor\u00adti, nous avons eu tout le loi\u00adsir n\u00e9ces\u00adsaire pour nous occu\u00adper de la&nbsp;radio.&nbsp;<\/p>\n<p>\tSaint-Gra\u00adnier p\u00e8re et fils sont tou\u00adjours en vie. Jean-Jacques Vital a une acti\u00advi\u00adt\u00e9 d\u00e9bor\u00addante, une pro\u00adnon\u00adcia\u00adtion d\u00e9fec\u00adtueuse et un tan\u00adti\u00adnet vul\u00adgaire, et un go\u00fbt d\u00e9plo\u00adrable. Jean Delettre, entre deux \u00e9mis\u00adsions, pro\u00adfite de sa situa\u00adtion pour cen\u00adsu\u00adrer les petits copains.&nbsp;<\/p>\n<p>\tTrois fois par semaine, Tar\u00adtem\u00adpion et Come\u00adla\u00adlune nous expliquent le \u00ab&nbsp;pour\u00adquoi que le char\u00adbon \u00e0 cause de l\u2019\u00e9lec\u00adtri\u00adci\u00adt\u00e9 que les loco\u00admo\u00adtives par pro\u00adfu\u00adsion de bom\u00adbar\u00adde\u00adments sabo\u00adteurs lib\u00e9\u00adra\u00adtoires mal\u00adgr\u00e9 les heures sup\u00adpl\u00e9\u00admen\u00adtaires des mineurs et le gel des canaux vou\u00adlu par un froid tout \u00e0 fait logique mal\u00adgr\u00e9 le d\u00e9voue\u00adment des mari\u00adniers et le manque de pneus pour camions sans essence&nbsp;\u00bb,&nbsp;etc.&nbsp;!&nbsp;<\/p>\n<p>\tLe same\u00addi, \u00e0 23 heures, on passe au moins un bon moment. Sous le titre \u00c9cole buis\u00adson\u00adni\u00e8re, on a octroy\u00e9 cinq \u00e9mis\u00adsions d\u2019une demi-heure \u00e0 Jacques Pr\u00e9\u00advert ou plu\u00adt\u00f4t \u00e0 ses chan\u00adsons. En ce qui concerne Pr\u00e9\u00advert, on aurait mieux fait de nous don\u00adner une belle \u00e9mis\u00adsion, consa\u00adcr\u00e9e aux dia\u00adlogues de ses films. \u00c7a c\u2019\u00e9\u00adtait nor\u00admal, et juste, parce que pour les dia\u00adlogues, Pr\u00e9\u00advert c\u2019est quel\u00adqu\u2019un&nbsp;! Mais pour les chan\u00adsons\u2026 z\u00e9ro&nbsp;! On en arrive \u00e0 trou\u00adver que Regi\u00adnel\u00adla et Tchi-tchi sont des chefs d\u2019oeuvre&nbsp;! \u00c7a n\u2019est plus l\u2019\u00e9\u00adcole buis\u00adson\u00adni\u00e8re, ce sont des heures de consigne&nbsp;!&nbsp;<\/p><\/div>\n","protected":false},"excerpt":{"rendered":"<p>Le temps ne se pr\u00eate gu\u00e8re aux sor\u00adties, et nous ne sommes all\u00e9s ni au th\u00e9\u00e2tre ni au music-hall ce mois-ci. Pour y voir quoi, d\u2019ailleurs&nbsp;? Et puis, ces mes\u00ad\u00adsieurs-dames sont en pleine crise d\u2019\u00e9\u00adpu\u00adra\u00adtion. (On perd son temps comme on peut&nbsp;!) Il convient donc d\u2019at\u00adtendre que soient d\u00e9fi\u00adni\u00adti\u00adve\u00adment clas\u00ads\u00e9s les \u00ab&nbsp;bons&nbsp;\u00bb et les \u00ab&nbsp;mauvais&nbsp;\u00bb.&nbsp;[\u2026]<\/p>\n","protected":false},"author":1,"featured_media":0,"comment_status":"closed","ping_status":"closed","sticky":false,"template":"","format":"standard","meta":{"wp_typography_post_enhancements_disabled":false,"footnotes":""},"categories":[25],"tags":[],"ppma_author":[540],"class_list":["post-153","post","type-post","status-publish","format-standard","hentry","category-le-libertaire-n2-15-fevrier-1945"],"authors":[{"term_id":540,"user_id":1,"is_guest":0,"slug":"admin_3gikpwyf","display_name":"Vincent Dubuc","avatar_url":"https:\/\/secure.gravatar.com\/avatar\/d015720652c25fd2ced191ade86430094e1f288a17483713e3b34d26dea52507?s=96&d=mm&r=g","author_category":"","user_url":"https:\/\/la-presse-anarchiste.net","last_name":"Dubuc","first_name":"Vincent","job_title":"","description":""}],"_links":{"self":[{"href":"https:\/\/la-presse-anarchiste.net\/index.php\/wp-json\/wp\/v2\/posts\/153","targetHints":{"allow":["GET"]}}],"collection":[{"href":"https:\/\/la-presse-anarchiste.net\/index.php\/wp-json\/wp\/v2\/posts"}],"about":[{"href":"https:\/\/la-presse-anarchiste.net\/index.php\/wp-json\/wp\/v2\/types\/post"}],"author":[{"embeddable":true,"href":"https:\/\/la-presse-anarchiste.net\/index.php\/wp-json\/wp\/v2\/users\/1"}],"replies":[{"embeddable":true,"href":"https:\/\/la-presse-anarchiste.net\/index.php\/wp-json\/wp\/v2\/comments?post=153"}],"version-history":[{"count":0,"href":"https:\/\/la-presse-anarchiste.net\/index.php\/wp-json\/wp\/v2\/posts\/153\/revisions"}],"wp:attachment":[{"href":"https:\/\/la-presse-anarchiste.net\/index.php\/wp-json\/wp\/v2\/media?parent=153"}],"wp:term":[{"taxonomy":"category","embeddable":true,"href":"https:\/\/la-presse-anarchiste.net\/index.php\/wp-json\/wp\/v2\/categories?post=153"},{"taxonomy":"post_tag","embeddable":true,"href":"https:\/\/la-presse-anarchiste.net\/index.php\/wp-json\/wp\/v2\/tags?post=153"},{"taxonomy":"author","embeddable":true,"href":"https:\/\/la-presse-anarchiste.net\/index.php\/wp-json\/wp\/v2\/ppma_author?post=153"}],"curies":[{"name":"wp","href":"https:\/\/api.w.org\/{rel}","templated":true}]}}