{"id":1534,"date":"1983-03-01T00:03:54","date_gmt":"1983-03-01T00:03:54","guid":{"rendered":"https:\/\/la-presse-anarchiste.net\/index.php\/2008\/07\/11\/trois-precisions-sur-la-pologne\/"},"modified":"2024-05-13T20:02:27","modified_gmt":"2024-05-13T20:02:27","slug":"trois-precisions-sur-la-pologne","status":"publish","type":"post","link":"https:\/\/la-presse-anarchiste.net\/index.php\/1983\/03\/01\/trois-precisions-sur-la-pologne\/","title":{"rendered":"Trois pr\u00e9cisions sur la Pologne"},"content":{"rendered":"<div class=\"pdfprnt-buttons pdfprnt-buttons-post pdfprnt-top-right\"><a href=\"https:\/\/la-presse-anarchiste.net\/index.php\/wp-json\/wp\/v2\/posts\/1534?print=pdf\" class=\"pdfprnt-button pdfprnt-button-pdf\" target=\"_blank\"><img decoding=\"async\" src=\"https:\/\/la-presse-anarchiste.net\/wp-content\/plugins\/pdf-print\/images\/pdf.png\" alt=\"image_pdf\" title=\"Afficher le PDF\"><\/a><a href=\"https:\/\/la-presse-anarchiste.net\/index.php\/wp-json\/wp\/v2\/posts\/1534?print=print\" class=\"pdfprnt-button pdfprnt-button-print\" target=\"_blank\"><img decoding=\"async\" src=\"https:\/\/la-presse-anarchiste.net\/wp-content\/plugins\/pdf-print\/images\/print.png\" alt=\"image_print\" title=\"Contenu imprim\u00e9\"><\/a><\/div><div align=\"justify\">\n<h5 style=\"text-align: center;\">I<\/h5>\n<p>Je par\u00adtage assez <a href=\"https:\/\/la-presse-anarchiste.net\/index.php\/1982\/09\/01\/pologne-les-mots-et-les-choses\/\">la th\u00e8se de Nico\u00adlas Tri\u00adfon<\/a> sur le r\u00f4le qu\u2019a jou\u00e9 l\u2019i\u00add\u00e9e d\u2019au\u00adto\u00adges\u00adtion au sein du mou\u00adve\u00adment polo\u00adnais, et sur\u00adtout vers sa fin (page 48). Il fau\u00addrait avoir plus d\u2019in\u00adfor\u00adma\u00adtions&nbsp;\u2015 et \u00e0 cet \u00e9gard il est dom\u00admage que l\u2019au\u00adteur n\u2019en dise pas plus sur ce qu\u2019il a pu obser\u00adver lors de la lutte des tra\u00advailleurs de la com\u00adpa\u00adgnie LOT&nbsp;\u2015 avant d\u2019\u00eatre fix\u00e9. Mais il est d\u00e8s main\u00adte\u00adnant per\u00admis de pen\u00adser que des sec\u00adteurs de la direc\u00adtion de Soli\u00addar\u00adno\u015b\u0107 aient mis en avant les id\u00e9es d\u2019au\u00adto\u00adges\u00adtion alors m\u00eame que, comme le sou\u00adligne Nico\u00adlas Tri\u00adfon, les pra\u00adtiques effec\u00adti\u00adve\u00adment auto\u00adges\u00adtion\u00adnaires venaient d\u2019\u00eatre bat\u00adtues par cette m\u00eame direc\u00adtion. Car, et c\u2019est l\u00e0 \u00e0 mon avis le fon\u00adda\u00admen\u00adtal, com\u00adment les tra\u00advailleurs en Pologne (ou ailleurs) pou\u00advaient-ils pr\u00e9\u00adtendre \u00e0 un quel\u00adconque contr\u00f4le sur l\u2019or\u00adga\u00adni\u00adsa\u00adtion des entre\u00adprises et encore plus de la soci\u00e9\u00adt\u00e9, alors m\u00eame qu\u2019ils avaient per\u00addu le contr\u00f4le de leur propre lutte et de l\u2019or\u00adga\u00adni\u00adsa\u00adtion qu\u2019ils avaient cr\u00e9\u00e9e&nbsp;? L\u2019au\u00adto\u00adges\u00adtion des luttes, des actions col\u00adlec\u00adtives, n\u2019est-elle pas la seule auto\u00adges\u00adtion pos\u00adsible tant que les rap\u00adports de pro\u00adduc\u00adtion res\u00adtent en place&nbsp;? C\u2019est sur cette perte de contr\u00f4le de la lutte par les tra\u00advailleurs que tout s\u2019est jou\u00e9 en Pologne (comme \u00e0 chaque fois par\u00adtout ailleurs), et c\u2019est paral\u00adl\u00e8\u00adle\u00adment \u00e0 l\u2019af\u00adfir\u00adma\u00adtion et conso\u00adli\u00adda\u00adtion pro\u00adgres\u00adsive de la forme syn\u00addi\u00adcale (dans la soci\u00e9\u00adt\u00e9 et dans les esprits) que le mou\u00adve\u00adment s\u2019est enga\u00adg\u00e9 sur la pente qui l\u2019a inexo\u00adra\u00adble\u00adment men\u00e9 \u00e0 la r\u00e9pres\u00adsion, au coup mili\u00adtaire. Je pr\u00e9\u00adten\u00addrais m\u00eame que la vic\u00adtoire de Soli\u00addar\u00adno\u015b\u0107, son affir\u00adma\u00adtion sociale, et le coup mili\u00adtaire sont ins\u00e9\u00adpa\u00adrables&nbsp;; le der\u00adnier n\u2019ayant pu avoir lieu que parce que Soli\u00addar\u00adno\u015b\u0107 avait momen\u00adta\u00adn\u00e9\u00adment bri\u00ads\u00e9 toute vel\u00adl\u00e9i\u00adt\u00e9 ou pers\u00adpec\u00adtive de sub\u00adver\u00adtir l\u2019ordre social, cana\u00adli\u00adsant (et donc affai\u00adblis\u00adsant) les \u00e9ner\u00adgies vers des objec\u00adtifs de r\u00e9formes n\u00e9go\u00adciables. Autre\u00adment dit, c\u2019est parce que Soli\u00addar\u00adnosc, en tant que syn\u00addi\u00adcat, avait r\u00e9us\u00adsi \u00e0 impo\u00adser ses concep\u00adtions d\u2019ac\u00adtion et de pen\u00ads\u00e9e que la r\u00e9pres\u00adsion d\u2019\u00c9\u00adtat est deve\u00adnue envi\u00adsa\u00adgeable. Il suf\u00adfit de reve\u00adnir sur les cir\u00adcons\u00adtances du coup, et de com\u00adpa\u00adrer les mani\u00adfes\u00adta\u00adtions de r\u00e9sis\u00adtance d\u2019a\u00adlors avec l\u2019i\u00adni\u00adtia\u00adtive auto\u00adnome et spon\u00adta\u00adn\u00e9e des gr\u00e8ves de l\u2019\u00e9\u00adt\u00e9 80, pour voir com\u00adment les qua\u00adli\u00adt\u00e9s d\u2019ac\u00adtion directe avaient c\u00e9d\u00e9 la place \u00e0 un esprit de type syn\u00addi\u00adcal. Une fois de plus, on a atten\u00addu en vain les consignes des&nbsp;Chefs&nbsp;!<\/p>\n<p>Ceci dit, je ne sous\u00adcris nul\u00adle\u00adment \u00e0 des slo\u00adgans pseu\u00addo-radi\u00adcaux du genre \u00ab&nbsp;Soli\u00addar\u00adno\u015b\u0107-Jaru\u00adzels\u00adki, m\u00eame com\u00adbat&nbsp;!&nbsp;\u00bb, qui tra\u00adduisent une totale incom\u00adpr\u00e9\u00adhen\u00adsion du fonc\u00adtion\u00adne\u00adment des soci\u00e9\u00adt\u00e9s capi\u00adta\u00adlistes d\u2019\u00c9\u00adtat et emp\u00eachent de voir ce qui s\u2019est r\u00e9el\u00adle\u00adment pro\u00adduit en Pologne. Si la vic\u00adtoire de Soli\u00addar\u00adno\u015b\u0107 por\u00adtait en elle l\u2019in\u00adter\u00adven\u00adtion de l\u2019\u00c9\u00adtat-Arm\u00e9e-Par\u00adti, c\u2019est seule\u00adment parce que dans le cadre de ces sys\u00adt\u00e8mes, il n\u2019y a pas de place pour une n\u00e9go\u00adcia\u00adtion, y com\u00adpris et sur\u00adtout sur le prix de la force de tra\u00advail. L\u2019af\u00adfron\u00adte\u00adment \u00e9tait donc in\u00e9vi\u00adtable m\u00eame si les deux forces en pr\u00e9\u00adsence se pla\u00ad\u00e7aient dans le cadre de l\u2019ex\u00adploi\u00adta\u00adtion de la classe ouvri\u00e8re et de la per\u00adp\u00e9\u00adtua\u00adtion du salariat.<\/p>\n<h5 style=\"text-align: center;\">II<\/h5>\n<p>Tou\u00adjours \u00e0 ce pro\u00adpos, il est \u00e9vi\u00addem\u00adment indis\u00adpen\u00adsable de s\u2019at\u00adtar\u00adder sur les divers pro\u00adjets et id\u00e9es d\u2019au\u00adto\u00adges\u00adtion qui se sont fait jour&nbsp;; celui dit du \u00ab&nbsp;R\u00e9seau&nbsp;\u00bb, celui de la ten\u00addance de la \u00ab&nbsp;gr\u00e8ve active&nbsp;\u00bb et aus\u00adsi celui qui exis\u00adtait chez des gens proches de l\u2019an\u00adcien KOR (Kuron et Mod\u00adze\u00adlews\u00adki). Que signi\u00adfiait l\u2019au\u00adto\u00adges\u00adtion pour tous ces gens, tous ces cou\u00adrants&nbsp;? Com\u00adment ces id\u00e9es \u00e9taient per\u00ad\u00e7ues par la base ouvri\u00e8re&nbsp;? L\u2019a\u00adna\u00adlyse reste \u00e0 faire et c\u2019est l\u00e0 une t\u00e2che qui me semble tr\u00e8s impor\u00adtante dans la mesure o\u00f9 le mou\u00adve\u00adment polo\u00adnais a \u00e9t\u00e9, depuis quelques ann\u00e9es, le seul \u00e0 avoir effleu\u00adr\u00e9 des pro\u00adbl\u00e8mes concer\u00adnant une r\u00e9or\u00adga\u00adni\u00adsa\u00adtion glo\u00adbale de la soci\u00e9\u00adt\u00e9. Bien s\u00fbr tout cela s\u2019est fait avec le poids du pas\u00ads\u00e9 et les contraintes propres \u00e0 la soci\u00e9\u00adt\u00e9 polo\u00adnaise. Bri\u00e8\u00adve\u00adment on peut essayer de r\u00e9su\u00admer quelques aspects.<\/p>\n<p>Le poids, tout d\u2019a\u00adbord, de l\u2019i\u00add\u00e9o\u00adlo\u00adgie natio\u00adna\u00adliste, v\u00e9hi\u00adcu\u00adl\u00e9e par le sys\u00adt\u00e8me mais sur\u00adtout par l\u2019\u00c9\u00adglise. Nico\u00adlas Tri\u00adfon parle \u00e0 juste titre de la fonc\u00adtion de l\u2019\u00c9\u00adglise dans la soci\u00e9\u00adt\u00e9, mais me semble sim\u00adpli\u00adfier son impor\u00adtance et ses pos\u00adsi\u00adbi\u00adli\u00adt\u00e9s dans le contr\u00f4le et les mani\u00adpu\u00adla\u00adtions de l\u2019ac\u00adtion des tra\u00advailleurs. Lorsque des membres mili\u00adtants de Soli\u00addar\u00adno\u015b\u0107 refu\u00adsaient \u00e0 l\u2019\u00c9\u00adglise une inter\u00adven\u00adtion poli\u00adtique, insis\u00adtant sur son carac\u00adt\u00e8re de \u00ab&nbsp;valeur refuge&nbsp;\u00bb (p. 43), ils vou\u00adlaient sur\u00adtout par\u00adler de poli\u00adtique au sens Orga\u00adni\u00adsa\u00adtion, Par\u00adti. Or, il arrive jus\u00adte\u00adment que l\u2019\u00c9\u00adglise existe en Pologne en tant que Par\u00adti, au sens his\u00adto\u00adrique, avec une stra\u00adt\u00e9\u00adgie \u00e0 long terme (on le voit main\u00adte\u00adnant plus clai\u00adre\u00adment lors qu\u2019elle est \u00ab&nbsp;d\u00e9bar\u00adras\u00ads\u00e9e&nbsp;\u00bb de la concur\u00adrence de Soli\u00addar\u00adno\u015b\u0107). Anton Cili\u00adga l\u2019a assez bien mon\u00adtr\u00e9 dans un r\u00e9cent article, dont quelques extraits ont \u00e9t\u00e9 publi\u00e9s dans le <i>bul\u00adle\u00adtin du Comi\u00adt\u00e9 de Soli\u00adda\u00adri\u00adt\u00e9<\/i> avec Soli\u00addar\u00adno\u015b\u0107 (juin 82). Mais l\u2019\u00c9\u00adglise est aus\u00adsi une fa\u00e7on de pen\u00adser, d\u2019a\u00adgir, des valeurs tr\u00e8s r\u00e9elles (sou\u00admis\u00adsion, hi\u00e9\u00adrar\u00adchie, res\u00adpect, auto\u00adri\u00adt\u00e9, sacri\u00adfice, etc.) qu\u2019on a pu sou\u00advent retrou\u00adver dans les atti\u00adtudes des tra\u00advailleurs polo\u00adnais (\u2026 et des pay\u00adsans n\u2019en par\u00adlons pas!). Il y a ensuite le poids du sta\u00adli\u00adnisme (ou du mar\u00adxisme-l\u00e9ni\u00adnisme comme id\u00e9o\u00adlo\u00adgie d\u2019\u00c9\u00adtat) sur toute une g\u00e9n\u00e9\u00adra\u00adtion qui n\u2019a connu que ce type de soci\u00e9\u00adt\u00e9 et qui, m\u00eame si elle aime se dire en rup\u00adture avec le sys\u00adt\u00e8me, reste n\u00e9an\u00admoins son pro\u00adduit. C\u2019est en par\u00adti\u00adcu\u00adlier vrai pour la couche intel\u00adlec\u00adtuelle dont la pro\u00adduc\u00adtion et l\u2019en\u00adtre\u00adtien par l\u2019\u00c9\u00adtat prend une forme tr\u00e8s sp\u00e9\u00adci\u00adfique dans ces soci\u00e9\u00adt\u00e9s. Comme le rap\u00adpelle Mod\u00adze\u00adlews\u00adki dans son inter\u00adview, \u00ab&nbsp;les cadres de Soli\u00addar\u00adno\u015b\u0107 ont \u00e9t\u00e9 for\u00adm\u00e9s pour la plu\u00adpart apr\u00e8s la p\u00e9riode 1950\u200a\u2013\u200a1960&nbsp;\u00bb (p. 11). De par leur posi\u00adtion sociale et leur for\u00adma\u00adtion, ces milieux res\u00adtent imbi\u00adb\u00e9s des id\u00e9es sociales-d\u00e9mo\u00adcrates tra\u00addi\u00adtion\u00adnelles, inca\u00adpables d\u2019en\u00advi\u00adsa\u00adger un sys\u00adt\u00e8me, ou un pro\u00adc\u00e8s de trans\u00adfor\u00adma\u00adtion sociale o\u00f9 les tra\u00advailleurs aient un r\u00f4le autre que celui de force de pres\u00adsion dans la trans\u00adfor\u00adma\u00adtion poli\u00adtique du sys\u00adt\u00e8me tota\u00adli\u00adtaire en d\u00e9mo\u00adcra\u00adtie par\u00adle\u00admen\u00adtaire \u00e0 l\u2019oc\u00adci\u00adden\u00adtale. Dans ce cadre d\u2019i\u00add\u00e9es, com\u00adment com\u00adprendre l\u2019au\u00adto\u00adges\u00adtion&nbsp;? Mani\u00adfes\u00adte\u00adment Mod\u00adze\u00adlews\u00adki ne per\u00ad\u00e7oit pas les impli\u00adca\u00adtions de la ques\u00adtion de Nico\u00adlas Tri\u00adton sur le \u00ab&nbsp;dan\u00adger de coges\u00adtion&nbsp;\u00bb. Pr\u00e9\u00adci\u00ads\u00e9\u00adment parce que, comme le ferait n\u2019im\u00adporte quel bonze syn\u00addi\u00adcal occi\u00adden\u00adtal, il con\u00e7oit l\u2019au\u00adto\u00adges\u00adtion comme une ges\u00adtion de la pro\u00adduc\u00adtion telle qu\u2019elle existe (p.12), de l\u2019ex\u00adploi\u00adta\u00adtion donc, \u00e0 tel point qu\u2019il trouve n\u00e9ces\u00adsaire d\u2019y ajou\u00adter des syn\u00addi\u00adcats pour garan\u00adtir la d\u00e9fense des ouvriers!\u2026 Meilleure encore est la for\u00admule de Kuron&nbsp;\u2015 que Nico\u00adlas Tri\u00adfon a l\u2019air d\u2019in\u00adter\u00adpr\u00e9\u00adter dans un sens liber\u00adtaire (?) \u2015 pour qui la d\u00e9mo\u00adcra\u00adtie directe n\u2019est pos\u00adsible que dans le cadre d\u2019une d\u00e9mo\u00adcra\u00adtie par\u00adle\u00admen\u00adtaire (p.44), alors que les deux formes de repr\u00e9\u00adsen\u00adta\u00adtion sont anta\u00adgo\u00adniques&nbsp;! Il n\u2019est donc pas si \u00e9ton\u00adnant que les tra\u00advailleurs polo\u00adnais, d\u00e9j\u00e0 \u00e9chauf\u00adf\u00e9s par l\u2019ex\u00adp\u00e9\u00adrience des anciens conseils ouvriers de 1956 trans\u00adfor\u00adm\u00e9s par le Par\u00adti \u00c9tat en conseils d\u2019au\u00adto\u00adges\u00adtion, semblent \u00eatre res\u00adt\u00e9s plu\u00adt\u00f4t r\u00e9ti\u00adcents \u00e0 ces id\u00e9es. C\u2019est du moins ce qui res\u00adsort de toutes les infor\u00adma\u00adtions qu\u2019on a eu jus\u00adqu\u2019\u00e0 pr\u00e9sent.<\/p>\n<p>Il y a enfin le poids de l\u2019i\u00add\u00e9o\u00adlo\u00adgie de la pro\u00adpri\u00e9\u00adt\u00e9 pri\u00adv\u00e9e, des valeurs indi\u00advi\u00adduelles, qui appa\u00adra\u00eet dans ces pays comme une \u00ab&nbsp;solu\u00adtion&nbsp;\u00bb face \u00e2 l\u2019i\u00adnef\u00adfi\u00adca\u00adci\u00adt\u00e9 du capi\u00adta\u00adlisme d\u2019\u00c9\u00adtat et au tota\u00adli\u00adta\u00adrisme poli\u00adtique. L\u2019i\u00add\u00e9e fausse et gro\u00adtesque que se fait le dis\u00adsi\u00addent sovi\u00e9\u00adtique Boris\u00adsov des pos\u00adsi\u00adbi\u00adli\u00adt\u00e9s de l\u2019ar\u00adti\u00adsa\u00adnat comme moyen de r\u00e9sis\u00adtance au sys\u00adt\u00e8me d\u2019ex\u00adploi\u00adta\u00adtion (p. 29) est, \u00e0 cet \u00e9gard, assez signi\u00adfi\u00adca\u00adtive&nbsp;! C\u2019est pour\u00adquoi je crois que Nico\u00adlas Tri\u00adfon va trop vite lors\u00adqu\u2019il mini\u00admise la por\u00adt\u00e9e de ces id\u00e9es \u00ab&nbsp;lib\u00e9\u00adrales&nbsp;\u00bb (p.41) au sein du mou\u00adve\u00adment polo\u00adnais. Il ne faut tout de m\u00eame pas oublier que la Pologne est une soci\u00e9\u00adt\u00e9 encore pro\u00adfon\u00add\u00e9\u00adment mar\u00adqu\u00e9e par les valeurs et struc\u00adtures pay\u00adsannes o\u00f9 r\u00e8gnent les prin\u00adcipes de la pro\u00adpri\u00e9\u00adt\u00e9 pri\u00adv\u00e9e. L\u2019exemple don\u00adn\u00e9 par Nico\u00adlas Tri\u00adfon de l\u2019exis\u00adtence de cou\u00adrants coop\u00e9\u00adra\u00adtifs au sein de la pay\u00adsan\u00adne\u00adrie n\u2019est nul\u00adle\u00adment contra\u00addic\u00adtoire avec la per\u00adma\u00adnence d\u2019un capi\u00adta\u00adlisme pri\u00adv\u00e9 et de ses valeurs sociales. Il y avait en Soli\u00addar\u00adno\u015b\u0107 la pr\u00e9\u00adsence tr\u00e8s affir\u00adm\u00e9e de concep\u00adtions fon\u00add\u00e9es sur les bien\u00adfaits de la pro\u00adpri\u00e9\u00adt\u00e9 pri\u00adv\u00e9e et sur\u00adtout des m\u00e9ca\u00adnismes de mar\u00adch\u00e9, comme r\u00e9gu\u00adla\u00adteurs de l\u2019\u00e9\u00adco\u00adno\u00admie. On voit tout de suite com\u00adment de telles concep\u00adtions sont oppo\u00ads\u00e9es \u00e0 l\u2019i\u00add\u00e9e de ges\u00adtion de la pro\u00adduc\u00adtion par les tra\u00advailleurs eux-m\u00eames. Eh bien, il se trouve que le pro\u00adjet \u00e9co\u00adno\u00admique du \u00ab&nbsp;R\u00e9seau&nbsp;\u00bb r\u00e9us\u00adsi \u00e0 com\u00adbi\u00adner conseils ouvriers, auto\u00adges\u00adtion et r\u00e9gu\u00adla\u00adtion par le mar\u00adch\u00e9&nbsp;! Certes, tout cela est des mots, aux\u00adquels Nico\u00adlas Tri\u00adfon affirme pr\u00e9\u00adf\u00e9\u00adrer les choses, la pra\u00adtique. D\u2019ac\u00adcord, mais les gens agissent avec des id\u00e9es en t\u00eate et les mots et les pen\u00ads\u00e9es com\u00admandent sou\u00advent les actes, il faut du moins l\u2019es\u00adp\u00e9\u00adrer\u2026 Il y a cepen\u00addant dans ce confu\u00adsion\u00adnisme et cet amal\u00adgame quelque chose qui me semble \u00eatre le signe d\u2019une \u00e9poque, le fruit de condi\u00adtions his\u00adto\u00adriques par\u00adti\u00adcu\u00adli\u00e8res, en quelque sorte un \u00e9l\u00e9\u00adment posi\u00adtif. Il s\u2019a\u00adgit du fait que les tra\u00advailleurs ne sont plus dupes de l\u2019\u00e9\u00adchec social et \u00e9co\u00adno\u00admique des deux branches, occi\u00adden\u00adtale et orien\u00adtale, du capi\u00adta\u00adlisme&nbsp;; on se m\u00e9fie aus\u00adsi bien d\u2019un mod\u00e8le que de l\u2019autre. C\u2019est l\u00e0 que l\u2019im\u00adpasse du mou\u00adve\u00adment polo\u00adnais tra\u00adduit l\u2019im\u00adpasse du mou\u00adve\u00adment ouvrier \u00e0 l\u2019\u00e9\u00adchelle mon\u00addiale qui reste mani\u00adfes\u00adte\u00adment inca\u00adpable de mettre en avant une voie nouvelle.<\/p>\n<h5 style=\"text-align: center;\">III<\/h5>\n<p>Nico\u00adlas Tri\u00adfon revient lui-m\u00eame sur l\u2019im\u00adpor\u00adtance de la \u00ab&nbsp;th\u00e9o\u00adrie&nbsp;\u00bb lorsque \u00e0 la fin de son texte, il s\u2019in\u00adter\u00adroge sur l\u2019in\u00adca\u00adpa\u00adci\u00adt\u00e9 du mou\u00adve\u00adment ouvrier \u00e0 \u00ab&nbsp;\u00e9la\u00adbo\u00adrer de mani\u00e8re auto\u00adnome&nbsp;\u00bb un pro\u00adjet glo\u00adbal de soci\u00e9\u00adt\u00e9. Lais\u00adsons de c\u00f4t\u00e9 le fait \u2015 n\u00e9an\u00admoins d\u00e9ter\u00admi\u00adnant&nbsp;\u2015 de l\u2019i\u00adso\u00adle\u00adment natio\u00adnal des luttes polo\u00adnaises et bor\u00adnons-nous \u00e0 dis\u00adcu\u00adter ce pro\u00adbl\u00e8me en par\u00adtant sim\u00adple\u00adment de sa dyna\u00admique interne. Je crois qu\u2019on touche ain\u00adsi ce qui me semble \u00eatre le plus cri\u00adti\u00adquable dans l\u2019a\u00adna\u00adlyse de Nico\u00adlas Tri\u00adfon, \u00e0 savoir le pro\u00adbl\u00e8me de l\u2019or\u00adga\u00adni\u00adsa\u00adtion de type syndical.<\/p>\n<p>D\u00e8s le d\u00e9part, Nico\u00adlas Tri\u00adfon a ten\u00addance \u00e0 expli\u00adquer l\u2019\u00e9\u00advo\u00adlu\u00adtion de la direc\u00adtion de Soli\u00addar\u00adno\u015b\u0107 et du mou\u00adve\u00adment en se r\u00e9f\u00e9\u00adrant sur\u00adtout \u00e0 la lutte entre deux frac\u00adtions du \u00ab&nbsp;noyau actif&nbsp;\u00bb&nbsp;: mod\u00e9\u00adr\u00e9e et radi\u00adcale (p. 45). Tout cela me semble trop poli\u00adtique et laisse de c\u00f4t\u00e9 l\u2019es\u00adsen\u00adtiel&nbsp;: le type d\u2019ac\u00adtion et d\u2019or\u00adga\u00adni\u00adsa\u00adtion qui \u00e9tait en jeu dans le mou\u00adve\u00adment r\u00e9el. Le cli\u00advage n\u2019a pas \u00e9t\u00e9 selon moi tant entre radi\u00adcaux et mod\u00e9\u00adr\u00e9s&nbsp;\u2015 les deux cou\u00adrants res\u00adtant pour l\u2019es\u00adsen\u00adtiel dans le cadre syn\u00addi\u00adcal&nbsp;\u2015 mais entre mou\u00adve\u00adment auto\u00adnome et acti\u00advi\u00adt\u00e9 syn\u00addi\u00adcale. L\u2019af\u00adfron\u00adte\u00adment a \u00e9t\u00e9 entre deux prin\u00adcipes poli\u00adtiques tout \u00e0 fait oppo\u00ads\u00e9s&nbsp;; le pre\u00admier qui s\u2019est mat\u00e9\u00adria\u00adli\u00ads\u00e9 plus clai\u00adre\u00adment au d\u00e9but de la lutte dans les MKS et qui a per\u00admis l\u2019ex\u00adpres\u00adsion des conte\u00adnus \u00e9ga\u00adli\u00adtaires (tr\u00e8s jus\u00adte\u00adment mis en valeur par Nico\u00adlas Tri\u00adfon p. 40), posant la ques\u00adtion de l\u2019af\u00adfron\u00adte\u00adment avec le Par\u00adti-\u00c9tat&nbsp;; le deuxi\u00e8me qui a, peu \u00e0 peu, gagn\u00e9 sur ces objec\u00adtifs et fa\u00e7ons d\u2019a\u00adgir et qui se tra\u00adduit dans la struc\u00adtu\u00adra\u00adtion pro\u00adgres\u00adsive d\u2019un appa\u00adreil syn\u00addi\u00adcal, sou\u00add\u00e9 par les id\u00e9es de col\u00adla\u00adbo\u00adra\u00adtion et de n\u00e9go\u00adcia\u00adtion avec le Pouvoir.<\/p>\n<p>Autre\u00adment dit&nbsp;\u2015 et on rejoint ici un d\u00e9bat qui semble vieux mais qui est tou\u00adjours actuel \u2015, je ne crois pas qu\u2019on puisse faire du syn\u00addi\u00adca\u00adlisme dif\u00adf\u00e9\u00adrent (en Pologne comme en France), qu\u2019on puisse se don\u00adner (ou se ser\u00advir de) la forme de type syn\u00addi\u00adcal pour faire autre chose que du syn\u00addi\u00adca\u00adlisme\u2026 Et que, pour reprendre l\u2019exemple polo\u00adnais, du moment qu\u2019on s\u2019en\u00adgage dans la voie n\u00e9go\u00adcia\u00adtrice entre les classes, entre exploi\u00adt\u00e9s et exploi\u00adteurs, dans la construc\u00adtion d\u2019une orga\u00adni\u00adsa\u00adtion de type syn\u00addi\u00adcal, cela implique n\u00e9ces\u00adsai\u00adre\u00adment et par d\u00e9fi\u00adni\u00adtion m\u00eame, l\u2019an\u00adni\u00adhi\u00adla\u00adtion des capa\u00adci\u00adt\u00e9s auto\u00adnomes des tra\u00advailleurs, de leurs moyens de ma\u00ee\u00adtrise sur les luttes. C\u2019est pour\u00adquoi je ne pense pas qu\u2019on puisse dire, \u00e0 pro\u00adpos de \u00ab&nbsp;l\u2019af\u00adfaire&nbsp;\u00bb de Byd\u00adgoszcz, qu\u2019on ait assis\u00adt\u00e9 \u00e0 une \u00ab&nbsp;d\u00e9fec\u00adtion orga\u00adni\u00adsa\u00adtion\u00adnelle du syn\u00addi\u00adcat&nbsp;\u00bb (p.47). L\u2019at\u00adti\u00adtude de la direc\u00adtion de Soli\u00addar\u00adno\u015b\u0107 et des experts qui l\u2019en\u00adtou\u00adraient n\u2019a \u00e9t\u00e9 \u00e0 ce moment \u2015 comme d\u2019ailleurs pen\u00addant toute la p\u00e9riode qui va des accords de Gdansk au coup mili\u00adtaire&nbsp;\u2015 que logique et coh\u00e9\u00adrente avec le besoin d\u2019im\u00adpo\u00adser \u00e0 la base les prin\u00adcipes m\u00eames qui guident toute action syn\u00addi\u00adcale, \u00e0 savoir le sens des \u00ab&nbsp;res\u00adpon\u00adsa\u00adbi\u00adli\u00adt\u00e9s&nbsp;\u00bb et du \u00ab&nbsp;rai\u00adson\u00adnable&nbsp;\u00bb, du \u00ab&nbsp;pos\u00adsible&nbsp;\u00bb, en un mot, tout le contraire du d\u00e9ve\u00adlop\u00adpe\u00adment de l\u2019i\u00adni\u00adtia\u00adtive des masses. Dans ce sens, il est clair que l\u2019is\u00adsue de l\u2019af\u00adfaire de Byd\u00adgoszcz a signi\u00adfi\u00e9 pour les tra\u00advailleurs radi\u00adcaux la d\u00e9faite qui annon\u00ad\u00e7ait l\u2019in\u00adter\u00adven\u00adtion mili\u00adtaire alors que l\u2019ap\u00adpa\u00adreil syn\u00addi\u00adcal et tout le nuage de poli\u00adti\u00adciens qui l\u2019en\u00adtou\u00adraient y a vu au contraire une vic\u00adtoire. Ceci dans la mesure o\u00f9, pour uti\u00adli\u00adser leurs propres mots, \u00ab&nbsp;la voix de la rai\u00adson&nbsp;\u00bb l\u2019a empor\u00adt\u00e9, semble ain\u00adsi \u00e9loi\u00adgner le spectre du coup mili\u00adtaire. L\u2019his\u00adtoire a tran\u00adch\u00e9 et il est aujourd\u2019\u00adhui clair de quel c\u00f4t\u00e9 \u00e9tait l\u2019ir\u00adr\u00e9a\u00adlisme&nbsp;! Ceci \u00e9tant, l\u2019op\u00adpo\u00adsi\u00adtion entre les deux formes d\u2019or\u00adga\u00adni\u00adsa\u00adtion et d\u2019ac\u00adtion (syn\u00addi\u00adcat et comi\u00adt\u00e9 de lutte) est res\u00adt\u00e9e sous-jacente au mou\u00adve\u00adment polo\u00adnais jus\u00adqu\u2019\u00e0 sa fin et n\u2019a jamais per\u00admis au syn\u00addi\u00adcat de fonc\u00adtion\u00adner r\u00e9ellement.<\/p>\n<p>Le d\u00e9bat sur le pour\u00adquoi de l\u2019ab\u00adsence de pro\u00adjet de soci\u00e9\u00adt\u00e9 nou\u00advelle gagne, \u00e0 par\u00adtir de l\u00e0, une nou\u00advelle dimen\u00adsion. Ce n\u2019est pas comme le laisse entendre Nico\u00adlas Tri\u00adfon l\u2019ab\u00adsence de cou\u00adrants poli\u00adtiques qui \u00ab&nbsp;pr\u00f4nent des pro\u00adjets&nbsp;\u00bb qui peut com\u00adbler l\u2019in\u00adca\u00adpa\u00adci\u00adt\u00e9 du mou\u00adve\u00adment des tra\u00advailleurs. Fussent ces pro\u00adjets le fruit de cou\u00adrants liber\u00adtaires que cela ne chan\u00adge\u00adrait rien au pro\u00adbl\u00e8me&nbsp;! Tout se passe fina\u00adle\u00adment comme si l\u2019on cri\u00adtique le conte\u00adnu des pro\u00adpo\u00adsi\u00adtions des \u00ab&nbsp;experts&nbsp;\u00bb alors que c\u2019est de leur fonc\u00adtion dont il s\u2019a\u00adgit. Il faut croire, tout au contraire, que buts et moyens sont inti\u00adme\u00adment li\u00e9s dans la lutte des tra\u00advailleurs et que tant qu\u2019on opte (ou qu\u2019on se sou\u00admet, ce qui revient au m\u00eame) pour des formes et prin\u00adcipes d\u2019or\u00adga\u00adni\u00adsa\u00adtion du pas\u00ads\u00e9 (par\u00adtis et syn\u00addi\u00adcats) on est condam\u00adn\u00e9 \u00e0 la st\u00e9\u00adri\u00adli\u00adt\u00e9 pour ce qui est de pro\u00adjets de soci\u00e9\u00adt\u00e9 nou\u00advelle. Avec de tels moyens, il est impos\u00adsible d\u2019i\u00adma\u00adgi\u00adner de nou\u00adveaux buts, de mettre en pra\u00adtique des jalons pour une soci\u00e9\u00adt\u00e9 nou\u00advelle, de pro\u00adduc\u00adteurs libres et \u00e9gaux, pour reprendre une expres\u00adsion qui garde aujourd\u2019\u00adhui tout son conte\u00adnu subversif.<\/p>\n<p style=\"text-align: right;\">Charles Reeve,<br>\nParis, 4 d\u00e9cembre 1982<\/p>\n<p>Charle Reeve est l\u2019au\u00adteur de <i>Soli\u00adda\u00adri\u00adt\u00e9 encha\u00ee\u00adn\u00e9e<\/i>, pour une inter\u00adpr\u00e9\u00adta\u00adtion des luttes en Pologne 1980\u200a\u2013\u200a81, Spartacus<\/p>\n<\/div>\n","protected":false},"excerpt":{"rendered":"<p>I Je par\u00adtage assez la th\u00e8se de Nico\u00adlas Tri\u00adfon sur le r\u00f4le qu\u2019a jou\u00e9 l\u2019i\u00add\u00e9e d\u2019au\u00adto\u00adges\u00adtion au sein du mou\u00adve\u00adment polo\u00adnais, et sur\u00adtout vers sa fin (page 48). Il fau\u00addrait avoir plus d\u2019in\u00adfor\u00adma\u00adtions&nbsp;\u2015 et \u00e0 cet \u00e9gard il est dom\u00admage que l\u2019au\u00adteur n\u2019en dise pas plus sur ce qu\u2019il a pu obser\u00adver lors de&nbsp;la&nbsp;[\u2026]<\/p>\n","protected":false},"author":233,"featured_media":5945,"comment_status":"closed","ping_status":"closed","sticky":false,"template":"wp-custom-template-page-d-article","format":"standard","meta":{"wp_typography_post_enhancements_disabled":false,"footnotes":""},"categories":[174],"tags":[655,889,969],"ppma_author":[990],"class_list":["post-1534","post","type-post","status-publish","format-standard","has-post-thumbnail","hentry","category-iztok-na6-mars-1983","tag-autogestion","tag-luttes-sociales","tag-pologne"],"authors":[{"term_id":990,"user_id":233,"is_guest":0,"slug":"charles-reeve","display_name":"Charles Reeve","avatar_url":"https:\/\/secure.gravatar.com\/avatar\/9ea6e72e2eed724a146439aa6f5ca0271378a67f929c3a93de79245df45de4df?s=96&d=mm&r=g","author_category":"","user_url":"","last_name":"Reeve","first_name":"Charles","job_title":"","description":""}],"_links":{"self":[{"href":"https:\/\/la-presse-anarchiste.net\/index.php\/wp-json\/wp\/v2\/posts\/1534","targetHints":{"allow":["GET"]}}],"collection":[{"href":"https:\/\/la-presse-anarchiste.net\/index.php\/wp-json\/wp\/v2\/posts"}],"about":[{"href":"https:\/\/la-presse-anarchiste.net\/index.php\/wp-json\/wp\/v2\/types\/post"}],"author":[{"embeddable":true,"href":"https:\/\/la-presse-anarchiste.net\/index.php\/wp-json\/wp\/v2\/users\/233"}],"replies":[{"embeddable":true,"href":"https:\/\/la-presse-anarchiste.net\/index.php\/wp-json\/wp\/v2\/comments?post=1534"}],"version-history":[{"count":2,"href":"https:\/\/la-presse-anarchiste.net\/index.php\/wp-json\/wp\/v2\/posts\/1534\/revisions"}],"predecessor-version":[{"id":7602,"href":"https:\/\/la-presse-anarchiste.net\/index.php\/wp-json\/wp\/v2\/posts\/1534\/revisions\/7602"}],"wp:featuredmedia":[{"embeddable":true,"href":"https:\/\/la-presse-anarchiste.net\/index.php\/wp-json\/wp\/v2\/media\/5945"}],"wp:attachment":[{"href":"https:\/\/la-presse-anarchiste.net\/index.php\/wp-json\/wp\/v2\/media?parent=1534"}],"wp:term":[{"taxonomy":"category","embeddable":true,"href":"https:\/\/la-presse-anarchiste.net\/index.php\/wp-json\/wp\/v2\/categories?post=1534"},{"taxonomy":"post_tag","embeddable":true,"href":"https:\/\/la-presse-anarchiste.net\/index.php\/wp-json\/wp\/v2\/tags?post=1534"},{"taxonomy":"author","embeddable":true,"href":"https:\/\/la-presse-anarchiste.net\/index.php\/wp-json\/wp\/v2\/ppma_author?post=1534"}],"curies":[{"name":"wp","href":"https:\/\/api.w.org\/{rel}","templated":true}]}}