{"id":1557,"date":"1983-09-01T00:05:49","date_gmt":"1983-09-01T00:05:49","guid":{"rendered":"https:\/\/la-presse-anarchiste.net\/index.php\/2008\/07\/12\/boukovski-contre-le-pacifisme\/"},"modified":"2024-05-14T07:04:52","modified_gmt":"2024-05-14T07:04:52","slug":"boukovski-contre-le-pacifisme","status":"publish","type":"post","link":"https:\/\/la-presse-anarchiste.net\/index.php\/1983\/09\/01\/boukovski-contre-le-pacifisme\/","title":{"rendered":"Boukovski contre le pacifisme"},"content":{"rendered":"<div class=\"pdfprnt-buttons pdfprnt-buttons-post pdfprnt-top-right\"><a href=\"https:\/\/la-presse-anarchiste.net\/index.php\/wp-json\/wp\/v2\/posts\/1557?print=pdf\" class=\"pdfprnt-button pdfprnt-button-pdf\" target=\"_blank\"><img decoding=\"async\" src=\"https:\/\/la-presse-anarchiste.net\/wp-content\/plugins\/pdf-print\/images\/pdf.png\" alt=\"image_pdf\" title=\"Afficher le PDF\"><\/a><a href=\"https:\/\/la-presse-anarchiste.net\/index.php\/wp-json\/wp\/v2\/posts\/1557?print=print\" class=\"pdfprnt-button pdfprnt-button-print\" target=\"_blank\"><img decoding=\"async\" src=\"https:\/\/la-presse-anarchiste.net\/wp-content\/plugins\/pdf-print\/images\/print.png\" alt=\"image_print\" title=\"Contenu imprim\u00e9\"><\/a><\/div><div align=\"justify\">Vla\u00addi\u00admir Bou\u00adkovs\u00adky est tr\u00e8s clair d\u00e8s le titre de son ouvrage, qui r\u00e9sume en cinq mots 124 pages de texte&nbsp;: \u00ab&nbsp;Les paci\u00adfistes contre la paix&nbsp;\u00bb. Plus qu\u2019un livre, c\u2019est un pam\u00adphlet assez inci\u00adsif qui n\u2019h\u00e9\u00adsite pas \u00e0 recou\u00adrir \u00e0 l\u2019hu\u00admour et \u00e0 la d\u00e9ri\u00adsion, dans lequel Bou\u00adkovs\u00adky essaie de mon\u00adtrer le dan\u00adger que repr\u00e9\u00adsente pour l\u2019Oc\u00adci\u00addent le paci\u00adfisme, mani\u00adpu\u00adl\u00e9 par l\u2019URSS.\n<p>Pour d\u00e9mon\u00adtrer sa th\u00e8se, Bou\u00adkovs\u00adky n\u2019h\u00e9\u00adsite pas \u00e0 remon\u00adter assez loin dans l\u2019his\u00adtoire, aux ori\u00adgines m\u00eame du r\u00e9gime qui est carac\u00adt\u00e9\u00adri\u00ads\u00e9 par un dis\u00adcours de paix (pour d\u00e9ve\u00adlop\u00adper son influence) et une pra\u00adtique de guerre (pour asseoir son pou\u00advoir). En 1917, il est n\u00e9 en uti\u00adli\u00adsant les sen\u00adti\u00adments paci\u00adfistes de la popu\u00adla\u00adtion russe qui vou\u00adlait en finir avec la guerre&nbsp;; en fait, il a conduit une guerre qui a fait 20 mil\u00adlions de morts. En 1939, par contre, ce sont les ver\u00adtus de la pro\u00adpa\u00adgande sovi\u00e9\u00adtique qui se sont r\u00e9v\u00e9\u00adl\u00e9es. Avec le pacte ger\u00adma\u00adno-sovi\u00e9\u00adtique, les com\u00admu\u00adnistes du monde entier m\u00e9nagent Hit\u00adler et fus\u00adtigent la guerre imp\u00e9\u00adria\u00adliste de l\u2019An\u00adgle\u00adterre et de la France. Le 22 juin 1941, avec l\u2019in\u00adva\u00adsion de l\u2019URSS, tout change&nbsp;: c\u2019est le fas\u00adcisme qui devient l\u2019en\u00adne\u00admi \u00e0 abattre et les imp\u00e9\u00adria\u00adlistes des alli\u00e9s. Cette concep\u00adtion de la guerre et de la paix (il y a des guerres \u00ab&nbsp;justes&nbsp;\u00bb, celles qui favo\u00adrisent l\u2019URSS, et les guerres \u00ab&nbsp;injustes&nbsp;\u00bb, celles qui la d\u00e9fa\u00advo\u00adrisent) alli\u00e9e \u00e0 l\u2019ex\u00adpan\u00adsion\u00adnisme sovi\u00e9\u00adtique et \u00e0 une pro\u00adpa\u00adgande effi\u00adcace va ame\u00adner la cr\u00e9a\u00adtion apr\u00e8s 1945 du mou\u00adve\u00adment pacifiste.<\/p>\n<p>\u00c0 la fin de la Deuxi\u00e8me Guerre mon\u00addiale, le retard des Sovi\u00e9\u00adtiques sur les Am\u00e9\u00adri\u00adcains en mati\u00e8re ato\u00admique est mani\u00adfeste. L\u2019URSS va donc impul\u00adser un impor\u00adtant mou\u00adve\u00adment paci\u00adfiste \u00e0 l\u2019Est, pour le d\u00e9co\u00adrum, et sur\u00adtout \u00e0 l\u2019Ouest, contr\u00f4\u00adl\u00e9 ou mani\u00adpu\u00adl\u00e9 par elle. La bombe sovi\u00e9\u00adtique, la mort de Sta\u00adline et la d\u00e9tente le rendent inutile au milieu des ann\u00e9es 50, et c\u2019est la fin de la pre\u00admi\u00e8re vague paci\u00adfiste. La seconde vague que nous connais\u00adsons actuel\u00adle\u00adment appa\u00adra\u00eet avec l\u2019in\u00adva\u00adsion de l\u2019Af\u00adgha\u00adnis\u00adtan et la \u00ab&nbsp;petite guerre froide&nbsp;\u00bb qui l\u2019a suivie.<\/p>\n<p>Bou\u00adkovs\u00adky donne des faits, des dates, des textes qui prouvent bien que la mani\u00adpu\u00adla\u00adtion du mou\u00adve\u00adment paci\u00adfiste occi\u00adden\u00adtal n\u2019est pas un mythe, mais une r\u00e9a\u00adli\u00adt\u00e9. Rien que pour ces pas\u00adsages, la lec\u00adture de son livre est tr\u00e8s ins\u00adtruc\u00adtive. Mais il manque ensuite net\u00adte\u00adment d\u2019ob\u00adjec\u00adti\u00advi\u00adt\u00e9. \u00c0 part ce sec\u00adteur mani\u00adpu\u00adl\u00e9 du mou\u00adve\u00adment, sa direc\u00adtion selon Bou\u00adkovs\u00adky, le gros des troupes est consti\u00adtu\u00e9 de divers oppor\u00adtu\u00adnistes (poli\u00adti\u00adciens ou pr\u00eatres \u00e0 la recherche de publi\u00adci\u00adt\u00e9 ou de popu\u00adla\u00adri\u00adt\u00e9 par exemple) et sur\u00adtout d\u2019une masse de jeunes imb\u00e9\u00adciles, sin\u00adc\u00e8res mais qui n\u2019en font pas moins le jeu de l\u2019URSS. Le jar\u00adgon l\u00e9ni\u00adniste a m\u00eame une expres\u00adsion pour les qua\u00adli\u00adfier&nbsp;: les \u00ab&nbsp;imb\u00e9\u00adciles utiles&nbsp;\u00bb.<\/p>\n<p>Ce livre contient quand m\u00eame des argu\u00adments plus pro\u00adfonds que celui-l\u00e0. \u00ab&nbsp;L\u2019une des plus graves erreurs du mou\u00adve\u00adment paci\u00adfiste euro\u00adp\u00e9en et de ses id\u00e9o\u00adlogues est leur refus mani\u00adfeste de prendre en compte la nature du r\u00e9gime sovi\u00e9\u00adtique&nbsp;\u00bb dit-il. Le d\u00e9sar\u00adme\u00adment est une id\u00e9e uto\u00adpique car l\u2019URSS n\u2019est pas com\u00adpa\u00adrable aux USA. Le r\u00e9gime repose sur cette poli\u00adtique agres\u00adsive. Les diri\u00adgeants sovi\u00e9\u00adtiques n\u2019ont pas peur de l\u2019Oc\u00adci\u00addent mais de leur propre popu\u00adla\u00adtion&nbsp;: tout \u00e9chec dans leur expan\u00adsion peut avoir des r\u00e9per\u00adcus\u00adsions internes et entra\u00ee\u00adner leur chute, car cet \u00e9chec serait un signe d\u2019af\u00adfai\u00adblis\u00adse\u00adment. On ne par\u00advien\u00addra \u00e0 la paix mon\u00addiale que si le r\u00e9gime sovi\u00e9\u00adtique se d\u00e9mo\u00adcra\u00adtise. Dans ce cadre, la tac\u00adtique paci\u00adfiste est vou\u00e9e \u00e0 l\u2019\u00e9\u00adchec, mais le sur\u00adar\u00adme\u00adment occi\u00adden\u00adtal aus\u00adsi. Il ne sert \u00e0 rien d\u2019en\u00adtas\u00adser des bombes et des mis\u00adsiles pour lut\u00adter contre l\u2019URSS, mais il faut aider la popu\u00adla\u00adtion sovi\u00e9\u00adtique dans sa lutte contre les com\u00admu\u00adnistes. Pour cela, il faut inter\u00adrompre l\u2019aide \u00e9co\u00adno\u00admique aux Pays de l\u2019Est, aide qui per\u00admet \u00e0 ces r\u00e9gimes de mieux tenir leur popu\u00adla\u00adtion. Mais les ban\u00adquiers et les indus\u00adtriels de l\u2019Ouest s\u2019y opposent car ils ne veulent pas sacri\u00adfier une part de profits.<\/p>\n<p>L\u2019er\u00adreur de Bou\u00adkovs\u00adky est double&nbsp;: d\u2019un c\u00f4t\u00e9 il met tous les paci\u00adfistes dans le m\u00eame sac \u00e0 par\u00adtir d\u2019une d\u00e9non\u00adcia\u00adtion de cer\u00adtains d\u2019entre eux mani\u00adpu\u00adl\u00e9s ou uti\u00adli\u00ads\u00e9s par Mos\u00adcou, de l\u2019autre il donne une solu\u00adtion au pro\u00adbl\u00e8me de la paix dans le monde assez satis\u00adfai\u00adsante puis\u00adqu\u2019il s\u2019a\u00adgit de la chute du r\u00e9gime sovi\u00e9\u00adtique, mais sans don\u00adner de moyens pra\u00adtiques pour y par\u00adve\u00adnir. \u00c9crit en 1982, ce pam\u00adphlet n\u2019a\u00adborde \u00e0 aucun moment le paci\u00adfisme de l\u2019Est qui est d\u00e9j\u00e0 bien d\u00e9ve\u00adlop\u00adp\u00e9 \u00e0 cette date&nbsp;: mau\u00advaise infor\u00adma\u00adtion ou mise \u00e0 l\u2019\u00e9\u00adcart de faits ne cadrant pas avec la th\u00e8se g\u00e9n\u00e9\u00adrale&nbsp;? \u00ab&nbsp;Il y a \u00e0 l\u2019Est 400 mil\u00adlions d\u2019\u00eatres humains dont on a vol\u00e9 la liber\u00adt\u00e9 et qui m\u00e8nent une exis\u00adtence mis\u00e9\u00adrable. La paix ne sera pas pos\u00adsible tant qu\u2019ils seront esclaves et c\u2019est seule\u00adment avec eux (et non avec leurs bour\u00adreaux) que nous devrions tra\u00advailler \u00e0 ins\u00adtau\u00adrer la paix uni\u00adver\u00adselle&nbsp;\u00bb. Une par\u00adtie du mou\u00adve\u00adment paci\u00adfiste occi\u00adden\u00adtal, celle qui mani\u00adfeste contre les Per\u00adshing II et les SS20 et qui col\u00adla\u00adbore avec les paci\u00adfistes de l\u2019Est et les sou\u00adtient, semble avoir d\u00e9ci\u00add\u00e9 d\u2019ap\u00adpli\u00adquer cette recom\u00adman\u00adda\u00adtion de Bou\u00adkovs\u00adky. Oui, il existe des paci\u00adfistes qui tra\u00advaillent r\u00e9el\u00adle\u00adment pour la paix. Et comble d\u2019i\u00adro\u00adnie, ce sont des \u00ab&nbsp;imb\u00e9\u00adciles&nbsp;\u00bb qui mettent en pra\u00adtique les r\u00e9flexions th\u00e9o\u00adriques de Bou\u00adkovs\u00adky, sans les conna\u00eetre probablement.<\/p>\n<p style=\"text-align: right;\">Dimi\u00adtrov<\/p>\n<p>Vla\u00addi\u00admir Bou\u00adkovs\u00adky, \u00ab&nbsp;Les paci\u00adfistes contre la paix&nbsp;\u00bb, Laf\u00adfont, Paris&nbsp;1982<\/p>\n<\/div>\n","protected":false},"excerpt":{"rendered":"<p>Vla\u00addi\u00admir Bou\u00adkovs\u00adky est tr\u00e8s clair d\u00e8s le titre de son ouvrage, qui r\u00e9sume en cinq mots 124 pages de texte&nbsp;: \u00ab&nbsp;Les paci\u00adfistes contre la paix&nbsp;\u00bb. Plus qu\u2019un livre, c\u2019est un pam\u00adphlet assez inci\u00adsif qui n\u2019h\u00e9\u00adsite pas \u00e0 recou\u00adrir \u00e0 l\u2019hu\u00admour et \u00e0 la d\u00e9ri\u00adsion, dans lequel Bou\u00adkovs\u00adky essaie de mon\u00adtrer le dan\u00adger que repr\u00e9\u00adsente&nbsp;pour&nbsp;[\u2026]<\/p>\n","protected":false},"author":136,"featured_media":5945,"comment_status":"closed","ping_status":"closed","sticky":false,"template":"wp-custom-template-page-d-article","format":"standard","meta":{"wp_typography_post_enhancements_disabled":false,"footnotes":""},"categories":[176],"tags":[553,591],"ppma_author":[800],"class_list":["post-1557","post","type-post","status-publish","format-standard","has-post-thumbnail","hentry","category-iztok-na7-septembre-1983","tag-bibliographie","tag-pacifisme"],"authors":[{"term_id":800,"user_id":136,"is_guest":0,"slug":"dimitrov","display_name":"Dimitrov","avatar_url":"https:\/\/secure.gravatar.com\/avatar\/89a706a572b022970970e873701e0f7d23add27e659b1bffd9c76766a2bf2b85?s=96&d=mm&r=g","author_category":"","user_url":"","last_name":"Dimitrov","first_name":"","job_title":"","description":""}],"_links":{"self":[{"href":"https:\/\/la-presse-anarchiste.net\/index.php\/wp-json\/wp\/v2\/posts\/1557","targetHints":{"allow":["GET"]}}],"collection":[{"href":"https:\/\/la-presse-anarchiste.net\/index.php\/wp-json\/wp\/v2\/posts"}],"about":[{"href":"https:\/\/la-presse-anarchiste.net\/index.php\/wp-json\/wp\/v2\/types\/post"}],"author":[{"embeddable":true,"href":"https:\/\/la-presse-anarchiste.net\/index.php\/wp-json\/wp\/v2\/users\/136"}],"replies":[{"embeddable":true,"href":"https:\/\/la-presse-anarchiste.net\/index.php\/wp-json\/wp\/v2\/comments?post=1557"}],"version-history":[{"count":2,"href":"https:\/\/la-presse-anarchiste.net\/index.php\/wp-json\/wp\/v2\/posts\/1557\/revisions"}],"predecessor-version":[{"id":7640,"href":"https:\/\/la-presse-anarchiste.net\/index.php\/wp-json\/wp\/v2\/posts\/1557\/revisions\/7640"}],"wp:featuredmedia":[{"embeddable":true,"href":"https:\/\/la-presse-anarchiste.net\/index.php\/wp-json\/wp\/v2\/media\/5945"}],"wp:attachment":[{"href":"https:\/\/la-presse-anarchiste.net\/index.php\/wp-json\/wp\/v2\/media?parent=1557"}],"wp:term":[{"taxonomy":"category","embeddable":true,"href":"https:\/\/la-presse-anarchiste.net\/index.php\/wp-json\/wp\/v2\/categories?post=1557"},{"taxonomy":"post_tag","embeddable":true,"href":"https:\/\/la-presse-anarchiste.net\/index.php\/wp-json\/wp\/v2\/tags?post=1557"},{"taxonomy":"author","embeddable":true,"href":"https:\/\/la-presse-anarchiste.net\/index.php\/wp-json\/wp\/v2\/ppma_author?post=1557"}],"curies":[{"name":"wp","href":"https:\/\/api.w.org\/{rel}","templated":true}]}}