{"id":156,"date":"2007-02-09T20:09:14","date_gmt":"2007-02-09T20:09:14","guid":{"rendered":"https:\/\/la-presse-anarchiste.net\/index.php\/2007\/02\/09\/entre-nous-5\/"},"modified":"2007-02-09T20:09:14","modified_gmt":"2007-02-09T20:09:14","slug":"entre-nous-5","status":"publish","type":"post","link":"https:\/\/la-presse-anarchiste.net\/index.php\/2007\/02\/09\/entre-nous-5\/","title":{"rendered":"Entre nous"},"content":{"rendered":"<div class=\"pdfprnt-buttons pdfprnt-buttons-post pdfprnt-top-right\"><a href=\"https:\/\/la-presse-anarchiste.net\/index.php\/wp-json\/wp\/v2\/posts\/156?print=pdf\" class=\"pdfprnt-button pdfprnt-button-pdf\" target=\"_blank\"><img decoding=\"async\" src=\"https:\/\/la-presse-anarchiste.net\/wp-content\/plugins\/pdf-print\/images\/pdf.png\" alt=\"image_pdf\" title=\"Afficher le PDF\"><\/a><a href=\"https:\/\/la-presse-anarchiste.net\/index.php\/wp-json\/wp\/v2\/posts\/156?print=print\" class=\"pdfprnt-button pdfprnt-button-print\" target=\"_blank\"><img decoding=\"async\" src=\"https:\/\/la-presse-anarchiste.net\/wp-content\/plugins\/pdf-print\/images\/print.png\" alt=\"image_print\" title=\"Contenu imprim\u00e9\"><\/a><\/div><div align=\"justify\">\n\tPar\u00admi les inci\u00addents qui ont mar\u00adqu\u00e9 l\u2019im\u00adpres\u00adsion du pr\u00e9\u00adc\u00e9\u00addent num\u00e9\u00adro du \u00ab&nbsp;Liber\u00adtaire&nbsp;\u00bb, nous en regret\u00adtons par\u00adti\u00adcu\u00adli\u00e8\u00adre\u00adment un qui a fait dis\u00adpa\u00adra\u00eetre dans l\u2019ar\u00adticle \u00ab&nbsp;Entre nous&nbsp;\u00bb, consa\u00adcr\u00e9 aux dis\u00adpa\u00adrus du mou\u00adve\u00adment liber\u00adtaire, deux lignes. Nos cama\u00adrades et lec\u00adteurs vou\u00addront donc bien ajou\u00adter aux noms cit\u00e9s celui de Ren\u00e9 Fr\u00e9\u00admont, der\u00adnier secr\u00e9\u00adtaire de l\u2019U\u00adnion Anar\u00adchiste, tu\u00e9 en juin 1940, au cours de la cam\u00adpagne de France.&nbsp;\n<p>\tAu moment o\u00f9 nous met\u00adtons sous presse, nous appre\u00adnons la mort de notre cama\u00adrade Le Pen, sur\u00adve\u00adnue il y a quelques jours, apr\u00e8s une courte mala\u00addie. Il mili\u00adta long\u00adtemps au Syn\u00addi\u00adcat des mon\u00adteurs \u00e9lec\u00adtri\u00adciens de la Seine et \u00e9tait membre de la com\u00admis\u00adsion ex\u00e9\u00adcu\u00adtive de la F\u00e9d\u00e9\u00adra\u00adtion natio\u00adnale des tra\u00advailleurs du b\u00e2ti\u00adment. Il avait 68&nbsp;ans.&nbsp;<\/p><\/div>\n","protected":false},"excerpt":{"rendered":"<p>Par\u00admi les inci\u00addents qui ont mar\u00adqu\u00e9 l\u2019im\u00adpres\u00adsion du pr\u00e9\u00adc\u00e9\u00addent num\u00e9\u00adro du \u00ab&nbsp;Liber\u00adtaire&nbsp;\u00bb, nous en regret\u00adtons par\u00adti\u00adcu\u00adli\u00e8\u00adre\u00adment un qui a fait dis\u00adpa\u00adra\u00eetre dans l\u2019ar\u00adticle \u00ab&nbsp;Entre nous&nbsp;\u00bb, consa\u00adcr\u00e9 aux dis\u00adpa\u00adrus du mou\u00adve\u00adment liber\u00adtaire, deux lignes. Nos cama\u00adrades et lec\u00adteurs vou\u00addront donc bien ajou\u00adter aux noms cit\u00e9s celui de Ren\u00e9 Fr\u00e9\u00admont, der\u00adnier secr\u00e9\u00adtaire de l\u2019U\u00adnion Anar\u00adchiste, tu\u00e9&nbsp;en&nbsp;[\u2026]<\/p>\n","protected":false},"author":1,"featured_media":0,"comment_status":"closed","ping_status":"closed","sticky":false,"template":"","format":"standard","meta":{"wp_typography_post_enhancements_disabled":false,"footnotes":""},"categories":[25],"tags":[],"ppma_author":[540],"class_list":["post-156","post","type-post","status-publish","format-standard","hentry","category-le-libertaire-n2-15-fevrier-1945"],"authors":[{"term_id":540,"user_id":1,"is_guest":0,"slug":"admin_3gikpwyf","display_name":"Vincent Dubuc","avatar_url":"https:\/\/secure.gravatar.com\/avatar\/d015720652c25fd2ced191ade86430094e1f288a17483713e3b34d26dea52507?s=96&d=mm&r=g","author_category":"","user_url":"https:\/\/la-presse-anarchiste.net","last_name":"Dubuc","first_name":"Vincent","job_title":"","description":""}],"_links":{"self":[{"href":"https:\/\/la-presse-anarchiste.net\/index.php\/wp-json\/wp\/v2\/posts\/156","targetHints":{"allow":["GET"]}}],"collection":[{"href":"https:\/\/la-presse-anarchiste.net\/index.php\/wp-json\/wp\/v2\/posts"}],"about":[{"href":"https:\/\/la-presse-anarchiste.net\/index.php\/wp-json\/wp\/v2\/types\/post"}],"author":[{"embeddable":true,"href":"https:\/\/la-presse-anarchiste.net\/index.php\/wp-json\/wp\/v2\/users\/1"}],"replies":[{"embeddable":true,"href":"https:\/\/la-presse-anarchiste.net\/index.php\/wp-json\/wp\/v2\/comments?post=156"}],"version-history":[{"count":0,"href":"https:\/\/la-presse-anarchiste.net\/index.php\/wp-json\/wp\/v2\/posts\/156\/revisions"}],"wp:attachment":[{"href":"https:\/\/la-presse-anarchiste.net\/index.php\/wp-json\/wp\/v2\/media?parent=156"}],"wp:term":[{"taxonomy":"category","embeddable":true,"href":"https:\/\/la-presse-anarchiste.net\/index.php\/wp-json\/wp\/v2\/categories?post=156"},{"taxonomy":"post_tag","embeddable":true,"href":"https:\/\/la-presse-anarchiste.net\/index.php\/wp-json\/wp\/v2\/tags?post=156"},{"taxonomy":"author","embeddable":true,"href":"https:\/\/la-presse-anarchiste.net\/index.php\/wp-json\/wp\/v2\/ppma_author?post=156"}],"curies":[{"name":"wp","href":"https:\/\/api.w.org\/{rel}","templated":true}]}}