{"id":1591,"date":"2008-07-16T11:53:47","date_gmt":"2008-07-16T11:53:47","guid":{"rendered":"https:\/\/la-presse-anarchiste.net\/index.php\/2008\/07\/16\/laffaire-guilbeaux\/"},"modified":"2008-07-16T11:53:47","modified_gmt":"2008-07-16T11:53:47","slug":"laffaire-guilbeaux","status":"publish","type":"post","link":"https:\/\/la-presse-anarchiste.net\/index.php\/2008\/07\/16\/laffaire-guilbeaux\/","title":{"rendered":"L\u2019affaire Guilbeaux"},"content":{"rendered":"<div class=\"pdfprnt-buttons pdfprnt-buttons-post pdfprnt-top-right\"><a href=\"https:\/\/la-presse-anarchiste.net\/index.php\/wp-json\/wp\/v2\/posts\/1591?print=pdf\" class=\"pdfprnt-button pdfprnt-button-pdf\" target=\"_blank\"><img decoding=\"async\" src=\"https:\/\/la-presse-anarchiste.net\/wp-content\/plugins\/pdf-print\/images\/pdf.png\" alt=\"image_pdf\" title=\"Afficher le PDF\"><\/a><a href=\"https:\/\/la-presse-anarchiste.net\/index.php\/wp-json\/wp\/v2\/posts\/1591?print=print\" class=\"pdfprnt-button pdfprnt-button-print\" target=\"_blank\"><img decoding=\"async\" src=\"https:\/\/la-presse-anarchiste.net\/wp-content\/plugins\/pdf-print\/images\/print.png\" alt=\"image_print\" title=\"Contenu imprim\u00e9\"><\/a><\/div><div align=\"justify\">\n<p>Notre ami Hen\u00adri Guil\u00adbeaux, direc\u00adteur de la revue <i>Demain<\/i>, s\u2019est atti\u00adr\u00e9 par son ardeur r\u00e9vo\u00adlu\u00adtion\u00adnaire, et haine des enne\u00admis de la liber\u00adt\u00e9 et de la jus\u00adtice&nbsp;; cette haine triomphe aujourd\u2019\u00adhui&nbsp;: les mal\u00adheu\u00adreux hommes qui se sont fait les pour\u00advoyeurs pour les basses \u0153uvres des Beren\u00adger et des Dau\u00addet ont incul\u00adp\u00e9 Guil\u00adbeaux d\u2019in\u00adtel\u00adli\u00adgence avec l\u2019en\u00adne\u00admi. Ce n\u2019est pas \u00e0 cette heure que nous le renierons.<\/p>\n<p>C\u2019est l\u2019in\u00adtr\u00e9\u00adpi\u00addi\u00adt\u00e9 de Guil\u00adbeaux, sa t\u00e9na\u00adci\u00adt\u00e9, son d\u00e9s\u00adin\u00adt\u00e9\u00adres\u00adse\u00adment, son d\u00e9voue\u00adment \u00e0 la cause du peuple qui lui ont valu notre ami\u00adti\u00e9 et notre estime&nbsp;; elles ne lui man\u00adque\u00adront pas. Et pour moi, je m\u2019ho\u00adnore d\u2019a\u00advoir col\u00adla\u00adbo\u00adr\u00e9 \u00e0 <i>Demain<\/i>, o\u00f9 le socia\u00adlisme zimer\u00adwal\u00addien, seul espoir dans notre nuit san\u00adglante, a tou\u00adjours \u00e9t\u00e9 d\u00e9fen\u00addu sans compromission.<\/p>\n<p><i>Demain<\/i> a atta\u00adqu\u00e9 sans m\u00e9na\u00adge\u00adments les enne\u00admis mor\u00adtels de la R\u00e9vo\u00adlu\u00adtion, la guerre et ceux qui engendrent et nour\u00adrissent la guerre, tous les imp\u00e9\u00adria\u00adlismes, tous les mili\u00adta\u00adrismes. L\u2019argent est l\u2019ar\u00adma\u00adture de ces puis\u00adsances de mort&nbsp;; il n\u2019est pas notre alli\u00e9. L\u2019argent louche, on soit o\u00f9 le trou\u00adver&nbsp;: au <i>Jour\u00adnal<\/i>, au <i>Rap\u00adpel<\/i>,<\/p>\n<p>[(cen\u00adsu\u00adr\u00e9 sur 15 lignes)]<\/p>\n<p>Mar\u00adcel Martinet<\/p>\n<p>Dans la consi\u00add\u00e9\u00adrable His\u00adtoire des Faus\u00adsaires  d\u2019o\u00adpi\u00adnion durant la guerre du Droit, l\u2019\u00abaffaire Guil\u00adbeaux&nbsp;\u00bb consti\u00adtue\u00adra un cha\u00adpitre ins\u00adtruc\u00adtif. Indi\u00adquons-en pour aujourd\u2019\u00adhui, le prologue.<\/p>\n<p>Elle a \u00e9t\u00e9 offi\u00adciel\u00adle\u00adment amor\u00adc\u00e9e par une esp\u00e8ce de com\u00admu\u00adni\u00adqu\u00e9 poli\u00adcier que les jour\u00adnaux \u00ab&nbsp;patriotes&nbsp;\u00bb ont repro\u00adduit en le d\u00e9mar\u00adquant plus ou moins. Ce texte offi\u00adcieux \u00e9tait assez ori\u00adgi\u00adnal&nbsp;: les seuls faits qu\u2019il conte\u00adnait \u00e9taient tous&nbsp;faux.<\/p>\n<p>Plu\u00adsieurs de nos amis avaient r\u00e9di\u00adg\u00e9 \u00e0 ce pro\u00adpos une rec\u00adtion qu\u2019ils avaient adres\u00ads\u00e9e au <i>Temps<\/i>. Ce jour\u00adnal pas\u00adsait avant la guerre pour \u00eatre probe dans sa docu\u00admen\u00adta\u00adtion, mais c\u2019\u00e9\u00adtait avant la guerre, et le <i>Temps<\/i> s\u2019est, bien enten\u00addu, gar\u00add\u00e9 d\u2019in\u00ads\u00e9\u00adrer cette lettre, que nous publions ci-dessous&nbsp;:<\/p>\n<div align=\"right\">Paris, mer\u00adcre\u00addi 27 f\u00e9vrier 1918.<\/div>\n<p>\u00c0 M.&nbsp;le Direc\u00adteur du&nbsp;Temps.<br>\n<br>Mon\u00adsieur le Directeur,<\/p>\n<p>Vous avez publi\u00e9 dans votre num\u00e9\u00adro du 22 f\u00e9vrier der\u00adnier, sous le titre \u00ab&nbsp;Le d\u00e9fai\u00adtiste Guil\u00adbeaux&nbsp;\u00bb, une note rela\u00adtive \u00e0 l\u2019ins\u00adtruc\u00adtion pour \u00ab&nbsp;intel\u00adli\u00adgences avec l\u2019en\u00adne\u00admi&nbsp;\u00bb, ouverte contre M.&nbsp;Hen\u00adri Guilbeaux.<\/p>\n<p>Cette note, dont les termes se retrouvent dans dif\u00adf\u00e9\u00adrents jour\u00adnaux, para\u00eet vous avoir \u00e9t\u00e9 com\u00admu\u00adni\u00adqu\u00e9e. Il ne nous appar\u00adtient pas de rele\u00adver ici, la pr\u00e9\u00adsen\u00adta\u00adtion et l\u2019in\u00adter\u00adpr\u00e9\u00adta\u00adtion ten\u00addan\u00adcieuses des faits rele\u00adv\u00e9s contre M.&nbsp;Guil\u00adbeaux, mais ces faits eus-m\u00eames \u00e9tant inexacts, nous ne dou\u00adtons pas que vous n\u2019in\u00ads\u00e9\u00adriez les rec\u00adti\u00adfi\u00adca\u00adtions mat\u00e9\u00adrielles qu\u2019en l\u2019ab\u00adsence de l\u2019in\u00adt\u00e9\u00adres\u00ads\u00e9 nous croyons devoir vous adresser.<\/p>\n<p>1\u00b0  Il est dit que M.&nbsp;Guil\u00adbeaux \u00ab&nbsp;se ren\u00addit \u00e0 Gen\u00e8ve o\u00f9 il rejoi\u00adgnit notam\u00adment L\u00e9nine et Hart\u00admann&nbsp;\u00bb. M.&nbsp;Guil\u00adbeaux, char\u00adg\u00e9 d\u2019un emploi \u00e0 l\u2019A\u00adgence inter\u00adna\u00adtio\u00adnale des pri\u00adson\u00adniers, bien connue de vos lec\u00adteurs, se ren\u00addit, en effet \u00e0 Gen\u00e8ve, mais il n\u2019y rejoi\u00adgnit ni L\u00e9nine ni Hart\u00admann, ne connais\u00adsant \u00e0 cette \u00e9poque ni l\u2019un ni l\u2019autre.<\/p>\n<p>2\u00b0 Il est par\u00adl\u00e9 des rela\u00adtions de M.&nbsp;Guil\u00adbeaux avec \u00ab&nbsp;Alme\u00adrey\u00adda et autres liber\u00adtaires notoires&nbsp;\u00bb. M.&nbsp;Guil\u00adbeaux avait fort peu connu Alme\u00adrey\u00adda avant la guerre. Depuis la guerre il pro\u00adfes\u00adsait pour ce der\u00adnier, qui ne se dise plus liber\u00adtaire et  n\u2019\u00e9\u00adtait plus consi\u00add\u00e9\u00adr\u00e9 comme tel par aucun de ses anciens com\u00adpa\u00adgnons de lutte, des sen\u00adti\u00adments qui lui \u00e9taient com\u00admuns avec tous les Zim\u00admer\u00adwal\u00addiens fran\u00ad\u00e7ais. Nous pou\u00advons dire, sans char\u00adger en rien la m\u00e9moire d\u2019un mort, que ces sen\u00adti\u00adments ne com\u00adpor\u00adtaient ni ami\u00adti\u00e9 ni estime. Guil\u00adbeaux, qui n\u2019a entre\u00adte\u00adnu aucune rela\u00adtion avec Alr\u00adne\u00adrey\u00adda, a par\u00adl\u00e9 de lui avec une dure\u00adt\u00e9 extr\u00eame, toutes les fois qu\u2019il en a eu l\u2019occasion.<\/p>\n<p>3\u00b0 La note ajoute qu\u2019\u00aben avril 1917, il cr\u00e9a, en com\u00adpli\u00adci\u00adt\u00e9 avec L\u00e9nine et le condam\u00adn\u00e9 anglais Edmund Morel, une revue d\u00e9fai\u00adtiste, <i>Demain<\/i>\u2026\u00bb Pour la rai\u00adson expo\u00ads\u00e9e au d\u00e9but de notre lettre, nous ne rele\u00advons dans cette phrase que les faits. Ils sont faux, M.&nbsp;Guilleaux a cr\u00e9\u00e9 <i>Demain<\/i> en jan\u00advier 1916 et il l\u2019a cr\u00e9\u00e9 seul. L\u00e9nine et M.&nbsp;Morel, qui alors n\u2019\u00e9\u00adtait pas \u00ab&nbsp;condam\u00adn\u00e9&nbsp;\u00bb, ont figu\u00adr\u00e9 par\u00admi les col\u00adla\u00adbo\u00adra\u00adteurs, mais n\u2019ont jamais pris part \u00e0 la direc\u00adtion de la&nbsp;revue.<\/p>\n<p>4\u00b0 En ce qui concerne <i>Paris-Gen\u00e8ve<\/i>, et dans la mesure o\u00f9 la g\u00e8ne appor\u00adt\u00e9e actuel\u00adle\u00adment \u00e0 la cor\u00adres\u00adpon\u00addance nous a per\u00admis d\u2019\u00eatre ren\u00adsei\u00adgn\u00e9s, nous croyons savoir que M.&nbsp;Guil\u00adbeaux a ces\u00ads\u00e9 de col\u00adla\u00adbo\u00adrer au bout de peu de temps \u00e0 ce jour\u00adnal, s\u2019\u00e9\u00adtant aper\u00ad\u00e7u qu\u2019il ne cor\u00adres\u00adpon\u00addait pas \u00e0 l\u2019i\u00add\u00e9e qu\u2019on s\u2019en \u00e9tait faite d\u2019abord.<\/p>\n<p>Veuillez agr\u00e9er, etc.&nbsp;<\/p><\/div>\n","protected":false},"excerpt":{"rendered":"<p>Notre ami Hen\u00adri Guil\u00adbeaux, direc\u00adteur de la revue Demain, s\u2019est atti\u00adr\u00e9 par son ardeur r\u00e9vo\u00adlu\u00adtion\u00adnaire, et haine des enne\u00admis de la liber\u00adt\u00e9 et de la jus\u00adtice&nbsp;; cette haine triomphe aujourd\u2019\u00adhui&nbsp;: les mal\u00adheu\u00adreux hommes qui se sont fait les pour\u00advoyeurs pour les basses \u0153uvres des Beren\u00adger et des Dau\u00addet ont incul\u00adp\u00e9 Guil\u00adbeaux d\u2019in\u00adtel\u00adli\u00adgence avec l\u2019en\u00adne\u00admi.&nbsp;Ce&nbsp;[\u2026]<\/p>\n","protected":false},"author":1,"featured_media":0,"comment_status":"closed","ping_status":"closed","sticky":false,"template":"","format":"standard","meta":{"wp_typography_post_enhancements_disabled":false,"footnotes":""},"categories":[180],"tags":[],"ppma_author":[540],"class_list":["post-1591","post","type-post","status-publish","format-standard","hentry","category-plebe-la-n1-13-avril-1918"],"authors":[{"term_id":540,"user_id":1,"is_guest":0,"slug":"admin_3gikpwyf","display_name":"Vincent Dubuc","avatar_url":"https:\/\/secure.gravatar.com\/avatar\/d015720652c25fd2ced191ade86430094e1f288a17483713e3b34d26dea52507?s=96&d=mm&r=g","author_category":"","user_url":"https:\/\/la-presse-anarchiste.net","last_name":"Dubuc","first_name":"Vincent","job_title":"","description":""}],"_links":{"self":[{"href":"https:\/\/la-presse-anarchiste.net\/index.php\/wp-json\/wp\/v2\/posts\/1591","targetHints":{"allow":["GET"]}}],"collection":[{"href":"https:\/\/la-presse-anarchiste.net\/index.php\/wp-json\/wp\/v2\/posts"}],"about":[{"href":"https:\/\/la-presse-anarchiste.net\/index.php\/wp-json\/wp\/v2\/types\/post"}],"author":[{"embeddable":true,"href":"https:\/\/la-presse-anarchiste.net\/index.php\/wp-json\/wp\/v2\/users\/1"}],"replies":[{"embeddable":true,"href":"https:\/\/la-presse-anarchiste.net\/index.php\/wp-json\/wp\/v2\/comments?post=1591"}],"version-history":[{"count":0,"href":"https:\/\/la-presse-anarchiste.net\/index.php\/wp-json\/wp\/v2\/posts\/1591\/revisions"}],"wp:attachment":[{"href":"https:\/\/la-presse-anarchiste.net\/index.php\/wp-json\/wp\/v2\/media?parent=1591"}],"wp:term":[{"taxonomy":"category","embeddable":true,"href":"https:\/\/la-presse-anarchiste.net\/index.php\/wp-json\/wp\/v2\/categories?post=1591"},{"taxonomy":"post_tag","embeddable":true,"href":"https:\/\/la-presse-anarchiste.net\/index.php\/wp-json\/wp\/v2\/tags?post=1591"},{"taxonomy":"author","embeddable":true,"href":"https:\/\/la-presse-anarchiste.net\/index.php\/wp-json\/wp\/v2\/ppma_author?post=1591"}],"curies":[{"name":"wp","href":"https:\/\/api.w.org\/{rel}","templated":true}]}}