{"id":1605,"date":"2008-07-19T20:35:32","date_gmt":"2008-07-19T20:35:32","guid":{"rendered":"https:\/\/la-presse-anarchiste.net\/index.php\/2008\/07\/19\/mouvement-social-37\/"},"modified":"2008-07-19T20:35:32","modified_gmt":"2008-07-19T20:35:32","slug":"mouvement-social-37","status":"publish","type":"post","link":"https:\/\/la-presse-anarchiste.net\/index.php\/2008\/07\/19\/mouvement-social-37\/","title":{"rendered":"Mouvement social"},"content":{"rendered":"<div class=\"pdfprnt-buttons pdfprnt-buttons-post pdfprnt-top-right\"><a href=\"https:\/\/la-presse-anarchiste.net\/index.php\/wp-json\/wp\/v2\/posts\/1605?print=pdf\" class=\"pdfprnt-button pdfprnt-button-pdf\" target=\"_blank\"><img decoding=\"async\" src=\"https:\/\/la-presse-anarchiste.net\/wp-content\/plugins\/pdf-print\/images\/pdf.png\" alt=\"image_pdf\" title=\"Afficher le PDF\"><\/a><a href=\"https:\/\/la-presse-anarchiste.net\/index.php\/wp-json\/wp\/v2\/posts\/1605?print=print\" class=\"pdfprnt-button pdfprnt-button-print\" target=\"_blank\"><img decoding=\"async\" src=\"https:\/\/la-presse-anarchiste.net\/wp-content\/plugins\/pdf-print\/images\/print.png\" alt=\"image_print\" title=\"Contenu imprim\u00e9\"><\/a><\/div><div align=\"justify\">\nNAPLES. \u2015 La s\u00e9ance du 19 juin, \u00e0 la Chambre des d\u00e9pu\u00adt\u00e9s, res\u00adte\u00adra m\u00e9mo\u00adrable dans l\u2019his\u00adtoire par\u00adle\u00admen\u00adtaire ita\u00adlienne. Nous ne vou\u00adlons pas rela\u00adter ici les cris, les inso\u00adlences, les invec\u00adtives, les coups de poing, les souf\u00adflets don\u00adn\u00e9s ou per\u00addus, les chutes des gros bon\u00adnets sous les bancs, leurs sauts, leurs pirouettes\u2026 Nous vou\u00adlons seule\u00adment remar\u00adquer que de tous ces coups de th\u00e9\u00e2tre, nous ne voyons point la cause dans l\u2019ab\u00adsence d\u2019un bon r\u00e8gle\u00adment de la Chambre. Ce serait envi\u00adsa\u00adger la ques\u00adtion d\u2019un point de vue trop mes\u00adquin. La presse minis\u00adt\u00e9\u00adrielle demande cepen\u00addant ce bon r\u00e8gle\u00adment avec opi\u00adni\u00e2\u00adtre\u00adt\u00e9,\u200a\u2014\u200aon vou\u00addrait celui de la France\u200a\u2014\u200amais les mulets trop char\u00adg\u00e9s de bl\u00e9\u200a\u2014\u200ala phrase est d\u2019Im\u00adbria\u00adni\u200a\u2014\u200ane nous int\u00e9\u00adressent gu\u00e8re. Nous ne leur fai\u00adsons pas l\u2019hon\u00adneur de dis\u00adcu\u00adter avec&nbsp;eux.\n<p>Pour nous, ce n\u2019est pas l\u2019ab\u00adsence d\u2019un bon r\u00e8gle\u00adment qui rend la Chambre tapa\u00adgeuse. C\u2019est le gou\u00adver\u00adne\u00adment, c\u2019est la Chambre elle-m\u00eame, qui sont la v\u00e9ri\u00adtable cause des d\u00e9sordres. C\u2019est que ces ins\u00adti\u00adtu\u00adtions d\u00e9sor\u00admais vieillissent&nbsp;: cher\u00adcher \u00e0 les rajeu\u00adnir par de bons r\u00e8gle\u00adments, c\u2019est vou\u00adloir redres\u00adser les jambes aux chiens, comme nous disons, nous autres Ita\u00adliens. Certes, ni le pays, ni le gou\u00adver\u00adne\u00adment, ni le roi, ni les d\u00e9pu\u00adt\u00e9s eux-m\u00eames, n\u2019ont plus de confiance dans le Par\u00adle\u00adment. C\u2019est une chose bien consta\u00adt\u00e9e aujourd\u2019\u00adhui, sur\u00adtout par les jour\u00adnaux ultra-conser\u00adva\u00adteurs. Ceux-ci pour\u00adtant, tout en d\u00e9mon\u00adtrant l\u2019i\u00adnu\u00adti\u00adli\u00adt\u00e9 du Par\u00adle\u00adment, concluent que le pays peut bien s\u2019en pas\u00adser, car le pays a besoin de bonnes lois et de tran\u00adquilli\u00adt\u00e9 pour pou\u00advoir tra\u00advailler, et non pas de l\u00e9gis\u00adla\u00adteurs impro\u00advi\u00ads\u00e9s, tels qui des d\u00e9pu\u00adt\u00e9s \u00ab&nbsp;camor\u00adris\u00adti&nbsp;\u00bb et tapa\u00adgeurs, qui, au lieu de se mesu\u00adrer avec leurs \u00ab&nbsp;pic\u00adci\u00adnot\u00adti&nbsp;\u00bb de Por\u00adta Capua\u00adna par un \u00ab&nbsp;dichia\u00adra\u00admen\u00adto&nbsp;\u00bb quel\u00adconque, aiment mieux le faire en pleine Chambre avec leurs hono\u00adrables coll\u00e8gues.<\/p>\n<p>C\u2019est vrai. Seule\u00adment il faut ajou\u00adter que les \u00ab&nbsp;pic\u00adci\u00adnot\u00adti&nbsp;\u00bb de Por\u00adta Capua\u00adna finissent dans les pri\u00adsons, et ceux de la Chambre\u2026 par \u00eatre \u00e9lus, \u00e0 nou\u00adveau, d\u00e9put\u00e9s.<\/p>\n<p>Apr\u00e8s cela, deman\u00addez et faites encore de bons r\u00e8gle\u00adments&nbsp;! Mais lorsque Cris\u00adpi par\u00adle\u00adra de cl\u00e9\u00admence et les socia\u00adlistes de jus\u00adtice \u00e0 accor\u00adder \u00e0 des hommes cou\u00adpables de pen\u00adser tout autre\u00adment que le gou\u00adver\u00adne\u00adment, soyez s\u00fbrs qu\u2019il y aura tou\u00adjours des d\u00e9pu\u00adt\u00e9s imb\u00e9\u00adciles et f\u00e9roces qui vou\u00addront s\u2019im\u00adpo\u00adser par des hur\u00adle\u00adments et par la&nbsp;force&nbsp;!<\/p>\n<p>Et puis on dit que c\u2019est nous le par\u00adti de la vio\u00adlence&nbsp;! Ce sont les gou\u00adver\u00adne\u00adments et leurs pana\u00admistes, qui se servent tou\u00adjours de la vio\u00adlence, au Par\u00adle\u00adment&nbsp;aussi&nbsp;!<\/p>\n<p>Les majo\u00adri\u00adt\u00e9s ne foutent pas autre chose. Et elles sont logiques. Com\u00adment vou\u00adlez-vous qu\u2019elles rai\u00adsonnent, lors\u00adqu\u2019elles n\u2019ont pas de rai\u00adsons \u00e0 oppo\u00adser \u00e0 ceux qui leur jettent au visage toute la fange dont elles sont dignes&nbsp;?<\/p>\n<p>Il ne s\u2019a\u00adgit donc de bons r\u00e8gle\u00adments, car mal\u00adgr\u00e9 les bons ou mau\u00advais r\u00e8gle\u00adments, les voleurs des banques pro\u00advo\u00adque\u00adront tou\u00adjours des tapages lors\u00adqu\u2019on leur dira que le Par\u00adle\u00adment n\u2019est pas leur place. Il ne s\u2019a\u00adgit pas non plus de puri\u00adfier la Chambre,\u200a\u2014\u200ac\u2019est impos\u00adsible, comme il est impos\u00adsible de puri\u00adfier un cadavre. On pour\u00adra au sur\u00adplus l\u2019embaumer, mais c\u2019est tou\u00adjours la fosse qui devra l\u2019ac\u00adcueillir, ou du moins le mus\u00e9e d\u2019his\u00adtoire natu\u00adrelle, si ce cadavre pr\u00e9\u00adsente quelques int\u00e9\u00adres\u00adsantes irr\u00e9\u00adgu\u00adla\u00adri\u00adt\u00e9s ost\u00e9ologiques.<\/p>\n<p>C\u2019est donc la fosse qui attend les Chambres, ain\u00adsi que toutes les autres ins\u00adti\u00adtu\u00adtions gouvernementales.<\/p>\n<h2>\u2015 O \u2015<\/h2>\n<p>Au moment o\u00f9 j\u2019\u00e9\u00adcris, il vient d\u2019\u00eatre publi\u00e9 encore un \u00ab&nbsp;dos\u00adsier&nbsp;\u00bb Caval\u00adlot\u00adti. contre Cris\u00adpi. Ce \u00ab&nbsp;dos\u00adsier&nbsp;\u00bb met le sceau \u00e0 toutes les fri\u00adpon\u00adne\u00adries de cet inf\u00e2me vieillard, \u00e0 qui on devrait faire un pro\u00adc\u00e8s pour vol, concus\u00adsions et chantage.<\/p>\n<p>Rober\u00adto d\u2019Angi\u00f3&nbsp;<\/p><\/div>\n","protected":false},"excerpt":{"rendered":"<p>NAPLES. \u2015 La s\u00e9ance du 19 juin, \u00e0 la Chambre des d\u00e9pu\u00adt\u00e9s, res\u00adte\u00adra m\u00e9mo\u00adrable dans l\u2019his\u00adtoire par\u00adle\u00admen\u00adtaire ita\u00adlienne. Nous ne vou\u00adlons pas rela\u00adter ici les cris, les inso\u00adlences, les invec\u00adtives, les coups de poing, les souf\u00adflets don\u00adn\u00e9s ou per\u00addus, les chutes des gros bon\u00adnets sous les bancs, leurs sauts, leurs pirouettes\u2026 Nous vou\u00adlons seule\u00adment remarquer&nbsp;[\u2026]<\/p>\n","protected":false},"author":1,"featured_media":0,"comment_status":"closed","ping_status":"closed","sticky":false,"template":"","format":"standard","meta":{"wp_typography_post_enhancements_disabled":false,"footnotes":""},"categories":[181],"tags":[],"ppma_author":[540],"class_list":["post-1605","post","type-post","status-publish","format-standard","hentry","category-les-temps-nouveaux-na12-20-26-juillet-1895"],"authors":[{"term_id":540,"user_id":1,"is_guest":0,"slug":"admin_3gikpwyf","display_name":"Vincent Dubuc","avatar_url":"https:\/\/secure.gravatar.com\/avatar\/d015720652c25fd2ced191ade86430094e1f288a17483713e3b34d26dea52507?s=96&d=mm&r=g","author_category":"","user_url":"https:\/\/la-presse-anarchiste.net","last_name":"Dubuc","first_name":"Vincent","job_title":"","description":""}],"_links":{"self":[{"href":"https:\/\/la-presse-anarchiste.net\/index.php\/wp-json\/wp\/v2\/posts\/1605","targetHints":{"allow":["GET"]}}],"collection":[{"href":"https:\/\/la-presse-anarchiste.net\/index.php\/wp-json\/wp\/v2\/posts"}],"about":[{"href":"https:\/\/la-presse-anarchiste.net\/index.php\/wp-json\/wp\/v2\/types\/post"}],"author":[{"embeddable":true,"href":"https:\/\/la-presse-anarchiste.net\/index.php\/wp-json\/wp\/v2\/users\/1"}],"replies":[{"embeddable":true,"href":"https:\/\/la-presse-anarchiste.net\/index.php\/wp-json\/wp\/v2\/comments?post=1605"}],"version-history":[{"count":0,"href":"https:\/\/la-presse-anarchiste.net\/index.php\/wp-json\/wp\/v2\/posts\/1605\/revisions"}],"wp:attachment":[{"href":"https:\/\/la-presse-anarchiste.net\/index.php\/wp-json\/wp\/v2\/media?parent=1605"}],"wp:term":[{"taxonomy":"category","embeddable":true,"href":"https:\/\/la-presse-anarchiste.net\/index.php\/wp-json\/wp\/v2\/categories?post=1605"},{"taxonomy":"post_tag","embeddable":true,"href":"https:\/\/la-presse-anarchiste.net\/index.php\/wp-json\/wp\/v2\/tags?post=1605"},{"taxonomy":"author","embeddable":true,"href":"https:\/\/la-presse-anarchiste.net\/index.php\/wp-json\/wp\/v2\/ppma_author?post=1605"}],"curies":[{"name":"wp","href":"https:\/\/api.w.org\/{rel}","templated":true}]}}