{"id":1612,"date":"2008-07-20T10:07:45","date_gmt":"2008-07-20T10:07:45","guid":{"rendered":"https:\/\/la-presse-anarchiste.net\/index.php\/2008\/07\/20\/objection-et-repression\/"},"modified":"2008-07-20T10:07:45","modified_gmt":"2008-07-20T10:07:45","slug":"objection-et-repression","status":"publish","type":"post","link":"https:\/\/la-presse-anarchiste.net\/index.php\/2008\/07\/20\/objection-et-repression\/","title":{"rendered":"Objection et r\u00e9pression"},"content":{"rendered":"<div class=\"pdfprnt-buttons pdfprnt-buttons-post pdfprnt-top-right\"><a href=\"https:\/\/la-presse-anarchiste.net\/index.php\/wp-json\/wp\/v2\/posts\/1612?print=pdf\" class=\"pdfprnt-button pdfprnt-button-pdf\" target=\"_blank\"><img decoding=\"async\" src=\"https:\/\/la-presse-anarchiste.net\/wp-content\/plugins\/pdf-print\/images\/pdf.png\" alt=\"image_pdf\" title=\"Afficher le PDF\"><\/a><a href=\"https:\/\/la-presse-anarchiste.net\/index.php\/wp-json\/wp\/v2\/posts\/1612?print=print\" class=\"pdfprnt-button pdfprnt-button-print\" target=\"_blank\"><img decoding=\"async\" src=\"https:\/\/la-presse-anarchiste.net\/wp-content\/plugins\/pdf-print\/images\/print.png\" alt=\"image_print\" title=\"Contenu imprim\u00e9\"><\/a><\/div><div align=\"justify\">\nLes der\u00adniers mois de 1970 ont \u00e9t\u00e9 riches en \u00e9v\u00e9\u00adne\u00adments dans le milieu objec\u00adteur. Le nombre de ceux\u2011ci ne ces\u00adsant de s\u2019accro\u00eetre, le pou\u00advoir s\u2019est vu obli\u00adg\u00e9 de ren\u00adfor\u00adcer la r\u00e9pres\u00adsion. Celle\u2011ci se fait essen\u00adtiel\u00adle\u00adment par appli\u00adca\u00adtion rigou\u00adreuse de la loi. Cepen\u00addant, de nom\u00adbreux \u00ab&nbsp;for\u00adclos th\u00e9o\u00adriques&nbsp;\u00bb ont eu leur demande de sta\u00adtut accord\u00e9e.\n<p>Tout a com\u00admen\u00adc\u00e9 par Daniel Bro\u00adchier, jug\u00e9 le 15 octobre apr\u00e8s cinq mois de d\u00e9ten\u00adtion pr\u00e9\u00adven\u00adtive et condam\u00adn\u00e9 \u00e0 six mois de pri\u00adson pour insou\u00admis\u00adsion. Sa demande d\u2019objecteur avait \u00e9t\u00e9 faite le jour de son incor\u00adpo\u00adra\u00adtion. Il est actuel\u00adle\u00adment en liber\u00adt\u00e9, les psy\u00adchiatres mili\u00adtaires l\u2019ont consi\u00add\u00e9\u00adr\u00e9 comme \u00ab&nbsp;ori\u00adgi\u00adnal&nbsp;\u00bb et donc inapte au ser\u00advice&nbsp;arm\u00e9.<\/p>\n<p>Son com\u00adpa\u00adgnon de cel\u00adlule, Daniel Khol, igno\u00adrant l\u2019existence d\u2019un sta\u00adtut pour les objec\u00adteurs, avait refu\u00ads\u00e9 l\u2019uniforme \u00e0 son entr\u00e9e en caserne. Sa demande, \u00e9crite en pri\u00adson, n\u2019a \u00e9t\u00e9 accep\u00adt\u00e9e qu\u2019apr\u00e8s six mois d\u2019incarc\u00e9ration, et il se trouve actuel\u00adle\u00adment en ser\u00advice&nbsp;civil.<\/p>\n<p>Phi\u00adlippe Lamotte, for\u00adclos, \u00e9tait insou\u00admis&nbsp;: il s\u2019est pr\u00e9\u00adsen\u00adt\u00e9 \u00e0 la caserne de Mont\u00adluc pour mettre au clair sa situa\u00adtion. Apr\u00e8s trois semaines de pri\u00adson dans cette caserne, il est lib\u00e9\u00adr\u00e9 b\u00e9n\u00e9\u00adfi\u00adciant d\u2019une per\u00admis\u00adsion. Son cas est en cours de r\u00e9forme. Affaire \u00e0 suivre\u2026<\/p>\n<p>Syl\u00advain Put\u00adte\u00admans, anar, refuse le sta\u00adtut car c\u2019est un com\u00adpro\u00admis. Il se borne \u00e0 d\u00e9cla\u00adrer qu\u2019il n\u2019a \u00ab&nbsp;rien \u00e0 foutre avec l\u2019arm\u00e9e&nbsp;\u00bb. Incar\u00adc\u00e9\u00adr\u00e9 \u00e0 la pri\u00adson de Loos (pr\u00e8s de Lille), il a entre\u00adpris une gr\u00e8ve de la faim de trois semaines. Le 17 d\u00e9cembre, pro\u00adc\u00e8s&nbsp;; apr\u00e8s une plai\u00addoi\u00adrie per\u00adcu\u00adtante de J.-J. de F\u00e9lice, le sou\u00adte\u00adnant \u00e0 fond, il est condam\u00adn\u00e9 \u00e0 18 mois de pri\u00adson avec sur\u00adsis. Imm\u00e9\u00addia\u00adte\u00adment recon\u00adduit \u00e0 la caserne apr\u00e8s ce pro\u00adc\u00e8s, il reste fid\u00e8le \u00e0 sa posi\u00adtion en refu\u00adsant de nou\u00adveau l\u2019uniforme qu\u2019on lui pr\u00e9\u00adsente. De nou\u00adveau enfer\u00adm\u00e9 \u00e0 la pri\u00adson de Loos, il entre\u00adprend une nou\u00advelle gr\u00e8ve de la faim pour obte\u00adnir sa lib\u00e9\u00adra\u00adtion condi\u00adtion\u00adnelle. Le 19 jan\u00advier, second pro\u00adc\u00e8s, \u00e0 l\u2019issue duquel il est condam\u00adn\u00e9 \u00e0 deux ans de pri\u00adson ferme. J.-J. de F\u00e9lice qui avait entre\u00adpris une plai\u00addoi\u00adrie tr\u00e8s enga\u00adg\u00e9e, ne d\u00e9ses\u00adp\u00e8re pas de l\u2019appel.<\/p>\n<p>Jean\u2011Yves Bous\u00adse\u00adreau fait sa demande avec trois semaines de retard. Le sta\u00adtut lui est refu\u00ads\u00e9 pour for\u00adclu\u00adsion. Arr\u00ea\u00adt\u00e9, il est conduit \u00e0 la caserne Tho\u00admas\u00adsin de Metz. Le 4 novembre, il entre\u00adprend une gr\u00e8ve de la faim pour acc\u00e9\u00adl\u00e9\u00adrer les d\u00e9marches. Cette gr\u00e8ve se ter\u00admine, le 22<sup>e<\/sup> jour, sous la menace d\u2019une ali\u00admen\u00adta\u00adtion for\u00adc\u00e9e. Apr\u00e8s deux mois de d\u00e9ten\u00adtion, il est rel\u00e2\u00adch\u00e9 puis r\u00e9for\u00adm\u00e9. Le 29 jan\u00advier s\u2019est d\u00e9rou\u00adl\u00e9 \u00e0 Bor\u00addeaux son pro\u00adc\u00e8s pour insoumission.<\/p>\n<p>Jacques Bille ren\u00advoie son livret en 1964. Depuis il a refu\u00ads\u00e9 son fas\u00adci\u00adcule \u00e0 chaque pr\u00e9\u00adsen\u00adta\u00adtion. \u00c9crou\u00e9 \u00e0 la San\u00adt\u00e9 le 13 novembre, puis conduit \u00e0 l\u2019h\u00f4pital Sainte\u2011Anne, il s\u2019engage dans une gr\u00e8ve de la faim. Le 27 novembre cette gr\u00e8ve est arr\u00ea\u00adt\u00e9e apr\u00e8s pro\u00admesse de son psy\u00adchiatre d\u2019\u00eatre lib\u00e9\u00adr\u00e9 pour la fin de l\u2019ann\u00e9e. Le 1<sup>er<\/sup> jan\u00advier, n\u2019ayant aucune nou\u00advelles de sa lib\u00e9\u00adra\u00adtion, il reprend une nou\u00advelle gr\u00e8ve de la faim (\u00ab&nbsp;Canard encha\u00ee\u00adn\u00e9&nbsp;\u00bb des 12 et 21\u20111\u201171). Il a \u00e9t\u00e9 lib\u00e9\u00adr\u00e9 le 2 f\u00e9vrier.<\/p>\n<p><b>Objec\u00adtion en Espagne<\/b><\/p>\n<p>Notre cama\u00adrade Pepe (ANV, n\u00b0&nbsp;23) s\u2019est pr\u00e9\u00adsen\u00adt\u00e9 le 12 jan\u00advier \u00e0 la caserne, \u00e0 Valence, o\u00f9 il reste incar\u00adc\u00e9\u00adr\u00e9. Une marche inter\u00adna\u00adtio\u00adnale a quit\u00adt\u00e9 Gen\u00e8ve le 21 f\u00e9vrier et se rend en Espagne. Le pro\u00adbl\u00e8me de l\u2019objection de conscience en Espagne est actuel\u00adle\u00adment sou\u00adle\u00adv\u00e9 au Conseil de l\u2019Europe qui se tient \u00e0 Strasbourg..<\/p>\n<p><b>Objec\u00adtion en Allemagne<\/b><\/p>\n<p>Un article paru dans \u00ab&nbsp;le Monde&nbsp;\u00bb du 14 jan\u00advier, nous apprend que le nombre des objec\u00adteurs pour les onze pre\u00admiers mois de 70  \u00e9tait de 17.936 dont 2.733 \u00e9taient d\u00e9j\u00e0 soldats.<\/p>\n<p>Le mou\u00adve\u00adment s\u2019\u00e9tend m\u00eame jusque chez les r\u00e9ser\u00advistes. Le nombre des demandes arrive au rythme de 130 par mois&nbsp;; un exemple \u00e0 suivre\u2026<\/p>\n<p>Jacques Moreau<\/p>\n<h2>   *   *   *<\/h2>\n<p>Pour pal\u00adlier le manque d\u2019information sur l\u2019existence d\u2019un sta\u00adtut pour les objec\u00adteurs, le Comi\u00adt\u00e9 pari\u00adsien de sou\u00adtien aux objec\u00adteurs de conscience vient de r\u00e9\u00e9di\u00adter \u00ab&nbsp;Objec\u00adtion au ser\u00advice militaire&nbsp;\u00bb.<\/p>\n<p>Cette bro\u00adchure de pro\u00adpa\u00adgande est des\u00adti\u00adn\u00e9e \u00e0 la distribution.<\/p>\n<p>Com\u00admande mini\u00admale&nbsp;: 100 brochures.<br>\n<br>de 100 \u00e0 500&nbsp;: 0,10 F l\u2019exemplaire,<br>\n<br>de 501 \u00e0 1000&nbsp;: 0,08 F l\u2019exemplaire,<br>\n<br>de 1001 \u00e0 2000&nbsp;: 0,07 F l\u2019exemplaire,<br>\n<br>au\u2011del\u00e0 de 2&nbsp;001&nbsp;: 0,06 F l\u2019exemplaire.<\/p>\n<p>Effec\u00adtuez vos com\u00admandes aupr\u00e8s de Jacques Moreau, 168, bou\u00adle\u00advard Ana\u00adtole-France, 93 \u2011 Saint\u2011Denis. CCP 31606\u201130 La Source.&nbsp;<\/p><\/div>\n","protected":false},"excerpt":{"rendered":"<p>Les der\u00adniers mois de 1970 ont \u00e9t\u00e9 riches en \u00e9v\u00e9\u00adne\u00adments dans le milieu objec\u00adteur. Le nombre de ceux\u2011ci ne ces\u00adsant de s\u2019accro\u00eetre, le pou\u00advoir s\u2019est vu obli\u00adg\u00e9 de ren\u00adfor\u00adcer la r\u00e9pres\u00adsion. Celle\u2011ci se fait essen\u00adtiel\u00adle\u00adment par appli\u00adca\u00adtion rigou\u00adreuse de la loi. Cepen\u00addant, de nom\u00adbreux \u00ab&nbsp;for\u00adclos th\u00e9o\u00adriques&nbsp;\u00bb ont eu leur demande de sta\u00adtut accor\u00add\u00e9e. Tout&nbsp;a&nbsp;[\u2026]<\/p>\n","protected":false},"author":1,"featured_media":0,"comment_status":"closed","ping_status":"closed","sticky":false,"template":"","format":"standard","meta":{"wp_typography_post_enhancements_disabled":false,"footnotes":""},"categories":[168],"tags":[],"ppma_author":[540],"class_list":["post-1612","post","type-post","status-publish","format-standard","hentry","category-anarchisme-et-non-violence-na24-janvier-mars-1971"],"authors":[{"term_id":540,"user_id":1,"is_guest":0,"slug":"admin_3gikpwyf","display_name":"Vincent Dubuc","avatar_url":"https:\/\/secure.gravatar.com\/avatar\/d015720652c25fd2ced191ade86430094e1f288a17483713e3b34d26dea52507?s=96&d=mm&r=g","author_category":"","user_url":"https:\/\/la-presse-anarchiste.net","last_name":"Dubuc","first_name":"Vincent","job_title":"","description":""}],"_links":{"self":[{"href":"https:\/\/la-presse-anarchiste.net\/index.php\/wp-json\/wp\/v2\/posts\/1612","targetHints":{"allow":["GET"]}}],"collection":[{"href":"https:\/\/la-presse-anarchiste.net\/index.php\/wp-json\/wp\/v2\/posts"}],"about":[{"href":"https:\/\/la-presse-anarchiste.net\/index.php\/wp-json\/wp\/v2\/types\/post"}],"author":[{"embeddable":true,"href":"https:\/\/la-presse-anarchiste.net\/index.php\/wp-json\/wp\/v2\/users\/1"}],"replies":[{"embeddable":true,"href":"https:\/\/la-presse-anarchiste.net\/index.php\/wp-json\/wp\/v2\/comments?post=1612"}],"version-history":[{"count":0,"href":"https:\/\/la-presse-anarchiste.net\/index.php\/wp-json\/wp\/v2\/posts\/1612\/revisions"}],"wp:attachment":[{"href":"https:\/\/la-presse-anarchiste.net\/index.php\/wp-json\/wp\/v2\/media?parent=1612"}],"wp:term":[{"taxonomy":"category","embeddable":true,"href":"https:\/\/la-presse-anarchiste.net\/index.php\/wp-json\/wp\/v2\/categories?post=1612"},{"taxonomy":"post_tag","embeddable":true,"href":"https:\/\/la-presse-anarchiste.net\/index.php\/wp-json\/wp\/v2\/tags?post=1612"},{"taxonomy":"author","embeddable":true,"href":"https:\/\/la-presse-anarchiste.net\/index.php\/wp-json\/wp\/v2\/ppma_author?post=1612"}],"curies":[{"name":"wp","href":"https:\/\/api.w.org\/{rel}","templated":true}]}}