{"id":1622,"date":"2008-07-20T18:35:26","date_gmt":"2008-07-20T18:35:26","guid":{"rendered":"https:\/\/la-presse-anarchiste.net\/index.php\/2008\/07\/20\/groupe-de-partage-2\/"},"modified":"2008-07-20T18:35:26","modified_gmt":"2008-07-20T18:35:26","slug":"groupe-de-partage-2","status":"publish","type":"post","link":"https:\/\/la-presse-anarchiste.net\/index.php\/2008\/07\/20\/groupe-de-partage-2\/","title":{"rendered":"Groupe de partage"},"content":{"rendered":"<div class=\"pdfprnt-buttons pdfprnt-buttons-post pdfprnt-top-right\"><a href=\"https:\/\/la-presse-anarchiste.net\/index.php\/wp-json\/wp\/v2\/posts\/1622?print=pdf\" class=\"pdfprnt-button pdfprnt-button-pdf\" target=\"_blank\"><img decoding=\"async\" src=\"https:\/\/la-presse-anarchiste.net\/wp-content\/plugins\/pdf-print\/images\/pdf.png\" alt=\"image_pdf\" title=\"Afficher le PDF\"><\/a><a href=\"https:\/\/la-presse-anarchiste.net\/index.php\/wp-json\/wp\/v2\/posts\/1622?print=print\" class=\"pdfprnt-button pdfprnt-button-print\" target=\"_blank\"><img decoding=\"async\" src=\"https:\/\/la-presse-anarchiste.net\/wp-content\/plugins\/pdf-print\/images\/print.png\" alt=\"image_print\" title=\"Contenu imprim\u00e9\"><\/a><\/div><div align=\"justify\">\n[(\u00ab&nbsp;Il convien\u00addrait d\u2019attirer l\u2019attention sur la n\u00e9ces\u00adsi\u00adt\u00e9 d\u2019organiser une base de sou\u00adtien \u00e0 l\u2019action, une infra\u00adstruc\u00adture \u00e9co\u00adno\u00admique, une inten\u00addance, afin que le mili\u00adtant qui s\u2019engage \u00e0 long terme, ou qui sor\u00adtant de pri\u00adson avec sou\u00advent perte de sa pro\u00adfes\u00adsion, ne soit pas trop han\u00addi\u00adca\u00adp\u00e9 en repre\u00adnant sa place dans la soci\u00e9\u00adt\u00e9. De m\u00eame pr\u00e9\u00advoir les condi\u00adtions d\u2019aide aux familles. Il ne s\u2019agit pas d\u2019entretenir des acti\u00advistes, des pro\u00adfes\u00adsion\u00adnels de l\u2019action non vio\u00adlente, mais de ne pas emp\u00ea\u00adcher ou res\u00adtreindre l\u2019action pour des causes uni\u00adque\u00adment mat\u00e9rielles.&nbsp;\u00bb<br>\n(&nbsp;<a href=\"http:\/\/www.la-presse-anarchiste.net\/spip\/spip.php?action=redirect&amp;id_article=171\">\u00ab&nbsp;Jalons&nbsp;\u00bb, ANV, n\u00b04<\/a>, avril&nbsp;1966.)&nbsp;)]\n<p>Les dif\u00adf\u00e9\u00adrentes actions \u00e9tu\u00addi\u00e9es dans les textes pr\u00e9\u00adc\u00e9\u00addents font appa\u00adra\u00eetre la n\u00e9ces\u00adsi\u00adt\u00e9 de ras\u00adsem\u00adbler autour des cama\u00adrades enga\u00adg\u00e9s un groupe de soutien.<\/p>\n<p>Ce groupe r\u00e9pond \u00e0 plu\u00adsieurs besoins inh\u00e9\u00adrents \u00e0 tout indi\u00advi\u00addu entre\u00adprenant une action non violente&nbsp;:<br>\n<br>\u2014 Besoin de rompre la soli\u00adtude, de ne pas se sen\u00adtir iso\u00adl\u00e9&nbsp;; d\u2019appar\u00adtenir \u00e0 un cou\u00adrant de pen\u00ads\u00e9e, d\u2019avoir autour de soi une commu\u00adnaut\u00e9 solide.<br>\n<br>\u2014 D\u00e9sir que le geste soit bien com\u00adpris, bien inter\u00adpr\u00e9\u00adt\u00e9, ne puisse don\u00adner lieu \u00e0 des uti\u00adli\u00adsa\u00adtions \u00e9qui\u00advoques et que le reten\u00adtis\u00adse\u00adment obte\u00adnu soit bien dans l\u2019esprit qui anime l\u2019action.<\/p>\n<p>Ces consta\u00adta\u00adtions bien \u00e9vi\u00addentes appellent imm\u00e9\u00addia\u00adte\u00adment quelques r\u00e9flexions et ins\u00adpirent le d\u00e9sir d\u2019\u00e9laborer un cadre per\u00admet\u00adtant plus faci\u00adle\u00adment la nais\u00adsance et l\u2019\u00e9panouissement d\u2019actions.<\/p>\n<p>Il semble conve\u00adnu qu\u2019\u00e0 la base de toute action non vio\u00adlente il y a un enga\u00adge\u00adment indi\u00advi\u00adduel pro\u00adfon\u00add\u00e9\u00adment r\u00e9fl\u00e9\u00adchi&nbsp;; cette r\u00e9flexion sup\u00adpose que l\u2019int\u00e9ress\u00e9 ait pes\u00e9 toutes les cons\u00e9\u00adquences de son acte et se soit sen\u00adti de taille \u00e0 les affronter.<\/p>\n<p>Par\u00admi les cons\u00e9\u00adquences les plus pr\u00e9\u00advi\u00adsibles&nbsp;: une forte amende ou un empri\u00adson\u00adne\u00adment de dur\u00e9e variable d\u2019o\u00f9 pr\u00e9\u00adju\u00addice mat\u00e9\u00adriel grave que l\u2019int\u00e9ress\u00e9 peut avoir des dif\u00adfi\u00adcul\u00adt\u00e9s \u00e0 sup\u00adpor\u00adter sur\u00adtout s\u2019il a des res\u00adponsabilit\u00e9s familiales.<\/p>\n<p>L\u2019objet de ces pro\u00adpos est de consi\u00add\u00e9\u00adrer plus par\u00adti\u00adcu\u00adli\u00e8\u00adre\u00adment l\u2019aspect mat\u00e9\u00adriel du sou\u00adtien et ses corol\u00adlaires. Sous\u00adcrip\u00adtion, caisse de soli\u00adda\u00adri\u00adt\u00e9 ont sou\u00advent \u00e9t\u00e9 uti\u00adli\u00ads\u00e9es, mais ces formes ne sp\u00e9\u00adci\u00adfient en rien un mou\u00adve\u00adment, elles consti\u00adtuent l\u2019aspect pre\u00admier du sou\u00adtien&nbsp;: aspect insuf\u00adfi\u00adsant en ce sens qu\u2019il ne cr\u00e9e pas une v\u00e9ri\u00adtable com\u00admu\u00adnau\u00adt\u00e9 dans l\u2019engagement, et laisse sub\u00adsis\u00adter un fos\u00ads\u00e9 entre par\u00adti\u00adci\u00adpants \u00e0 l\u2019action et par\u00adti\u00adci\u00adpants au soutien.<\/p>\n<p>Une autre solu\u00adtion consiste en un apport finan\u00adcier fixe, r\u00e9gu\u00adlier, p\u00e9rio\u00addique par ceux qui se sentent concer\u00adn\u00e9s par une action dure mais ne veulent pas s\u2019y livrer eux\u2011m\u00eames. Ce mode de sou\u00adtien est plus sym\u00adpa\u00adthique, il semble mieux conve\u00adnir car il n\u00e9ces\u00adsite un enga\u00adge\u00adment plus pr\u00e9\u00adcis et plus com\u00adplet. Plus com\u00adplet, plus id\u00e9al encore est la pos\u00adsi\u00adbi\u00adli\u00adt\u00e9 qu\u2019offre une com\u00admu\u00adnau\u00adt\u00e9 comme l\u2019Arche qui per\u00admet \u00e0 cer\u00adtains de ses com\u00adpa\u00adgnons de pou\u00advoir se lib\u00e9\u00adrer de tout pro\u00adbl\u00e8me mat\u00e9\u00adriel pour par\u00adti\u00adci\u00adper \u00e0 une action qu\u2019elle a jug\u00e9e valable, et o\u00f9 elle prend alors en charge toutes les cons\u00e9\u00adquences mat\u00e9\u00adrielles de l\u2019action. Cela per\u00admet de lib\u00e9\u00adrer un ou des indi\u00advi\u00addus pour ani\u00admer, coor\u00addon\u00adner une action qui leur demande de s\u2019y consa\u00adcrer \u00e0 plein temps de m\u00eame d\u2019assurer la sub\u00adsis\u00adtance d\u2019une famille pen\u00addant un empri\u00adson\u00adne\u00adment et de garan\u00adtir leur r\u00e9in\u00adt\u00e9\u00adgra\u00adtion par la&nbsp;suite.<\/p>\n<p>Le r\u00e9a\u00adlisme oblige \u00e0 consta\u00adter que ce qui est pos\u00adsible en milieu spi\u00adri\u00adtua\u00adliste chr\u00e9\u00adtien l\u2019est plus dif\u00adfi\u00adci\u00adle\u00adment en milieu anar\u00adchiste. La vie com\u00admu\u00adnau\u00adtaire (genre Arche) pose de tr\u00e8s nom\u00adbreux pro\u00adbl\u00e8mes et sans la subli\u00adma\u00adtion d\u00e9iste elle est g\u00e9n\u00e9\u00adra\u00adle\u00adment vou\u00e9e \u00e0 l\u2019\u00e9chec \u00e0 terme plus ou moins long sui\u00advant la qua\u00adli\u00adt\u00e9 des par\u00adti\u00adci\u00adpants. L\u2019exp\u00e9rience semble prou\u00adver que pour des anar\u00adchistes tr\u00e8s conscients de leur ego, elle apporte en d\u00e9fi\u00adni\u00adtive plus de contraintes que de lib\u00e9ration.<\/p>\n<p>Alors&nbsp;? com\u00adment se rap\u00adpro\u00adcher des pos\u00adsi\u00adbi\u00adli\u00adt\u00e9s d\u2019action qu\u2019offre la vie com\u00admu\u00adnau\u00adtaire com\u00adpl\u00e8te en \u00e9vi\u00adtant les incon\u00adv\u00e9\u00adnients qui lui sont inh\u00e9rents&nbsp;?<\/p>\n<p>Une pos\u00adsi\u00adbi\u00adli\u00adt\u00e9 appa\u00adra\u00eet \u00e0 tra\u00advers cer\u00adtaines recherches&nbsp;; on peut l\u2019appeler sans \u00eatre cer\u00adtain que la d\u00e9fi\u00adni\u00adtion soit tr\u00e8s cor\u00adrecte&nbsp;: le groupe de partage.<\/p>\n<p>GROUPE&nbsp;: Assem\u00adblage d\u2019individus affi\u00adni\u00adtaires du fait qu\u2019ils se sentent concer\u00adn\u00e9s par les m\u00eames pro\u00adbl\u00e8mes et d\u00e9si\u00adreux d\u2019agir dans le m\u00eame sens pour la recherche, la r\u00e9flexion, l\u2019action.<\/p>\n<p>DE PARTAGE&nbsp;: Par sou\u00adci d\u2019efficacit\u00e9, dans le but de se sen\u00adtir plus soli\u00addaires, plus dis\u00adpo\u00adnibles et plus libres mat\u00e9\u00adriel\u00adle\u00adment, les com\u00adpo\u00adsants du groupe d\u00e9cident de mettre en com\u00admun leurs res\u00adsources enti\u00e8\u00adre\u00adment ou en partie.<\/p>\n<p><b>Aspects pra\u00adtiques<\/b><\/p>\n<p>On peut conce\u00advoir une gra\u00adda\u00adtion, une \u00e9vo\u00adlu\u00adtion dans la cr\u00e9a\u00adtion et la vie de ce \u00ab&nbsp;groupe de par\u00adtage&nbsp;\u00bb et ce, sur plu\u00adsieurs plans&nbsp;; depuis le seul aspect finan\u00adcier jusqu\u2019au regrou\u00adpe\u00adment g\u00e9o\u00adgra\u00adphique et m\u00eame pro\u00adfes\u00adsion\u00adnel, un pre\u00admier stade consis\u00adte\u00adrait \u00e0 cr\u00e9er une caisse ali\u00admen\u00adt\u00e9e par des ver\u00adse\u00adments r\u00e9guliers.<\/p>\n<p>La d\u00e9ter\u00admi\u00adna\u00adtion du mon\u00adtant des ver\u00adse\u00adments pour\u00adra \u00eatre lais\u00ads\u00e9e \u00e0 l\u2019initiative de cha\u00adcun ou d\u00e9ter\u00admi\u00adn\u00e9e en pour\u00adcen\u00adtage de salaires ou de quo\u00adtient fami\u00adlial. Sui\u00advant l\u2019importance et le nombre des \u00ab&nbsp;volon\u00adtaires&nbsp;\u00bb cette caisse per\u00admet\u00adtrait de financer&nbsp;:<br>\n<br>\u2014 La publi\u00adca\u00adtion ou la par\u00adti\u00adci\u00adpa\u00adtion \u00e0 la publi\u00adca\u00adtion de cer\u00adtains textes&nbsp;;<br>\n<br>\u2014 Les frais inh\u00e9\u00adrents \u00e0 des ren\u00adcontres, s\u00e9mi\u00adnaires, etc., et la possi\u00adbilit\u00e9 d\u2019en rap\u00adpro\u00adcher la fr\u00e9quence&nbsp;;<br>\n<br>\u2014 Le d\u00e9pla\u00adce\u00adment d\u2019un membre du groupe pour par\u00adti\u00adci\u00adper \u00e0 une ren\u00adcontre, congr\u00e8s, pr\u00e9\u00adpa\u00adra\u00adtion d\u2019action de mou\u00adve\u00adments proches&nbsp;;<br>\n<br>\u2014 Le sou\u00adtien, en tant que groupe, d\u2019une action que nous approuvons&nbsp;;<br>\n<br>\u2014 Le rem\u00adpla\u00adce\u00adment de la r\u00e9mu\u00adn\u00e9\u00adra\u00adtion pro\u00adfes\u00adsion\u00adnelle d\u2019un cama\u00adrade pour lui per\u00admettre de se consa\u00adcrer \u00e0 plein temps \u00e0 une t\u00e2che, ce \u00e0 titre tem\u00adpo\u00adraire ou permanent.<\/p>\n<p>Cette \u00e9nu\u00adm\u00e9\u00adra\u00adtion non limi\u00adta\u00adtive, volon\u00adtai\u00adre\u00adment sim\u00adpliste, essaie de d\u00e9fi\u00adnir une pro\u00adgres\u00adsion pos\u00adsible \u00e0 par\u00adtir du r\u00e9el, c\u2019est\u2011\u00e0\u2011dire l\u2019\u00e9tat actuel de coh\u00e9\u00adsion et de matu\u00adri\u00adt\u00e9 d\u2019un groupe qui ne fait que de com\u00admen\u00adcer \u00e0 s\u2019affirmer.<\/p>\n<p>On peut conce\u00advoir \u00e0 un stade plus avan\u00adc\u00e9 que la tota\u00adli\u00adt\u00e9 des res\u00adsources soient mises en com\u00admun puis redis\u00adtri\u00adbu\u00e9es \u00e9qui\u00adta\u00adble\u00adment sui\u00advant un sys\u00adt\u00e8me \u00e0 d\u00e9fi\u00adnir (l\u2019\u00e9quit\u00e9 n\u2019\u00e9tant pas l\u2019\u00e9galit\u00e9, il est n\u00e9ces\u00adsaire d\u2019apporter des cor\u00adrec\u00adtions tenant compte des cir\u00adcons\u00adtances par\u00adticuli\u00e8res \u00e0 cha\u00adcun avant de pro\u00adc\u00e9\u00adder par exemple \u00e0 un par\u00adtage cal\u00adcul\u00e9 sui\u00advant un quo\u00adtient indi\u00advi\u00adduel), le pr\u00e9\u00adl\u00e8\u00adve\u00adment de sou\u00adtien se fai\u00adsant alors glo\u00adba\u00adle\u00adment et d\u2019une mani\u00e8re variable sui\u00advant les besoins du moment.<\/p>\n<p>Enfin, tou\u00adjours dans le m\u00eame esprit mais plus dif\u00adfi\u00adcile \u00e0 r\u00e9a\u00adli\u00adser, on peut envi\u00adsa\u00adger un regrou\u00adpe\u00adment g\u00e9o\u00adgra\u00adphique dans la recherche de tra\u00advail et de r\u00e9si\u00addence dans la m\u00eame ville, der\u00adnier stade avant la vie com\u00admu\u00adnau\u00adtaire com\u00adpl\u00e8te que nous lais\u00adse\u00adrons volon\u00adtai\u00adre\u00adment de c\u00f4t\u00e9. Non que nous igno\u00adrions que ce soit l\u00e0 une solu\u00adtion qua\u00adsi id\u00e9ale, mais parce que nous pen\u00adsons que l\u2019outil par\u00adfait que peut repr\u00e9\u00adsen\u00adter une vie com\u00admu\u00adnau\u00adtaire com\u00adpl\u00e8te peut \u00eatre aus\u00adsi le par\u00adfait ins\u00adtru\u00adment de des\u00adtruc\u00adtion du groupe si les par\u00adti\u00adci\u00adpants ne se sont pas astreints \u00e0 une longue pr\u00e9\u00adpa\u00adra\u00adtion psy\u00adcho\u00adlo\u00adgique et pra\u00adtique. Pr\u00e9\u00adpa\u00adra\u00adtion consis\u00adtant, entre autres, \u00e0 la ma\u00ee\u00adtrise des com\u00adpor\u00adte\u00adments carac\u00adt\u00e9\u00adriels et \u00e0 l\u2019\u00e9laboration d\u2019un lan\u00adgage com\u00admun tant sur le plan des id\u00e9es que du voca\u00adbu\u00adlaire, \u00e9l\u00e9\u00adments essen\u00adtiels, n\u00e9ces\u00adsaires et indis\u00adpen\u00adsables \u00e0 la coh\u00e9\u00adsion d\u2019un groupe.<\/p>\n<p>Mais dans l\u2019esprit du \u00ab&nbsp;groupe de par\u00adtage&nbsp;\u00bb s\u2019offre d\u00e9j\u00e0 toute une gamme de pos\u00adsi\u00adbi\u00adli\u00adt\u00e9s ouvertes vers l\u2019action, il nous appar\u00adtient de nous inter\u00adro\u00adger puis, \u00e0 tra\u00advers un d\u00e9bat com\u00admun, de d\u00e9fi\u00adnir et pr\u00e9\u00adci\u00adser celles que nous vou\u00adlons uti\u00adli\u00adser et \u00e0 quel niveau.<\/p>\n<p>Mar\u00adcel&nbsp;Viaud<\/p>\n<p>(&nbsp;<a href=\"http:\/\/www.la-presse-anarchiste.net\/spip\/spip.php?action=redirect&amp;id_article=1048\">Extrait d\u2019ANV, n\u00b0 13<\/a>.)\n<\/p><\/div>\n","protected":false},"excerpt":{"rendered":"<p>[(\u00ab&nbsp;Il convien\u00addrait d\u2019attirer l\u2019attention sur la n\u00e9ces\u00adsi\u00adt\u00e9 d\u2019organiser une base de sou\u00adtien \u00e0 l\u2019action, une infra\u00adstruc\u00adture \u00e9co\u00adno\u00admique, une inten\u00addance, afin que le mili\u00adtant qui s\u2019engage \u00e0 long terme, ou qui sor\u00adtant de pri\u00adson avec sou\u00advent perte de sa pro\u00adfes\u00adsion, ne soit pas trop han\u00addi\u00adca\u00adp\u00e9 en repre\u00adnant sa place dans la soci\u00e9\u00adt\u00e9. De m\u00eame pr\u00e9\u00advoir&nbsp;les&nbsp;[\u2026]<\/p>\n","protected":false},"author":1,"featured_media":0,"comment_status":"closed","ping_status":"closed","sticky":false,"template":"","format":"standard","meta":{"wp_typography_post_enhancements_disabled":false,"footnotes":""},"categories":[168],"tags":[],"ppma_author":[540],"class_list":["post-1622","post","type-post","status-publish","format-standard","hentry","category-anarchisme-et-non-violence-na24-janvier-mars-1971"],"authors":[{"term_id":540,"user_id":1,"is_guest":0,"slug":"admin_3gikpwyf","display_name":"Vincent Dubuc","avatar_url":"https:\/\/secure.gravatar.com\/avatar\/d015720652c25fd2ced191ade86430094e1f288a17483713e3b34d26dea52507?s=96&d=mm&r=g","author_category":"","user_url":"https:\/\/la-presse-anarchiste.net","last_name":"Dubuc","first_name":"Vincent","job_title":"","description":""}],"_links":{"self":[{"href":"https:\/\/la-presse-anarchiste.net\/index.php\/wp-json\/wp\/v2\/posts\/1622","targetHints":{"allow":["GET"]}}],"collection":[{"href":"https:\/\/la-presse-anarchiste.net\/index.php\/wp-json\/wp\/v2\/posts"}],"about":[{"href":"https:\/\/la-presse-anarchiste.net\/index.php\/wp-json\/wp\/v2\/types\/post"}],"author":[{"embeddable":true,"href":"https:\/\/la-presse-anarchiste.net\/index.php\/wp-json\/wp\/v2\/users\/1"}],"replies":[{"embeddable":true,"href":"https:\/\/la-presse-anarchiste.net\/index.php\/wp-json\/wp\/v2\/comments?post=1622"}],"version-history":[{"count":0,"href":"https:\/\/la-presse-anarchiste.net\/index.php\/wp-json\/wp\/v2\/posts\/1622\/revisions"}],"wp:attachment":[{"href":"https:\/\/la-presse-anarchiste.net\/index.php\/wp-json\/wp\/v2\/media?parent=1622"}],"wp:term":[{"taxonomy":"category","embeddable":true,"href":"https:\/\/la-presse-anarchiste.net\/index.php\/wp-json\/wp\/v2\/categories?post=1622"},{"taxonomy":"post_tag","embeddable":true,"href":"https:\/\/la-presse-anarchiste.net\/index.php\/wp-json\/wp\/v2\/tags?post=1622"},{"taxonomy":"author","embeddable":true,"href":"https:\/\/la-presse-anarchiste.net\/index.php\/wp-json\/wp\/v2\/ppma_author?post=1622"}],"curies":[{"name":"wp","href":"https:\/\/api.w.org\/{rel}","templated":true}]}}