{"id":1625,"date":"2008-07-22T09:01:18","date_gmt":"2008-07-22T09:01:18","guid":{"rendered":"https:\/\/la-presse-anarchiste.net\/index.php\/2008\/07\/22\/greve-de-la-faim-a-la-prison\/"},"modified":"2008-07-22T09:01:18","modified_gmt":"2008-07-22T09:01:18","slug":"greve-de-la-faim-a-la-prison","status":"publish","type":"post","link":"https:\/\/la-presse-anarchiste.net\/index.php\/2008\/07\/22\/greve-de-la-faim-a-la-prison\/","title":{"rendered":"Gr\u00e8ve de la faim \u00e0 la prison"},"content":{"rendered":"<div class=\"pdfprnt-buttons pdfprnt-buttons-post pdfprnt-top-right\"><a href=\"https:\/\/la-presse-anarchiste.net\/index.php\/wp-json\/wp\/v2\/posts\/1625?print=pdf\" class=\"pdfprnt-button pdfprnt-button-pdf\" target=\"_blank\"><img decoding=\"async\" src=\"https:\/\/la-presse-anarchiste.net\/wp-content\/plugins\/pdf-print\/images\/pdf.png\" alt=\"image_pdf\" title=\"Afficher le PDF\"><\/a><a href=\"https:\/\/la-presse-anarchiste.net\/index.php\/wp-json\/wp\/v2\/posts\/1625?print=print\" class=\"pdfprnt-button pdfprnt-button-print\" target=\"_blank\"><img decoding=\"async\" src=\"https:\/\/la-presse-anarchiste.net\/wp-content\/plugins\/pdf-print\/images\/print.png\" alt=\"image_print\" title=\"Contenu imprim\u00e9\"><\/a><\/div><div align=\"justify\">\n[(\u00c0 La Chaux\u2011de\u2011Fonds (Suisse), un pri\u00adson\u00adnier a pas\u00ads\u00e9 trois mois en d\u00e9ten\u00adtion pr\u00e9\u00adven\u00adtive avant d\u2019\u00eatre condam\u00adn\u00e9 \u00e0 une peine ferme de deux mois seulement.\n<p>Ce fait scan\u00adda\u00adleux n\u2019est pas rare. Il a inci\u00adt\u00e9 en l\u2019occurrence un groupe de d\u00e9te\u00adnus \u00e0 entre\u00adprendre, le same\u00addi 3 avril, une gr\u00e8ve de la faim de dur\u00e9e ind\u00e9\u00adter\u00admi\u00adn\u00e9e dont les motifs sont expo\u00ads\u00e9s dans la lettre ci\u2011dessous qu\u2019ils ont fait par\u00adve\u00adnir aux auto\u00adri\u00adt\u00e9s judi\u00adciaires et aux journaux.<\/p>\n<p>Mal\u00adgr\u00e9 ce qu\u2019en ont dit les jour\u00adnaux, les autres d\u00e9te\u00adnus se sont d\u00e9cla\u00adr\u00e9s soli\u00addaires des cinq gr\u00e9\u00advistes. Ceux\u2011ci ne se sont pas r\u00e9cla\u00adm\u00e9s de leur qua\u00adli\u00adt\u00e9 d\u2019objecteurs (condam\u00adn\u00e9s \u00e0 des peines allant de trois \u00e0 six mois de pri\u00adson), mais ont fait cette action en tant que simples d\u00e9te\u00adnus. Ils ont d\u00fb arr\u00ea\u00adter la gr\u00e8ve au sixi\u00e8me jour, mais cela ne repr\u00e9\u00adsente qu\u2019une \u00e9tape dans la lutte contre le scan\u00addale p\u00e9ni\u00adten\u00adtiaire et le sys\u00adt\u00e8me qui n\u2019a d\u2019autre solu\u00adtion que d\u2019enfermer ceux qui le refusent.<\/p>\n<p>Marie Mar\u00adtin)]<\/p>\n<p>\u00c0 l\u2019occasion de ce fait, qui n\u2019est qu\u2019un exemple du sys\u00adt\u00e8me p\u00e9ni\u00adten\u00adtiaire absurde et scan\u00adda\u00adleux, nous pro\u00adtes\u00adtons contre les moyens essen\u00adtiel\u00adle\u00adment r\u00e9pres\u00adsifs uti\u00adli\u00ads\u00e9s par l\u2019Etat, moyens qui ne sau\u00adraient consti\u00adtuer une solu\u00adtion au pro\u00adbl\u00e8me de la d\u00e9lin\u00adquance et de la criminalit\u00e9.<\/p>\n<p>Ces moyens am\u00e8nent tout d\u00e9te\u00adnu \u00e0 une r\u00e9gres\u00adsion plu\u00adt\u00f4t qu\u2019\u00e0 une progression&nbsp;:<br>\n<br>\u2014 D\u00e9ten\u00adtion pro\u00adlon\u00adg\u00e9e dans une cel\u00adlule cou\u00adp\u00e9e du monde ext\u00e9rieur&nbsp;;<br>\n<br>\u2014 Manque d\u2019exercice et de&nbsp;sport&nbsp;;<br>\n<br>\u2014 Condi\u00adtions de d\u00e9ten\u00adtion d\u00e9plo\u00adrables (par\u00adti\u00adcu\u00adli\u00e8\u00adre\u00adment dans cer\u00adtains cantons);<br>\n<br>\u2014 R\u00e9pres\u00adsion affec\u00adtive et sexuelle (une br\u00e8ve visite par semaine\u2026 dans le meilleur des cas&nbsp;; rela\u00adtions sexuelles interdites&nbsp;;<br>\n<br>\u2014 Le tra\u00advail dans les pri\u00adsons est une exploi\u00adta\u00adtion mani\u00adfeste (salaire d\u00e9ri\u00adsoire par rap\u00adport \u00e0 l\u2019ext\u00e9rieur&nbsp;: de 0,80&nbsp;F \u00e0 1,90&nbsp;F par jour, au lieu de 5&nbsp;F de l\u2019heure);<br>\n<br>\u2014 Un r\u00e8gle\u00adment vexa\u00adtoire (limi\u00adta\u00adtion du tabac, de la cor\u00adres\u00adpon\u00addance, cen\u00adsure des lettres per\u00adson\u00adnelles\u200a\u2014\u200aet non des lettres offi\u00adcielles et admi\u00adnis\u00adtra\u00adtives), qui n\u2019a pour r\u00e9sul\u00adtat que de sus\u00adci\u00adter par\u00admi les pri\u00adson\u00adniers les moyens ill\u00e9\u00adgaux les plus divers, de le transgresser&nbsp;;<br>\n<br>\u2014 D\u00e9ten\u00adtion pr\u00e9\u00adven\u00adtive qui se pro\u00adlonge pen\u00addant des&nbsp;mois.<\/p>\n<p>Nous atti\u00adrons l\u2019attention de l\u2019opinion publique sur la fr\u00e9\u00adquence in\u00adqui\u00e9tante des sui\u00adcides dans les prisons.<\/p>\n<p>Nous d\u00e9non\u00ad\u00e7ons \u00e9ga\u00adle\u00adment le pri\u00advi\u00adl\u00e8ge des aum\u00f4\u00adniers de pri\u00adson, qui seuls ont acc\u00e8s \u00e0 l\u2019organisation des loi\u00adsirs pour pri\u00adson\u00adniers&nbsp;; qui peuvent s\u2019entretenir libre\u00adment et direc\u00adte\u00adment avec les d\u00e9te\u00adnus (droit que ne pos\u00ads\u00e8dent m\u00eame pas leurs familles), et dont l\u2019action vise \u00e0 ensei\u00adgner la r\u00e9si\u00adgna\u00adtion aux pri\u00adson\u00adniers sans remettre en cause le sys\u00adt\u00e8me des prisons.<\/p>\n<p>Le r\u00e9gime de semi\u2011libert\u00e9 est une demi\u2011solution qui marque sans doute un pro\u00adgr\u00e8s. Nous signa\u00adlons cepen\u00addant \u00e0 ce pro\u00adpos que les pays les plus avan\u00adc\u00e9s envi\u00adsagent la SUPPRESSION DES PRISONS.<\/p>\n<p>Un groupe de d\u00e9tenus.&nbsp;<\/p><\/div>\n","protected":false},"excerpt":{"rendered":"<p>[(\u00c0 La Chaux\u2011de\u2011Fonds (Suisse), un pri\u00adson\u00adnier a pas\u00ads\u00e9 trois mois en d\u00e9ten\u00adtion pr\u00e9\u00adven\u00adtive avant d\u2019\u00eatre condam\u00adn\u00e9 \u00e0 une peine ferme de deux mois seule\u00adment. Ce fait scan\u00adda\u00adleux n\u2019est pas rare. Il a inci\u00adt\u00e9 en l\u2019occurrence un groupe de d\u00e9te\u00adnus \u00e0 entre\u00adprendre, le same\u00addi 3 avril, une gr\u00e8ve de la faim de dur\u00e9e ind\u00e9\u00adter\u00admi\u00adn\u00e9e dont&nbsp;les&nbsp;[\u2026]<\/p>\n","protected":false},"author":1,"featured_media":0,"comment_status":"closed","ping_status":"closed","sticky":false,"template":"","format":"standard","meta":{"wp_typography_post_enhancements_disabled":false,"footnotes":""},"categories":[182],"tags":[],"ppma_author":[540],"class_list":["post-1625","post","type-post","status-publish","format-standard","hentry","category-anarchisme-et-non-violence-na25-avril-mai-1971"],"authors":[{"term_id":540,"user_id":1,"is_guest":0,"slug":"admin_3gikpwyf","display_name":"Vincent Dubuc","avatar_url":"https:\/\/secure.gravatar.com\/avatar\/d015720652c25fd2ced191ade86430094e1f288a17483713e3b34d26dea52507?s=96&d=mm&r=g","author_category":"","user_url":"https:\/\/la-presse-anarchiste.net","last_name":"Dubuc","first_name":"Vincent","job_title":"","description":""}],"_links":{"self":[{"href":"https:\/\/la-presse-anarchiste.net\/index.php\/wp-json\/wp\/v2\/posts\/1625","targetHints":{"allow":["GET"]}}],"collection":[{"href":"https:\/\/la-presse-anarchiste.net\/index.php\/wp-json\/wp\/v2\/posts"}],"about":[{"href":"https:\/\/la-presse-anarchiste.net\/index.php\/wp-json\/wp\/v2\/types\/post"}],"author":[{"embeddable":true,"href":"https:\/\/la-presse-anarchiste.net\/index.php\/wp-json\/wp\/v2\/users\/1"}],"replies":[{"embeddable":true,"href":"https:\/\/la-presse-anarchiste.net\/index.php\/wp-json\/wp\/v2\/comments?post=1625"}],"version-history":[{"count":0,"href":"https:\/\/la-presse-anarchiste.net\/index.php\/wp-json\/wp\/v2\/posts\/1625\/revisions"}],"wp:attachment":[{"href":"https:\/\/la-presse-anarchiste.net\/index.php\/wp-json\/wp\/v2\/media?parent=1625"}],"wp:term":[{"taxonomy":"category","embeddable":true,"href":"https:\/\/la-presse-anarchiste.net\/index.php\/wp-json\/wp\/v2\/categories?post=1625"},{"taxonomy":"post_tag","embeddable":true,"href":"https:\/\/la-presse-anarchiste.net\/index.php\/wp-json\/wp\/v2\/tags?post=1625"},{"taxonomy":"author","embeddable":true,"href":"https:\/\/la-presse-anarchiste.net\/index.php\/wp-json\/wp\/v2\/ppma_author?post=1625"}],"curies":[{"name":"wp","href":"https:\/\/api.w.org\/{rel}","templated":true}]}}