{"id":1626,"date":"2008-07-22T09:23:15","date_gmt":"2008-07-22T09:23:15","guid":{"rendered":"https:\/\/la-presse-anarchiste.net\/index.php\/2008\/07\/22\/objection-et-repression-2\/"},"modified":"2008-07-22T09:23:15","modified_gmt":"2008-07-22T09:23:15","slug":"objection-et-repression-2","status":"publish","type":"post","link":"https:\/\/la-presse-anarchiste.net\/index.php\/2008\/07\/22\/objection-et-repression-2\/","title":{"rendered":"Objection et r\u00e9pression"},"content":{"rendered":"<div class=\"pdfprnt-buttons pdfprnt-buttons-post pdfprnt-top-right\"><a href=\"https:\/\/la-presse-anarchiste.net\/index.php\/wp-json\/wp\/v2\/posts\/1626?print=pdf\" class=\"pdfprnt-button pdfprnt-button-pdf\" target=\"_blank\"><img decoding=\"async\" src=\"https:\/\/la-presse-anarchiste.net\/wp-content\/plugins\/pdf-print\/images\/pdf.png\" alt=\"image_pdf\" title=\"Afficher le PDF\"><\/a><a href=\"https:\/\/la-presse-anarchiste.net\/index.php\/wp-json\/wp\/v2\/posts\/1626?print=print\" class=\"pdfprnt-button pdfprnt-button-print\" target=\"_blank\"><img decoding=\"async\" src=\"https:\/\/la-presse-anarchiste.net\/wp-content\/plugins\/pdf-print\/images\/print.png\" alt=\"image_print\" title=\"Contenu imprim\u00e9\"><\/a><\/div><div align=\"justify\">\nMon\u00adsieur le Ministre des Arm\u00e9es,\n<p>Je refuse d\u2019\u00eatre \u00e0 la dis\u00adpo\u00adsi\u00adtion de l\u2019autorit\u00e9 militaire.<\/p>\n<p>En effet je consi\u00add\u00e8re que celle\u2011ci est au ser\u00advice d\u2019un r\u00e9gime capi\u00adta\u00adliste qui exploite l\u2019homme.<\/p>\n<p>Le pas\u00ads\u00e9 encore proche de la lutte alg\u00e9\u00adrienne nous a mon\u00adtr\u00e9 de quel type \u00e9tait ce service.<\/p>\n<p>Mai 68 nous a don\u00adn\u00e9 un avant\u2011go\u00fbt des forces r\u00e9pressives.<\/p>\n<p>Aujourd\u2019hui un d\u00e9ta\u00adche\u00adment d\u2019arm\u00e9e s\u2019entra\u00eene \u00e0 recon\u00adqu\u00e9\u00adrir le pou\u00advoir en cas de renversement.<\/p>\n<p>Au Tchad, la France d\u00e9fend ses int\u00e9\u00adr\u00eats au prix d\u2019un mil\u00adliard par mois et bafoue par ailleurs les popu\u00adla\u00adtions poly\u00adn\u00e9\u00adsienne et antillaise.<\/p>\n<p>Votre mar\u00adch\u00e9 d\u2019armes avec le Por\u00adtu\u00adgal, le Br\u00e9\u00adsil, l\u2019Afrique du Sud, pays de dic\u00adta\u00adture, d\u00e9nonce clai\u00adre\u00adment vos objectifs.<\/p>\n<p>Je refuse toute col\u00adla\u00adbo\u00adra\u00adtion avec ce r\u00e9gime d\u2019oppression et vous prie de me faire b\u00e9n\u00e9\u00adfi\u00adcier de la loi du 21.12.63 rela\u00adtive au sta\u00adtut des objecteurs.<\/p>\n<p>Croyez\u2026<\/p>\n<p>Domi\u00adnique Valton<br>\n<br>(Nantes le 12.12.70.)<\/p>\n<h2>   *   *   *<\/h2>\n<p>L\u2019OBJECTION DE CONSCIENCE POLITIQUE est avant tout un refus de coop\u00e9\u00adra\u00adtion avec ce sys\u00adt\u00e8me qui exploite l\u2019homme, o\u00f9 les d\u00e9ci\u00adsions sont accu\u00admu\u00adl\u00e9es entre les mains de quelques hommes.<\/p>\n<p>L\u2019ARM\u00c9E EST DIRECTEMENT AU SERVICE DE CE SYST\u00c8ME.<\/p>\n<p>NOUS REFUSONS D\u2019Y COLLABORER.<\/p>\n<p>Juri\u00addi\u00adque\u00adment le sta\u00adtut, limi\u00adt\u00e9 aux motifs reli\u00adgieux ou phi\u00adlo\u00adso\u00adphiques, devrait \u00eatre refu\u00ads\u00e9 une deuxi\u00e8me fois \u00e0 Domi\u00adnique Valton.<\/p>\n<p>La plus grande vigi\u00adlance et la mobi\u00adli\u00adsa\u00adtion per\u00admet\u00adtra \u00e0 Domi\u00adnique d\u2019\u00e9viter trois ans de pri\u00adson et \u00e0 l\u2019Etat d\u2019ouvrir de fait la porte \u00e0 l\u2019objection politique.<\/p>\n<h2>   *   *   *<\/h2>\n<p>Har\u00adry Aht 21 ans, ori\u00adgi\u00adnaire de Rouen, mate\u00adlot de la marine mar\u00adchande, navigue autour du monde et d\u00e9couvre les hor\u00adreurs de la guerre en&nbsp;Asie.<br>\n20 novembre 70&nbsp;: Appe\u00adl\u00e9 sous les dra\u00adpeaux \u00e0 Hour\u00adtin, il demande \u00e0 faire un ser\u00advice civil&nbsp;; empri\u00adson\u00adn\u00e9 parce qu\u2019il ne conna\u00eet pas la loi du 21.12.63 qui accorde seule\u00adment 15 jours aux objec\u00adteurs pour deman\u00adder le ser\u00advice&nbsp;civil.<\/p>\n<p>12 jan\u00advier 71&nbsp;: Har\u00adry est trans\u00adf\u00e9\u00adr\u00e9 \u00e0 la pri\u00adson de Gradignan.<\/p>\n<p>25 f\u00e9vrier 71&nbsp;: La demande de mise en liber\u00adt\u00e9 pro\u00advi\u00adsoire d\u00e9po\u00ads\u00e9e par son avo\u00adcat de Bor\u00addeaux est reje\u00adt\u00e9e par le tri\u00adbu\u00adnal militaire.<\/p>\n<p>11 mars 71&nbsp;: Har\u00adry adresse au ministre de la D\u00e9fense natio\u00adnale sa demande pour \u00eatre admis \u00e0 effec\u00adtuer un ser\u00advice civil pen\u00addant deux&nbsp;ans.<br>\nPOUR NE PAS AVOIR \u00c9CRIT UNE LETTRE EN TEMPS VOULU (alors m\u00eame qu\u2019il \u00e9tait en&nbsp;mer)<\/p>\n<p>PARCE QU\u2019IL VEUT FAIRE UN SERVICE CIVIL, HARRY AHT EST EN PRISON.<\/p>\n<h2>   *   *   *<\/h2>\n<p>Incor\u00adpo\u00adr\u00e9 en ao\u00fbt 1970, Alain Gouin \u00e9tait mis aux arr\u00eats de rigueur \u00e0 la fin de ses classes pour \u00ab&nbsp;refus d\u2019ob\u00e9issance et refus de por\u00adter le fusil&nbsp;\u00bb. Il \u00e9tait alors exemp\u00adt\u00e9 de&nbsp;tir.<\/p>\n<p>Pour pro\u00adtes\u00adter contre les bri\u00admades et les pri\u00adva\u00adtions dont il \u00e9tait l\u2019objet et contre la hi\u00e9\u00adrar\u00adchie bru\u00adtale de la caserne, il com\u00admen\u00ad\u00e7ai une gr\u00e8ve de la faim le 25 d\u00e9cembre 1970. Tota\u00adle\u00adment iso\u00adl\u00e9, sans aucun sou\u00adtien ext\u00e9\u00adrieur, il tint seize&nbsp;jours.<\/p>\n<p>Le 18 f\u00e9vrier 1971, il \u00e9tait trans\u00adf\u00e9\u00adr\u00e9 \u00e0 la pri\u00adson du 25<sup>e<\/sup> R\u00e9gi\u00adment d\u2019artillerie de Thion\u00adville (Moselle). Le 20 f\u00e9vrier, il enta\u00admait une nou\u00advelle gr\u00e8ve de la faim qu\u2019il vient de ter\u00admi\u00adner. Il doit pas\u00adser pro\u00adchai\u00adne\u00adment devant un tri\u00adbu\u00adnal militaire.<\/p>\n<h2>   *   *   *<\/h2>\n<p>Pre\u00adnez contact avec les&nbsp;CSOC&nbsp;!&nbsp;<\/p><\/div>\n","protected":false},"excerpt":{"rendered":"<p>Mon\u00adsieur le Ministre des Arm\u00e9es, Je refuse d\u2019\u00eatre \u00e0 la dis\u00adpo\u00adsi\u00adtion de l\u2019autorit\u00e9 mili\u00adtaire. En effet je consi\u00add\u00e8re que celle\u2011ci est au ser\u00advice d\u2019un r\u00e9gime capi\u00adta\u00adliste qui exploite l\u2019homme. Le pas\u00ads\u00e9 encore proche de la lutte alg\u00e9\u00adrienne nous a mon\u00adtr\u00e9 de quel type \u00e9tait ce ser\u00advice. Mai 68 nous a don\u00adn\u00e9 un avant\u2011go\u00fbt des forces&nbsp;[\u2026]<\/p>\n","protected":false},"author":1,"featured_media":0,"comment_status":"closed","ping_status":"closed","sticky":false,"template":"","format":"standard","meta":{"wp_typography_post_enhancements_disabled":false,"footnotes":""},"categories":[182],"tags":[],"ppma_author":[540],"class_list":["post-1626","post","type-post","status-publish","format-standard","hentry","category-anarchisme-et-non-violence-na25-avril-mai-1971"],"authors":[{"term_id":540,"user_id":1,"is_guest":0,"slug":"admin_3gikpwyf","display_name":"Vincent Dubuc","avatar_url":"https:\/\/secure.gravatar.com\/avatar\/d015720652c25fd2ced191ade86430094e1f288a17483713e3b34d26dea52507?s=96&d=mm&r=g","author_category":"","user_url":"https:\/\/la-presse-anarchiste.net","last_name":"Dubuc","first_name":"Vincent","job_title":"","description":""}],"_links":{"self":[{"href":"https:\/\/la-presse-anarchiste.net\/index.php\/wp-json\/wp\/v2\/posts\/1626","targetHints":{"allow":["GET"]}}],"collection":[{"href":"https:\/\/la-presse-anarchiste.net\/index.php\/wp-json\/wp\/v2\/posts"}],"about":[{"href":"https:\/\/la-presse-anarchiste.net\/index.php\/wp-json\/wp\/v2\/types\/post"}],"author":[{"embeddable":true,"href":"https:\/\/la-presse-anarchiste.net\/index.php\/wp-json\/wp\/v2\/users\/1"}],"replies":[{"embeddable":true,"href":"https:\/\/la-presse-anarchiste.net\/index.php\/wp-json\/wp\/v2\/comments?post=1626"}],"version-history":[{"count":0,"href":"https:\/\/la-presse-anarchiste.net\/index.php\/wp-json\/wp\/v2\/posts\/1626\/revisions"}],"wp:attachment":[{"href":"https:\/\/la-presse-anarchiste.net\/index.php\/wp-json\/wp\/v2\/media?parent=1626"}],"wp:term":[{"taxonomy":"category","embeddable":true,"href":"https:\/\/la-presse-anarchiste.net\/index.php\/wp-json\/wp\/v2\/categories?post=1626"},{"taxonomy":"post_tag","embeddable":true,"href":"https:\/\/la-presse-anarchiste.net\/index.php\/wp-json\/wp\/v2\/tags?post=1626"},{"taxonomy":"author","embeddable":true,"href":"https:\/\/la-presse-anarchiste.net\/index.php\/wp-json\/wp\/v2\/ppma_author?post=1626"}],"curies":[{"name":"wp","href":"https:\/\/api.w.org\/{rel}","templated":true}]}}