{"id":1630,"date":"2008-07-22T13:42:28","date_gmt":"2008-07-22T13:42:28","guid":{"rendered":"https:\/\/la-presse-anarchiste.net\/index.php\/2008\/07\/22\/lettre-de-la-prison-de-milan\/"},"modified":"2008-07-22T13:42:28","modified_gmt":"2008-07-22T13:42:28","slug":"lettre-de-la-prison-de-milan","status":"publish","type":"post","link":"https:\/\/la-presse-anarchiste.net\/index.php\/2008\/07\/22\/lettre-de-la-prison-de-milan\/","title":{"rendered":"Lettre de la prison de&nbsp;Milan"},"content":{"rendered":"<div class=\"pdfprnt-buttons pdfprnt-buttons-post pdfprnt-top-right\"><a href=\"https:\/\/la-presse-anarchiste.net\/index.php\/wp-json\/wp\/v2\/posts\/1630?print=pdf\" class=\"pdfprnt-button pdfprnt-button-pdf\" target=\"_blank\"><img decoding=\"async\" src=\"https:\/\/la-presse-anarchiste.net\/wp-content\/plugins\/pdf-print\/images\/pdf.png\" alt=\"image_pdf\" title=\"Afficher le PDF\"><\/a><a href=\"https:\/\/la-presse-anarchiste.net\/index.php\/wp-json\/wp\/v2\/posts\/1630?print=print\" class=\"pdfprnt-button pdfprnt-button-print\" target=\"_blank\"><img decoding=\"async\" src=\"https:\/\/la-presse-anarchiste.net\/wp-content\/plugins\/pdf-print\/images\/print.png\" alt=\"image_print\" title=\"Contenu imprim\u00e9\"><\/a><\/div><div align=\"justify\">\n[(Le 22 mars 1971 s\u2019est ouvert \u00e0 Milan, apr\u00e8s deux ans de pri\u00adson pr\u00e9\u00adven\u00adtive, le pro\u00adc\u00e8s de six jeunes gens accu\u00ads\u00e9s de dix-huit atten\u00adtats \u00e0 la bombe entre 1968 et avril 1969. L\u2019opinion publique leur est tr\u00e8s d\u00e9fa\u00advo\u00adrable, et les jour\u00adnaux ne parlent que des \u00ab&nbsp;anar\u00adchistes ter\u00adro\u00adristes&nbsp;\u00bb. Or ce pro\u00adc\u00e8s est d\u2019autant plus impor\u00adtant qu\u2019il annonce celui de Pie\u00adtro Val\u00adpre\u00adda, incul\u00adp\u00e9 des atten\u00adtats meur\u00adtriers de d\u00e9cembre 1969, et qu\u2019il se d\u00e9roule en m\u00eame temps que le pro\u00adc\u00e8s en dif\u00adfa\u00adma\u00adtion inten\u00adt\u00e9 par le com\u00admis\u00adsaire Cala\u00adbre\u00adsi au jour\u00adnal \u00ab&nbsp;Lot\u00adta conti\u00adnua&nbsp;\u00bb qui l\u2019accusait d\u2019\u00eatre res\u00adpon\u00adsable de la d\u00e9fe\u00adnes\u00adtra\u00adtion de l\u2019anarchiste Pinel\u00adli (voir <a href=\"http:\/\/www.la-presse-anarchiste.net\/spip\/spip.php?action=redirect&amp;id_article=1476\">ANV, n\u00b0&nbsp;23<\/a>, p.&nbsp;19).\n<p>Les six incul\u00adp\u00e9s ont r\u00e9us\u00adsi \u00e0 faire sor\u00adtir une lettre de la pri\u00adson de San Vit\u00adtore o\u00f9 ils exposent leur posi\u00adtion et qu\u2019ils demandent de diffuser.)]<\/p>\n<p>1871&nbsp;: Le peuple pari\u00adsien s\u2019est insur\u00adg\u00e9, il a d\u00e9mis tous ses exploi\u00adteurs, leurs col\u00adla\u00adbo\u00adra\u00adteurs et leurs laquais, il a don\u00adn\u00e9 une forme vivante et concr\u00e8te \u00e0 la concep\u00adtion r\u00e9vo\u00adlu\u00adtion\u00adnaire de l\u2019autogestion, de l\u2019autod\u00e9termination, de l\u2019auto\u2011\u00e9mancipation&nbsp;!<\/p>\n<p>La Com\u00admune de Paris est la pre\u00admi\u00e8re conqu\u00eate gran\u00addiose des exploi\u00adt\u00e9s, elle repr\u00e9\u00adsente la pre\u00admi\u00e8re \u00e9tape de la longue marche vers l\u2019\u00e9galit\u00e9, elle est le d\u00e9but de l\u2019\u00e2ge d\u2019or de l\u2019histoire du mou\u00adve\u00adment de lib\u00e9\u00adra\u00adtion des oppri\u00adm\u00e9s&nbsp;! La Com\u00admune de Paris est le z\u00e9nith, le point de r\u00e9f\u00e9\u00adrence constant des exploi\u00adt\u00e9s du monde entier&nbsp;!<\/p>\n<p>\u00c0 un si\u00e8cle de dis\u00adtance, la concep\u00adtion r\u00e9vo\u00adlu\u00adtion\u00adnaire et le mou\u00adve\u00adment pour l\u2019\u00e9galit\u00e9 ont connu un d\u00e9ve\u00adlop\u00adpe\u00adment imp\u00e9\u00adtueux&nbsp;; le champ de bataille n\u2019est plus limi\u00adt\u00e9 \u00e0 Paris, les exploi\u00adt\u00e9s ont pris l\u2019offensive dans le monde entier.&nbsp;[\u2026]<\/p>\n<p>La Com\u00admune et les com\u00admu\u00adnards revivent chaque jour, sont ven\u00adg\u00e9s chaque jour par l\u2019action quo\u00adti\u00addienne des r\u00e9vo\u00adlu\u00adtion\u00adnaires conscients. Les r\u00e9ac\u00adtion\u00adnaires de Ver\u00adsailles mas\u00adsa\u00adcr\u00e8rent, d\u00e9por\u00adt\u00e8rent, fusill\u00e8rent les \u00ab&nbsp;d\u00e9lin\u00adquants&nbsp;\u00bb au P\u00e8re\u2011Lachaise et \u00e0 l\u2019avenue Ulrich, pour qu\u2019il ne reste aucune trace d\u2019eux, que les conqu\u00eates th\u00e9o\u00adriques-pra\u00adtiques et le t\u00e9moi\u00adgnage de l\u2019exp\u00e9rience com\u00admu\u00adnarde ne nous soient pas trans\u00admis&nbsp;; ils vou\u00adlaient faire repo\u00adser sur eux la pierre tom\u00adbale de l\u2019oubli, de la nuit et du silence. Mais bien au contraire, nous, cent ans apr\u00e8s, nous nous sou\u00adve\u00adnons du Paris tra\u00advailleur, pen\u00adsant, com\u00adbat\u00adtant, ensan\u00adglan\u00adt\u00e9, rayon\u00adnant de l\u2019enthousiasme de son exp\u00e9\u00adrience his\u00adto\u00adrique&nbsp;; nous recon\u00adnais\u00adsons la valeur exem\u00adplaire de leur sacri\u00adfice et tenons les com\u00admu\u00adnards pour les vrais ma\u00eetres du pro\u00adl\u00e9\u00adta\u00adriat. Vive le 18 mars&nbsp;1871&nbsp;!<\/p>\n<p>La conti\u00adnui\u00adt\u00e9 natu\u00adrelle, le rap\u00adpro\u00adche\u00adment logique entre les luttes actuelles et la Com\u00admune de Paris doivent \u00eatre \u00e9vi\u00addents pour cha\u00adcun&nbsp;; en Ita\u00adlie aus\u00adsi (c\u2019est d\u2019une de ses pri\u00adsons que nous \u00e9cri\u00advons) une intense lutte r\u00e9vo\u00adlu\u00adtion\u00adnaire est en&nbsp;cours.<\/p>\n<p>Quelle est, en syn\u00adth\u00e8se, la situa\u00adtion politico\u2011\u00e9conomique de l\u2019Italie&nbsp;?<\/p>\n<p>Actuel\u00adle\u00adment, la bour\u00adgeoi\u00adsie ita\u00adlienne est en d\u00e9sac\u00adcord sur ce que devront \u00eatre, dans un ave\u00adnir proche, l\u2019assise et la restruc\u00adtu\u00adra\u00adtion de l\u2019\u00e9conomie et de l\u2019\u00c9tat. D\u2019un c\u00f4t\u00e9 l\u2019aile \u00ab&nbsp;gauche&nbsp;\u00bb de la bour\u00adgeoi\u00adsie, appuy\u00e9e par les indus\u00adtries natio\u00adna\u00adli\u00ads\u00e9es du type ENI-IRI, a en t\u00eate de r\u00e9a\u00adli\u00adser quelques r\u00e9formes super\u00adstruc\u00adtu\u00adrelles afin de mieux ratio\u00adna\u00adli\u00adser l\u2019exploitation, des r\u00e9formes allant vers un sys\u00adt\u00e8me plus avan\u00adc\u00e9 de pro\u00adduc\u00adtion mono\u00adpo\u00adliste&nbsp;; en bref elle veut chan\u00adger en appa\u00adrence quelque chose pour que tout reste comme avant&nbsp;; un tel but est ser\u00advi par l\u2019insertion du PC et des syn\u00addi\u00adcats dans l\u2019Establishment.<\/p>\n<p>Si cela se pro\u00addui\u00adsait, la bour\u00adgeoi\u00adsie s\u2019assurerait la paix sociale pour assez long\u00adtemps et r\u00e9a\u00adli\u00adse\u00adrait un bloc de pou\u00advoir de type social\u2011d\u00e9mocrate, \u00e9li\u00admi\u00adnant de fac\u00adto toute oppo\u00adsi\u00adtion ouvri\u00e8re et syn\u00addi\u00adcale&nbsp;; l\u2019Italie comme l\u2019Allemagne serait un pays sans oppo\u00adsi\u00adtion concr\u00e8te ni effec\u00adtive&nbsp;! En d\u2019autres termes, ce ne serait qu\u2019une contre\u2011r\u00e9volution paci\u00adfique pr\u00e9\u00adven\u00adtive, un coup de main indo\u00adlore \u00e0 la Noske&nbsp;! Les enne\u00admis du pro\u00adl\u00e9\u00adta\u00adriat fini\u00adraient ain\u00adsi par \u00eatre les mono\u00adpo\u00adlistes, les tech\u00adno\u00adcrates des indus\u00adtries d\u2019\u00c9tat, les syn\u00addi\u00adcats bour\u00adgeois et les vrais social\u2011r\u00e9formistes (PSI, PCI, PSIUP)&nbsp;; en m\u00eame temps, les attaques et les mani\u00adpu\u00adla\u00adtions des luttes r\u00e9vo\u00adlu\u00adtion\u00adnaires pro\u00advien\u00addraient du PCI., des syn\u00addi\u00adcats trade\u2011unionistes et de l\u2019aile \u00ab&nbsp;gauche&nbsp;\u00bb bourgeoise.<\/p>\n<p>\u00c0 cette ten\u00addance s\u2019oppose l\u2019aile droite et fas\u00adciste de la bour\u00adgeoi\u00adsie et toute la petite\u2011bourgeoisie, qui cherchent \u00e0 emp\u00ea\u00adcher l\u2019int\u00e9gration du PC dans le gou\u00adver\u00adne\u00adment&nbsp;; dans ce but, cette aile droite finance et forme des bandes de tueurs fas\u00adcistes au r\u00f4le pro\u00advo\u00adca\u00adteur et anti\u2011prol\u00e9tarien&nbsp;; de plus, elle a \u00e9cha\u00adfau\u00add\u00e9 un plan cri\u00admi\u00adnel d\u00e9nom\u00adm\u00e9 \u00ab&nbsp;stra\u00adt\u00e9\u00adgie de la ten\u00adsion&nbsp;\u00bb qui se concr\u00e9\u00adtise par la com\u00admande aux fas\u00adcistes d\u2019une s\u00e9rie d\u2019attentats \u00e0 la dyna\u00admite, dans le&nbsp;but&nbsp;:<br>\n<br>\u2014 d\u2019avoir, des pr\u00e9\u00adtextes pour d\u00e9clen\u00adcher la r\u00e9pres\u00adsion\u200a\u2014\u200aqu\u2019il vaut mieux aujourd\u2019hui appe\u00adler repr\u00e9\u00adsailles\u200a\u2014\u200acontre les groupes r\u00e9vo\u00adlu\u00adtion\u00adnaires de pointe&nbsp;;<br>\n<br>\u2014 de faire des cam\u00adpagnes de presse pour mani\u00adpu\u00adler et d\u00e9fi\u00adgu\u00adrer les pro\u00adgrammes de la gauche r\u00e9volutionnaire&nbsp;;<br>\n<br>\u2014 de faire empri\u00adson\u00adner des mili\u00adtants r\u00e9vo\u00adlu\u00adtion\u00adnaires incul\u00adp\u00e9s par la jus\u00adtice bour\u00adgeoise pour les atten\u00adtats fascistes&nbsp;;<br>\n<br>\u2014 de d\u00e9pla\u00adcer sur sa droite la poli\u00adtique bour\u00adgeoise pour cr\u00e9er un r\u00e9gime poli\u00adcier de type&nbsp;grec.<\/p>\n<p>La gauche r\u00e9vo\u00adlu\u00adtion\u00adnaire, les r\u00e9vo\u00adlu\u00adtion\u00adnaires sin\u00adc\u00e8res et hon\u00adn\u00eates luttent pour pr\u00e9\u00adpa\u00adrer les condi\u00adtions de la r\u00e9vo\u00adlu\u00adtion, et par cons\u00e9\u00adquent ils s\u2019opposent \u00e0 ces deux ten\u00addances de la bour\u00adgeoi\u00adsie, les d\u00e9noncent et d\u00e9masquent le r\u00f4le mys\u00adti\u00adfi\u00adca\u00adteur, social\u2011r\u00e9formiste kauts\u00adkyste des soi\u2011disant par\u00adtis ouvriers (PCI-PSIUP), le trade\u2011unionisme et le char\u00adtisme des syn\u00addi\u00adcats. Le mou\u00adve\u00adment vrai\u00adment r\u00e9vo\u00adlu\u00adtion\u00adnaire est celui des cama\u00adrades qui, dans les usines, dans les quar\u00adtiers ouvriers, dans les \u00e9coles, m\u00e8nent la lutte anti\u00adau\u00adto\u00adri\u00adtaire, d\u2019action directe, d\u2019\u00e9ducation r\u00e9vo\u00adlu\u00adtion\u00adnaire des masses, pour le pou\u00advoir du peuple, en d\u00e9sar\u00ad\u00e7on\u00adnant toutes les formes et ins\u00adti\u00adtu\u00adtions repr\u00e9sentatives.<\/p>\n<p>Nous sommes des cama\u00adrades de dif\u00adf\u00e9\u00adrentes orien\u00adta\u00adtions id\u00e9o\u00adlo\u00adgiques, qui avons \u00e9t\u00e9 empri\u00adson\u00adn\u00e9s et incul\u00adp\u00e9s pour une s\u00e9rie d\u2019attentats fas\u00adcistes&nbsp;; sur nos t\u00eates p\u00e8sent les accu\u00adsa\u00adtions sui\u00advantes&nbsp;: mas\u00adsacre, asso\u00adcia\u00adtion de mal\u00adfai\u00adteurs, vol d\u2019explosifs, d\u00e9ten\u00adtion et fabri\u00adca\u00adtion d\u2019explosifs. Si nous sommes condam\u00adn\u00e9s, nous ris\u00adquons quinze ans de pri\u00adson. Toutes les accu\u00adsa\u00adtions sont fausses et infon\u00add\u00e9es&nbsp;; en r\u00e9a\u00adli\u00adt\u00e9, nous avons \u00e9t\u00e9 choi\u00adsis comme bouc \u00e9mis\u00adsaires, et nous devons \u00eatre \u00ab&nbsp;cou\u00adpables&nbsp;\u00bb \u00e0 n\u2019importe quel prix, car c\u2019est seule\u00adment ain\u00adsi, que des int\u00e9\u00adr\u00eats contin\u00adgents du gou\u00adver\u00adne\u00adment pour\u00adront \u00eatre servis.<\/p>\n<p>En v\u00e9ri\u00adt\u00e9, nous sommes \u00e9tran\u00adgers \u00e0 ces faits, ne serait\u2011ce que parce que nos convic\u00adtions nous inter\u00addisent d\u2019approuver l\u2019action indi\u00advi\u00addua\u00adliste&nbsp;: Nous sommes pour la vio\u00adlence de masse, pour la vio\u00adlence qui seule est r\u00e9vo\u00adlu\u00adtion\u00adnaire et porte des fruits lorsqu\u2019elle est col\u00adlec\u00adtive. Dans nos ins\u00adtruc\u00adtions, la police a us\u00e9 des moyens les plus brutaux&nbsp;:<\/p>\n<p>Proc\u00e8s\u2011verbal des inter\u00adro\u00adga\u00adtoires mis en forme, pr\u00e9\u00adpa\u00adr\u00e9s, pr\u00e9\u00adfa\u00adbri\u00adqu\u00e9s par les flics, et que nous avons \u00e9t\u00e9 contraints de signer sous la vio\u00adlence, les coups et les menaces (cf. les cama\u00adrades Fac\u00adcio\u00adli et Braschi).<\/p>\n<p>Recours \u00e0 des actes ill\u00e9\u00adgaux qui enfreignent m\u00eame les lois bour\u00adgeoises, \u00e0 des actes arbi\u00adtraires qui foulent aux pieds les conven\u00adtions interna\u00adtionales comme celle des droits de l\u2019homme (cf. l\u2019extradition ill\u00e9\u00adgale du cama\u00adrade Ange\u00adlo Pie\u00adtro del\u00adla Savia de Suisse en Ita\u00adlie, abus qui prit la forme d\u2019un v\u00e9ri\u00adtable enl\u00e8vement).<\/p>\n<p>L\u2019absurde empri\u00adson\u00adne\u00adment des cama\u00adrades Pul\u00adsi\u00adnel\u00adli, Nors\u00adcia et de la cama\u00adrade Maz\u00adzan\u00adti sans aucun indice ni preuve, seule\u00adment pour at\u00adteindre un nombre suf\u00adfi\u00adsant de per\u00adsonnes pour pou\u00advoir aus\u00adsi nous incri\u00admi\u00adner d\u2019association de malfaiteurs.<\/p>\n<p>Le recours de l\u2019accusation \u00e0 des t\u00e9moins fal\u00adsi\u00adfi\u00e9s, men\u00adson\u00adgers sinon fous, ali\u00e9\u00adn\u00e9s et schi\u00adzo\u00efdes qui ont \u00e9t\u00e9 mani\u00adpu\u00adl\u00e9s par les flics et abu\u00ads\u00e9s afin qu\u2019ils for\u00admulent des \u00ab&nbsp;accu\u00adsa\u00adtions&nbsp;\u00bb contre nous.<\/p>\n<p>La fal\u00adsi\u00adfi\u00adca\u00adtion tech\u00adnique des exper\u00adtises gra\u00adphiques et autres&nbsp;; le sabo\u00adtage de notre cor\u00adres\u00adpon\u00addance avec les cama\u00adrades de l\u2019ext\u00e9rieur et avec nos avo\u00adcats&nbsp;; le sabo\u00adtage conti\u00adnu qui nous emp\u00eache de rece\u00advoir des jour\u00adnaux et tout autre mat\u00e9\u00adriel culturel.<\/p>\n<p>Repr\u00e9\u00adsailles, inti\u00admi\u00adda\u00adtion et coups \u00e0 l\u2019int\u00e9rieur de la pri\u00adson, sui\u00advis de notre \u00e9loi\u00adgne\u00adment (v\u00e9ri\u00adtable d\u00e9por\u00adta\u00adtion) dans des pri\u00adsons puni\u00adtives de type m\u00e9di\u00e9val.<\/p>\n<p>S\u00e9ques\u00adtra\u00adtion de per\u00adsonne au pr\u00e9\u00adju\u00addice du cama\u00adrade Bra\u00adschi, \u0153uvre des flics qui l\u2019ont emme\u00adn\u00e9 sur les monts de Ber\u00adgame&nbsp;: menaces, vexa\u00adtions, chan\u00adtage,&nbsp;etc.<\/p>\n<p>Intru\u00adsion de policiers\u2011espions dans \u00ab&nbsp;nos&nbsp;\u00bb cel\u00adlules pour nous espion\u00adner et nous provoquer.<\/p>\n<p>Refus de nous recon\u00adna\u00eetre en pri\u00adson le sta\u00adtut de d\u00e9te\u00adnus poli\u00adtiques&nbsp;; pour la magis\u00adtra\u00adture aus\u00adsi nous sommes des \u00ab&nbsp;d\u00e9lin\u00adquants&nbsp;\u00bb (comme les com\u00admu\u00adnards \u00e9taient des \u00ab&nbsp;d\u00e9lin\u00adquants&nbsp;\u00bb&nbsp;: Celui qui lutte contre les bour\u00adgeois est un d\u00e9lin\u00adquant tout&nbsp;court!).<\/p>\n<p>Le 22 mars, nous serons \u00ab&nbsp;jug\u00e9s&nbsp;\u00bb par un tri\u00adbu\u00adnal bour\u00adgeois&nbsp;: Nous n\u2019attendons certes pas la jus\u00adtice de sa part, nous sommes r\u00e9vo\u00adlu\u00adtion\u00adnaires et nous ne comp\u00adtons que sur la soli\u00adda\u00adri\u00adt\u00e9 des cama\u00adrades. Seule la force de la v\u00e9ri\u00adt\u00e9, qui est de notre c\u00f4t\u00e9, et la force de la soli\u00adda\u00adri\u00adt\u00e9 inter\u00adna\u00adtio\u00adnale vain\u00adcront et feront \u00e9chouer les plans louches de la bour\u00adgeoi\u00adsie&nbsp;! Notre seul juge&nbsp;: le prol\u00e9tariat.<\/p>\n<p>Aidez\u2011nous \u00e0 venir \u00e0 bout des monstres et des hy\u00e8nes fas\u00adcistes, sur\u00adtout parce que pour la bour\u00adgeoi\u00adsie notre pro\u00adc\u00e8s est la preuve g\u00e9n\u00e9\u00adrale, la d\u00e9mons\u00adtra\u00adtion par la r\u00e9pres\u00adsion sur la base duquel elle d\u00e9ci\u00adde\u00adra de sa conduite dans le pro\u00adc\u00e8s contre le cama\u00adrade Val\u00adpre\u00adda et les autres cama\u00adrades. Les monstres bour\u00adgeois mesu\u00adre\u00adront l\u2019intensit\u00e9, la pro\u00adfon\u00addeur et l\u2019extension de la riposte que le pro\u00adl\u00e9\u00adta\u00adriat et la soli\u00adda\u00adri\u00adt\u00e9 inter\u00adna\u00adtio\u00adnale sau\u00adront don\u00adner \u00e0 notre pro\u00adc\u00e8s, puis ils d\u00e9ci\u00adde\u00adront du sort de Val\u00adpre\u00adda et C<sup>ie<\/sup> qui sont innocents.<\/p>\n<p>Com\u00admen\u00ad\u00e7ons \u00e0 r\u00e9pondre coup pour coup aux attaques r\u00e9ac\u00adtion\u00adnaires&nbsp;; nous vous deman\u00addons de nous aider et de vous soli\u00adda\u00adri\u00adser&nbsp;; sur\u00adtout parce qu\u2019en fin de compte c\u2019est une soli\u00adda\u00adri\u00adt\u00e9 avec Valpreda.<\/p>\n<p>Com\u00admen\u00ad\u00e7ons \u00e0 gagner des petites batailles pour pou\u00advoir sou\u00adte\u00adnir le choc fron\u00adtal du der\u00adnier combat&nbsp;!<\/p>\n<p>Arra\u00adchons Val\u00adpre\u00adda \u00e0 la pri\u00adson o\u00f9 la bour\u00adgeoi\u00adsie veut le rel\u00e9\u00adguer bien qu\u2019il soit innocent&nbsp;!<\/p>\n<p>Fai\u00adsons \u00e9chouer la \u00ab&nbsp;stra\u00adt\u00e9\u00adgie de la tension&nbsp;\u00bb&nbsp;!<\/p>\n<p>Com\u00adbat\u00adtons et d\u00e9mas\u00adquons les ter\u00adro\u00adristes blancs et leurs pro\u00adtec\u00adteurs infil\u00adtr\u00e9s dans la police et la magistrature&nbsp;!<\/p>\n<p>Liber\u00adt\u00e9 pour Val\u00adpre\u00adda&nbsp;! Ven\u00adgeance pour Pinelli&nbsp;!<\/p>\n<p>Vive le 18 mars&nbsp;1871&nbsp;!<\/p>\n<p>\u00ab&nbsp;Le vieux monde se tor\u00addit dans des convul\u00adsions de rage \u00e0 la vue du dra\u00adpeau rouge, sym\u00adbole de la R\u00e9pu\u00adblique du Tra\u00advail, flot\u00adtant sur l\u2019H\u00f4tel de&nbsp;Ville.&nbsp;\u00bb<\/p>\n<p>Cama\u00adrades, que les dra\u00adpeaux de la r\u00e9vo\u00adlu\u00adtion flottent haut&nbsp;! Que le peuple en armes comme au temps de la Com\u00admune de Paris fasse se tordre en d\u2019autres convul\u00adsions la bour\u00adgeoi\u00adsie mori\u00adbonde&nbsp;! Le peuple est fort&nbsp;; arm\u00e9, il vaincra.<\/p>\n<p>Les cama\u00adrades empri\u00adson\u00adn\u00e9s pour les attentats<br>\nallant jusqu\u2019au 25 avril&nbsp;1969&nbsp;<\/p><\/div>\n","protected":false},"excerpt":{"rendered":"<p>[(Le 22 mars 1971 s\u2019est ouvert \u00e0 Milan, apr\u00e8s deux ans de pri\u00adson pr\u00e9\u00adven\u00adtive, le pro\u00adc\u00e8s de six jeunes gens accu\u00ads\u00e9s de dix-huit atten\u00adtats \u00e0 la bombe entre 1968 et avril 1969. L\u2019opinion publique leur est tr\u00e8s d\u00e9fa\u00advo\u00adrable, et les jour\u00adnaux ne parlent que des \u00ab&nbsp;anar\u00adchistes ter\u00adro\u00adristes&nbsp;\u00bb. Or ce pro\u00adc\u00e8s est d\u2019autant plus impor\u00adtant qu\u2019il [\u2026]<\/p>\n","protected":false},"author":1,"featured_media":0,"comment_status":"closed","ping_status":"closed","sticky":false,"template":"","format":"standard","meta":{"wp_typography_post_enhancements_disabled":false,"footnotes":""},"categories":[182],"tags":[],"ppma_author":[540],"class_list":["post-1630","post","type-post","status-publish","format-standard","hentry","category-anarchisme-et-non-violence-na25-avril-mai-1971"],"authors":[{"term_id":540,"user_id":1,"is_guest":0,"slug":"admin_3gikpwyf","display_name":"Vincent Dubuc","avatar_url":"https:\/\/secure.gravatar.com\/avatar\/d015720652c25fd2ced191ade86430094e1f288a17483713e3b34d26dea52507?s=96&d=mm&r=g","author_category":"","user_url":"https:\/\/la-presse-anarchiste.net","last_name":"Dubuc","first_name":"Vincent","job_title":"","description":""}],"_links":{"self":[{"href":"https:\/\/la-presse-anarchiste.net\/index.php\/wp-json\/wp\/v2\/posts\/1630","targetHints":{"allow":["GET"]}}],"collection":[{"href":"https:\/\/la-presse-anarchiste.net\/index.php\/wp-json\/wp\/v2\/posts"}],"about":[{"href":"https:\/\/la-presse-anarchiste.net\/index.php\/wp-json\/wp\/v2\/types\/post"}],"author":[{"embeddable":true,"href":"https:\/\/la-presse-anarchiste.net\/index.php\/wp-json\/wp\/v2\/users\/1"}],"replies":[{"embeddable":true,"href":"https:\/\/la-presse-anarchiste.net\/index.php\/wp-json\/wp\/v2\/comments?post=1630"}],"version-history":[{"count":0,"href":"https:\/\/la-presse-anarchiste.net\/index.php\/wp-json\/wp\/v2\/posts\/1630\/revisions"}],"wp:attachment":[{"href":"https:\/\/la-presse-anarchiste.net\/index.php\/wp-json\/wp\/v2\/media?parent=1630"}],"wp:term":[{"taxonomy":"category","embeddable":true,"href":"https:\/\/la-presse-anarchiste.net\/index.php\/wp-json\/wp\/v2\/categories?post=1630"},{"taxonomy":"post_tag","embeddable":true,"href":"https:\/\/la-presse-anarchiste.net\/index.php\/wp-json\/wp\/v2\/tags?post=1630"},{"taxonomy":"author","embeddable":true,"href":"https:\/\/la-presse-anarchiste.net\/index.php\/wp-json\/wp\/v2\/ppma_author?post=1630"}],"curies":[{"name":"wp","href":"https:\/\/api.w.org\/{rel}","templated":true}]}}