{"id":1642,"date":"2008-07-22T21:31:03","date_gmt":"2008-07-22T21:31:03","guid":{"rendered":"https:\/\/la-presse-anarchiste.net\/index.php\/2008\/07\/22\/prison\/"},"modified":"2008-07-22T21:31:03","modified_gmt":"2008-07-22T21:31:03","slug":"prison","status":"publish","type":"post","link":"https:\/\/la-presse-anarchiste.net\/index.php\/2008\/07\/22\/prison\/","title":{"rendered":"Prison"},"content":{"rendered":"<div class=\"pdfprnt-buttons pdfprnt-buttons-post pdfprnt-top-right\"><a href=\"https:\/\/la-presse-anarchiste.net\/index.php\/wp-json\/wp\/v2\/posts\/1642?print=pdf\" class=\"pdfprnt-button pdfprnt-button-pdf\" target=\"_blank\"><img decoding=\"async\" src=\"https:\/\/la-presse-anarchiste.net\/wp-content\/plugins\/pdf-print\/images\/pdf.png\" alt=\"image_pdf\" title=\"Afficher le PDF\"><\/a><a href=\"https:\/\/la-presse-anarchiste.net\/index.php\/wp-json\/wp\/v2\/posts\/1642?print=print\" class=\"pdfprnt-button pdfprnt-button-print\" target=\"_blank\"><img decoding=\"async\" src=\"https:\/\/la-presse-anarchiste.net\/wp-content\/plugins\/pdf-print\/images\/print.png\" alt=\"image_print\" title=\"Contenu imprim\u00e9\"><\/a><\/div><div align=\"justify\">\nPour la pre\u00admi\u00e8re fois C\u00e9sar Cha\u00advez a \u00e9t\u00e9 empri\u00adson\u00adn\u00e9 pour son com\u00adbat syndical.\n<p>Il a \u00e9t\u00e9 enfer\u00adm\u00e9 dans la pri\u00adson du com\u00adt\u00e9 de Mon\u00adte\u00adrey, en Cali\u00adfor\u00adnie, pour avoir refu\u00ads\u00e9 d\u2019ob\u00e9ir \u00e0 une d\u00e9ci\u00adsion du tri\u00adbu\u00adnal de\u00admandant l\u2019arr\u00eat du boy\u00adcot\u00adtage natio\u00adnal concer\u00adnant la salade r\u00e9col\u00adt\u00e9e par des tra\u00advailleurs non syndiqu\u00e9s.<\/p>\n<p>Le Syn\u00addi\u00adcat des camion\u00adneurs ayant accep\u00adt\u00e9 de signer des ac\u00adcords de com\u00adplai\u00adsance avec les employeurs, ceux\u2011ci pou\u00advaient alors pr\u00e9\u00adtendre que leurs ou\u00advriers \u00e9taient d\u00e9j\u00e0 syn\u00addi\u00adqu\u00e9s et n\u2019avaient pas besoin de l\u2019UFWOC. Les accords avec les camion\u00adneurs ne com\u00adpre\u00adnaient au\u00adcune clause obli\u00adgeant les pro\u00adpri\u00e9taires \u00e0 accor\u00adder des condi\u00adtions de tra\u00advail et des salaires satis\u00adfai\u00adsants. Dans sa cel\u00adlule, Cha\u00advez a re\u00e7u en par\u00adti\u00adcu\u00adlier la visite de la veu\u00adve de Robert Ken\u00adne\u00addy, \u00e0 la grande col\u00e8re des pro\u00adpri\u00e9\u00adtaires dont cer\u00adtains lui ont tir\u00e9 les che\u00adveux alors qu\u2019elle assis\u00adtait \u00e0 une messe en plein air en face de la pri\u00adson&nbsp;; un autre tenait une pan\u00adcarte o\u00f9 l\u2019on pou\u00advait lire&nbsp;: \u00ab&nbsp;Apr\u00e8s Robert, C\u00e9sar&nbsp;: deux t\u00eates valent mieux qu\u2019une&nbsp;!&nbsp;\u00bb Il a aus\u00adsi envoy\u00e9 des mes\u00adsages d\u2019encouragement. \u00ab&nbsp;J\u2019\u00e9tais spi\u00adri\u00adtuel\u00adle\u00adment pr\u00e9\u00adpa\u00adr\u00e9 \u00e0 cette arres\u00adta\u00adtion. Je ne pense pas que le juge ait \u00e9t\u00e9 mal\u00adhon\u00adn\u00eate. Je suis pr\u00eat \u00e0 payer le prix de la d\u00e9so\u00adb\u00e9is\u00adsance civile.&nbsp;\u00bb Un pr\u00eatre raconte, apr\u00e8s l\u2019avoir vu la semaine der\u00adni\u00e8re, qu\u2019il est mal \u00e0 l\u2019aise parce que ses gar\u00addiens ne l\u2019autorisent pas \u00e0 avoir un mate\u00adlas pour repo\u00adser son dos malade.<\/p>\n<p>Mais l\u2019impact de cet empri\u00adson\u00adne\u00adment a per\u00admis de rendre effec\u00adtif sur une large \u00e9chelle le boy\u00adcot\u00adtage de la com\u00adpa\u00adgnie Bud Antle qui avait atta\u00adqu\u00e9 Cha\u00advez en jus\u00adtice. \u00c0 New York, seize mili\u00adtants furent arr\u00ea\u00adt\u00e9s alors qu\u2019ils orga\u00adni\u00adsaient un piquet de boy\u00adcot\u00adtage \u00e0 l\u2019ext\u00e9rieur d\u2019un mar\u00adch\u00e9. En fait Cha\u00advez peut d\u00e9cla\u00adrer&nbsp;: \u00ab&nbsp;Nous sommes plus avan\u00adc\u00e9s au bout de deux mois de boy\u00adcot\u00adtage de la salade qu\u2019apr\u00e8s trois ans de boy\u00adcot\u00adtage du raisin.&nbsp;\u00bb&nbsp;<\/p><\/div>\n","protected":false},"excerpt":{"rendered":"<p>Pour la pre\u00admi\u00e8re fois C\u00e9sar Cha\u00advez a \u00e9t\u00e9 empri\u00adson\u00adn\u00e9 pour son com\u00adbat syn\u00addi\u00adcal. Il a \u00e9t\u00e9 enfer\u00adm\u00e9 dans la pri\u00adson du com\u00adt\u00e9 de Mon\u00adte\u00adrey, en Cali\u00adfor\u00adnie, pour avoir refu\u00ads\u00e9 d\u2019ob\u00e9ir \u00e0 une d\u00e9ci\u00adsion du tri\u00adbu\u00adnal de\u00admandant l\u2019arr\u00eat du boy\u00adcot\u00adtage natio\u00adnal concer\u00adnant la salade r\u00e9col\u00adt\u00e9e par des tra\u00advailleurs non syn\u00addi\u00adqu\u00e9s. Le Syn\u00addi\u00adcat des camion\u00adneurs ayant accept\u00e9&nbsp;[\u2026]<\/p>\n","protected":false},"author":1,"featured_media":0,"comment_status":"closed","ping_status":"closed","sticky":false,"template":"","format":"standard","meta":{"wp_typography_post_enhancements_disabled":false,"footnotes":""},"categories":[183],"tags":[],"ppma_author":[540],"class_list":["post-1642","post","type-post","status-publish","format-standard","hentry","category-anarchisme-et-non-violence-na26-juin-septembre-1971"],"authors":[{"term_id":540,"user_id":1,"is_guest":0,"slug":"admin_3gikpwyf","display_name":"Vincent Dubuc","avatar_url":"https:\/\/secure.gravatar.com\/avatar\/d015720652c25fd2ced191ade86430094e1f288a17483713e3b34d26dea52507?s=96&d=mm&r=g","author_category":"","user_url":"https:\/\/la-presse-anarchiste.net","last_name":"Dubuc","first_name":"Vincent","job_title":"","description":""}],"_links":{"self":[{"href":"https:\/\/la-presse-anarchiste.net\/index.php\/wp-json\/wp\/v2\/posts\/1642","targetHints":{"allow":["GET"]}}],"collection":[{"href":"https:\/\/la-presse-anarchiste.net\/index.php\/wp-json\/wp\/v2\/posts"}],"about":[{"href":"https:\/\/la-presse-anarchiste.net\/index.php\/wp-json\/wp\/v2\/types\/post"}],"author":[{"embeddable":true,"href":"https:\/\/la-presse-anarchiste.net\/index.php\/wp-json\/wp\/v2\/users\/1"}],"replies":[{"embeddable":true,"href":"https:\/\/la-presse-anarchiste.net\/index.php\/wp-json\/wp\/v2\/comments?post=1642"}],"version-history":[{"count":0,"href":"https:\/\/la-presse-anarchiste.net\/index.php\/wp-json\/wp\/v2\/posts\/1642\/revisions"}],"wp:attachment":[{"href":"https:\/\/la-presse-anarchiste.net\/index.php\/wp-json\/wp\/v2\/media?parent=1642"}],"wp:term":[{"taxonomy":"category","embeddable":true,"href":"https:\/\/la-presse-anarchiste.net\/index.php\/wp-json\/wp\/v2\/categories?post=1642"},{"taxonomy":"post_tag","embeddable":true,"href":"https:\/\/la-presse-anarchiste.net\/index.php\/wp-json\/wp\/v2\/tags?post=1642"},{"taxonomy":"author","embeddable":true,"href":"https:\/\/la-presse-anarchiste.net\/index.php\/wp-json\/wp\/v2\/ppma_author?post=1642"}],"curies":[{"name":"wp","href":"https:\/\/api.w.org\/{rel}","templated":true}]}}