{"id":1645,"date":"2008-07-22T22:31:10","date_gmt":"2008-07-22T22:31:10","guid":{"rendered":"https:\/\/la-presse-anarchiste.net\/index.php\/2008\/07\/22\/semaine-daction-du-24-avril-au-1\/"},"modified":"2008-07-22T22:31:10","modified_gmt":"2008-07-22T22:31:10","slug":"semaine-daction-du-24-avril-au-1","status":"publish","type":"post","link":"https:\/\/la-presse-anarchiste.net\/index.php\/2008\/07\/22\/semaine-daction-du-24-avril-au-1\/","title":{"rendered":"Semaine d\u2019action du 24 avril au 1<super> mai<\/super>"},"content":{"rendered":"<div class=\"pdfprnt-buttons pdfprnt-buttons-post pdfprnt-top-right\"><a href=\"https:\/\/la-presse-anarchiste.net\/index.php\/wp-json\/wp\/v2\/posts\/1645?print=pdf\" class=\"pdfprnt-button pdfprnt-button-pdf\" target=\"_blank\"><img decoding=\"async\" src=\"https:\/\/la-presse-anarchiste.net\/wp-content\/plugins\/pdf-print\/images\/pdf.png\" alt=\"image_pdf\" title=\"Afficher le PDF\"><\/a><a href=\"https:\/\/la-presse-anarchiste.net\/index.php\/wp-json\/wp\/v2\/posts\/1645?print=print\" class=\"pdfprnt-button pdfprnt-button-print\" target=\"_blank\"><img decoding=\"async\" src=\"https:\/\/la-presse-anarchiste.net\/wp-content\/plugins\/pdf-print\/images\/print.png\" alt=\"image_print\" title=\"Contenu imprim\u00e9\"><\/a><\/div><div align=\"justify\">\n<b>Qui est Robert Carlo&nbsp;?<\/b>\n<p>\u2014 Robert est un jeune \u00e9lec\u00adtri\u00adcien ori\u00adgi\u00adnaire de Pl\u00e9\u00addran (C\u00f4tes\u2011\u00addu-Nord). Il se pr\u00e9\u00adsente lui\u2011m\u00eame en ces termes&nbsp;: \u00ab&nbsp;Je m\u2019int\u00e9resse depuis tr\u00e8s long\u00adtemps au sens propre de la vie. Je suis convain\u00adcu que la paix et un monde meilleur ne vien\u00addront pas avec les armes. H\u00e9las&nbsp;! ne connais\u00adsant pas de moyen pour ne pas faire de ser\u00advice mili\u00adtaire (afin de res\u00adter moi\u2011m\u00eame), j\u2019ai \u00e9t\u00e9 incor\u00adpo\u00adr\u00e9 le 5 ao\u00fbt 1970 \u00e0 Mont\u00adlu\u00ad\u00e7on, o\u00f9 j\u2019ai fait quatre mois. \u00c0 Mul\u00adhouse, je res\u00adte\u00adrai un mois, et c\u2019est le d\u00e9part le 7 jan\u00advier&nbsp;1971.<\/p>\n<p>\u00ab&nbsp;Si je n\u2019avais pas quit\u00adt\u00e9 l\u2019arm\u00e9e, toute ma vie je me serais consi\u00add\u00e9\u00adr\u00e9 comme un l\u00e2che qui a recu\u00adl\u00e9 devant la t\u00e2che que la vie lui a confi\u00e9e. Je n\u2019aurais plus \u00e9t\u00e9 moi\u2011m\u00eame et ma vie n\u2019aurait plus eu de sens&nbsp;; ain\u00adsi j\u2019ai \u00e9cou\u00adt\u00e9 la voix de ma vie et ma rai\u00adson d\u2019\u00eatre. Le mal\u00adheur est que je n\u2019ai pas connu le sta\u00adtut plus t\u00f4t, tout \u00e7a \u00e0 cause de l\u2019article 11 (rela\u00adtif \u00e0 l\u2019information sur le statut)\u2026\u00bb<\/p>\n<p>\u2014 Apr\u00e8s sa d\u00e9ser\u00adtion de Mul\u00adhouse, Robert ren\u00adcontre tout \u00e0 fait par hasard un objec\u00adteur qui lui indique l\u2019adresse du Comi\u00adt\u00e9 ren\u00adnais de sou\u00adtien aux objec\u00adteurs de conscience. Nous avons envi\u00adsa\u00adg\u00e9 diverses pos\u00adsi\u00adbi\u00adli\u00adt\u00e9s pour don\u00adner \u00e0 ce cas le maxi\u00admum de publi\u00adci\u00adt\u00e9, sans pour autant aggra\u00adver les cons\u00e9\u00adquences juri\u00addiques envi\u00adsa\u00adgeables (peine d\u2019emprisonnement). Robert a aus\u00adsi\u00adt\u00f4t adres\u00ads\u00e9 \u00e0 la com\u00admis\u00adsion juri\u00addic\u00adtion\u00adnelle une demande d\u2019octroi du sta\u00adtut d\u2019objecteur. Compte tenu des condi\u00adtions l\u00e9gales actuelles, celle\u2011ci n\u2019a \u00e9vi\u00addem\u00adment pra\u00adti\u00adque\u00adment aucune chance d\u2019aboutir.<\/p>\n<p>Apr\u00e8s les vacances de P\u00e2ques, qui retar\u00addaient notre action, nous avons rete\u00adnu le prin\u00adcipe d\u2019une gr\u00e8ve de la faim de plu\u00adsieurs jours avec occu\u00adpa\u00adtion d\u2019une \u00e9glise situ\u00e9e dans un quar\u00adtier neuf de la ville (\u00e9glise Saint\u2011Luc, \u00e0 Villejean).<\/p>\n<p>\u2014 Il est \u00e9vident que le choix de l\u2019\u00e9glise repo\u00adsait essen\u00adtiel\u00adle\u00adment sur des rai\u00adsons de s\u00e9cu\u00adri\u00adt\u00e9. Nous esp\u00e9\u00adrions que le cler\u00adg\u00e9 local ne nous met\u00adtrait pas \u00e0 la porte et que la police h\u00e9si\u00adte\u00adrait quel\u00adque peu avant de venir cueillir un d\u00e9ser\u00adteur dans une \u00e9glise. Nos pro\u00adnos\u00adtics devaient se v\u00e9ri\u00adfier en grande partie.<\/p>\n<p>\u2014 Le same\u00addi 24 avril, \u00e0 14 h 30, nous nous ins\u00adtal\u00adlons donc dans le fond de l\u2019\u00e9glise Saint\u2011Luc avec cou\u00adver\u00adtures, sacs de cou\u00adchage, affiches et tracts. L\u2019un d\u2019entre nous s\u2019occupe de pr\u00e9\u00adve\u00adnir un des cur\u00e9s, qui s\u2019abstient de toute r\u00e9ac\u00adtion hos\u00adtile et s\u2019empresse de r\u00e9unir ses col\u00adl\u00e8gues de la paroisse pour r\u00e9di\u00adger un com\u00admu\u00adni\u00adqu\u00e9 en termes tr\u00e8s diplo\u00adma\u00adtiques. L\u2019\u00c9v\u00each\u00e9, pr\u00e9\u00adve\u00adnu plus tard, sans publier aucun com\u00admu\u00adni\u00adqu\u00e9, fait savoir qu\u2019il ne fera pas appel \u00e0 la police.<\/p>\n<p>Nous rece\u00advons bien vite une visite \u00ab&nbsp;dis\u00adcr\u00e8te&nbsp;\u00bb des Ren\u00adsei\u00adgne\u00adments g\u00e9n\u00e9\u00adraux. Il appa\u00adra\u00eet d\u00e8s lors que nous serons tran\u00adquilles de ce c\u00f4t\u00e9 au moins pour le week\u2011end. Nous avons pr\u00e9\u00adve\u00adnu la presse d\u00e8s les pre\u00admiers moments, et notre tra\u00advail d\u2019information com\u00admence par une dis\u00adtri\u00adbu\u00adtion de tracts dans le quartier.<\/p>\n<p>\u2014 En accord avec Robert Car\u00adlo, nous avons d\u00e9ci\u00add\u00e9 de don\u00adner deux aspects \u00e0 notre information&nbsp;:<br> \u2013 Le cas par\u00adti\u00adcu\u00adlier de Robert.<br> \u2013 Les \u00ab&nbsp;imper\u00adfec\u00adtions&nbsp;\u00bb du sta\u00adtut (limi\u00adta\u00adtion du d\u00e9lai de quinze jours et prise en consi\u00add\u00e9\u00adra\u00adtion des seuls motifs reli\u00adgieux et phi\u00adlo\u00adso\u00adphiques) qui r\u00e9duisent en fait consi\u00add\u00e9\u00adra\u00adble\u00adment sa port\u00e9e.<\/p>\n<p>\u2014 Nous rece\u00advons d\u2019assez nom\u00adbreuses visites. Cer\u00adtains (catho\u00adliques int\u00e9\u00adgristes notam\u00adment) sont r\u00e9so\u00adlu\u00adment hos\u00adtiles et ne craignent pas de l\u2019exprimer, nous trai\u00adtant de fai\u00adn\u00e9ants et s\u2019indignant que \u00ab&nbsp;leur&nbsp;\u00bb \u00e9glise soit deve\u00adnue un h\u00f4tel o\u00f9 se vautrent des indi\u00advi\u00addus plu\u00adt\u00f4t louches. D\u2019autres sont seule\u00adment curieux. D\u2019autres, enfin, sont int\u00e9\u00adres\u00ads\u00e9s et s\u2019informent sur l\u2019objection de conscience, sur les moda\u00adli\u00adt\u00e9s d\u2019octroi du sta\u00adtut, sur le tra\u00advail effec\u00adtu\u00e9 en ser\u00advice civil, etc. Par\u00admi ces der\u00adniers, beau\u00adcoup de jeunes, mais \u00e9ga\u00adle\u00adment un groupe de chr\u00e9\u00adtiens de la paroisse plus ou moins \u00e9troi\u00adte\u00adment li\u00e9s au PSU. Ces r\u00e9ac\u00adtions diverses se pour\u00adsui\u00advront au cours de la semaine mal\u00adgr\u00e9 une ind\u00e9\u00adniable rar\u00e9\u00adfac\u00adtion des visites, le record ayant \u00e9t\u00e9 atteint d\u00e8s le dimanche.<\/p>\n<p>\u2014 En accord avec le cur\u00e9, nous avons d\u00e9ci\u00add\u00e9 de quit\u00adter l\u2019\u00e9glise pen\u00addant les offices et la nuit. Nous nous reti\u00adrons alors dans une salle de cat\u00e9\u00adchisme com\u00admu\u00adni\u00adquant avec l\u2019\u00e9glise. Huit per\u00adsonnes, dont deux ouvriers et deux filles, par\u00adti\u00adcipent en per\u00admanence \u00e0 la gr\u00e8ve de la faim. Outre ces per\u00adma\u00adnents, plu\u00adsieurs viennent occa\u00adsion\u00adnel\u00adle\u00adment pour un ou plu\u00adsieurs jours.<\/p>\n<p>L\u2019effort d\u2019information se d\u00e9ve\u00adloppe \u00e0 tra\u00advers la ville par voie d\u2019affiches et par bom\u00adbage \u00e0 la pein\u00adture sur les murs (ce proc\u00e9\u00add\u00e9 sus\u00adci\u00adtant cer\u00adtaines contro\u00adverses au sein du groupe); les milieux uni\u00adver\u00adsi\u00adtaires sont tou\u00adch\u00e9s par l\u2019affichage dans les restau\u00adrants et les&nbsp;facs.<\/p>\n<p>\u2014 Le groupe ne trouve pas pour autant sa coh\u00e9\u00adrence. Un cer\u00adtain cli\u00advage per\u00adsiste en fait entre ceux qui s\u2019attachent au prin\u00adcipe de la non\u2011violence et ceux qui agissent sans se pr\u00e9\u00adoc\u00adcu\u00adper de savoir si leur action est vio\u00adlente ou non (par abus de sim\u00adpli\u00adfi\u00adca\u00adtion, ces der\u00adniers furent sou\u00advent qua\u00adli\u00adfi\u00e9s de \u00ab&nbsp;vio\u00adlents&nbsp;\u00bb). En toute hypo\u00adth\u00e8se, ces deux groupes r\u00e9us\u00adsi\u00adront n\u00e9an\u00admoins pen\u00addant plu\u00adsieurs jours \u00e0 don\u00adner \u00e0 l\u2019action un mini\u00admum d\u2019unit\u00e9. Il avait d\u2019ailleurs \u00e9t\u00e9 admis \u00e0 l\u2019origine que cette semaine res\u00adte\u00adrait non vio\u00adlente, ayant pour base la situa\u00adtion par\u00adti\u00adcu\u00adli\u00e8re d\u2019un non\u2011violent.<\/p>\n<p>\u2014 Pour relan\u00adcer un peu l\u2019information, nous orga\u00adni\u00adsons le mar\u00addi, \u00e0 17&nbsp;h&nbsp;30, au centre de la ville, un encha\u00ee\u00adne\u00adment sym\u00adbo\u00adlique. Cinq per\u00adsonnes y par\u00adti\u00adcipent et res\u00adtent ain\u00adsi encha\u00ee\u00adn\u00e9es envi\u00adron une heure. La police inter\u00advient, les sou\u00admet \u00e0 un contr\u00f4le d\u2019identit\u00e9 et les rel\u00e2che une heure plus&nbsp;tard.<\/p>\n<p>\u2014 Le mer\u00adcre\u00addi 28 avril, \u00e0 6 heures, des coups r\u00e9p\u00e9\u00adt\u00e9s sont frap\u00adp\u00e9s \u00e0 la porte de notre local. Mal r\u00e9veill\u00e9, l\u2019un d\u2019entre nous a le mau\u00advais r\u00e9flexe d\u2019ouvrir et quinze flics en civil font aus\u00adsi\u00adt\u00f4t irrup\u00adtion dans notre dor\u00adtoir de for\u00adtune. Apr\u00e8s lec\u00adture du man\u00addat d\u2019amener, ils pro\u00adc\u00e8dent \u00e0 l\u2019arrestation de Robert Car\u00adlo, qui n\u2019oppose aucune r\u00e9sis\u00adtance et sera aus\u00adsi\u00adt\u00f4t trans\u00adf\u00e9\u00adr\u00e9 \u00e0 la mai\u00adson d\u2019arr\u00eat de Metz (la d\u00e9ser\u00adtion ayant eu lieu \u00e0 Mul\u00adhouse). Nous avions pen\u00ads\u00e9 pou\u00advoir exploi\u00adter une quel\u00adconque vio\u00adla\u00adtion de domi\u00adcile op\u00e9\u00adr\u00e9e par la police. Comme nous avons ouvert de notre plein gr\u00e9, cet argu\u00adment n\u2019est plus exploi\u00adtable. N\u00e9an\u00admoins, l\u2019avis du cur\u00e9 n\u2019a pas \u00e9t\u00e9 sol\u00adli\u00adci\u00adt\u00e9 en l\u2019esp\u00e8ce et l\u2019Archev\u00each\u00e9 n\u2019a pas don\u00adn\u00e9 son accord (voir les cou\u00adpures de presse).<\/p>\n<p>\u2014 Apr\u00e8s cet inci\u00addent, seuls les \u00ab&nbsp;non\u2011violents&nbsp;\u00bb conti\u00adnuent leur gr\u00e8ve de la faim, les autres esti\u00admant qu\u2019ils ont mieux \u00e0 faire \u00e0 l\u2019ext\u00e9rieur de l\u2019\u00e9glise. Il reste d\u00e9sor\u00admais quatre per\u00adsonnes qui pour\u00adsuivent la gr\u00e8ve de la faim depuis le d\u00e9but et trois ou quatre, qui viennent \u00e0 tour de r\u00f4le les rejoindre.<\/p>\n<p>\u2014 Jeu\u00addi 29 avril. Dans notre pro\u00adjet ini\u00adtial, l\u2019action devait se ter\u00admi\u00adner ce jour. Dans l\u2019apr\u00e8s\u2011midi, quatre objec\u00adteurs se ren\u00addaient \u00e0 la Foire\u2011Exposition, pro\u00adfi\u00adtant du fait qu\u2019un g\u00e9n\u00e9\u00adral quel\u00adconque inau\u00adgu\u00adrait la jour\u00adn\u00e9e de l\u2019arm\u00e9e. Apr\u00e8s avoir dis\u00adtri\u00adbu\u00e9 des tracts sur le ser\u00advice civil, deux d\u2019entre eux se pos\u00adtaient avec des pan\u00adneaux \u00e0 l\u2019entr\u00e9e du pavillon de l\u2019arm\u00e9e. Ils \u00e9taient appr\u00e9\u00adhen\u00add\u00e9s au bout d\u2019un quart d\u2019heure, sou\u00admis \u00e0 un contr\u00f4le d\u2019identit\u00e9, puis rel\u00e2\u00adch\u00e9s. Un mee\u00adting \u00e9tait pr\u00e9\u00advu pour le soir&nbsp;; il devait \u00eatre sui\u00advi d\u2019une sor\u00adtie des gr\u00e9\u00advistes de la faim au cours de laquelle Robert Car\u00adlo se serait fait arr\u00ea\u00adter. Le tout \u00e9ven\u00adtuellement assai\u00adson\u00adn\u00e9 d\u2019un encha\u00ee\u00adne\u00adment. Compte tenu de la publi\u00adci\u00adt\u00e9 faite pour le mee\u00adting, qui est main\u00adte\u00adnu, nous pen\u00adsons avoir un public assez nom\u00adbreux. En fonc\u00adtion de l\u2019ambiance du moment, nous d\u00e9ci\u00adde\u00adrons d\u2019une mani\u00adfes\u00adta\u00adtion s\u2019il appa\u00adra\u00eet que celle\u2011ci peut \u00eatre silen\u00adcieuse et non vio\u00adlente. Sans approu\u00adver n\u00e9ces\u00adsai\u00adre\u00adment cette moda\u00adli\u00adt\u00e9 d\u2019action, la ten\u00addance dite \u00ab&nbsp;poli\u00adtique&nbsp;\u00bb du comi\u00adt\u00e9 de sou\u00adtien ne cherche pas \u00e0 entra\u00adver la mani\u00adfes\u00adta\u00adtion, qui est fina\u00adle\u00adment d\u00e9ci\u00add\u00e9e. Le mee\u00adting a \u00e9t\u00e9 l\u2019occasion de r\u00e9su\u00admer les \u00e9v\u00e9\u00adne\u00adments, de pr\u00e9\u00adsen\u00adter la diver\u00adsi\u00adt\u00e9 de l\u2019objection de conscience et de four\u00adnir quelques indi\u00adca\u00adtions pra\u00adtiques pour l\u2019obtention des ren\u00adsei\u00adgne\u00adments com\u00adpl\u00e9\u00admen\u00adtaires. Les 400 par\u00adti\u00adci\u00adpants se forment alors en un cor\u00adt\u00e8ge silen\u00adcieux pr\u00e9\u00adc\u00e9\u00add\u00e9 de pan\u00adcartes expli\u00adca\u00adtives. L\u2019ensemble est arr\u00ea\u00adt\u00e9 un kilo\u00adm\u00e8tre plus loin, les CRS bar\u00adrant toutes les voies d\u2019acc\u00e8s au centre de la ville. Une par\u00adtie des mani\u00adfes\u00adtants s\u2019assoient alors sur la chaus\u00ads\u00e9e \u00ab&nbsp;en atten\u00addant que cela se passe&nbsp;\u00bb. Apr\u00e8s un entre\u00adtien avec le chef de la S\u00fbre\u00adt\u00e9, il appa\u00adra\u00eet que les flics s\u2019opposeront par tout moyen \u00e0 ce que nous attei\u00adgnions la caserne Mac\u2011Mahon, but de notre marche. Ne pou\u00advant pas comp\u00adter sur suf\u00adfi\u00adsam\u00adment de per\u00adsonnes d\u00e9ci\u00add\u00e9es \u00e0 demeu\u00adrer ind\u00e9\u00adfi\u00adni\u00adment assises sur la chaus\u00ads\u00e9e, nous d\u00e9ci\u00addons la dis\u00adper\u00adsion trois quarts d\u2019heure plus&nbsp;tard.<\/p>\n<p>Le soir nous expo\u00adsons l\u2019objection de conscience au cours d\u2019une veill\u00e9e orga\u00adni\u00ads\u00e9e dans l\u2019\u00e9glise par cer\u00adtains chr\u00e9\u00adtiens de la paroisse. Au dehors, le cur\u00e9 tente d\u2019apaiser quelques dizaines d\u2019int\u00e9gristes qui vou\u00addraient bien \u00ab&nbsp;net\u00adtoyer&nbsp;\u00bb leur \u00e9glise.<\/p>\n<p>Les gr\u00e9\u00advistes de la faim d\u00e9ci\u00add\u00e8rent de pour\u00adsuivre leur mou\u00adve\u00adment jusqu\u2019au same\u00addi&nbsp;matin.<\/p>\n<p>\u2014 Le bilan de cette semaine n\u2019est pas imm\u00e9\u00addia\u00adte\u00adment \u00ab&nbsp;pal\u00adpable&nbsp;\u00bb. Nous pen\u00adsons que cette action per\u00admet\u00adtra, au moins, au tri\u00adbu\u00adnal de prendre Robert Car\u00adlo un peu plus au s\u00e9rieux. Sur le plan local, nous pen\u00adsons que le fait d\u2019avoir dra\u00adma\u00adti\u00ads\u00e9 la situa\u00adtion a per\u00admis une plus large infor\u00adma\u00adtion sur l\u2019objection de conscience. Nous demeu\u00adrons tou\u00adte\u00adfois conscients du fait que les intel\u00adlec\u00adtuels sont pra\u00adti\u00adque\u00adment les seuls \u00e0 \u00eatre au cou\u00adrant de l\u2019existence d\u2019un ser\u00advice&nbsp;civil.<\/p>\n<p>Nous enten\u00addons pour\u00adsuivre notre effort d\u2019information pour tou\u00adcher d\u2019autres cat\u00e9gories.<\/p>\n<p>P. B.<br>\n<br>Comi\u00adt\u00e9 ren\u00adnais de sou\u00adtien aux objec\u00adteurs de conscience.<\/p>\n<\/div>","protected":false},"excerpt":{"rendered":"<p>Qui est Robert Car\u00adlo&nbsp;?\u200a\u2014\u200aRobert est un jeune \u00e9lec\u00adtri\u00adcien ori\u00adgi\u00adnaire de Pl\u00e9\u00addran (C\u00f4tes\u2011\u00ad\u00addu-Nord). Il se pr\u00e9\u00adsente lui\u2011m\u00eame en ces termes&nbsp;: \u00ab&nbsp;Je m\u2019int\u00e9resse depuis tr\u00e8s long\u00adtemps au sens propre de la vie. Je suis convain\u00adcu que la paix et un monde meilleur ne vien\u00addront pas avec les armes. H\u00e9las&nbsp;! ne connais\u00adsant pas de moyen&nbsp;pour&nbsp;[\u2026]<\/p>\n","protected":false},"author":1,"featured_media":0,"comment_status":"closed","ping_status":"closed","sticky":false,"template":"","format":"standard","meta":{"wp_typography_post_enhancements_disabled":false,"footnotes":""},"categories":[183],"tags":[],"ppma_author":[540],"class_list":["post-1645","post","type-post","status-publish","format-standard","hentry","category-anarchisme-et-non-violence-na26-juin-septembre-1971"],"authors":[{"term_id":540,"user_id":1,"is_guest":0,"slug":"admin_3gikpwyf","display_name":"Vincent Dubuc","avatar_url":"https:\/\/secure.gravatar.com\/avatar\/d015720652c25fd2ced191ade86430094e1f288a17483713e3b34d26dea52507?s=96&d=mm&r=g","author_category":"","user_url":"https:\/\/la-presse-anarchiste.net","last_name":"Dubuc","first_name":"Vincent","job_title":"","description":""}],"_links":{"self":[{"href":"https:\/\/la-presse-anarchiste.net\/index.php\/wp-json\/wp\/v2\/posts\/1645","targetHints":{"allow":["GET"]}}],"collection":[{"href":"https:\/\/la-presse-anarchiste.net\/index.php\/wp-json\/wp\/v2\/posts"}],"about":[{"href":"https:\/\/la-presse-anarchiste.net\/index.php\/wp-json\/wp\/v2\/types\/post"}],"author":[{"embeddable":true,"href":"https:\/\/la-presse-anarchiste.net\/index.php\/wp-json\/wp\/v2\/users\/1"}],"replies":[{"embeddable":true,"href":"https:\/\/la-presse-anarchiste.net\/index.php\/wp-json\/wp\/v2\/comments?post=1645"}],"version-history":[{"count":0,"href":"https:\/\/la-presse-anarchiste.net\/index.php\/wp-json\/wp\/v2\/posts\/1645\/revisions"}],"wp:attachment":[{"href":"https:\/\/la-presse-anarchiste.net\/index.php\/wp-json\/wp\/v2\/media?parent=1645"}],"wp:term":[{"taxonomy":"category","embeddable":true,"href":"https:\/\/la-presse-anarchiste.net\/index.php\/wp-json\/wp\/v2\/categories?post=1645"},{"taxonomy":"post_tag","embeddable":true,"href":"https:\/\/la-presse-anarchiste.net\/index.php\/wp-json\/wp\/v2\/tags?post=1645"},{"taxonomy":"author","embeddable":true,"href":"https:\/\/la-presse-anarchiste.net\/index.php\/wp-json\/wp\/v2\/ppma_author?post=1645"}],"curies":[{"name":"wp","href":"https:\/\/api.w.org\/{rel}","templated":true}]}}