{"id":1650,"date":"2008-07-22T23:08:57","date_gmt":"2008-07-22T23:08:57","guid":{"rendered":"https:\/\/la-presse-anarchiste.net\/index.php\/2008\/07\/22\/courrier-11\/"},"modified":"2008-07-22T23:08:57","modified_gmt":"2008-07-22T23:08:57","slug":"courrier-11","status":"publish","type":"post","link":"https:\/\/la-presse-anarchiste.net\/index.php\/2008\/07\/22\/courrier-11\/","title":{"rendered":"Courrier"},"content":{"rendered":"<div class=\"pdfprnt-buttons pdfprnt-buttons-post pdfprnt-top-right\"><a href=\"https:\/\/la-presse-anarchiste.net\/index.php\/wp-json\/wp\/v2\/posts\/1650?print=pdf\" class=\"pdfprnt-button pdfprnt-button-pdf\" target=\"_blank\"><img decoding=\"async\" src=\"https:\/\/la-presse-anarchiste.net\/wp-content\/plugins\/pdf-print\/images\/pdf.png\" alt=\"image_pdf\" title=\"Afficher le PDF\"><\/a><a href=\"https:\/\/la-presse-anarchiste.net\/index.php\/wp-json\/wp\/v2\/posts\/1650?print=print\" class=\"pdfprnt-button pdfprnt-button-print\" target=\"_blank\"><img decoding=\"async\" src=\"https:\/\/la-presse-anarchiste.net\/wp-content\/plugins\/pdf-print\/images\/print.png\" alt=\"image_print\" title=\"Contenu imprim\u00e9\"><\/a><\/div><div align=\"justify\">\nVoi\u00adci un bref pano\u00adra\u00adma de l\u2019action que j\u2019ai entre\u00adprise&nbsp;: Tout d\u2019abord, il m\u2019a fal\u00adlu appro\u00adfon\u00addir mes id\u00e9es sur ce sujet (la non-vio\u00adlence m\u2019\u00e9tait alors pra\u00adti\u00adque\u00adment incon\u00adnue). Je n\u2019ai pas, d\u2019ailleurs, la pr\u00e9\u00adten\u00adtion de la conna\u00eetre bien encore \u00e0 l\u2019heure actuelle. Votre revue, des dis\u00adcus\u00adsions mul\u00adtiples avec des profs de phi\u00adlo et des \u00e9l\u00e8ves, dans dif\u00adf\u00e9\u00adrentes classes du lyc\u00e9e (j\u2019ai fait plu\u00adsieurs expos\u00e9s\u2011d\u00e9bats sur le th\u00e8me&nbsp;: \u00ab&nbsp;Anar\u00adchisme et non\u2011violence&nbsp;\u00bb) m\u2019ont beau\u00adcoup aid\u00e9 dans cette recherche constante de la v\u00e9rit\u00e9.\n<p>Nous avons (des cama\u00adrades non vio\u00adlents, pas for\u00adc\u00e9\u00adment anar\u00adchistes d\u2019ailleurs) fait venir le pas\u00adteur Ren\u00e9 Cruse, qui a don\u00adn\u00e9 une conf\u00e9rence\u2011d\u00e9bat sur le th\u00e8me&nbsp;: \u00ab&nbsp;Non\u2011Violence et lutte de classes&nbsp;\u00bb, \u00e0 la mai\u00adrie de Nevers, le 12 mai (audi\u00adtoire&nbsp;: cent \u00e0 deux cents per\u00adsonnes). De cette ren\u00adcontre est n\u00e9 le pro\u00adjet de for\u00admer un groupe d\u2019objecteurs, des\u00adti\u00adn\u00e9 \u00e0 faire conna\u00eetre l\u2019objection de conscience, \u00e0 d\u00e9non\u00adcer l\u2019arm\u00e9e, et sur\u00adtout \u00e0 encou\u00adra\u00adger l\u2019objection col\u00adlec\u00adtive \u00e0 carac\u00adt\u00e8re politique.<\/p>\n<p>En ce qui concerne plus sp\u00e9\u00adcia\u00adle\u00adment l\u2019anarchie, nous avons sor\u00adti un tract d\u2019information sur l\u2019anarchie en g\u00e9n\u00e9\u00adral et cette semaine nous avons tir\u00e9 un canard anar (toutes ten\u00addances, mais for\u00adte\u00adment tein\u00adt\u00e9 situ), dis\u00adtri\u00adbu\u00e9 sur le lyc\u00e9e soit gra\u00adtui\u00adte\u00adment, soit 0,20 F (ou plus\u2026, juste pour cou\u00advrir les frais de papier). J\u2019ai ins\u00e9\u00adr\u00e9 un article dont une grande par\u00adtie a \u00e9t\u00e9 tir\u00e9e des \u00ab&nbsp;don\u00adn\u00e9es fon\u00adda\u00admen\u00adtales&nbsp;\u00bb (\u00ab&nbsp;ANV&nbsp;\u00bb, n\u00b0 24, p.&nbsp;21).<\/p>\n<p>Cela dit, je dois bien consta\u00adter que cette ann\u00e9e a \u00e9t\u00e9 plus riche en ten\u00adta\u00adtives qu\u2019en r\u00e9a\u00adli\u00adsa\u00adtions effec\u00adtives. Le groupe anar de Nevers, o\u00f9 il y a quelques non\u2011violents, est plus fan\u00adto\u00adma\u00adtique que r\u00e9el et ne dis\u00adpose en tout cas d\u2019aucune orga\u00adni\u00adsa\u00adtion. N\u00e9an\u00admoins, et c\u2019est r\u00e9con\u00adfor\u00adtant, le nombre de sym\u00adpa\u00adthi\u00adsants anar\u00adchistes ne cesse d\u2019augmenter, la prise de conscience poli\u00adtique devient de plus en plus n\u00e9ces\u00adsaire et effec\u00adtive&nbsp;chez<br>\nbeau\u00adcoup, en un mot, les id\u00e9es liber\u00adtaires tra\u00advaillent en profondeur.<\/p>\n<p>D. R.<\/p>\n<\/div>","protected":false},"excerpt":{"rendered":"<p>Voi\u00adci un bref pano\u00adra\u00adma de l\u2019action que j\u2019ai entre\u00adprise&nbsp;: Tout d\u2019abord, il m\u2019a fal\u00adlu appro\u00adfon\u00addir mes id\u00e9es sur ce sujet (la non-vio\u00ad\u00adlence m\u2019\u00e9tait alors pra\u00adti\u00adque\u00adment incon\u00adnue). Je n\u2019ai pas, d\u2019ailleurs, la pr\u00e9\u00adten\u00adtion de la conna\u00eetre bien encore \u00e0 l\u2019heure actuelle. Votre revue, des dis\u00adcus\u00adsions mul\u00adtiples avec des profs de phi\u00adlo et des \u00e9l\u00e8ves, dans diff\u00e9rentes&nbsp;[\u2026]<\/p>\n","protected":false},"author":1,"featured_media":0,"comment_status":"closed","ping_status":"closed","sticky":false,"template":"","format":"standard","meta":{"wp_typography_post_enhancements_disabled":false,"footnotes":""},"categories":[183],"tags":[],"ppma_author":[540],"class_list":["post-1650","post","type-post","status-publish","format-standard","hentry","category-anarchisme-et-non-violence-na26-juin-septembre-1971"],"authors":[{"term_id":540,"user_id":1,"is_guest":0,"slug":"admin_3gikpwyf","display_name":"Vincent Dubuc","avatar_url":"https:\/\/secure.gravatar.com\/avatar\/d015720652c25fd2ced191ade86430094e1f288a17483713e3b34d26dea52507?s=96&d=mm&r=g","author_category":"","user_url":"https:\/\/la-presse-anarchiste.net","last_name":"Dubuc","first_name":"Vincent","job_title":"","description":""}],"_links":{"self":[{"href":"https:\/\/la-presse-anarchiste.net\/index.php\/wp-json\/wp\/v2\/posts\/1650","targetHints":{"allow":["GET"]}}],"collection":[{"href":"https:\/\/la-presse-anarchiste.net\/index.php\/wp-json\/wp\/v2\/posts"}],"about":[{"href":"https:\/\/la-presse-anarchiste.net\/index.php\/wp-json\/wp\/v2\/types\/post"}],"author":[{"embeddable":true,"href":"https:\/\/la-presse-anarchiste.net\/index.php\/wp-json\/wp\/v2\/users\/1"}],"replies":[{"embeddable":true,"href":"https:\/\/la-presse-anarchiste.net\/index.php\/wp-json\/wp\/v2\/comments?post=1650"}],"version-history":[{"count":0,"href":"https:\/\/la-presse-anarchiste.net\/index.php\/wp-json\/wp\/v2\/posts\/1650\/revisions"}],"wp:attachment":[{"href":"https:\/\/la-presse-anarchiste.net\/index.php\/wp-json\/wp\/v2\/media?parent=1650"}],"wp:term":[{"taxonomy":"category","embeddable":true,"href":"https:\/\/la-presse-anarchiste.net\/index.php\/wp-json\/wp\/v2\/categories?post=1650"},{"taxonomy":"post_tag","embeddable":true,"href":"https:\/\/la-presse-anarchiste.net\/index.php\/wp-json\/wp\/v2\/tags?post=1650"},{"taxonomy":"author","embeddable":true,"href":"https:\/\/la-presse-anarchiste.net\/index.php\/wp-json\/wp\/v2\/ppma_author?post=1650"}],"curies":[{"name":"wp","href":"https:\/\/api.w.org\/{rel}","templated":true}]}}