{"id":1661,"date":"2008-08-29T10:18:15","date_gmt":"2008-08-29T10:18:15","guid":{"rendered":"https:\/\/la-presse-anarchiste.net\/index.php\/2008\/08\/29\/les-exemptions\/"},"modified":"2008-08-29T10:18:15","modified_gmt":"2008-08-29T10:18:15","slug":"les-exemptions","status":"publish","type":"post","link":"https:\/\/la-presse-anarchiste.net\/index.php\/2008\/08\/29\/les-exemptions\/","title":{"rendered":"Les exemptions"},"content":{"rendered":"<div class=\"pdfprnt-buttons pdfprnt-buttons-post pdfprnt-top-right\"><a href=\"https:\/\/la-presse-anarchiste.net\/index.php\/wp-json\/wp\/v2\/posts\/1661?print=pdf\" class=\"pdfprnt-button pdfprnt-button-pdf\" target=\"_blank\"><img decoding=\"async\" src=\"https:\/\/la-presse-anarchiste.net\/wp-content\/plugins\/pdf-print\/images\/pdf.png\" alt=\"image_pdf\" title=\"Afficher le PDF\"><\/a><a href=\"https:\/\/la-presse-anarchiste.net\/index.php\/wp-json\/wp\/v2\/posts\/1661?print=print\" class=\"pdfprnt-button pdfprnt-button-print\" target=\"_blank\"><img decoding=\"async\" src=\"https:\/\/la-presse-anarchiste.net\/wp-content\/plugins\/pdf-print\/images\/print.png\" alt=\"image_print\" title=\"Contenu imprim\u00e9\"><\/a><\/div><div align=\"justify\">\nDepuis quelques mois, un grand nombre de sur\u00adsi\u00adtaires se sont vus exemp\u00adt\u00e9s du ser\u00advice mili\u00adtaire actif. Ce ph\u00e9\u00adno\u00adm\u00e8ne ne reste pas loca\u00adli\u00ads\u00e9 aux jeunes rep\u00e9\u00adr\u00e9s lors de mani\u00adfes\u00adta\u00adtions ou fich\u00e9s pour leurs id\u00e9es r\u00e9vo\u00adlutionnaires, mais s\u2019\u00e9tend \u00e0 tous les \u00e9tu\u00addiants sans consi\u00add\u00e9ration de leurs id\u00e9o\u00adlo\u00adgies et enga\u00adge\u00adments politiques.\n<p>Le fait est donc assez impor\u00adtant pour que l\u2019on se penche sur le pro\u00adbl\u00e8me et que l\u2019on essaye de trou\u00adver les rai\u00adsons qui poussent le gou\u00adver\u00adne\u00adment \u00e0 se d\u00e9bar\u00adras\u00adser d\u2019un tel contin\u00adgent de jeunes.<\/p>\n<p>L\u2019explication de ce ph\u00e9\u00adno\u00adm\u00e8ne se trouve dans les nou\u00advelles dis\u00adpo\u00adsi\u00adtions du Code du ser\u00advice natio\u00adnal. En effet, le ser\u00advice natio\u00adnal actif s\u2019effectue main\u00adtenant \u00e0 l\u2019\u00e2ge de 19 ans avec pos\u00adsi\u00adbi\u00adli\u00adt\u00e9 de par\u00adtir \u00e0 18 ans ou de repor\u00adter l\u2019incorporation au plus tard \u00e0 21 ans (article 5 ). Les sur\u00adsis ont donc \u00e9t\u00e9 suppri\u00adm\u00e9s (excep\u00adt\u00e9 pour cer\u00adtaines \u00e9tudes&nbsp;: phar\u00adma\u00adcie, chi\u00adrur\u00adgie et m\u00e9de\u00adcine). Le g\u00e9n\u00e9\u00adral Va\u00adnuxem nous don\u00adnait les rai\u00adsons de la sup\u00adpres\u00adsion des sur\u00adsis dans \u00ab&nbsp;Car\u00adre\u00adfour&nbsp;\u00bb du 12 f\u00e9vrier 1969&nbsp;: \u00ab&nbsp;Aujourd\u2019hui, o\u00f9 les nou\u00advelles incor\u00adpo\u00adra\u00adtions am\u00e8\u00adnent des recrues habi\u00adtu\u00e9es \u00e0 la contes\u00adta\u00adtion, on ne peut pr\u00e9\u00advoir quels d\u00e9sordres celles\u2011ci pour\u00adraient pro\u00advo\u00adquer dans l\u2019arm\u00e9e ni leurs cons\u00e9quences.&nbsp;\u00bb<\/p>\n<p>L\u2019on ne peut \u00eatre plus clair. Plus loin, il ajou\u00adtait&nbsp;: \u00ab&nbsp;\u00c0 cet \u00e2ge\u2011l\u00e0 (18 ans), l\u2019arm\u00e9e serait plus apte encore qu\u2019aujourd\u2019hui \u00e0 par\u00adfaire, sur des esprits plus souples, l\u2019instruction de base\u2026 L\u2019instruction civique, sur\u00adtout, pour\u00adrait y \u00eatre don\u00adn\u00e9e en temps vou\u00adlu et s\u2019impr\u00e9gner plus faci\u00adle\u00adment dans des cires un peu molles et qui n\u2019ont pas \u00e9t\u00e9 \u00e0 jamais \u00e9raill\u00e9es par le byzan\u00adti\u00adnisme et les sophistica\u00adtions de com\u00adpa\u00adgnon\u00adnage douteux\u2026\u00bb<\/p>\n<p>Ain\u00adsi, l\u2019arm\u00e9e se veut \u00e9duca\u00adtrice, afin de pal\u00adlier la prise de conscience lyc\u00e9enne et d\u2019\u00e9viter que l\u2019Universit\u00e9 ne soit un foyer de contes\u00adta\u00adtion d\u2019o\u00f9 naissent les th\u00e9o\u00adries r\u00e9volutionnaires.<\/p>\n<p>Le gou\u00adver\u00adne\u00adment prend donc l\u2019offensive et son pre\u00admier geste consiste en l\u2019\u00e9limination d\u2019\u00e9l\u00e9\u00adments dou\u00adteux sus\u00adcep\u00adtibles de jouer un r\u00f4le d\u00e9mys\u00adti\u00adfi\u00adca\u00adteur de l\u2019arm\u00e9e, au sein de la caserne. Main\u00adte\u00adnant que ces gens sont \u00e9car\u00adt\u00e9s, les mili\u00adtaires peuvent \u00e0 leur aise prendre en main l\u2019\u00e9ducation civique et id\u00e9o\u00adlo\u00adgique de nos lyc\u00e9ens.<\/p>\n<p>Jacques Moreau\n<\/p><\/div>\n","protected":false},"excerpt":{"rendered":"<p>Depuis quelques mois, un grand nombre de sur\u00adsi\u00adtaires se sont vus exemp\u00adt\u00e9s du ser\u00advice mili\u00adtaire actif. Ce ph\u00e9\u00adno\u00adm\u00e8ne ne reste pas loca\u00adli\u00ads\u00e9 aux jeunes rep\u00e9\u00adr\u00e9s lors de mani\u00adfes\u00adta\u00adtions ou fich\u00e9s pour leurs id\u00e9es r\u00e9vo\u00adlutionnaires, mais s\u2019\u00e9tend \u00e0 tous les \u00e9tu\u00addiants sans consi\u00add\u00e9ration de leurs id\u00e9o\u00adlo\u00adgies et enga\u00adge\u00adments poli\u00adtiques. Le fait est donc assez impor\u00adtant&nbsp;pour&nbsp;[\u2026]<\/p>\n","protected":false},"author":1,"featured_media":0,"comment_status":"closed","ping_status":"closed","sticky":false,"template":"","format":"standard","meta":{"wp_typography_post_enhancements_disabled":false,"footnotes":""},"categories":[185],"tags":[],"ppma_author":[540],"class_list":["post-1661","post","type-post","status-publish","format-standard","hentry","category-anarchisme-et-non-violence-na28-janvier-mars-1972"],"authors":[{"term_id":540,"user_id":1,"is_guest":0,"slug":"admin_3gikpwyf","display_name":"Vincent Dubuc","avatar_url":"https:\/\/secure.gravatar.com\/avatar\/d015720652c25fd2ced191ade86430094e1f288a17483713e3b34d26dea52507?s=96&d=mm&r=g","author_category":"","user_url":"https:\/\/la-presse-anarchiste.net","last_name":"Dubuc","first_name":"Vincent","job_title":"","description":""}],"_links":{"self":[{"href":"https:\/\/la-presse-anarchiste.net\/index.php\/wp-json\/wp\/v2\/posts\/1661","targetHints":{"allow":["GET"]}}],"collection":[{"href":"https:\/\/la-presse-anarchiste.net\/index.php\/wp-json\/wp\/v2\/posts"}],"about":[{"href":"https:\/\/la-presse-anarchiste.net\/index.php\/wp-json\/wp\/v2\/types\/post"}],"author":[{"embeddable":true,"href":"https:\/\/la-presse-anarchiste.net\/index.php\/wp-json\/wp\/v2\/users\/1"}],"replies":[{"embeddable":true,"href":"https:\/\/la-presse-anarchiste.net\/index.php\/wp-json\/wp\/v2\/comments?post=1661"}],"version-history":[{"count":0,"href":"https:\/\/la-presse-anarchiste.net\/index.php\/wp-json\/wp\/v2\/posts\/1661\/revisions"}],"wp:attachment":[{"href":"https:\/\/la-presse-anarchiste.net\/index.php\/wp-json\/wp\/v2\/media?parent=1661"}],"wp:term":[{"taxonomy":"category","embeddable":true,"href":"https:\/\/la-presse-anarchiste.net\/index.php\/wp-json\/wp\/v2\/categories?post=1661"},{"taxonomy":"post_tag","embeddable":true,"href":"https:\/\/la-presse-anarchiste.net\/index.php\/wp-json\/wp\/v2\/tags?post=1661"},{"taxonomy":"author","embeddable":true,"href":"https:\/\/la-presse-anarchiste.net\/index.php\/wp-json\/wp\/v2\/ppma_author?post=1661"}],"curies":[{"name":"wp","href":"https:\/\/api.w.org\/{rel}","templated":true}]}}