{"id":1674,"date":"2008-09-12T07:02:27","date_gmt":"2008-09-12T07:02:27","guid":{"rendered":"https:\/\/la-presse-anarchiste.net\/index.php\/2008\/09\/12\/introduction-4\/"},"modified":"2008-09-12T07:02:27","modified_gmt":"2008-09-12T07:02:27","slug":"introduction-4","status":"publish","type":"post","link":"https:\/\/la-presse-anarchiste.net\/index.php\/2008\/09\/12\/introduction-4\/","title":{"rendered":"Introduction"},"content":{"rendered":"<div class=\"pdfprnt-buttons pdfprnt-buttons-post pdfprnt-top-right\"><a href=\"https:\/\/la-presse-anarchiste.net\/index.php\/wp-json\/wp\/v2\/posts\/1674?print=pdf\" class=\"pdfprnt-button pdfprnt-button-pdf\" target=\"_blank\"><img decoding=\"async\" src=\"https:\/\/la-presse-anarchiste.net\/wp-content\/plugins\/pdf-print\/images\/pdf.png\" alt=\"image_pdf\" title=\"Afficher le PDF\"><\/a><a href=\"https:\/\/la-presse-anarchiste.net\/index.php\/wp-json\/wp\/v2\/posts\/1674?print=print\" class=\"pdfprnt-button pdfprnt-button-print\" target=\"_blank\"><img decoding=\"async\" src=\"https:\/\/la-presse-anarchiste.net\/wp-content\/plugins\/pdf-print\/images\/print.png\" alt=\"image_print\" title=\"Contenu imprim\u00e9\"><\/a><\/div><div align=\"justify\">\n\u00c0 la suite de contacts ou de la par\u00adti\u00adci\u00adpa\u00adtion de cer\u00adtains cama\u00adrades d\u2019\u00abAnarchisme et non\u2011violence&nbsp;\u00bb aux comi\u00adt\u00e9s de sou\u00adtien aux objec\u00adteurs de conscience, il nous avait sem\u00adbl\u00e9 int\u00e9\u00adres\u00adsant de confron\u00adter nos exp\u00e9\u00adriences et nos r\u00e9flexions avec ceux qui, comme nous, pri\u00advi\u00adl\u00e9\u00adgiaient une cer\u00adtaine pra\u00adtique et par\u00adta\u00adgeaient un \u00e9tat d\u2019esprit dans la lutte non vio\u00adlente et antimilitariste.\n<p>C\u2019\u00e9tait le th\u00e8me de notre cam\u00adping de l\u2019\u00e9t\u00e9&nbsp;71.<\/p>\n<p>Nous comp\u00adtions mettre l\u2019accent sur&nbsp;:<\/p>\n<ol>\n<li> La struc\u00adture d\u00e9cen\u00adtra\u00adli\u00ads\u00e9e des CSOC qui s\u2019apparente \u00e0 celle des comi\u00adt\u00e9s d\u2019action&nbsp;;<\/li>\n<li> La cir\u00adcu\u00adla\u00adtion spon\u00adta\u00adn\u00e9e et hori\u00adzon\u00adtale de l\u2019information&nbsp;;<\/li>\n<li> La facul\u00adt\u00e9 des CSOC de se mobi\u00adli\u00adser rapi\u00adde\u00adment sur un point pr\u00e9cis&nbsp;;<\/li>\n<li> L\u2019\u00e9largissement de la notion d\u2019objection&nbsp;;<\/li>\n<li> La radi\u00adca\u00adli\u00adsa\u00adtion des luttes avec la dimen\u00adsion et l\u2019expression poli\u00adtiques que peut prendre l\u2019objection, notam\u00adment par sa confron\u00adta\u00adtion avec les gauchistes&nbsp;;<\/li>\n<li> La soli\u00adda\u00adri\u00adt\u00e9 avec les autres luttes r\u00e9volutionnaires.<\/li>\n<\/ol>\n<p>En fait, notre tra\u00advail n\u2019a pas don\u00adn\u00e9 les r\u00e9sul\u00adtats escomp\u00adt\u00e9s. Nous avions deman\u00add\u00e9 aux CSOC de nous four\u00adnir des textes sur leur groupe (ori\u00adgine, com\u00adpo\u00adsi\u00adtion, th\u00e8mes d\u2019action, orien\u00adta\u00adtion,&nbsp;etc.).<\/p>\n<p>Nous n\u2019avons dis\u00adpo\u00ads\u00e9, pour le cam\u00adping, que de quelques topos regrou\u00adp\u00e9s en un dos\u00adsier qui a ser\u00advi de base \u00e0 nos dis\u00adcus\u00adsions. La r\u00e9flexion propre au cam\u00adping a sou\u00advent \u00e9t\u00e9 dif\u00adfi\u00adcile et n\u2019a peut\u2011\u00eatre ser\u00advi qu\u2019\u00e0 \u00e9clair\u00adcir un cer\u00adtain nombre d\u2019id\u00e9es ou tout sim\u00adple\u00adment \u00e0 four\u00adnir une infor\u00adma\u00adtion&nbsp;; puis elle s\u2019est sur\u00adtout orien\u00adt\u00e9e sur les pro\u00adbl\u00e8mes de l\u2019objection dite poli\u00adtique. De plus, d\u2019autres aspects que ceux que nous aurions vou\u00adlu pri\u00advi\u00adl\u00e9\u00adgier sont apparus.<\/p>\n<p>De toute fa\u00e7on, nous avons \u00e9t\u00e9 trop opti\u00admistes dans nos pr\u00e9\u00advi\u00adsions. Si, par la suite, nous avons re\u00e7u d\u2019autres textes et quelques com\u00admen\u00adtaires, le temps semble avoir \u00e9t\u00e9 trop court et l\u2019int\u00e9r\u00eat pour un tel tra\u00advail n\u2019a aus\u00adsi peut\u2011\u00eatre pas \u00e9t\u00e9 suf\u00adfi\u00adsam\u00adment res\u00adsen\u00adti. Par ailleurs, l\u2019action, par\u00adti\u00adcu\u00adli\u00e8\u00adre\u00adment pre\u00adnante ces der\u00adniers temps, a d\u00fb \u00eatre privil\u00e9gi\u00e9e.<\/p>\n<p>Dans une pre\u00admi\u00e8re par\u00adtie, nous ne publions qu\u2019un r\u00e9sum\u00e9\u2011synth\u00e8se de notre r\u00e9flexion sur les CSOC. Par crainte des redites, nous avons \u00e9li\u00admi\u00adn\u00e9 les textes de base&nbsp;; disons aus\u00adsi que nous ne pou\u00advions repro\u00adduire exac\u00adte\u00adment cer\u00adtains comptes ren\u00addus et com\u00admen\u00adtaires oraux qui ont pour\u00adtant ser\u00advi. Un point aus\u00adsi, notre bud\u00adget limi\u00adt\u00e9 nous oblige \u00e0 cal\u00adcu\u00adler, au mieux notre pagination.<\/p>\n<p>La deuxi\u00e8me par\u00adtie, la plus volu\u00admi\u00adneuse, est consa\u00adcr\u00e9e aux objec\u00adtions, insou\u00admis\u00adsions, etc. Cer\u00adtains textes ont d\u00e9j\u00e0 \u00e9t\u00e9 publi\u00e9s, s\u00e9pa\u00adr\u00e9\u00adment, \u00e0 droite et \u00e0 gauche, sous forme de tracts, entre autres&nbsp;; d\u2019autres ont, depuis, \u00e9t\u00e9 rema\u00adni\u00e9s par leurs auteurs. L\u00e0 encore, nous avons choi\u00adsi, nous avons tron\u00adqu\u00e9. Ain\u00adsi, rien ne sera publi\u00e9 ayant trait \u00e0 l\u2019objection en Alle\u00admagne, en Espagne et en Suisse, mais nous avons conser\u00adv\u00e9 des textes de nos cama\u00adrades belges dont la situa\u00adtion est actuel\u00adle\u00adment la plus proche de la&nbsp;n\u00f4tre.<\/p>\n<p>La troi\u00adsi\u00e8me par\u00adtie, article 50 et r\u00e9pres\u00adsion, qui refl\u00e8te les luttes actuelles, n\u2019est pas aus\u00adsi \u00e9la\u00adbo\u00adr\u00e9e que nous l\u2019aurions sou\u00adhai\u00adt\u00e9 et n\u00e9ces\u00adsite encore une analyse.<\/p>\n<p>Nous sommes donc cri\u00adtiques en publiant ce num\u00e9\u00adro. Fallait\u2011il ne pas le faire&nbsp;? Nos lec\u00adteurs ont la parole.<\/p>\n<p>Et il serait sou\u00adhai\u00adtable que le tra\u00advail \u00e9bau\u00adch\u00e9 ici puisse \u00eatre repris et pour\u00adsui\u00advi avec leur col\u00adla\u00adbo\u00adra\u00adtion dans le cadre, par exemple, d\u2019une com\u00admis\u00adsion de tra\u00advail sur le th\u00e8me g\u00e9n\u00e9\u00adral de l\u2019antimilitarisme.\n<\/p><\/div>\n","protected":false},"excerpt":{"rendered":"<p>\u00c0 la suite de contacts ou de la par\u00adti\u00adci\u00adpa\u00adtion de cer\u00adtains cama\u00adrades d\u2019\u00abAnarchisme et non\u2011violence&nbsp;\u00bb aux comi\u00adt\u00e9s de sou\u00adtien aux objec\u00adteurs de conscience, il nous avait sem\u00adbl\u00e9 int\u00e9\u00adres\u00adsant de confron\u00adter nos exp\u00e9\u00adriences et nos r\u00e9flexions avec ceux qui, comme nous, pri\u00advi\u00adl\u00e9\u00adgiaient une cer\u00adtaine pra\u00adtique et par\u00adta\u00adgeaient un \u00e9tat d\u2019esprit dans la lutte non vio\u00adlente&nbsp;et&nbsp;[\u2026]<\/p>\n","protected":false},"author":1,"featured_media":0,"comment_status":"closed","ping_status":"closed","sticky":false,"template":"","format":"standard","meta":{"wp_typography_post_enhancements_disabled":false,"footnotes":""},"categories":[185],"tags":[],"ppma_author":[540],"class_list":["post-1674","post","type-post","status-publish","format-standard","hentry","category-anarchisme-et-non-violence-na28-janvier-mars-1972"],"authors":[{"term_id":540,"user_id":1,"is_guest":0,"slug":"admin_3gikpwyf","display_name":"Vincent Dubuc","avatar_url":"https:\/\/secure.gravatar.com\/avatar\/d015720652c25fd2ced191ade86430094e1f288a17483713e3b34d26dea52507?s=96&d=mm&r=g","author_category":"","user_url":"https:\/\/la-presse-anarchiste.net","last_name":"Dubuc","first_name":"Vincent","job_title":"","description":""}],"_links":{"self":[{"href":"https:\/\/la-presse-anarchiste.net\/index.php\/wp-json\/wp\/v2\/posts\/1674","targetHints":{"allow":["GET"]}}],"collection":[{"href":"https:\/\/la-presse-anarchiste.net\/index.php\/wp-json\/wp\/v2\/posts"}],"about":[{"href":"https:\/\/la-presse-anarchiste.net\/index.php\/wp-json\/wp\/v2\/types\/post"}],"author":[{"embeddable":true,"href":"https:\/\/la-presse-anarchiste.net\/index.php\/wp-json\/wp\/v2\/users\/1"}],"replies":[{"embeddable":true,"href":"https:\/\/la-presse-anarchiste.net\/index.php\/wp-json\/wp\/v2\/comments?post=1674"}],"version-history":[{"count":0,"href":"https:\/\/la-presse-anarchiste.net\/index.php\/wp-json\/wp\/v2\/posts\/1674\/revisions"}],"wp:attachment":[{"href":"https:\/\/la-presse-anarchiste.net\/index.php\/wp-json\/wp\/v2\/media?parent=1674"}],"wp:term":[{"taxonomy":"category","embeddable":true,"href":"https:\/\/la-presse-anarchiste.net\/index.php\/wp-json\/wp\/v2\/categories?post=1674"},{"taxonomy":"post_tag","embeddable":true,"href":"https:\/\/la-presse-anarchiste.net\/index.php\/wp-json\/wp\/v2\/tags?post=1674"},{"taxonomy":"author","embeddable":true,"href":"https:\/\/la-presse-anarchiste.net\/index.php\/wp-json\/wp\/v2\/ppma_author?post=1674"}],"curies":[{"name":"wp","href":"https:\/\/api.w.org\/{rel}","templated":true}]}}