{"id":1675,"date":"2008-09-12T16:31:42","date_gmt":"2008-09-12T16:31:42","guid":{"rendered":"https:\/\/la-presse-anarchiste.net\/index.php\/2008\/09\/12\/lespagne-revolutionnaire\/"},"modified":"2008-09-12T16:31:42","modified_gmt":"2008-09-12T16:31:42","slug":"lespagne-revolutionnaire","status":"publish","type":"post","link":"https:\/\/la-presse-anarchiste.net\/index.php\/2008\/09\/12\/lespagne-revolutionnaire\/","title":{"rendered":"L\u2019Espagne r\u00e9volutionnaire"},"content":{"rendered":"<div class=\"pdfprnt-buttons pdfprnt-buttons-post pdfprnt-top-right\"><a href=\"https:\/\/la-presse-anarchiste.net\/index.php\/wp-json\/wp\/v2\/posts\/1675?print=pdf\" class=\"pdfprnt-button pdfprnt-button-pdf\" target=\"_blank\"><img decoding=\"async\" src=\"https:\/\/la-presse-anarchiste.net\/wp-content\/plugins\/pdf-print\/images\/pdf.png\" alt=\"image_pdf\" title=\"Afficher le PDF\"><\/a><a href=\"https:\/\/la-presse-anarchiste.net\/index.php\/wp-json\/wp\/v2\/posts\/1675?print=print\" class=\"pdfprnt-button pdfprnt-button-print\" target=\"_blank\"><img decoding=\"async\" src=\"https:\/\/la-presse-anarchiste.net\/wp-content\/plugins\/pdf-print\/images\/print.png\" alt=\"image_print\" title=\"Contenu imprim\u00e9\"><\/a><\/div><div align=\"justify\">\nLa sup\u00adpres\u00adsion de l\u2019\u00c9tat et la r\u00e9vo\u00adlu\u00adtion qui s\u2019op\u00e8re quand les tra\u00advailleurs assument les t\u00e2ches habi\u00adtuel\u00adle\u00adment conc\u00e9\u00add\u00e9es aux patrons, aux fonc\u00adtion\u00adnaires, aux bureau\u00adcrates par la restruc\u00adtu\u00adra\u00adtion de tous les orga\u00adnismes essen\u00adtiels \u00e0 la vie, selon un mode de fonc\u00adtion\u00adne\u00adment f\u00e9d\u00e9\u00adra\u00adtif, ne sont pas un mythe ni une uto\u00adpie. C\u2019est parce que des hommes ont d\u00e9j\u00e0 ten\u00adt\u00e9, avec un cer\u00adtain suc\u00adc\u00e8s, de don\u00adner des solu\u00adtions aux ques\u00adtions sociales aux\u00adquelles nous sommes confron\u00adt\u00e9s et dans un sens qui nous convient que nous reve\u00adnons en arri\u00e8re dans le temps, et non par go\u00fbt pour les archives&nbsp;: un ensei\u00adgne\u00adment doit se d\u00e9ga\u00adger, une th\u00e9o\u00adri\u00adsa\u00adtion s\u2019\u00e9laborer des mul\u00adtiples exp\u00e9\u00adriences&nbsp;; que ce soient des conseils alle\u00admands, hon\u00adgrois et autres, des com\u00admunes chi\u00adnoises, des kib\u00adbout\u00adzim isra\u00e9\u00adliens, de l\u2019autogestion you\u00adgo\u00adslave et alg\u00e9\u00adrienne, de la Com\u00admune de&nbsp;Paris\u2026\n<p>Quant \u00e0 nous, ici, et pour cette fois, nous nous limi\u00adte\u00adrons aux \u00ab&nbsp;col\u00adlec\u00adti\u00advi\u00adsa\u00adtions&nbsp;\u00bb et \u00ab&nbsp;syn\u00addi\u00adca\u00adli\u00adsa\u00adtions&nbsp;\u00bb espa\u00adgnoles de 36\u201139&nbsp;: elles ont d\u00e9mon\u00adtr\u00e9, mal\u00adgr\u00e9 les imper\u00adfec\u00adtions et les dif\u00adfi\u00adcul\u00adt\u00e9s, la pos\u00adsi\u00adbi\u00adli\u00adt\u00e9 de r\u00e9a\u00adli\u00adsa\u00adtions liber\u00adtaires et l\u2019efficacit\u00e9 d\u2019une ges\u00adtion par les travailleurs.<\/p>\n<p>L\u2019interp\u00e9n\u00e9tration des exp\u00e9\u00adriences nous conduit \u00e0 un nou\u00adveau seuil, \u00e0 une nou\u00advelle vision du monde qu\u2019un terme \u00e0 la mode r\u00e9sume, r\u00e9duit \u00e0 un sch\u00e9\u00adma&nbsp;: l\u2019autogestion.<\/p>\n<p>L\u2019autogestion se veut r\u00e9ponse \u00e0 la concen\u00adtra\u00adtion \u00e9co\u00adno\u00admique sinon au cen\u00adtra\u00adlisme politique.<\/p>\n<p>Il est admis main\u00adte\u00adnant que la concen\u00adtra\u00adtion \u00e9co\u00adno\u00admique abou\u00adtit \u00e0 des d\u00e9s\u00ad\u00e9qui\u00adlibres dan\u00adge\u00adreux pour la sur\u00advie des nations&nbsp;; en revanche, dans des uni\u00adt\u00e9s de ges\u00adtion plus petites, \u00e0 la mesure de l\u2019homme, l\u2019ouvrier a la pos\u00adsi\u00adbi\u00adli\u00adt\u00e9 de prendre en charge la pro\u00adduc\u00adtion&nbsp;; son int\u00e9\u00adr\u00eat psy\u00adcho\u00adlo\u00adgique est un fac\u00adteur de ren\u00adta\u00adbi\u00adli\u00adt\u00e9. Dans les pays d\u00e9ve\u00adlop\u00adp\u00e9s, le cen\u00adtra\u00adlisme poli\u00adtique se r\u00e9v\u00e8le stra\u00adt\u00e9\u00adgi\u00adque\u00adment fra\u00adgile&nbsp;: le point cen\u00adtral de d\u00e9ci\u00adsion plus faci\u00adle\u00adment des\u00adtruc\u00adtible lais\u00adse\u00adrait sans r\u00e9ac\u00adtion la p\u00e9ri\u00adph\u00e9\u00adrie qui a per\u00addu l\u2019habitude des ini\u00adtia\u00adtives&nbsp;; actuel\u00adle\u00adment, la ten\u00addance cor\u00adrec\u00adtrice, r\u00e9for\u00adma\u00adtrice \u00e0 ce han\u00addi\u00adcap se for\u00admule dans la \u00ab&nbsp;par\u00adti\u00adci\u00adpa\u00adtion\u00bb&nbsp;; la \u00ab&nbsp;r\u00e9gio\u00adna\u00adli\u00adsa\u00adtion&nbsp;\u00bb,&nbsp;etc.<\/p>\n<p>Dans les pays en voie de d\u00e9ve\u00adlop\u00adpe\u00adment, le pou\u00advoir de l\u2019\u00c9tat n\u2019a pas encore absor\u00adb\u00e9 et d\u00e9truit les tra\u00addi\u00adtions et cou\u00adtumes d\u2019autonomie des vil\u00adlages&nbsp;; pro\u00advi\u00adsoi\u00adre\u00adment, il en  tient compte. L\u2019Espagne de 1936 \u00e9tait un pays en voie de d\u00e9ve\u00adlop\u00adpe\u00adment d\u00e9j\u00e0 for\u00adte\u00adment indus\u00adtria\u00adli\u00ads\u00e9 dans cer\u00adtaines r\u00e9gions.<\/p>\n<p>Ce que nous vou\u00adlons essayer, ici, dans le cadre pour\u00adtant \u00e9troit de notre publi\u00adca\u00adtion, c\u2019est de don\u00adner une vue \u00e9lar\u00adgie du pro\u00adces\u00adsus r\u00e9vo\u00adlu\u00adtion\u00adnaire espa\u00adgnol qui ne serait pas r\u00e9duit \u00e0 la p\u00e9riode de la guerre, puis insis\u00adter sur les r\u00e9a\u00adli\u00adsa\u00adtions construc\u00adtives de la r\u00e9vo\u00adlu\u00adtion. Si la par\u00adtie pr\u00e9\u00adc\u00e9\u00addant la r\u00e9vo\u00adlu\u00adtion occupe beau\u00adcoup de place c\u2019est pour bien mon\u00adtrer que l\u2019Espagne ne s\u2019est pas r\u00e9veill\u00e9e brus\u00adque\u00adment anar\u00adchiste un beau jour de 1936, mais qu\u2019il y avait un cer\u00adtain nombre d\u2019ant\u00e9c\u00e9dents tra\u00addi\u00adtion\u00adnels favo\u00adri\u00adsant les id\u00e9es que l\u2019on a cou\u00adtume d\u2019associer au \u00ab&nbsp;com\u00admu\u00adnisme liber\u00adtaire&nbsp;\u00bb. Il ne nous est pas pos\u00adsible de dire si cette influence est tou\u00adjours directe ou si c\u2019est seule\u00adment une rela\u00adtion intel\u00adlec\u00adtuelle de cause \u00e0 effet, mais nous en tenons compte.<\/p>\n<p>Si les col\u00adlec\u00adti\u00advi\u00adt\u00e9s ont sur\u00adgi, elles ne sont pas un fait inopi\u00adn\u00e9 sus\u00adci\u00adt\u00e9 par des grou\u00adpus\u00adcules, mais le fruit de la conver\u00adgence d\u2019un long pro\u00adces\u00adsus his\u00adto\u00adrique, d\u2019un mili\u00adtan\u00adtisme de longue haleine dans les orga\u00adni\u00adsa\u00adtions de masse des tra\u00advailleurs et de cer\u00adtaines pra\u00adtiques tra\u00addi\u00adtion\u00adnelles, \u00e0 un moment pr\u00e9\u00adcis o\u00f9 le pou\u00advoir n\u2019existait plus que de nom, la r\u00e9bel\u00adlion des mili\u00adtaires l\u2019ayant r\u00e9duit \u00e0 rien. Nous n\u2019acceptons pas que cette p\u00e9riode soit r\u00e9duite \u00e0 un simple affron\u00adte\u00adment entre fas\u00adcistes et r\u00e9pu\u00adbli\u00adcains et non plus \u00e0 une r\u00e9vo\u00adlu\u00adtion faite par les anar\u00adchistes seuls.<\/p>\n<p>Nous vou\u00addrions contri\u00adbuer \u00e0 d\u00e9truire le mythe d\u2019une r\u00e9vo\u00adlu\u00adtion liber\u00adtaire pure et inat\u00adta\u00adquable sans pour autant en prendre le contre-pied. La fa\u00e7on d\u2019interpr\u00e9ter la r\u00e9vo\u00adlu\u00adtion espa\u00adgnole condi\u00adtionne les rap\u00adports entre anar\u00adchistes et les rap\u00adports des anar\u00adchistes avec l\u2019ext\u00e9rieur&nbsp;; pour\u00adtant nous n\u2019avons pas abor\u00add\u00e9, sinon cit\u00e9, un cer\u00adtain nombre de \u00ab&nbsp;pro\u00adbl\u00e8mes clas\u00adsiques&nbsp;\u00bb&nbsp;: la par\u00adti\u00adci\u00adpa\u00adtion des anar\u00adchistes au pou\u00advoir, la mili\u00adta\u00adri\u00adsa\u00adtion des milices, les impli\u00adca\u00adtions de la poli\u00adtique inter\u00adna\u00adtio\u00adnale, les dif\u00adf\u00e9\u00adrents pro\u00adbl\u00e8mes de poli\u00adtique int\u00e9\u00adrieure, etc.<\/p>\n<p>Plus impor\u00adtante et plus int\u00e9\u00adres\u00adsante nous para\u00eet l\u2019entr\u00e9e des id\u00e9es de la I<sup>re<\/sup> Inter\u00adna\u00adtio\u00adnale dans l\u2019histoire du mou\u00adve\u00adment ouvrier espa\u00adgnol. C\u2019est comme le com\u00admen\u00adce\u00adment du temps r\u00e9vo\u00adlu\u00adtion\u00adnaire qui va se pour\u00adsuivre pen\u00addant trois g\u00e9n\u00e9\u00adra\u00adtions d\u2019hommes, de mili\u00adtan\u00adtisme patient, de pro\u00adpa\u00adgande inlas\u00adsable, d\u2019\u00e9checs r\u00e9p\u00e9\u00adt\u00e9s, de sacri\u00adfices, pour d\u00e9bou\u00adcher, pour se concen\u00adtrer dans un laps de temps tr\u00e8s court, deux ou trois ans de \u00ab&nbsp;com\u00admu\u00adnisme libertaire&nbsp;\u00bb.<\/p>\n<p>Faire une r\u00e9vo\u00adlu\u00adtion liber\u00adtaire, m\u00eame avec une pr\u00e9\u00adpa\u00adra\u00adtion maxi\u00admale des mili\u00adtants, m\u00eame avec le concours des orga\u00adni\u00adsa\u00adtions de masse, est une chose. La r\u00e9a\u00adli\u00adt\u00e9 espa\u00adgnole de ce temps en est une autre. Il a fal\u00adlu comp\u00adter&nbsp;avec&nbsp;:<br>\n<br>\u2014 Les dif\u00adf\u00e9\u00adrentes ten\u00addances libertaires&nbsp;;<br>\n<br>\u2014 Tous les autres sec\u00adteurs r\u00e9volutionnaires&nbsp;;<br>\n<br>\u2014 La bour\u00adgeoi\u00adsie au pouvoir&nbsp;;<br>\n<br>\u2014 Les com\u00admu\u00adnistes hostiles&nbsp;;<br>\n<br>\u2014 Les fas\u00adcistes, l\u2019arm\u00e9e, etc.,<\/p>\n<p>donc avec la vio\u00adlence, avec la guerre, ph\u00e9\u00adno\u00adm\u00e8nes qui coexistent avec la cr\u00e9a\u00adtion et l\u2019existence d\u2019une nou\u00advelle soci\u00e9\u00adt\u00e9. Les \u00ab&nbsp;non-vio\u00adlents&nbsp;\u00bb, actuel\u00adle\u00adment, n\u2019ont ni suf\u00adfi\u00adsam\u00adment d\u2019imagination ni suf\u00adfi\u00adsam\u00adment de force pour contre\u00adba\u00adlan\u00adcer la vio\u00adlence r\u00e9vo\u00adlu\u00adtion\u00adnaire. Les col\u00adlec\u00adti\u00advi\u00adt\u00e9s espa\u00adgnoles n\u2019auraient pas vu le jour sans la r\u00e9sis\u00adtance arm\u00e9e des anar\u00adchistes. Et l\u2019on peut affir\u00admer qu\u2019il y a eu une radi\u00adca\u00adli\u00adsa\u00adtion des luttes inh\u00e9\u00adrente \u00e0 la vio\u00adlence. La stra\u00adt\u00e9\u00adgie non vio\u00adlente proc\u00e8de\u2011t\u2011elle de fa\u00e7on tota\u00adle\u00adment dif\u00adf\u00e9\u00adrente&nbsp;? N\u2019y a\u2011t il pas une pos\u00adsi\u00adbi\u00adli\u00adt\u00e9 de radi\u00adca\u00adli\u00adsa\u00adtion propre aux luttes sans vio\u00adlence et que la vio\u00adlence serait inca\u00adpable d\u2019atteindre&nbsp;? Les effets de la vio\u00adlence orga\u00adni\u00ads\u00e9e peuvent avoir des cons\u00e9\u00adquences d\u00e9sas\u00adtreuses pour la qua\u00adli\u00adt\u00e9 de la r\u00e9vo\u00adlu\u00adtion. Par ailleurs, une r\u00e9vo\u00adlu\u00adtion n\u2019est jamais ni com\u00adpl\u00e8te ni ter\u00admi\u00adn\u00e9e. Il sub\u00adsiste des zones, des r\u00e9gions, des nations qui ne vivent pas en r\u00e9gime auto\u00adg\u00e9\u00adr\u00e9 et avec les\u00adquelles pour\u00adtant des \u00e9changes sont n\u00e9ces\u00adsaires, d\u2019o\u00f9 compromis.<\/p>\n<p>On ne s\u2019improvise pas sp\u00e9\u00adcia\u00adliste de l\u2019organisation ni de la ges\u00adtion \u00e9co\u00adno\u00admique, f\u00fbt\u2011on d\u00fbment \u00e9lu par une assem\u00adbl\u00e9e de tra\u00advailleurs, d\u2019o\u00f9 dif\u00adfi\u00adcul\u00adt\u00e9 de se pas\u00adser d\u2019un cer\u00adtain nombre de tech\u00adni\u00adciens, de sp\u00e9\u00adcia\u00adlistes, d\u2019o\u00f9 n\u00e9ces\u00adsi\u00adt\u00e9 de la for\u00adma\u00adtion tech\u00adnique des militants.<\/p>\n<p>Cette r\u00e9vo\u00adlu\u00adtion a eu ses dif\u00adfi\u00adcul\u00adt\u00e9s propres, ses bavures qu\u2019il convien\u00addrait de mettre au jour&nbsp;; nous pou\u00advons&nbsp;citer&nbsp;:<br>\n<br>\u2014 Le n\u00e9o\u2011capitalisme ouvrier&nbsp;: concur\u00adrence entre les entre\u00adprises autog\u00e9r\u00e9es&nbsp;;<br>\n<br>\u2014 Les dif\u00adf\u00e9\u00adrences de salaires et la dimi\u00adnu\u00adtion exces\u00adsive et trop rapide des horaires de tra\u00advail pen\u00addant la r\u00e9vo\u00adlu\u00adtion et la guerre&nbsp;;<br>\n<br>\u2014 La pla\u00adni\u00adfi\u00adca\u00adtion a p\u00e9ch\u00e9 par manque de f\u00e9d\u00e9\u00adra\u00adtions d\u2019industrie et \u00e0 cause de la poli\u00adtique diver\u00adgente des anar\u00adchistes et des com\u00admu\u00adnistes (voir \u00e0 ce pro\u00adpos la ques\u00adtion des oranges et du&nbsp;riz).<\/p>\n<p>D\u2019autres points pour\u00adront res\u00adsor\u00adtir qu\u2019il convien\u00addrait peut\u2011\u00eatre de trai\u00adter s\u00e9pa\u00adr\u00e9\u00adment et de fa\u00e7on plus appro\u00adfon\u00addie&nbsp;; en atten\u00addant, nous ne sau\u00adrions trop conseiller \u00e0 nos lec\u00adteurs plus exi\u00adgeants, la lec\u00adture des livres que nous avons d\u00e9li\u00adb\u00e9\u00adr\u00e9\u00adment pill\u00e9s, du moins pour certains&nbsp;:<br>\n<br>\u2014 <b>\u00ab&nbsp;Les Anar\u00adchistes espa\u00adgnols et le Pou\u00advoir, 1868\u20111969&nbsp;\u00bb<\/b>, de C\u00e9sar M.&nbsp;Loren\u00adzo, \u00e9d. du Seuil, 430 p., 28&nbsp;F.<br>\n<br>\u2014 <b>\u00ab&nbsp;L\u2019Autogestion dans l\u2019Espagne r\u00e9vo\u00adlu\u00adtion\u00adnaire&nbsp;\u00bb<\/b>, de Frank Mintz, \u00e9dit. B\u00e9li\u00adbaste, 188 p., 24&nbsp;F.<br>\n<br>\u2014 <b>\u00ab&nbsp;Espagne liber\u00adtaire, 36\u201139&nbsp;\u00bb<\/b>, de Gas\u00adton Levai, \u00e9d. du Cercle et \u00e9d. de la T\u00eate de Feuilles, 400 p., 35&nbsp;F.<br>\n<br>\u2014 <b>\u00ab&nbsp;Le Laby\u00adrinthe espa\u00adgnol, ori\u00adgines sociales et poli\u00adtiques de la guerre civile&nbsp;\u00bb<\/b>, de Gerald Bre\u00adnan, \u00e9d. Rue\u00addo ib\u00e9\u00adri\u00adco, 280 p., 21&nbsp;F.<br>\u200a\u2014\u200a\u00ab&nbsp;La R\u00e9vo\u00adlu\u00adtion et la Guerre d\u2019Espagne&nbsp;\u00bb, de Brou\u00e9 et T\u00e9mine, \u00e9d. de Minuit, 466 p., 30&nbsp;F.<\/p>\n<p>Cer\u00adtains de ces livres four\u00adnissent d\u2019abondantes biblio\u00adgra\u00adphies qui per\u00admet\u00adtront au lec\u00adteur de se faire une id\u00e9e per\u00adson\u00adnelle sinon objective.<br>\nEt il ne leur est pas inter\u00addit de venir tra\u00advailler avec nous ou plus sim\u00adple\u00adment de nous faire part de leurs cri\u00adtiques, car nous sommes conscients de la per\u00adfec\u00adti\u00adbi\u00adli\u00adt\u00e9 de notre travail.<\/p>\n<p>Le plan sui\u00advi n\u2019est sans doute pas le reflet exact de la r\u00e9a\u00adli\u00adt\u00e9, mais une vision sch\u00e9\u00adma\u00adtique et par\u00adtielle qui m\u00e9ri\u00adte\u00adrait cor\u00adrec\u00adtions et nuances. Nous l\u2019adoptons en atten\u00addant&nbsp;mieux<\/p>\n<ol>\n<li> La doc\u00adtrine sociale de l\u2019Eglise aux XVI<sup>e<\/sup> et XVII<sup>e<\/sup> si\u00e8cles, la pra\u00adtique com\u00admu\u00adna\u00adliste, l\u2019id\u00e9e com\u00admu\u00adnau\u00adtaire et la soli\u00adda\u00adri\u00adt\u00e9 pay\u00adsanne&nbsp;; les id\u00e9es f\u00e9d\u00e9\u00adra\u00adlistes et can\u00adto\u00adna\u00adlistes, ain\u00adsi que le coop\u00e9\u00adra\u00adti\u00advisme et le syn\u00addi\u00adca\u00adlisme plus r\u00e9cents&nbsp;;<\/li>\n<li> Le mou\u00adve\u00adment ouvrier orga\u00adni\u00ads\u00e9 avec l\u2019influence d\u00e9ci\u00adsive de la I<sup>re<\/sup> Internationale&nbsp;;<\/li>\n<li> La r\u00e9vo\u00adlu\u00adtion, la guerre et la d\u00e9faite.&nbsp;<\/li><\/ol><\/div>\n\n\n","protected":false},"excerpt":{"rendered":"<p>La sup\u00adpres\u00adsion de l\u2019\u00c9tat et la r\u00e9vo\u00adlu\u00adtion qui s\u2019op\u00e8re quand les tra\u00advailleurs assument les t\u00e2ches habi\u00adtuel\u00adle\u00adment conc\u00e9\u00add\u00e9es aux patrons, aux fonc\u00adtion\u00adnaires, aux bureau\u00adcrates par la restruc\u00adtu\u00adra\u00adtion de tous les orga\u00adnismes essen\u00adtiels \u00e0 la vie, selon un mode de fonc\u00adtion\u00adne\u00adment f\u00e9d\u00e9\u00adra\u00adtif, ne sont pas un mythe ni une uto\u00adpie. C\u2019est parce que des hommes ont&nbsp;d\u00e9j\u00e0&nbsp;[\u2026]<\/p>\n","protected":false},"author":1,"featured_media":0,"comment_status":"closed","ping_status":"closed","sticky":false,"template":"","format":"standard","meta":{"wp_typography_post_enhancements_disabled":false,"footnotes":""},"categories":[186],"tags":[],"ppma_author":[540],"class_list":["post-1675","post","type-post","status-publish","format-standard","hentry","category-anarchisme-et-non-violence-na29-avril-juin-1972"],"authors":[{"term_id":540,"user_id":1,"is_guest":0,"slug":"admin_3gikpwyf","display_name":"Vincent Dubuc","avatar_url":"https:\/\/secure.gravatar.com\/avatar\/d015720652c25fd2ced191ade86430094e1f288a17483713e3b34d26dea52507?s=96&d=mm&r=g","author_category":"","user_url":"https:\/\/la-presse-anarchiste.net","last_name":"Dubuc","first_name":"Vincent","job_title":"","description":""}],"_links":{"self":[{"href":"https:\/\/la-presse-anarchiste.net\/index.php\/wp-json\/wp\/v2\/posts\/1675","targetHints":{"allow":["GET"]}}],"collection":[{"href":"https:\/\/la-presse-anarchiste.net\/index.php\/wp-json\/wp\/v2\/posts"}],"about":[{"href":"https:\/\/la-presse-anarchiste.net\/index.php\/wp-json\/wp\/v2\/types\/post"}],"author":[{"embeddable":true,"href":"https:\/\/la-presse-anarchiste.net\/index.php\/wp-json\/wp\/v2\/users\/1"}],"replies":[{"embeddable":true,"href":"https:\/\/la-presse-anarchiste.net\/index.php\/wp-json\/wp\/v2\/comments?post=1675"}],"version-history":[{"count":0,"href":"https:\/\/la-presse-anarchiste.net\/index.php\/wp-json\/wp\/v2\/posts\/1675\/revisions"}],"wp:attachment":[{"href":"https:\/\/la-presse-anarchiste.net\/index.php\/wp-json\/wp\/v2\/media?parent=1675"}],"wp:term":[{"taxonomy":"category","embeddable":true,"href":"https:\/\/la-presse-anarchiste.net\/index.php\/wp-json\/wp\/v2\/categories?post=1675"},{"taxonomy":"post_tag","embeddable":true,"href":"https:\/\/la-presse-anarchiste.net\/index.php\/wp-json\/wp\/v2\/tags?post=1675"},{"taxonomy":"author","embeddable":true,"href":"https:\/\/la-presse-anarchiste.net\/index.php\/wp-json\/wp\/v2\/ppma_author?post=1675"}],"curies":[{"name":"wp","href":"https:\/\/api.w.org\/{rel}","templated":true}]}}