{"id":1681,"date":"2008-09-13T10:27:02","date_gmt":"2008-09-13T10:27:02","guid":{"rendered":"https:\/\/la-presse-anarchiste.net\/index.php\/2008\/09\/13\/second-proces-de-pepe-beunza\/"},"modified":"2008-09-13T10:27:02","modified_gmt":"2008-09-13T10:27:02","slug":"second-proces-de-pepe-beunza","status":"publish","type":"post","link":"https:\/\/la-presse-anarchiste.net\/index.php\/2008\/09\/13\/second-proces-de-pepe-beunza\/","title":{"rendered":"Second proc\u00e8s de Pepe Beunza"},"content":{"rendered":"<div class=\"pdfprnt-buttons pdfprnt-buttons-post pdfprnt-top-right\"><a href=\"https:\/\/la-presse-anarchiste.net\/index.php\/wp-json\/wp\/v2\/posts\/1681?print=pdf\" class=\"pdfprnt-button pdfprnt-button-pdf\" target=\"_blank\"><img decoding=\"async\" src=\"https:\/\/la-presse-anarchiste.net\/wp-content\/plugins\/pdf-print\/images\/pdf.png\" alt=\"image_pdf\" title=\"Afficher le PDF\"><\/a><a href=\"https:\/\/la-presse-anarchiste.net\/index.php\/wp-json\/wp\/v2\/posts\/1681?print=print\" class=\"pdfprnt-button pdfprnt-button-print\" target=\"_blank\"><img decoding=\"async\" src=\"https:\/\/la-presse-anarchiste.net\/wp-content\/plugins\/pdf-print\/images\/print.png\" alt=\"image_print\" title=\"Contenu imprim\u00e9\"><\/a><\/div><div align=\"justify\">\nComme l\u2019annon\u00e7ait de Valence le cor\u00adres\u00adpon\u00addant du jour\u00adnal madri\u00adl\u00e8ne \u00ab&nbsp;Ya&nbsp;\u00bb, l\u2019objecteur de conscience Jos\u00e9 Luis (Pepe) Beun\u00adza, accu\u00ads\u00e9 de d\u00e9ser\u00adtion, est pas\u00ads\u00e9 le 9 mars der\u00adnier en conseil de guerre. Le com\u00admis\u00adsaire du gou\u00adver\u00adne\u00adment a deman\u00add\u00e9 pour lui deux ans de pri\u00adson et l\u2019avocat mili\u00adtaire (com\u00admis d\u2019office) six mois. La s\u00e9ance a dur\u00e9 quelques minutes.\n<p>Pepe Beun\u00adza, qui avait expri\u00adm\u00e9 le d\u00e9sir de ne pas \u00eatre d\u00e9fen\u00addu, a pri\u00e9 le tri\u00adbu\u00adnal d\u2019intervenir par \u00e9crit\u200a\u2014\u200acomme il en a la capa\u00adci\u00adt\u00e9\u200a\u2014\u200aaupr\u00e8s du pr\u00e9\u00adsident du gou\u00adver\u00adne\u00adment afin qu\u2019il r\u00e9solve par des mesures g\u00e9n\u00e9\u00adrales le pro\u00adbl\u00e8me des objec\u00adteurs de conscience en Espagne. En r\u00e9af\u00adfir\u00admant sa qua\u00adli\u00adt\u00e9 d\u2019objecteur et en r\u00e9cu\u00adsant celle de d\u00e9ser\u00adteur, il a \u00e9ga\u00adle\u00adment pri\u00e9 le Tri\u00adbu\u00adnal de pro\u00adnon\u00adcer contre lui la peine maxi\u00admale. En effet, sui\u00advant les lois actuel\u00adle\u00adment en vigueur, il devrait faire l\u2019objet de pro\u00adc\u00e8s en cha\u00eene jusqu\u2019\u00e0 l\u2019\u00e2ge de trente-huit ans [[Ce d\u00e9lai n\u2019est r\u00e9duit que par excep\u00adtion \u00e0 trente ans.]]\u00bb il sou\u00adhai\u00adte\u00adrait repas\u00adser le moins sou\u00advent pos\u00adsible par de fugaces \u00e9pi\u00adsodes de mise en liber\u00adt\u00e9, sui\u00advis de nou\u00adveaux empri\u00adson\u00adne\u00adments, de nou\u00advelles enqu\u00eates et de juge\u00adments ana\u00adlogues \u00e0 celui-ci.<\/p>\n<p>On sait que Pepe Beun\u00adza, b\u00e9n\u00e9\u00adfi\u00adciant fin octobre d\u2019une amnis\u00adtie, s\u2019\u00e9tait ins\u00adtal\u00adl\u00e9 dans un quar\u00adtier ouvrier de la ban\u00adlieue de Valence pour se consa\u00adcrer \u00e0 l\u2019aide et \u00e0 la pro\u00admo\u00adtion de ses habi\u00adtants les plus d\u00e9fa\u00advo\u00adri\u00ads\u00e9s, comme exemple de l\u2019un des tra\u00advaux que pour\u00adraient effec\u00adtuer les objec\u00adteurs de conscience, pour la dur\u00e9e qu\u2019on esti\u00adme\u00adrait n\u00e9ces\u00adsaire, aux lieu et place du ser\u00advice mili\u00adtaire. Au bout de six semaines, il avait \u00e9t\u00e9 r\u00e9in\u00adcar\u00adc\u00e9\u00adr\u00e9. Il se trouve \u00e0 nou\u00adveau \u00e0 la pri\u00adson mod\u00e8le de Valence, en atten\u00addant son trans\u00adfert pour une des\u00adti\u00adna\u00adtion encore inconnue.<\/p>\n<p>Voi\u00adci la sen\u00adtence qui lui a \u00e9t\u00e9 com\u00admu\u00adni\u00adqu\u00e9e&nbsp;: un an de pri\u00adson, plus deux ans dans un bataillon dis\u00adci\u00adpli\u00adnaire au Saha\u00adra espa\u00adgnol. Comme il ne sau\u00adrait logi\u00adque\u00adment obtem\u00adp\u00e9\u00adrer, et moins que jamais dans l\u2019arm\u00e9e colo\u00adniale, cela signi\u00adfie qu\u2019une pres\u00adsion phy\u00adsique directe sera alors exer\u00adc\u00e9e sur lui, \u00e0 moins qu\u2019un sta\u00adtut n\u2019intervienne entre-temps pour les 220 objec\u00adteurs espa\u00adgnols actuels, et pour ceux qui s\u2019appr\u00eatent \u00e0 le devenir.&nbsp;<\/p><\/div>\n","protected":false},"excerpt":{"rendered":"<p>Comme l\u2019annon\u00e7ait de Valence le cor\u00adres\u00adpon\u00addant du jour\u00adnal madri\u00adl\u00e8ne \u00ab&nbsp;Ya&nbsp;\u00bb, l\u2019objecteur de conscience Jos\u00e9 Luis (Pepe) Beun\u00adza, accu\u00ads\u00e9 de d\u00e9ser\u00adtion, est pas\u00ads\u00e9 le 9 mars der\u00adnier en conseil de guerre. Le com\u00admis\u00adsaire du gou\u00adver\u00adne\u00adment a deman\u00add\u00e9 pour lui deux ans de pri\u00adson et l\u2019avocat mili\u00adtaire (com\u00admis d\u2019office) six mois. La s\u00e9ance a dur\u00e9 quelques minutes.&nbsp;[\u2026]<\/p>\n","protected":false},"author":1,"featured_media":0,"comment_status":"closed","ping_status":"closed","sticky":false,"template":"","format":"standard","meta":{"wp_typography_post_enhancements_disabled":false,"footnotes":""},"categories":[186],"tags":[],"ppma_author":[540],"class_list":["post-1681","post","type-post","status-publish","format-standard","hentry","category-anarchisme-et-non-violence-na29-avril-juin-1972"],"authors":[{"term_id":540,"user_id":1,"is_guest":0,"slug":"admin_3gikpwyf","display_name":"Vincent Dubuc","avatar_url":"https:\/\/secure.gravatar.com\/avatar\/d015720652c25fd2ced191ade86430094e1f288a17483713e3b34d26dea52507?s=96&d=mm&r=g","author_category":"","user_url":"https:\/\/la-presse-anarchiste.net","last_name":"Dubuc","first_name":"Vincent","job_title":"","description":""}],"_links":{"self":[{"href":"https:\/\/la-presse-anarchiste.net\/index.php\/wp-json\/wp\/v2\/posts\/1681","targetHints":{"allow":["GET"]}}],"collection":[{"href":"https:\/\/la-presse-anarchiste.net\/index.php\/wp-json\/wp\/v2\/posts"}],"about":[{"href":"https:\/\/la-presse-anarchiste.net\/index.php\/wp-json\/wp\/v2\/types\/post"}],"author":[{"embeddable":true,"href":"https:\/\/la-presse-anarchiste.net\/index.php\/wp-json\/wp\/v2\/users\/1"}],"replies":[{"embeddable":true,"href":"https:\/\/la-presse-anarchiste.net\/index.php\/wp-json\/wp\/v2\/comments?post=1681"}],"version-history":[{"count":0,"href":"https:\/\/la-presse-anarchiste.net\/index.php\/wp-json\/wp\/v2\/posts\/1681\/revisions"}],"wp:attachment":[{"href":"https:\/\/la-presse-anarchiste.net\/index.php\/wp-json\/wp\/v2\/media?parent=1681"}],"wp:term":[{"taxonomy":"category","embeddable":true,"href":"https:\/\/la-presse-anarchiste.net\/index.php\/wp-json\/wp\/v2\/categories?post=1681"},{"taxonomy":"post_tag","embeddable":true,"href":"https:\/\/la-presse-anarchiste.net\/index.php\/wp-json\/wp\/v2\/tags?post=1681"},{"taxonomy":"author","embeddable":true,"href":"https:\/\/la-presse-anarchiste.net\/index.php\/wp-json\/wp\/v2\/ppma_author?post=1681"}],"curies":[{"name":"wp","href":"https:\/\/api.w.org\/{rel}","templated":true}]}}