{"id":1695,"date":"2008-09-14T13:56:56","date_gmt":"2008-09-14T13:56:56","guid":{"rendered":"https:\/\/la-presse-anarchiste.net\/index.php\/2008\/09\/14\/commune-libre\/"},"modified":"2008-09-14T13:56:56","modified_gmt":"2008-09-14T13:56:56","slug":"commune-libre","status":"publish","type":"post","link":"https:\/\/la-presse-anarchiste.net\/index.php\/2008\/09\/14\/commune-libre\/","title":{"rendered":"\u00ab&nbsp;Commune libre&nbsp;\u00bb"},"content":{"rendered":"<div class=\"pdfprnt-buttons pdfprnt-buttons-post pdfprnt-top-right\"><a href=\"https:\/\/la-presse-anarchiste.net\/index.php\/wp-json\/wp\/v2\/posts\/1695?print=pdf\" class=\"pdfprnt-button pdfprnt-button-pdf\" target=\"_blank\"><img decoding=\"async\" src=\"https:\/\/la-presse-anarchiste.net\/wp-content\/plugins\/pdf-print\/images\/pdf.png\" alt=\"image_pdf\" title=\"Afficher le PDF\"><\/a><a href=\"https:\/\/la-presse-anarchiste.net\/index.php\/wp-json\/wp\/v2\/posts\/1695?print=print\" class=\"pdfprnt-button pdfprnt-button-print\" target=\"_blank\"><img decoding=\"async\" src=\"https:\/\/la-presse-anarchiste.net\/wp-content\/plugins\/pdf-print\/images\/print.png\" alt=\"image_print\" title=\"Contenu imprim\u00e9\"><\/a><\/div><div align=\"justify\">\nCette revue sera consti\u00adtu\u00e9e d\u2019une suite de dos\u00adsiers \u00e0 l\u2019initiative d\u2019une \u00e9quipe de mili\u00adtants anar\u00adchistes r\u00e9vo\u00adlu\u00adtion\u00adnaires qui ont essay\u00e9 de d\u00e9ter\u00admi\u00adner son r\u00f4le avec pr\u00e9cision.\n<p>Le concept de \u00ab&nbsp;com\u00admune libre&nbsp;\u00bb contient, \u00e0 la fois, l\u2019effort de chan\u00adger la vie quo\u00adti\u00addienne, et le com\u00adbat ten\u00addant \u00e0 uni\u00adver\u00adsa\u00adli\u00adser cette transformation.<\/p>\n<p>Il ne suf\u00adfit pas d\u2019\u00eatre libre, il faut encore agir. Mieux, il est impos\u00adsible de par\u00adve\u00adnir \u00e0 la liber\u00adt\u00e9 de cha\u00adcun si on n\u2019agit pas pour l\u2019\u00e9mancipation de&nbsp;tous.<\/p>\n<p>Le r\u00f4le de la revue en elle-m\u00eame est d\u2019exprimer l\u2019appr\u00e9hension anar\u00adchiste de la r\u00e9a\u00adli\u00adt\u00e9 et d\u2019apporter les mat\u00e9\u00adriaux d\u2019une conscience stra\u00adt\u00e9\u00adgique n\u00e9ces\u00adsaire \u00e0 l\u2019action r\u00e9vo\u00adlu\u00adtion\u00adnaire des anar\u00adchistes et des anti-auto\u00adri\u00adtaires en g\u00e9n\u00e9ral.<\/p>\n<p>Chaque dos\u00adsier sera tou\u00adjours consa\u00adcr\u00e9 \u00e0 un sujet d\u2019actualit\u00e9 br\u00fb\u00adlante. Nous esp\u00e9\u00adrons qu\u2019au fil des r\u00e9a\u00adli\u00adsa\u00adtions une coh\u00e9\u00adrence appa\u00adra\u00ee\u00adtra de mani\u00e8re suf\u00adfi\u00adsam\u00adment claire pour pou\u00advoir unir les efforts de ceux qui con\u00e7oivent&nbsp;:<\/p>\n<p>\u2014 Qu\u2019il n\u2019y a d\u2019issue \u00e9man\u00adci\u00adpa\u00adtrice pour les nou\u00advelles g\u00e9n\u00e9\u00adra\u00adtions que dans la des\u00adtruc\u00adtion des racines m\u00eames de l\u2019autorit\u00e9&nbsp;;<\/p>\n<p>\u2014 Qu\u2019il n\u2019y a de dis\u00adpa\u00adri\u00adtion des tota\u00adli\u00adta\u00adrismes que dans la des\u00adtruc\u00adtion des appa\u00adreils de par\u00adti, des natio\u00adna\u00adlismes ter\u00adro\u00adristes (qu\u2019ils soient de rai\u00adson d\u2019\u00c9tat ou de d\u00e9rai\u00adson) et de notre sys\u00adt\u00e8me social actuel qui est fon\u00adda\u00admen\u00adta\u00adle\u00adment nihiliste&nbsp;;<\/p>\n<p>\u2014 Que la com\u00admune libre ne peut \u00eatre r\u00e9a\u00adli\u00ads\u00e9e qu\u2019en pas\u00adsant par une action directe (vio\u00adlente comme non vio\u00adlente), dans le cadre d\u2019une soli\u00adda\u00adri\u00adt\u00e9 inter\u00adna\u00adtio\u00adnale agissante&nbsp;;<\/p>\n<p>\u2014 Qu\u2019une mino\u00adri\u00adt\u00e9 coh\u00e9\u00adrente et intel\u00adli\u00adgente, cata\u00adly\u00adsant le pro\u00adces\u00adsus r\u00e9vo\u00adlu\u00adtion\u00adnaire et contrant les r\u00e9cu\u00adp\u00e9\u00adra\u00adtions et d\u00e9via\u00adtions auto\u00adri\u00adtaires, est un \u00e9l\u00e9\u00adment indis\u00adpen\u00adsable \u00e0 une r\u00e9elle r\u00e9vo\u00adlu\u00adtion sociale.<\/p>\n<p>Num\u00e9\u00adros&nbsp;parus&nbsp;:<\/p>\n<p>\u2014 \u00ab&nbsp;Munich 1972&nbsp;\u00bb, la \u00ab&nbsp;paix olym\u00adpique&nbsp;\u00bb pr\u00e9\u00adlude \u00e0 notre apo\u00adca\u00adlypse quo\u00adti\u00addienne (n\u00b0 1, d\u00e9cembre 1972), 3&nbsp;F.<\/p>\n<p>\u2014  \u00ab&nbsp;Pays Basque&nbsp;\u00bb, les assas\u00adsins passent la fron\u00adti\u00e8re et entrent au \u00ab&nbsp;Mar\u00adch\u00e9 com\u00admun&nbsp;\u00bb. (Sup\u00adpl\u00e9\u00adment au n\u00b0 1), 1&nbsp;F.<\/p>\n<p>Num\u00e9\u00adros en pr\u00e9paration&nbsp;:<\/p>\n<p>\u2014 L\u2019autogestion, f\u00e9vrier 1973.<\/p>\n<p>\u2014 Vers une lutte r\u00e9vo\u00adlu\u00adtion\u00adnaire d\u00e9ci\u00adsive en Espagne, avril&nbsp;1973.<\/p>\n<p>\u2014 Situa\u00adtion \u00e9co\u00adno\u00admique et sociale en France, juin&nbsp;1973.<\/p>\n<p>\u2014 Entre ces dos\u00adsiers para\u00ee\u00adtront r\u00e9gu\u00adli\u00e8\u00adre\u00adment des sup\u00adpl\u00e9\u00adments qui seront fr\u00e9\u00adquem\u00adment consa\u00adcr\u00e9s \u00e0 la publi\u00adca\u00adtion de textes et docu\u00adments allant dans le sens d\u2019une \u00ab&nbsp;Soli\u00adda\u00adri\u00adt\u00e9 internationale&nbsp;\u00bb.<\/p>\n<p>Achats de dif\u00adfu\u00adsion \u2013 2 F par num\u00e9\u00adro, 0,60 F par suppl\u00e9ment.<br>\n<br>Abon\u00adne\u00adments \u2013 6 num\u00e9\u00adros et leurs 6 sup\u00adpl\u00e9\u00adments&nbsp;: 20&nbsp;F.<br>\n<br>\u00ab&nbsp;Com\u00admune libre&nbsp;\u00bb, 3, rue Mer\u00adly, 31 Toulouse<br>\n<br>Ver\u00adse\u00adments \u00e0 P. Meric \u2013 CCP 1.849.93 \u2013 Marseille&nbsp;<\/p><\/div>\n","protected":false},"excerpt":{"rendered":"<p>Cette revue sera consti\u00adtu\u00e9e d\u2019une suite de dos\u00adsiers \u00e0 l\u2019initiative d\u2019une \u00e9quipe de mili\u00adtants anar\u00adchistes r\u00e9vo\u00adlu\u00adtion\u00adnaires qui ont essay\u00e9 de d\u00e9ter\u00admi\u00adner son r\u00f4le avec pr\u00e9\u00adci\u00adsion. Le concept de \u00ab&nbsp;com\u00admune libre&nbsp;\u00bb contient, \u00e0 la fois, l\u2019effort de chan\u00adger la vie quo\u00adti\u00addienne, et le com\u00adbat ten\u00addant \u00e0 uni\u00adver\u00adsa\u00adli\u00adser cette trans\u00adfor\u00adma\u00adtion. Il ne suf\u00adfit pas d\u2019\u00eatre libre, il&nbsp;[\u2026]<\/p>\n","protected":false},"author":1,"featured_media":0,"comment_status":"closed","ping_status":"closed","sticky":false,"template":"","format":"standard","meta":{"wp_typography_post_enhancements_disabled":false,"footnotes":""},"categories":[189],"tags":[],"ppma_author":[540],"class_list":["post-1695","post","type-post","status-publish","format-standard","hentry","category-anarchisme-et-non-violence-na32-janvier-mars-1973"],"authors":[{"term_id":540,"user_id":1,"is_guest":0,"slug":"admin_3gikpwyf","display_name":"Vincent Dubuc","avatar_url":"https:\/\/secure.gravatar.com\/avatar\/d015720652c25fd2ced191ade86430094e1f288a17483713e3b34d26dea52507?s=96&d=mm&r=g","author_category":"","user_url":"https:\/\/la-presse-anarchiste.net","last_name":"Dubuc","first_name":"Vincent","job_title":"","description":""}],"_links":{"self":[{"href":"https:\/\/la-presse-anarchiste.net\/index.php\/wp-json\/wp\/v2\/posts\/1695","targetHints":{"allow":["GET"]}}],"collection":[{"href":"https:\/\/la-presse-anarchiste.net\/index.php\/wp-json\/wp\/v2\/posts"}],"about":[{"href":"https:\/\/la-presse-anarchiste.net\/index.php\/wp-json\/wp\/v2\/types\/post"}],"author":[{"embeddable":true,"href":"https:\/\/la-presse-anarchiste.net\/index.php\/wp-json\/wp\/v2\/users\/1"}],"replies":[{"embeddable":true,"href":"https:\/\/la-presse-anarchiste.net\/index.php\/wp-json\/wp\/v2\/comments?post=1695"}],"version-history":[{"count":0,"href":"https:\/\/la-presse-anarchiste.net\/index.php\/wp-json\/wp\/v2\/posts\/1695\/revisions"}],"wp:attachment":[{"href":"https:\/\/la-presse-anarchiste.net\/index.php\/wp-json\/wp\/v2\/media?parent=1695"}],"wp:term":[{"taxonomy":"category","embeddable":true,"href":"https:\/\/la-presse-anarchiste.net\/index.php\/wp-json\/wp\/v2\/categories?post=1695"},{"taxonomy":"post_tag","embeddable":true,"href":"https:\/\/la-presse-anarchiste.net\/index.php\/wp-json\/wp\/v2\/tags?post=1695"},{"taxonomy":"author","embeddable":true,"href":"https:\/\/la-presse-anarchiste.net\/index.php\/wp-json\/wp\/v2\/ppma_author?post=1695"}],"curies":[{"name":"wp","href":"https:\/\/api.w.org\/{rel}","templated":true}]}}