{"id":170,"date":"2007-02-10T21:24:20","date_gmt":"2007-02-10T21:24:20","guid":{"rendered":"https:\/\/la-presse-anarchiste.net\/index.php\/2007\/02\/10\/fideles-garde-a-vous\/"},"modified":"2007-02-10T21:24:20","modified_gmt":"2007-02-10T21:24:20","slug":"fideles-garde-a-vous","status":"publish","type":"post","link":"https:\/\/la-presse-anarchiste.net\/index.php\/2007\/02\/10\/fideles-garde-a-vous\/","title":{"rendered":"Fid\u00e8les, garde \u00e0&nbsp;vous&nbsp;!"},"content":{"rendered":"<div class=\"pdfprnt-buttons pdfprnt-buttons-post pdfprnt-top-right\"><a href=\"https:\/\/la-presse-anarchiste.net\/index.php\/wp-json\/wp\/v2\/posts\/170?print=pdf\" class=\"pdfprnt-button pdfprnt-button-pdf\" target=\"_blank\"><img decoding=\"async\" src=\"https:\/\/la-presse-anarchiste.net\/wp-content\/plugins\/pdf-print\/images\/pdf.png\" alt=\"image_pdf\" title=\"Afficher le PDF\"><\/a><a href=\"https:\/\/la-presse-anarchiste.net\/index.php\/wp-json\/wp\/v2\/posts\/170?print=print\" class=\"pdfprnt-button pdfprnt-button-print\" target=\"_blank\"><img decoding=\"async\" src=\"https:\/\/la-presse-anarchiste.net\/wp-content\/plugins\/pdf-print\/images\/print.png\" alt=\"image_print\" title=\"Contenu imprim\u00e9\"><\/a><\/div><div align=\"justify\">\n<h2>Les Bacilles de la Communion<\/h2>\n<p>Non content d\u2019a\u00adb\u00ea\u00adtir l\u2019es\u00adprit de nos enfants par des dogmes aus\u00adsi absurdes que contraires \u00e0 l\u2019es\u00adprit de cet \u00c9van\u00adgile qu\u2019ils pr\u00e9\u00adtendent ensei\u00adgner, voi\u00adci que les cl\u00e9\u00adri\u00adcaux, par leurs m\u00e9pris des soins de l\u2019hy\u00adgi\u00e8ne, menacent la san\u00adt\u00e9 de ces \u00eatres si fr\u00eales et la n\u00f4tre, par-des\u00adsus le march\u00e9.<\/p>\n<p>\u00c9cou\u00adtez un peu ce qu\u2019en dit l\u2019un des leurs, l\u2019ab\u00adb\u00e9, L., vicaire \u00e0 Paris, dans une lettre adres\u00ads\u00e9e au direc\u00adteur de la <em>Rai\u00adson<\/em>&nbsp;: <\/p>\n<p>Mon\u00adsieur le Directeur,<\/p>\n<p>Le doc\u00adteur C\u2026 dans le der\u00adnier num\u00e9\u00adro de la <em>Rai\u00adson<\/em>, que je lis (hor\u00adreur), a dit des choses fort justes, que nous ne pou\u00advons pas dire, nous pr\u00eatres, mais dont nous avons sou\u00advent \u00e0 souf\u00adfrir. Oui, il est contraire \u00e0 l\u2019hy\u00adgi\u00e8ne qu\u2019un pr\u00eatre res\u00adpire, r\u00e9pande sa salive, verse de l\u2019eau putr\u00e9\u00adfi\u00e9e sur le fr\u00eale visage de l\u2019en\u00adfant qu\u2019il bap\u00adtise. Il y aurait des r\u00e8gles hygi\u00e9\u00adniques \u00e0 \u00e9ta\u00adblir. Les s\u00e9mi\u00adnaires font tant de tuberculeux.<\/p>\n<p>Mais que pour\u00adrait-on dire de la com\u00admu\u00adnion&nbsp;? Voi\u00adci P\u00e2ques. Nous allons don\u00adner la com\u00admu\u00adnion \u00e0 des cen\u00adtaines de per\u00adsonnes. Il est impos\u00adsible de poser l\u2019hos\u00adtie sur la langue d\u2019une com\u00admu\u00adniante sans tou\u00adcher les l\u00e8vres, la langue, la salive, et sans humec\u00adter le bout des doigts. Le pr\u00eatre va donc d\u2019une bouche \u00e0 l\u2019autre et peut ain\u00adsi pro\u00adme\u00adner les microbes tout au long de la table de com\u00admu\u00adnion, en col\u00adpor\u00adtant une salive contamin\u00e9e.<\/p>\n<p>Ce qu\u2019il y a de plus affreux, c\u2019est qu\u2019en\u00adsuite nous devons faire les ablu\u00adtions dans le calice, nous laver le bout des doigts et ava\u00adler l\u2019eau de ces ablu\u00adtions qui peuvent conte\u00adnir des restes d\u2019hos\u00adtie consa\u00adcr\u00e9e. Nous ava\u00adlons par l\u00e0 m\u00eame un peu de salive. de tout le monde. Pour mon compte, j\u2019ai chaque fois un haut-le-c\u0153ur\u2026&nbsp;<\/p><\/div>\n","protected":false},"excerpt":{"rendered":"<p>Les Bacilles de la Com\u00admu\u00adnion Non content d\u2019a\u00adb\u00ea\u00adtir l\u2019es\u00adprit de nos enfants par des dogmes aus\u00adsi absurdes que contraires \u00e0 l\u2019es\u00adprit de cet \u00c9van\u00adgile qu\u2019ils pr\u00e9\u00adtendent ensei\u00adgner, voi\u00adci que les cl\u00e9\u00adri\u00adcaux, par leurs m\u00e9pris des soins de l\u2019hy\u00adgi\u00e8ne, menacent la san\u00adt\u00e9 de ces \u00eatres si fr\u00eales et la n\u00f4tre, par-des\u00ad\u00adsus le mar\u00adch\u00e9. \u00c9cou\u00adtez un&nbsp;peu&nbsp;[\u2026]<\/p>\n","protected":false},"author":1,"featured_media":0,"comment_status":"closed","ping_status":"closed","sticky":false,"template":"","format":"standard","meta":{"wp_typography_post_enhancements_disabled":false,"footnotes":""},"categories":[30],"tags":[],"ppma_author":[540],"class_list":["post-170","post","type-post","status-publish","format-standard","hentry","category-lere-nouvelle-n-1-mai-1901"],"authors":[{"term_id":540,"user_id":1,"is_guest":0,"slug":"admin_3gikpwyf","display_name":"Vincent Dubuc","avatar_url":"https:\/\/secure.gravatar.com\/avatar\/d015720652c25fd2ced191ade86430094e1f288a17483713e3b34d26dea52507?s=96&d=mm&r=g","author_category":"","user_url":"https:\/\/la-presse-anarchiste.net","last_name":"Dubuc","first_name":"Vincent","job_title":"","description":""}],"_links":{"self":[{"href":"https:\/\/la-presse-anarchiste.net\/index.php\/wp-json\/wp\/v2\/posts\/170","targetHints":{"allow":["GET"]}}],"collection":[{"href":"https:\/\/la-presse-anarchiste.net\/index.php\/wp-json\/wp\/v2\/posts"}],"about":[{"href":"https:\/\/la-presse-anarchiste.net\/index.php\/wp-json\/wp\/v2\/types\/post"}],"author":[{"embeddable":true,"href":"https:\/\/la-presse-anarchiste.net\/index.php\/wp-json\/wp\/v2\/users\/1"}],"replies":[{"embeddable":true,"href":"https:\/\/la-presse-anarchiste.net\/index.php\/wp-json\/wp\/v2\/comments?post=170"}],"version-history":[{"count":0,"href":"https:\/\/la-presse-anarchiste.net\/index.php\/wp-json\/wp\/v2\/posts\/170\/revisions"}],"wp:attachment":[{"href":"https:\/\/la-presse-anarchiste.net\/index.php\/wp-json\/wp\/v2\/media?parent=170"}],"wp:term":[{"taxonomy":"category","embeddable":true,"href":"https:\/\/la-presse-anarchiste.net\/index.php\/wp-json\/wp\/v2\/categories?post=170"},{"taxonomy":"post_tag","embeddable":true,"href":"https:\/\/la-presse-anarchiste.net\/index.php\/wp-json\/wp\/v2\/tags?post=170"},{"taxonomy":"author","embeddable":true,"href":"https:\/\/la-presse-anarchiste.net\/index.php\/wp-json\/wp\/v2\/ppma_author?post=170"}],"curies":[{"name":"wp","href":"https:\/\/api.w.org\/{rel}","templated":true}]}}