{"id":171,"date":"2007-02-10T21:46:00","date_gmt":"2007-02-10T21:46:00","guid":{"rendered":"https:\/\/la-presse-anarchiste.net\/index.php\/2007\/02\/10\/den-haut-et-den-bas\/"},"modified":"2007-02-10T21:46:00","modified_gmt":"2007-02-10T21:46:00","slug":"den-haut-et-den-bas","status":"publish","type":"post","link":"https:\/\/la-presse-anarchiste.net\/index.php\/2007\/02\/10\/den-haut-et-den-bas\/","title":{"rendered":"D\u2019en-haut et d\u2019en-bas"},"content":{"rendered":"<div class=\"pdfprnt-buttons pdfprnt-buttons-post pdfprnt-top-right\"><a href=\"https:\/\/la-presse-anarchiste.net\/index.php\/wp-json\/wp\/v2\/posts\/171?print=pdf\" class=\"pdfprnt-button pdfprnt-button-pdf\" target=\"_blank\"><img decoding=\"async\" src=\"https:\/\/la-presse-anarchiste.net\/wp-content\/plugins\/pdf-print\/images\/pdf.png\" alt=\"image_pdf\" title=\"Afficher le PDF\"><\/a><a href=\"https:\/\/la-presse-anarchiste.net\/index.php\/wp-json\/wp\/v2\/posts\/171?print=print\" class=\"pdfprnt-button pdfprnt-button-print\" target=\"_blank\"><img decoding=\"async\" src=\"https:\/\/la-presse-anarchiste.net\/wp-content\/plugins\/pdf-print\/images\/print.png\" alt=\"image_print\" title=\"Contenu imprim\u00e9\"><\/a><\/div><div align=\"justify\">\n<h2>Capitalistes et meurt-de-faim<\/h2>\n<p>\u00c0 pro\u00adpos de l\u2019ar\u00adbi\u00adtrage obligatoire.&nbsp;<\/p>\n<p>Si la loi est vot\u00e9e, M.&nbsp;Res\u00adse\u00adguier de Car\u00admaux annonce qu\u2019il fer\u00adme\u00adra son usine. Il n\u2019est pas le seul, pr\u00e9tend-il.<\/p>\n<p>\u00ab&nbsp;J\u2019ai d\u00e9j\u00e0 enten\u00addu plu\u00adsieurs indus\u00adtriels \u00e9mettre l\u2019i\u00add\u00e9e de fer\u00adme\u00adture des usines le jour o\u00f9 cette loi serait pro\u00admul\u00adgu\u00e9e, et, pour ma part, j\u2019y sous\u00adcris des deux mains, je suis tout dis\u00adpo\u00ads\u00e9 \u00e0 mettre la cl\u00e9 sous la&nbsp;porte\u2026&nbsp;\u00bb<\/p>\n<p>On cr\u00e9e\u00adra des coop\u00e9\u00adra\u00adtives de pro\u00adduc\u00adtion, voi\u00adl\u00e0&nbsp;tout.<\/p>\n<p>M.&nbsp;Motte, le grand usi\u00adnier du Nord, d\u00e9clare ce qui&nbsp;suit&nbsp;:<\/p>\n<p>\u00ab&nbsp;Je suis tou\u00adjours tr\u00e8s heu\u00adreux de faire droit moi-m\u00eame \u00e0 la moindre r\u00e9cla\u00adma\u00adtion de mes ouvriers D\u00c8S QUE je la trouve justifi\u00e9e.&nbsp;\u00bb<\/p>\n<p>Juge et par\u00adtie,&nbsp;quoi&nbsp;!<\/p>\n<p>En atten\u00addant que M.&nbsp;Res\u00adse\u00adguier ferme ses usines et tan\u00addis que M.&nbsp;Motte pr\u00e9\u00adtend \u00e0 l\u2019in\u00adfailli\u00adbi\u00adli\u00adt\u00e9, on meurt tou\u00adjours de faim \u00e0 Paris, \u00e0 preuve ce mal\u00adheu\u00adreux vieillard de quatre-vingt-sept ans, Andr\u00e9 Hutt\u00adner, et ce pauvre t\u00f4lier d\u2019Es\u00adsonnes, Brault, mort de faim \u00e0 vingt-cinq ans en pleine fleur de&nbsp;l\u2019\u00e2ge.<\/p>\n<p>\u00ab&nbsp;<em>J\u2019ai eu faim, et vous m\u2019a\u00advez don\u00adn\u00e9 \u00e0 man\u00adger<\/em>&nbsp;\u00bb \u2015 pas dans la per\u00adsonne de ces deux mal\u00adheu\u00adreux-l\u00e0, en tout cas&nbsp;: chr\u00e9\u00adtiens, mes fr\u00e8res, frap\u00adpons-nous la poi\u00adtrine, effor\u00ad\u00e7ons-nous de trans\u00adfor\u00admer au plus vite cette soci\u00e9\u00adt\u00e9 \u00e9go\u00efste et maudite.<\/p>\n<h2>La danse des millions<\/h2>\n<p>On vient de mettre en chan\u00adtier deux cui\u00adrasses qui nous co\u00fb\u00adte\u00adront SOIXANTE-DOUZE mil\u00adlions et qui ne seront for\u00adc\u00e9\u00adment bons \u00e0 rien d\u2019i\u00adci quelques ann\u00e9es, puisque les Anglais mettent cette ann\u00e9e m\u00eame \u00e0 flot sept cui\u00adras\u00ads\u00e9s filant 19 noeuds, tan\u00addis que les n\u00f4tres en chan\u00adtier, ne file\u00adront dans six ans que 18 noeuds.<\/p>\n<p>Pen\u00addant ce temps, il meurt, faute de soins, 150.000 phti\u00adsiques par an en France que le dixi\u00e8me peut-\u00eatre de cette somme suf\u00adfi\u00adrait \u00e0 arra\u00adcher \u00e0 la&nbsp;mort&nbsp;!<\/p>\n<h2>Contre l\u2019alcoolisme<\/h2>\n<p>La Feuille f\u00e9d\u00e9\u00adrale de Zurich publie le rap\u00adport du Conseil f\u00e9d\u00e9\u00adral et ceux des gou\u00adver\u00adne\u00adments can\u00adto\u00adnaux sur l\u2019emploi de la d\u00eeme du mono\u00adpole des alcools.<\/p>\n<p>378.857 francs ont \u00e9t\u00e9 consa\u00adcr\u00e9s \u00e0 lut\u00adter contre les effets de l\u2019al\u00adcoo\u00adlisme, 188,804 francs ont \u00e9t\u00e9 affec\u00adt\u00e9s \u00e0 la lutte contre les causes du fl\u00e9au, et 258.280 \u00e0 des des\u00adti\u00adna\u00adtions qui en visent aus\u00adsi bien les causes que les effets.<\/p>\n<h2>Pouvons-nous nous entendre&nbsp;?<\/h2>\n<p>\u00ab&nbsp;En dehors m\u00eame du ter\u00adrain \u00e9co\u00adno\u00admique, domaine propre du socia\u00adlisme, dit Pierre Quillard (en r\u00e9ponse \u00e0 une enqu\u00eate publi\u00e9e dans l\u2019<em>Avant-Garde<\/em>), l\u2019ac\u00adcord semble exis\u00adter d\u00e8s main\u00adte\u00adnant et peut deve\u00adnir plus \u00e9troit encore sur plu\u00adsieurs points.<\/p>\n<ol type=\"a\">\n<li>Lutte contre le militarisme&nbsp;;<\/li>\n<li>Lutte contre les pr\u00e9\u00adju\u00adg\u00e9s natio\u00adna\u00adlistes et les haines de peuple \u00e0 peuple&nbsp;;<\/li>\n<li>Lutte contre les atro\u00adci\u00adt\u00e9s com\u00admises, encou\u00adra\u00adg\u00e9es ou tol\u00e9\u00adr\u00e9es par les gou\u00adver\u00adne\u00adments bour\u00adgeois&nbsp;: m\u00eame lentes, par la mis\u00e8re dans les bagnes indus\u00adtriels, tue\u00adries colo\u00adniales, par exter\u00admi\u00adna\u00adtion rapide des indi\u00adg\u00e8nes, tue\u00adries auto\u00adcra\u00adtiques d\u2019Ar\u00adm\u00e9\u00adnie et d\u2019ailleurs&nbsp;;<\/li>\n<li>Lutte coutre l\u2019al\u00adcoo\u00adlisme consi\u00add\u00e9\u00adr\u00e9 sur\u00adtout comme effet de la mis\u00e8re et comme cause d\u2019as\u00adser\u00advis\u00adse\u00adment du prol\u00e9tariat&nbsp;;<\/li>\n<li>Lutte contre la r\u00e9gle\u00admen\u00adta\u00adtion de la prostitution.<\/li>\n<\/ol>\n<p>Voi\u00adl\u00e0, semble-t-il, des ques\u00adtions d\u2019hu\u00adma\u00adni\u00adt\u00e9 g\u00e9n\u00e9\u00adrale ou, pour reprendre les termes de votre enqu\u00eate, \u00ab&nbsp;tous les hommes de bien vou\u00adloir et de bonne foi&nbsp;\u00bb peuvent collaborer.<\/p>\n<p>Il suf\u00adfit qu\u2019ils veuillent bien oublier les dogmes \u00e9troits, reli\u00adgieux ou \u00e9co\u00adno\u00admiques et de se sou\u00adve\u00adnir qu\u2019a\u00advant d\u2019\u00eatre chr\u00e9\u00adtiens ou socia\u00adlistes, ils sont \u00ab&nbsp;hommes&nbsp;\u00bb et que cela seul importe&nbsp;\u00bb.<\/p>\n<h2>Les \u00e9vad\u00e9s<\/h2>\n<p>La <em>Rai\u00adson<\/em> publie une liste \u00ab&nbsp;d\u2019\u00e9\u00adva\u00add\u00e9s&nbsp;\u00bb, de \u00ab&nbsp;d\u00e9fro\u00adqu\u00e9s&nbsp;\u00bb qu\u2019il est int\u00e9\u00adres\u00adsant de conna\u00eetre, les&nbsp;voici.<\/p>\n<p>J.-J. Rous\u00adseau, Dide\u00adrot, Tur\u00adgot., Si\u00e9y\u00e8s. Gobel, Tho\u00admas Len\u00addet, Tal\u00adley\u00adrand, le cur\u00e9 Mes\u00adlier, Lamen\u00adnais, l\u2019ab\u00adb\u00e9 Migne, l\u2019ab\u00adb\u00e9 Constant, Renan, Le Pisse Hya\u00adcinthe, Ras\u00adpail, M.&nbsp;Ledrain,. M.&nbsp;Vic\u00adtor Char\u00adbon\u00adnel, M.&nbsp;B. Gui\u00adnau\u00addeau, M.&nbsp;A. Bour\u00adrier, etc.,&nbsp;etc.<\/p>\n<p>Comme on peut le voir, les pr\u00eatres qui se d\u00e9bar\u00adrassent du joug de Rome ne sont pas en mau\u00advaise com\u00adpa\u00adgnie et pr\u00e8s de cinq cents l\u2019ont fait ces der\u00adni\u00e8res ann\u00e9es.<\/p>\n<h2>L\u2019exemple des fumeurs<\/h2>\n<p>De B. Tour\u00adnier dans l\u2019<em>\u00c9cho de la V\u00e9ri\u00adt\u00e9<\/em>&nbsp;:<\/p>\n<p>Il est encore un motif qui devrait, \u00e0 lui seul, faire renon\u00adcer \u00e0 l\u2019u\u00adsage du tabac, si inno\u00adcent qu\u2019il paraisse&nbsp;: c\u2019est que <em>le fumeur comme le buveur, trans\u00admet presque tou\u00adjours ce besoin \u00e0 ses enfants<\/em>, soit par pr\u00e9\u00addis\u00adpo\u00adsi\u00adtion, soit sur\u00adtout par l\u2019exemple&nbsp;: car on a beau l\u2019ex\u00adhor\u00adter, le jeune homme ne peut pas croire qu\u2019une chose d\u2019un usage si g\u00e9n\u00e9\u00adral, adop\u00adt\u00e9 par son p\u00e8re m\u00eame, ou son fr\u00e8re a\u00een\u00e9, soit aus\u00adsi mau\u00advaise pour lui qu\u2019on le&nbsp;dit.<\/p>\n<p>G\u00e9n\u00e9\u00adra\u00adle\u00adment donc, du p\u00e8re, l\u2019u\u00adsage passe aux enfants&nbsp;; ils sont pris suc\u00adces\u00adsi\u00adve\u00adment&nbsp;: les a\u00een\u00e9s sont d\u00e9j\u00e0 fumeurs, le plus jeune s\u2019exerce en cachette. Ils adoptent ain\u00adsi une habi\u00adtude \u00e0 laquelle ils n\u2019au\u00adraient peut-\u00eatre m\u00eame pas pen\u00ads\u00e9, tant elle est peu natu\u00adrelle. C\u2019est, du p\u00e8re qu\u2019ils s\u2019au\u00adto\u00adrisent sur\u00adtout&nbsp;; et il a man\u00adqu\u00e9 au devoir du bon exemple \u00e0 don\u00adner, en tout bien, \u00e0 ses enfants.<\/p>\n<h2>Un mot de Michelet<\/h2>\n<p>Le J\u00e9sui\u00adtisme, l\u2019es\u00adprit de police et de d\u00e9la\u00adtion, les habi\u00adtudes de l\u2019\u00e9\u00adco\u00adlier <em>rap\u00adpor\u00adteur<\/em> une fois trans\u00adpor\u00adt\u00e9s du col\u00adl\u00e8ge et du couvent dans la soci\u00e9\u00adt\u00e9 enti\u00e8re, quel hideux spec\u00adtacle&nbsp;! Tout un peuple vivant comme une mai\u00adson de j\u00e9suites, c\u2019est-\u00e0-dire du haut, en bas occu\u00adp\u00e9 \u00e0 se d\u00e9non\u00adcer. La tra\u00adhi\u00adson au foyer m\u00eame, la femme espion du mari, l\u2019en\u00adfant de la m\u00e8re\u2026 Nul bruit, mais un triste mur\u00admure, un bruis\u00adse\u00adment de gens qui confessent les p\u00each\u00e9s d\u2019au\u00adtrui, qui se tra\u00advaillent les uns les autres et se rongent tout dou\u00adce\u00adment. (<em>Des J\u00e9suites<\/em>).<\/p>\n<\/div>\n","protected":false},"excerpt":{"rendered":"<p>Capi\u00adta\u00adlistes et meurt-de-faim \u00c0 pro\u00adpos de l\u2019ar\u00adbi\u00adtrage obli\u00adga\u00adtoire.&nbsp; Si la loi est vot\u00e9e, M.&nbsp;Res\u00adse\u00adguier de Car\u00admaux annonce qu\u2019il fer\u00adme\u00adra son usine. Il n\u2019est pas le seul, pr\u00e9\u00adtend-il. \u00ab&nbsp;J\u2019ai d\u00e9j\u00e0 enten\u00addu plu\u00adsieurs indus\u00adtriels \u00e9mettre l\u2019i\u00add\u00e9e de fer\u00adme\u00adture des usines le jour o\u00f9 cette loi serait pro\u00admul\u00adgu\u00e9e, et, pour ma part, j\u2019y sous\u00adcris des deux mains, je&nbsp;[\u2026]<\/p>\n","protected":false},"author":1,"featured_media":0,"comment_status":"closed","ping_status":"closed","sticky":false,"template":"","format":"standard","meta":{"wp_typography_post_enhancements_disabled":false,"footnotes":""},"categories":[30],"tags":[],"ppma_author":[540],"class_list":["post-171","post","type-post","status-publish","format-standard","hentry","category-lere-nouvelle-n-1-mai-1901"],"authors":[{"term_id":540,"user_id":1,"is_guest":0,"slug":"admin_3gikpwyf","display_name":"Vincent Dubuc","avatar_url":"https:\/\/secure.gravatar.com\/avatar\/d015720652c25fd2ced191ade86430094e1f288a17483713e3b34d26dea52507?s=96&d=mm&r=g","author_category":"","user_url":"https:\/\/la-presse-anarchiste.net","last_name":"Dubuc","first_name":"Vincent","job_title":"","description":""}],"_links":{"self":[{"href":"https:\/\/la-presse-anarchiste.net\/index.php\/wp-json\/wp\/v2\/posts\/171","targetHints":{"allow":["GET"]}}],"collection":[{"href":"https:\/\/la-presse-anarchiste.net\/index.php\/wp-json\/wp\/v2\/posts"}],"about":[{"href":"https:\/\/la-presse-anarchiste.net\/index.php\/wp-json\/wp\/v2\/types\/post"}],"author":[{"embeddable":true,"href":"https:\/\/la-presse-anarchiste.net\/index.php\/wp-json\/wp\/v2\/users\/1"}],"replies":[{"embeddable":true,"href":"https:\/\/la-presse-anarchiste.net\/index.php\/wp-json\/wp\/v2\/comments?post=171"}],"version-history":[{"count":0,"href":"https:\/\/la-presse-anarchiste.net\/index.php\/wp-json\/wp\/v2\/posts\/171\/revisions"}],"wp:attachment":[{"href":"https:\/\/la-presse-anarchiste.net\/index.php\/wp-json\/wp\/v2\/media?parent=171"}],"wp:term":[{"taxonomy":"category","embeddable":true,"href":"https:\/\/la-presse-anarchiste.net\/index.php\/wp-json\/wp\/v2\/categories?post=171"},{"taxonomy":"post_tag","embeddable":true,"href":"https:\/\/la-presse-anarchiste.net\/index.php\/wp-json\/wp\/v2\/tags?post=171"},{"taxonomy":"author","embeddable":true,"href":"https:\/\/la-presse-anarchiste.net\/index.php\/wp-json\/wp\/v2\/ppma_author?post=171"}],"curies":[{"name":"wp","href":"https:\/\/api.w.org\/{rel}","templated":true}]}}