{"id":1712,"date":"2008-09-20T00:02:28","date_gmt":"2008-09-20T00:02:28","guid":{"rendered":"https:\/\/la-presse-anarchiste.net\/index.php\/2008\/09\/20\/le-dialogue-possible\/"},"modified":"2008-09-20T00:02:28","modified_gmt":"2008-09-20T00:02:28","slug":"le-dialogue-possible","status":"publish","type":"post","link":"https:\/\/la-presse-anarchiste.net\/index.php\/2008\/09\/20\/le-dialogue-possible\/","title":{"rendered":"Le dialogue possible"},"content":{"rendered":"<div class=\"pdfprnt-buttons pdfprnt-buttons-post pdfprnt-top-right\"><a href=\"https:\/\/la-presse-anarchiste.net\/index.php\/wp-json\/wp\/v2\/posts\/1712?print=pdf\" class=\"pdfprnt-button pdfprnt-button-pdf\" target=\"_blank\"><img decoding=\"async\" src=\"https:\/\/la-presse-anarchiste.net\/wp-content\/plugins\/pdf-print\/images\/pdf.png\" alt=\"image_pdf\" title=\"Afficher le PDF\"><\/a><a href=\"https:\/\/la-presse-anarchiste.net\/index.php\/wp-json\/wp\/v2\/posts\/1712?print=print\" class=\"pdfprnt-button pdfprnt-button-print\" target=\"_blank\"><img decoding=\"async\" src=\"https:\/\/la-presse-anarchiste.net\/wp-content\/plugins\/pdf-print\/images\/print.png\" alt=\"image_print\" title=\"Contenu imprim\u00e9\"><\/a><\/div><div align=\"justify\">\nEn dehors des direc\u00adtions des par\u00adtis, en dehors des lea\u00adders majo\u00adri\u00adtaires ou mino\u00adri\u00adtaires, il y a les mili\u00adtants, et une foule d\u2019hommes qui cherchent une solu\u00adtion aux pro\u00adbl\u00e8mes actuels dans le cadre de CETTE GAUCHE sans avoir trou\u00adv\u00e9 de r\u00e9ponse aux inqui\u00e9\u00adtudes de notre&nbsp;temps.\n<p>On ne d\u00e9truit pas une pen\u00ads\u00e9e. La course au Pou\u00advoir des par\u00adtis de Gauche a \u00e9touf\u00adf\u00e9 momen\u00adta\u00adn\u00e9\u00adment un grand nombre d\u2019as\u00adpi\u00adra\u00adtions fon\u00adda\u00admen\u00adtales et pro\u00adfondes. Mais il faut le consta\u00adter, le contact avec la BASE nous le d\u00e9montre chaque jour&nbsp;: il y a un che\u00admi\u00adne\u00adment cer\u00adtain des id\u00e9es, sou\u00advent incons\u00adcient, mais dont quelques signes prouvent que la lutte pour la lib\u00e9\u00adra\u00adtion de l\u2019Homme conti\u00adnue tout de&nbsp;m\u00eame.<\/p>\n<p>Nous avons par\u00adl\u00e9 au d\u00e9but de ce num\u00e9\u00adro des valeurs com\u00admunes \u00e0 toute la Gauche et des points de contact r\u00e9els qu\u2019ils ont avec la pen\u00ads\u00e9e r\u00e9vo\u00adlu\u00adtion\u00adnaire. Il nous faut dire qu\u2019il y a encore aujourd\u2019\u00adhui dans la GAUCHE des gens qui sont ce que nos grands-p\u00e8res appe\u00adlaient les \u00ab&nbsp;rouges&nbsp;\u00bb, c\u2019est-\u00e0-dire&nbsp;: Anti\u00admi\u00adli\u00adta\u00adristes, paci\u00adfistes, inter\u00adna\u00adtio\u00adna\u00adlistes, anti\u00adco\u00adlo\u00adnia\u00adlistes, anti\u00adcl\u00e9\u00adri\u00adcaux, syn\u00addi\u00adca\u00adlistes. Ces hommes peuvent opter ou n\u2019\u00eatre convain\u00adcus que de quelques-uns de ces objec\u00adtifs. Ils peuvent adh\u00e9\u00adrer \u00e0 tous. Ils ne sont pas for\u00adc\u00e9\u00adment pour autant des r\u00e9vo\u00adlu\u00adtion\u00adnaires. Nous l\u2019a\u00advons d\u00e9j\u00e0 dit. Il y a, en quelque sorte une tra\u00addi\u00adtion de pen\u00ads\u00e9e de \u00ab&nbsp;gauche&nbsp;\u00bb dont il fau\u00addra bien recon\u00adna\u00eetre t\u00f4t ou tard qu\u2019elle consti\u00adtue une par\u00adcelle de l\u2019i\u00add\u00e9al r\u00e9vo\u00adlu\u00adtion\u00adnaire et le plus sou\u00advent OBJECTIVEMENT une cer\u00adtaine prise de conscience vers une R\u00c9VOLUTION possible.<\/p>\n<p>Ne serait-ce pas fausse modes\u00adtie de notre part de ne pas dire que cette pen\u00ads\u00e9e consti\u00adtue en fait <u>l\u2019ap\u00adport valable<\/u> de l\u2019A\u00adNAR\u00adCHISME \u00e0 la pen\u00ads\u00e9e de la GAUCHE&nbsp;? La notion de lutte contre l\u2019Au\u00adto\u00adri\u00adt\u00e9 est beau\u00adcoup plus vivante dans les couches pro\u00adfondes de la masse que les anar\u00adchistes eux-m\u00eames ne le croient g\u00e9n\u00e9\u00adra\u00adle\u00adment. Ce ph\u00e9\u00adno\u00adm\u00e8ne existe <u>m\u00eame<\/u> au sein du Par\u00adti com\u00admu\u00adniste. Ara\u00adgon le recon\u00adna\u00eet dans \u00ab&nbsp;L\u2019Homme com\u00admu\u00adniste&nbsp;\u00bb, Tho\u00adrez et son \u00e9quipe l\u2019ont d\u00e9non\u00adc\u00e9 maintes fois.<\/p>\n<p>Cela signi\u00adfie-t-il que les anar\u00adchistes r\u00e9vo\u00adlu\u00adtion\u00adnaires d\u00e9si\u00adrent que ces hommes rejoignent leurs rangs&nbsp;? Abso\u00adlu\u00adment pas. Ils ne sont pas un par\u00adti poli\u00adtique cher\u00adchant des adh\u00e9\u00adrents \u00e0 tout prix pour de quel\u00adconques ambi\u00adtions \u00e9lec\u00adto\u00adrales. Ils veulent sim\u00adple\u00adment et encore modes\u00adte\u00adment favo\u00adri\u00adser tout ce qui contri\u00adbue \u00e0 la \u00ab&nbsp;prise de conscience&nbsp;\u00bb des indi\u00advi\u00addus en vue de la vic\u00adtoire de la classe ouvri\u00e8re qui, comme l\u2019a dit Bakou\u00adnine, \u00ab&nbsp;en se lib\u00e9\u00adrant, lib\u00e8re l\u2019hu\u00adma\u00adni\u00adt\u00e9&nbsp;\u00bb. La R\u00e9vo\u00adlu\u00adtion ne pour\u00adra se faire qu\u2019a\u00advec cette \u00ab&nbsp;prise de conscience&nbsp;\u00bb qui ne doit pas por\u00adter seule\u00adment sur les pro\u00adbl\u00e8mes sociaux mais sur toute la vie. Nous ne pou\u00advons que nous r\u00e9jouir que d\u2019autres que nous le fassent m\u00eame sur des points partiels.<\/p>\n<p>Or, il n\u2019y a AUCUN par\u00adti de \u00ab&nbsp;Gauche&nbsp;\u00bb qui pra\u00adti\u00adque\u00adment, reven\u00addique, ou m\u00eame pour\u00adrait sym\u00adbo\u00adli\u00adser \u00e0 tort, les objec\u00adtifs dont nous avons par\u00adl\u00e9 plus&nbsp;haut.<\/p>\n<p>Dans la pen\u00ads\u00e9e de toute la \u00ab&nbsp;Gauche&nbsp;\u00bb du d\u00e9but de ce si\u00e8cle, l\u2019Ar\u00adm\u00e9e \u00e9tait avant tout l\u2019ins\u00adtru\u00adment du Capi\u00adtal et de la domi\u00adna\u00adtion \u00e0 l\u2019ex\u00adt\u00e9\u00adrieur et le sym\u00adbole de la conser\u00adva\u00adtion sociale \u00e0 l\u2019in\u00adt\u00e9\u00adrieur. L\u2019af\u00adfaire Drey\u00adfus avait mon\u00adtr\u00e9 aux masses jus\u00adqu\u2019o\u00f9 pou\u00advaient aller dans l\u2019i\u00adgno\u00admi\u00adnie ceux qui pr\u00e9\u00adten\u00addaient d\u00e9fendre le \u00ab&nbsp;Patri\u00admoine&nbsp;\u00bb. \u00c0 tout le moins, comme cela \u00e9tait le cas chez les radi\u00adcaux on pen\u00adsait que l\u2019Ar\u00adm\u00e9e ne devait pas \u00eatre un \u00c9tat dans l\u2019\u00c9\u00adtat&nbsp;: il y avait tou\u00adjours un r\u00e9flexe de m\u00e9fiance vis-\u00e0-vis de tout ce qui \u00e9tait mili\u00adtaire. Pour les socia\u00adlistes, si l\u2019ar\u00adm\u00e9e \u00e9tait l\u2019ins\u00adtru\u00adment des classes exploi\u00adteuses, le Capi\u00adtal \u00ab&nbsp;por\u00adtait la guerre avec lui, comme la nu\u00e9e porte l\u2019o\u00adrage&nbsp;\u00bb selon Jau\u00adr\u00e8s. La lutte contre le mili\u00adta\u00adrisme devait se confondre obli\u00adga\u00adtoi\u00adre\u00adment avec la lutte pour la Paix. Mieux, avec la lutte de classe tout court. C\u2019\u00e9\u00adtait aus\u00adsi le temps o\u00f9 l\u2019on glo\u00adri\u00adfiait les \u00ab&nbsp;Braves sol\u00addats du XVII<sup>e<\/sup>&nbsp;\u00bb qui avaient mis la crosse en l\u2019air pour ne pas avoir \u00e0 tirer sur leurs \u00ab&nbsp;fr\u00e8res de classe&nbsp;\u00bb. C\u2019\u00e9\u00adtait le temps de la grande popu\u00adla\u00adri\u00adt\u00e9 de la phrase d\u2019A\u00adna\u00adtole France&nbsp;: \u00ab&nbsp;On croit mou\u00adrir pour sa patrie, on meurt pour les indus\u00adtriels&nbsp;\u00bb. Il n\u2019y avait alors qu\u2019un pas \u00e0 fran\u00adchir pour par\u00adve\u00adnir \u00e0 l\u2019Op\u00adtion r\u00e9vo\u00adlu\u00adtion\u00adnaire carac\u00adt\u00e9\u00adri\u00ads\u00e9e sur\u00adtout par l\u2019an\u00adti\u00adpa\u00adtrio\u00adtisme, n\u00e9ga\u00adtion d\u2019une valeur bour\u00adgeoise. Que s\u2019est-il pas\u00ads\u00e9 depuis&nbsp;? Apr\u00e8s la mort de Jau\u00adr\u00e8s il y eut la fameuse \u00ab&nbsp;Union sacr\u00e9e&nbsp;\u00bb de 1914 d\u2019o\u00f9, h\u00e9las, cer\u00adtains anar\u00adchistes ne furent pas absents. Il y eut m\u00eame la tra\u00adhi\u00adson des sociaux-d\u00e9mo\u00adcrates alle\u00admands. Depuis, les par\u00adtis socia\u00adlistes se sont de plus en plus ins\u00adtal\u00adl\u00e9s dans le Pou\u00advoir et par son \u00ab&nbsp;jeu&nbsp;\u00bb sont deve\u00adnus patriotes et mili\u00adta\u00adristes&nbsp;: cha\u00adcun le sait. Le regret\u00adt\u00e9 Mar\u00adceau Pivert \u00e9cri\u00advait apr\u00e8s la fameuse \u00ab&nbsp;exp\u00e9\u00addi\u00adtion de Suez&nbsp;\u00bb orga\u00adni\u00ads\u00e9e par Guy Mollet&nbsp;:<\/p>\n<p>\u00ab&nbsp;Com\u00adbien de temps va-t-on lais\u00adser d\u00e9sho\u00adno\u00adrer les noms de Jau\u00adr\u00e8s, de Guesde, dans le \u00ab&nbsp;Popu\u00adlaire&nbsp;\u00bb, pour d\u00e9fendre des posi\u00adtions infi\u00adni\u00adment plus \u00e9loi\u00adgn\u00e9es du socia\u00adlisme tra\u00addi\u00adtion\u00adnel que ne l\u2019\u00e9\u00adtaient les affir\u00adma\u00adtions des n\u00e9o-socia\u00adlistes de 1933&nbsp;: <u>Ordre<\/u> (l\u2019ordre capi\u00adta\u00adliste imp\u00e9\u00adria\u00adliste \u00e0 coups de canon.) <u>Nation<\/u> (au-des\u00adsus de tout, la France seule au besoin)\u2026\u00bb<\/p>\n<p>Il n\u2019emp\u00eache qu\u2019il y a encore aujourd\u2019\u00adhui des mili\u00adtants socia\u00adlistes qui ont gar\u00add\u00e9 en eux la tra\u00addi\u00adtion paci\u00adfiste et anti\u00admi\u00adli\u00adta\u00adriste. Ils se grou\u00adpaient, il n\u2019y a pas si long\u00adtemps autour de Mar\u00adceau Pivert, nous les avions d\u00e9j\u00e0 ren\u00adcon\u00adtr\u00e9s aux \u00ab&nbsp;Citoyens du Monde&nbsp;\u00bb (avant que Gar\u00adry Davis ne se carac\u00adt\u00e9\u00adrise\u200a\u2014\u200ah\u00e9las\u200a\u2014\u200apar les excen\u00adtri\u00adci\u00adt\u00e9s que l\u2019on sait). L\u2019a\u00adve\u00adnir nous dira si nous les retrou\u00adve\u00adrons au sein du \u00ab&nbsp;Par\u00adti Autonome&nbsp;\u00bb.<\/p>\n<p>Quant aux com\u00admu\u00adnistes, ils ont fon\u00add\u00e9 le \u00ab&nbsp;Mou\u00adve\u00adment de la Paix&nbsp;\u00bb auquel se sont ral\u00adli\u00e9s sur des plans locaux nombre de mili\u00adtants de pro\u00advince \u00ab&nbsp;gau\u00adchistes&nbsp;\u00bb. Bien que ce mou\u00adve\u00adment ait sou\u00advent ras\u00adsem\u00adbl\u00e9 des foules impor\u00adtantes, il n\u2019a jamais \u00e9t\u00e9 qu\u2019un orga\u00adnisme adap\u00adt\u00e9 aux cir\u00adcons\u00adtances sans jamais abor\u00adder \u00e0 fond le pro\u00adbl\u00e8me de la Paix, se refu\u00adsant de cri\u00adti\u00adquer le bloc orien\u00adtal et se refu\u00adsant de condam\u00adner le capi\u00adta\u00adlisme et le patrio\u00adtisme \u00e0 plus forte rai\u00adson. Il nous sou\u00advient du temps o\u00f9 ce mou\u00adve\u00adment entrait en pol\u00e9\u00admique avec nous parce qu\u2019il pr\u00e9\u00adco\u00adni\u00adsait l\u2019al\u00adliance avec les r\u00e9ac\u00adtion\u00adnaires \u00e0 la seule condi\u00adtion qu\u2019ils aient sign\u00e9 l\u2019\u00abAppel de Stock\u00adholm&nbsp;\u00bb. Pour\u00adtant le \u00ab&nbsp;coup d\u2019Al\u00adger&nbsp;\u00bb a r\u00e9veill\u00e9 un cer\u00adtain anti\u00admi\u00adli\u00adta\u00adrisme dans les masses influen\u00adc\u00e9es par le P.C.<\/p>\n<p>Beau\u00adcoup plus valables nous paraissent les mili\u00adtants grou\u00adp\u00e9s autour de \u00ab&nbsp;Liber\u00adt\u00e9&nbsp;\u00bb le jour\u00adnal de Louis Lecoin, ceux qui lisent la \u00ab&nbsp;Voix de la Paix&nbsp;\u00bb ou le vaillant petit bul\u00adle\u00adtin de Duval \u00ab&nbsp;La Volon\u00adt\u00e9 Popu\u00adlaire&nbsp;\u00bb. En dehors des milieux liber\u00adtaires, et c\u2019est cela qui nous int\u00e9\u00adresse, il y a des mili\u00adtants de \u00ab&nbsp;gauche&nbsp;\u00bb qui sou\u00adtiennent la cam\u00adpagne en faveur des Objec\u00adteurs de Conscience. Il faut recon\u00adna\u00eetre que l\u2019i\u00add\u00e9e du sta\u00adtut a fait d\u2019im\u00admenses pro\u00adgr\u00e8s m\u00eame dans l\u2019en\u00adtou\u00adrage imm\u00e9\u00addiat de Guy Mol\u00adlet. (L. Lecoin dixit). Mais tous ces gens, m\u00eame liber\u00adtaires, ne sortent pas le moins du monde du cadre du r\u00e9gime et si le point de ren\u00adcontre existe, il y a encore un long che\u00admin \u00e0 par\u00adcou\u00adrir pour arri\u00adver \u00e0 la notion r\u00e9vo\u00adlu\u00adtion\u00adnaire de lutte paci\u00adfiste qui ne peut se conce\u00advoir que dans la mise en ques\u00adtion du r\u00e9gime capi\u00adta\u00adliste. La place nous manque pour ouvrir un d\u00e9bat sur l\u2019Ob\u00adjec\u00adtion de conscience dont l\u2019of\u00adfi\u00adcia\u00adli\u00adsa\u00adtion enl\u00e8\u00adve\u00adra tout carac\u00adt\u00e8re de R\u00e9volte. Il y a, de m\u00eame, un monde entre l\u2019ob\u00adjec\u00adteur r\u00e9vo\u00adlu\u00adtion\u00adnaire qui se refuse \u00e0 ser\u00advir et \u00e0 par\u00adti\u00adci\u00adper au r\u00e9gime et l\u2019ob\u00adjec\u00adteur reli\u00adgieux qui se refuse sim\u00adple\u00adment \u00e0 tuer&nbsp;! Il est pour\u00adtant sou\u00adhai\u00adtable que la \u00ab&nbsp;gauche&nbsp;\u00bb dis\u00adcute de ces pro\u00adbl\u00e8mes et sur ce ter\u00adrain les anar\u00adchistes r\u00e9vo\u00adlu\u00adtion\u00adnaires d\u00e9si\u00adrent pour\u00adsuivre le dia\u00adlogue. Pour nous, la lutte contre l\u2019Ar\u00adm\u00e9e et pour la Paix m\u00e8ne direc\u00adte\u00adment \u00e0 la lutte contre l\u2019\u00c9\u00adtat qui est aus\u00adsi un moteur de la guerre. Lais\u00adsons une fois encore la parole \u00e0 Bakounine&nbsp;:<\/p>\n<p>\u00ab&nbsp;L\u2019exis\u00adtence d\u2019un seul \u00c9tat sou\u00adve\u00adrain sup\u00adpose n\u00e9ces\u00adsai\u00adre\u00adment l\u2019exis\u00adtence et au besoin pro\u00advoque la for\u00adma\u00adtion de plu\u00adsieurs \u00c9tats, \u00e9tant fort natu\u00adrel que les indi\u00advi\u00addus qui se trouvent en dehors de lui, mena\u00adc\u00e9s par lui dans leur exis\u00adtence et dans leur liber\u00adt\u00e9 s\u2019as\u00adso\u00adcient \u00e0 leur tour contre lui\u2026 Int\u00e9\u00adrieu\u00adre\u00adment f\u00e9d\u00e9\u00adr\u00e9 ou non f\u00e9d\u00e9\u00adr\u00e9, chaque \u00c9tat, sous peine de p\u00e9rir, doit donc cher\u00adcher \u00e0 deve\u00adnir plus puis\u00adsant. Il doit d\u00e9vo\u00adrer pour ne point \u00eatre d\u00e9vo\u00adr\u00e9, conqu\u00e9\u00adrir pour ne point \u00eatre conquis&nbsp;\u00bb. (Bakou\u00adnine&nbsp;: \u00ab&nbsp;F\u00e9d\u00e9\u00adra\u00adlisme, Socia\u00adlisme, et Anti\u00adth\u00e9o\u00adlo\u00adgisme&nbsp;\u00bb, Stock&nbsp;1902).<\/p>\n<p>On peut dire, au fond, que toute lutte pour la paix dans la \u00ab&nbsp;Gauche&nbsp;\u00bb est OBJECTIVEMENT r\u00e9vo\u00adlu\u00adtion\u00adnaire. Il existe un che\u00admi\u00adne\u00adment de pen\u00ads\u00e9e qui arri\u00adve\u00adrait en fin de compte \u00e0 l\u2019an\u00adti\u00e9\u00adta\u00adtisme des anar\u00adchistes, c\u2019est l\u2019i\u00add\u00e9e cou\u00adrante de la F\u00e9d\u00e9\u00adra\u00adtion, de l\u2019a\u00adbo\u00adli\u00adtion. des fron\u00adti\u00e8res. C\u2019est main\u00adte\u00adnant deve\u00adnu un lieu com\u00admun dans la \u00ab&nbsp;Gauche&nbsp;\u00bb qu\u2019il n\u2019y a plus d\u2019\u00c9\u00adtat ind\u00e9\u00adpen\u00addant tel qu\u2019on pou\u00advait le conce\u00advoir au si\u00e8cle der\u00adnier. Les pro\u00adgr\u00e8s \u00e9co\u00adno\u00admiques et scien\u00adti\u00adfiques obligent sur le plan inter\u00adna\u00adtio\u00adnal \u00e0 poser le pro\u00adbl\u00e8me de la sur\u00advie des gou\u00adver\u00adne\u00adments tels que nous les connais\u00adsons. L\u2019i\u00add\u00e9e lan\u00adc\u00e9e par les \u00ab&nbsp;Citoyens du Monde&nbsp;\u00bb d\u2019un gou\u00adver\u00adne\u00adment mon\u00addial et d\u2019une Assem\u00adbl\u00e9e Consti\u00adtuante des Peuples pro\u00adc\u00e8de de ces consta\u00adta\u00adtions. C\u2019est encore l\u2019une des contra\u00addic\u00adtions \u00ab&nbsp;gau\u00adchistes&nbsp;\u00bb d\u2019en\u00advi\u00adsa\u00adger une notion dif\u00adf\u00e9\u00adrente des \u00c9tats selon qu\u2019il est ques\u00adtion de poli\u00adtique int\u00e9\u00adrieure ou de poli\u00adtique ext\u00e9rieure&nbsp;!<\/p>\n<p>Et c\u2019est ain\u00adsi que se r\u00e9veille le vieil esprit \u00ab&nbsp;inter\u00adna\u00adtio\u00adna\u00adliste&nbsp;\u00bb du XIX<sup>e<\/sup> si\u00e8cle. (Nous nous bor\u00adne\u00adrons \u00e0 rap\u00adpe\u00adler pour m\u00e9moire que ce sen\u00adti\u00adment si pro\u00adfond dans le c\u0153ur des masses est qua\u00adli\u00adfi\u00e9 de \u00ab&nbsp;cos\u00admo\u00adpo\u00adli\u00adtisme&nbsp;\u00bb par la clique Tho\u00adrez et nous ne nous \u00e9ten\u00addrons pas sur les gym\u00adnas\u00adtiques men\u00adtales que ces gens sont obli\u00adg\u00e9s de faire pour conci\u00adlier l\u2019in\u00adter\u00adna\u00adtio\u00adna\u00adlisme avec leur patrio\u00adtisme chau\u00advin des\u00adti\u00adn\u00e9 \u00e0 gagner quelques couches bour\u00adgeoises d\u2019\u00e9\u00adlec\u00adteurs&nbsp;: les mili\u00adtants com\u00admu\u00adnistes de la base sont inter\u00adna\u00adtio\u00adna\u00adlistes et le plus sou\u00advent \u00e9tran\u00adgers \u00e0 ces boni\u00adments, or il n\u2019y a que la BASE qui nous int\u00e9resse).<\/p>\n<p>Pour les anar\u00adchistes, la n\u00e9ga\u00adtion de <u>l\u2019\u00c9\u00adtat<\/u> et <u>des \u00c9tats<\/u> implique la n\u00e9ga\u00adtion de toute auto\u00adri\u00adt\u00e9 qui pr\u00e9\u00adtende se sub\u00adsti\u00adtuer \u00e0 l\u2019homme et \u00e0 la sou\u00adve\u00adrai\u00adne\u00adt\u00e9 qu\u2019il est en droit d\u2019exer\u00adcer dans la soci\u00e9\u00adt\u00e9. Il y a donc pour nous un lien \u00e9vident entre le com\u00adbat contre l\u2019\u00c9\u00adtat et le com\u00adbat contre l\u2019\u00c9\u00adglise. On a pu dire&nbsp;: \u00ab&nbsp;Chaque \u00c9tat est une \u00c9glise ter\u00adrestre comme toute \u00e9glise n\u2019est rien qu\u2019un c\u00e9leste \u00c9tat&nbsp;\u00bb (Bakou\u00adnine. Voir note de la pre\u00admi\u00e8re cita\u00adtion). Pour les gens de \u00ab&nbsp;Gauche&nbsp;\u00bb, l\u2019an\u00adti\u00adcl\u00e9\u00adri\u00adca\u00adlisme, lors\u00adqu\u2019il existe, oppose au contraire \u00c9tat et \u00c9glise puisque dans le point de vue le plus cou\u00adrant (ce fut sur\u00adtout celui des radi\u00adcaux et du fameux \u00ab&nbsp;Petit P\u00e8re Combes&nbsp;\u00bb) il est des\u00adti\u00adn\u00e9 \u00e0 emp\u00ea\u00adcher que l\u2019\u00c9\u00adglise ne se m\u00eale des affaires de l\u2019\u00c9\u00adtat. Ici, sou\u00advent, l\u2019homme de gauche a opt\u00e9 pour l\u2019\u00c9\u00adtat. Sou\u00advent, encore, nombre de d\u00e9fen\u00adseurs de la \u00ab&nbsp;la\u00ef\u00adci\u00adt\u00e9&nbsp;\u00bb ne vont pas plus loin. Et l\u2019o\u00adpi\u00adnion la plus cou\u00adrante est que si l\u2019\u00c9\u00adglise reste \u00e0 sa place, elle n\u2019est pas dan\u00adge\u00adreuse. C\u2019est oublier que sa rai\u00adson d\u2019\u00eatre est la conqu\u00eate&nbsp;! Ceux qui ont consta\u00adt\u00e9 que pour la reli\u00adgion tout est reli\u00adgion et que pour l\u2019\u00c9\u00adglise tout est domaine d\u2019\u00c9\u00adglise poussent leur ana\u00adlyse plus loin. Cela les conduit fata\u00adle\u00adment \u00e0 la remise en ques\u00adtion de la reli\u00adgion elle-m\u00eame. Pour nous, la reli\u00adgion est source de toute auto\u00adri\u00adt\u00e9. Le rai\u00adson\u00adne\u00adment scien\u00adti\u00adfique com\u00adbat la reli\u00adgion parce qu\u2019il est par essence anti-auto\u00adri\u00adtaire\u200a\u2014\u200anous l\u2019a\u00advons mon\u00adtr\u00e9 dans le deuxi\u00e8me de nos articles \u2014. C\u2019est pour\u00adquoi, nous pen\u00adsons que les seuls la\u00efques et anti\u00adcl\u00e9\u00adri\u00adcaux cons\u00e9\u00adquents et logiques, parce qu\u2019ils vont au fond des pro\u00adbl\u00e8mes, sont les libres-pen\u00adseurs. Cette recherche scien\u00adti\u00adfique autant qu\u2019\u00e9\u00adthique qui se fait \u00e0 l\u2019in\u00adt\u00e9\u00adrieur de la Libre Pen\u00ads\u00e9e est bien propre \u00e0 ras\u00adsem\u00adbler la \u00ab&nbsp;Gauche&nbsp;\u00bb sur ses valeurs de lutte les plus pro\u00adfondes et les plus valables, de m\u00eame qu\u2019elle per\u00admet aux anar\u00adchistes r\u00e9vo\u00adlu\u00adtion\u00adnaires de ren\u00adcon\u00adtrer la \u00ab&nbsp;Gauche&nbsp;\u00bb sur des objec\u00adtifs qui ne sont par\u00adtiels qu\u2019en appa\u00adrence. Car la Libre Pen\u00ads\u00e9e, dans le domaine \u00e9thique qui lui est propre va bien au fond du pro\u00adbl\u00e8me, tant que les anar\u00adchistes peuvent le faire sur le plan sociologique.<\/p>\n<p>Il est utile de publier la D\u00e9cla\u00adra\u00adtion de Prin\u00adcipes. qu\u2019elle vient de se donner&nbsp;:<\/p>\n<p>\u00ab&nbsp;La Libre Pen\u00ads\u00e9e se r\u00e9clame de la Rai\u00adson et de la Science. Elle n\u2019est pas un par\u00adti&nbsp;; elle est ind\u00e9\u00adpen\u00addante de tous les par\u00adtis. Elle n\u2019est pas une \u00e9glise, elle n\u2019ap\u00adporte aucun dogme. Elle vise \u00e0 d\u00e9ve\u00adlop\u00adper chez tous les hommes l\u2019es\u00adprit de libre exa\u00admen et de tol\u00e9\u00adrance. Elle regarde les reli\u00adgions comme le pire obs\u00adtacle \u00e0 l\u2019\u00e9\u00adman\u00adci\u00adpa\u00adtion de la pen\u00ads\u00e9e&nbsp;; elle les juge erro\u00adn\u00e9es dans leurs prin\u00adcipes et n\u00e9fastes dans leur action. Elle leur reproche de divi\u00adser les hommes et de les d\u00e9tour\u00adner de leurs buts ter\u00adrestres en d\u00e9ve\u00adlop\u00adpant dans leur esprit la super\u00adsti\u00adtion et la peur de l\u2019au-del\u00e0, de d\u00e9g\u00e9\u00adn\u00e9\u00adrer en cl\u00e9\u00adri\u00adca\u00adlisme, fana\u00adtisme, imp\u00e9\u00adria\u00adlisme et mer\u00adcan\u00adti\u00adlisme, d\u2019ai\u00adder les puis\u00adsances de r\u00e9ac\u00adtion \u00e0 main\u00adte\u00adnir la masse dans l\u2019i\u00adgno\u00adrance et la ser\u00advi\u00adtude. Dans leur pr\u00e9\u00adten\u00addue adap\u00adta\u00adtion aux id\u00e9es de liber\u00adt\u00e9, de pro\u00adgr\u00e8s, de science, de jus\u00adtice sociale et de paix, la Libre Pen\u00ads\u00e9e d\u00e9nonce une nou\u00advelle ten\u00adta\u00adtive aus\u00adsi per\u00adfide qu\u2019\u00adha\u00adbile pour r\u00e9ta\u00adblir leur domi\u00adna\u00adtion sur les esprits. Esti\u00admant que l\u2019\u00c9\u00adman\u00adci\u00adpa\u00adtion de l\u2019homme DOIT \u00caTRE POURSUIVIE DANS TOUS LES DOMAINES, la Libre Pen\u00ads\u00e9e r\u00e9af\u00adfirme sa volon\u00adt\u00e9 de com\u00adbattre <u>\u00e9ga\u00adle\u00adment<\/u>, aux c\u00f4t\u00e9s de tous les hommes et asso\u00adcia\u00adtions qui s\u2019ins\u00adpirent des m\u00eames prin\u00adcipes, toutes les id\u00e9es, forces ou ins\u00adti\u00adtu\u00adtions qui tendent \u00e0 amoin\u00addrir, asser\u00advir, ou per\u00adver\u00adtir les ins\u00adti\u00adtu\u00adtions qui tendent \u00e0 amoin\u00addrir, asser\u00advir, ou per\u00adver\u00adtir les indi\u00advi\u00addus, sa volon\u00adt\u00e9 de d\u00e9fendre la Paix, les liber\u00adt\u00e9s, les droits de l\u2019homme, la la\u00ef\u00adci\u00adt\u00e9 de l\u2019\u00c9\u00adcole et de l\u2019\u00c9\u00adtat. Esti\u00admant que toute croyance est jus\u00adti\u00adfiable de la libre cri\u00adtique, elle entend n\u2019im\u00adpo\u00adser ni se lais\u00adser impo\u00adser d\u2019autre limite \u00e0 son action que le res\u00adpect de la v\u00e9ri\u00adt\u00e9 objec\u00adtive et de la per\u00adsonne humaine. \u00c0 ses adh\u00e9\u00adrents, fra\u00adter\u00adnel\u00adle\u00adment unis dans l\u2019ac\u00adtion com\u00admune, elle pro\u00adpose la m\u00e9thode la plus effi\u00adcace de per\u00adfec\u00adtion\u00adne\u00adment indi\u00advi\u00adduel et de r\u00e9no\u00adva\u00adtion col\u00adlec\u00adtive. Elle adjure tous les hommes de pro\u00adgr\u00e8s, oublieux de leurs vaines que\u00adrelles, de se grou\u00adper dans son sein pour tra\u00advailler \u00e0 l\u2019a\u00adv\u00e8\u00adne\u00adment d\u2019une morale ration\u00adnelle de bon\u00adheur, de digni\u00adt\u00e9 humaine et de jus\u00adtice sociale&nbsp;\u00bb.<\/p>\n<p>Voi\u00adl\u00e0 for\u00admu\u00adl\u00e9es toutes les VALEURS COMMUNES dont nous avons&nbsp;parl\u00e9&nbsp;!<\/p>\n<p>Tout ceci se tra\u00adduit sur un plan concret&nbsp;: des hommes de \u00ab&nbsp;gauche&nbsp;\u00bb se penchent sur les pro\u00adbl\u00e8mes de l\u2019\u00c9\u00adman\u00adci\u00adpa\u00adtion de la femme, du mili\u00adta\u00adrisme, du colo\u00adnia\u00adlisme, etc. Le Congr\u00e8s mon\u00addial de la Libre Pen\u00ads\u00e9e n\u2019a-t-il pas por\u00adt\u00e9 \u00e0 son ordre du jour le pro\u00adbl\u00e8me de la limi\u00adta\u00adtion des nais\u00adsances&nbsp;? Le Congr\u00e8s natio\u00adnal de 1958 n\u2019a-t-il pas dis\u00adcu\u00adt\u00e9 de l\u2019Ob\u00adjec\u00adtion de Conscience&nbsp;?<\/p>\n<p>On nous objec\u00adte\u00adra que la Libre Pen\u00ads\u00e9e n\u2019est pas r\u00e9vo\u00adlu\u00adtion\u00adnaire. Elle est cepen\u00addant un des rares grou\u00adpe\u00adments de \u00ab&nbsp;Gauche&nbsp;\u00bb qui, TEL QUEL, pour\u00adrait jouer son r\u00f4le en p\u00e9riode r\u00e9vo\u00adlu\u00adtion\u00adnaire et m\u00eame en soci\u00e9\u00adt\u00e9 com\u00admu\u00adniste. C\u2019est \u00e0 notre avis, parce qu\u2019elle a su \u00eatre tou\u00adjours hors des que\u00adrelles des par\u00adtis et sur\u00adtout hors de la \u00ab&nbsp;course au Pou\u00advoir&nbsp;\u00bb. Sou\u00advent, m\u00eame, contre les partis.<\/p>\n<p>On aurait pu en dire autant du syn\u00addi\u00adca\u00adlisme \u00e0 une cer\u00adtaine \u00e9poque&nbsp;; nos cama\u00adrades espa\u00adgnols et avec eux Pierre Bes\u00adnard ont pr\u00e9\u00adco\u00adni\u00ads\u00e9 le syn\u00addi\u00adcat comme moteur de la R\u00e9vo\u00adlu\u00adtion, et m\u00eame. comme struc\u00adture de la soci\u00e9\u00adt\u00e9 nou\u00advelle. Que reste-t-il du syn\u00addi\u00adca\u00adlisme en France pr\u00e8s le triomphe de la concep\u00adtion mar\u00adxiste du \u00ab&nbsp;Par\u00adti de la Classe&nbsp;\u00bb&nbsp;? Il est divi\u00ads\u00e9, poli\u00adti\u00ads\u00e9, et sombre dans le cor\u00adpo\u00adra\u00adtisme le plus \u00e9troit. C\u2019est pour\u00adquoi il fau\u00addra \u00e9tu\u00addier de nou\u00advelles formes de lutte ouvri\u00e8re, dans la pers\u00adpec\u00adtive tou\u00adjours vraie que l\u2019\u00e9\u00adman\u00adci\u00adpa\u00adtion des tra\u00advailleurs \u00ab&nbsp;sera l\u2019\u0153uvre des tra\u00advailleurs eux-m\u00eames&nbsp;\u00bb. Mar\u00adceau Pivert le pen\u00adsait avec nous et l\u2019af\u00adfir\u00admait peu de temps avant sa mort dans \u00ab&nbsp;Cor\u00adres\u00adpon\u00addance Socia\u00adliste  Inter\u00adna\u00adtio\u00adnale&nbsp;\u00bb (Sup. au n\u00ba&nbsp;69).<\/p>\n<p>Il faut avoir le cou\u00adrage de dire une fois pour toutes que \u00ab&nbsp;La Gauche&nbsp;\u00bb ne repr\u00e9\u00adsente pas la classe ouvri\u00e8re, que per\u00adsonne ne repr\u00e9\u00adsente la classe ouvri\u00e8re qui est, en ce moment per\u00addue pour tout le monde, m\u00eame pour les anarchistes.<\/p>\n<p>Il faut pen\u00adser que le r\u00e9veil aura lieu, la le\u00e7on des der\u00adniers \u00e9v\u00e9\u00adne\u00adments sera tir\u00e9e un jour&nbsp;; les res\u00adpon\u00adsa\u00adbi\u00adli\u00adt\u00e9s seront mises en lumi\u00e8re.<\/p>\n<p>Au moment o\u00f9 un v\u00e9ri\u00adtable mou\u00adve\u00adment \u00ab&nbsp;de classe&nbsp;\u00bb rena\u00ee\u00adtra, la \u00ab&nbsp;Gauche&nbsp;\u00bb ne sera valable qu\u2019en dehors du Pou\u00advoir capi\u00adta\u00adliste ou autre. Cer\u00adtains signes nous disent que cette v\u00e9ri\u00adtable \u00ab&nbsp;Gauche&nbsp;\u00bb che\u00admine. L\u2019exis\u00adtence des \u00ab&nbsp;Amis de l\u2019\u00c9\u00adcole \u00c9man\u00adci\u00adp\u00e9e&nbsp;\u00bb au sein du syn\u00addi\u00adcat Natio\u00adnal des Ins\u00adti\u00adtu\u00adteurs en est une preuve. Le fait que Depreux explique l\u2019\u00abimpossibilit\u00e9 de cr\u00e9er un mou\u00adve\u00adment tra\u00advailliste par la fid\u00e9\u00adli\u00adt\u00e9 des mili\u00adtants \u00e0 la Charte d\u2019A\u00admiens (\u00ab&nbsp;France Obser\u00adva\u00adteur&nbsp;\u00bb) en est une&nbsp;autre.<\/p>\n<p>Il y a aus\u00adsi La LIGUE DES DROITS DE L\u2019HOMME qui fut la che\u00adville ouvri\u00e8re de l\u2019ac\u00adtion anti\u00adfas\u00adciste \u00e0 l\u2019\u00e9\u00adpoque du 13&nbsp;mai.<\/p>\n<p>C\u2019est Daniel Mayer, pr\u00e9\u00adsident de la Ligue qui d\u00e9mis\u00adsion\u00adna du Par\u00adle\u00adment&nbsp;: il constate que \u00ab&nbsp;l\u2019ex\u00adtr\u00eame rigueur de la Ligue&nbsp;\u00bb est incom\u00adpa\u00adtible avec les \u00ab&nbsp;in\u00e9vi\u00adtables com\u00adpro\u00admis\u00adsions par\u00adle\u00admen\u00adtaires&nbsp;\u00bb. Puissent les ligueurs m\u00e9di\u00adter cette phrase&nbsp;! Et Mayer l\u2019a\u00advoir \u00e9crite plus&nbsp;t\u00f4t&nbsp;!<\/p>\n<p>Il y a quel\u00adque\u00adfois des \u00ab&nbsp;lueurs&nbsp;\u00bb. C\u2019est Jean-Paul Sartre qui \u00e9crit dans \u00ab&nbsp;L\u2019Ex\u00adpress&nbsp;\u00bb \u00e0 pro\u00adpos de ceux qui ont vot\u00e9 \u00ab&nbsp;Oui&nbsp;\u00bb&nbsp;:<\/p>\n<p>\u00ab&nbsp;Ces acti\u00advistes de l\u2019im\u00adpuis\u00adsance comptent sur le Prince pour r\u00e9soudre les pro\u00adbl\u00e8mes qu\u2019ils ne veulent m\u00eame pas se for\u00admu\u00adler, pour prendre \u00e0 leur place des d\u00e9ci\u00adsions qu\u2019ils \u00e9ludent, pour sur\u00admon\u00adter les contra\u00addic\u00adtions qui leurs para\u00adlysent\u2026 L\u2019ac\u00adtion du Prince, envi\u00adsa\u00adg\u00e9 de la sorte rede\u00advient l\u2019u\u00adnique, l\u2019i\u00adnef\u00adfable et l\u2019ir\u00adra\u00adtion\u00adnel&nbsp;\u00bb. (\u00ab&nbsp;Les gre\u00adnouilles qui demandent un Roi&nbsp;\u00bb J.-P. Sartre, L\u2019Ex\u00adpress, 25\/\u200b9\/\u200b58, p.18, i<sup>\u00e8re<\/sup> colonne).<\/p>\n<p>Mais il y a d\u2019autres \u00ab&nbsp;Princes&nbsp;\u00bb que De Gaulle dans la \u00ab&nbsp;Gauche&nbsp;\u00bb, il y a sou\u00advent le \u00ab&nbsp;Par\u00adti&nbsp;\u00bb, il y a les mythes.<\/p>\n<p>Par\u00adlons net&nbsp;: pour\u00adquoi Sartre ne pousse-t-il pas le rai\u00adson\u00adne\u00adment dans toutes ses cons\u00e9\u00adquences&nbsp;? De Gaulle, c\u2019est le Prince, c \u2018est \u00e0 dire le Pou\u00advoir en UN SEUL. C\u2019est l\u2019Au\u00adto\u00adri\u00adt\u00e9 en UN SEUL. Mais tous ceux qui, quel que soit le r\u00e9gime poli\u00adtique, confient \u00e0 d\u2019autres leur par\u00adcelle de Pou\u00advoir ne pro\u00adjettent-ils pas aus\u00adsi leur propre impuis\u00adsance&nbsp;? Le mili\u00adtant de \u00ab&nbsp;Gauche&nbsp;\u00bb, le syn\u00addi\u00adca\u00adliste d\u2019au\u00adjourd\u2019\u00adhui n\u2019est-il pas sou\u00advent \u00ab&nbsp;acti\u00adviste de l\u2019im\u00adpuis\u00adsance&nbsp;\u00bb par l\u2019im\u00adpos\u00adsi\u00adbi\u00adli\u00adt\u00e9 qu\u2019il a de conce\u00advoir le Monde autre\u00adment que dans le \u00ab&nbsp;bou\u00adle\u00advard de l\u2019Au\u00adto\u00adri\u00adt\u00e9&nbsp;\u00bb dont par\u00adlait Proudhon&nbsp;?<\/p>\n<p>Guy<\/p><\/div>\n","protected":false},"excerpt":{"rendered":"<p>En dehors des direc\u00adtions des par\u00adtis, en dehors des lea\u00adders majo\u00adri\u00adtaires ou mino\u00adri\u00adtaires, il y a les mili\u00adtants, et une foule d\u2019hommes qui cherchent une solu\u00adtion aux pro\u00adbl\u00e8mes actuels dans le cadre de CETTE GAUCHE sans avoir trou\u00adv\u00e9 de r\u00e9ponse aux inqui\u00e9\u00adtudes de notre&nbsp;temps. On ne d\u00e9truit pas une pen\u00ads\u00e9e. La course au Pou\u00advoir&nbsp;des&nbsp;[\u2026]<\/p>\n","protected":false},"author":1,"featured_media":0,"comment_status":"closed","ping_status":"closed","sticky":false,"template":"","format":"standard","meta":{"wp_typography_post_enhancements_disabled":false,"footnotes":""},"categories":[141],"tags":[],"ppma_author":[540],"class_list":["post-1712","post","type-post","status-publish","format-standard","hentry","category-noir-rouge-n11-ete-1958"],"authors":[{"term_id":540,"user_id":1,"is_guest":0,"slug":"admin_3gikpwyf","display_name":"Vincent Dubuc","avatar_url":"https:\/\/secure.gravatar.com\/avatar\/d015720652c25fd2ced191ade86430094e1f288a17483713e3b34d26dea52507?s=96&d=mm&r=g","author_category":"","user_url":"https:\/\/la-presse-anarchiste.net","last_name":"Dubuc","first_name":"Vincent","job_title":"","description":""}],"_links":{"self":[{"href":"https:\/\/la-presse-anarchiste.net\/index.php\/wp-json\/wp\/v2\/posts\/1712","targetHints":{"allow":["GET"]}}],"collection":[{"href":"https:\/\/la-presse-anarchiste.net\/index.php\/wp-json\/wp\/v2\/posts"}],"about":[{"href":"https:\/\/la-presse-anarchiste.net\/index.php\/wp-json\/wp\/v2\/types\/post"}],"author":[{"embeddable":true,"href":"https:\/\/la-presse-anarchiste.net\/index.php\/wp-json\/wp\/v2\/users\/1"}],"replies":[{"embeddable":true,"href":"https:\/\/la-presse-anarchiste.net\/index.php\/wp-json\/wp\/v2\/comments?post=1712"}],"version-history":[{"count":0,"href":"https:\/\/la-presse-anarchiste.net\/index.php\/wp-json\/wp\/v2\/posts\/1712\/revisions"}],"wp:attachment":[{"href":"https:\/\/la-presse-anarchiste.net\/index.php\/wp-json\/wp\/v2\/media?parent=1712"}],"wp:term":[{"taxonomy":"category","embeddable":true,"href":"https:\/\/la-presse-anarchiste.net\/index.php\/wp-json\/wp\/v2\/categories?post=1712"},{"taxonomy":"post_tag","embeddable":true,"href":"https:\/\/la-presse-anarchiste.net\/index.php\/wp-json\/wp\/v2\/tags?post=1712"},{"taxonomy":"author","embeddable":true,"href":"https:\/\/la-presse-anarchiste.net\/index.php\/wp-json\/wp\/v2\/ppma_author?post=1712"}],"curies":[{"name":"wp","href":"https:\/\/api.w.org\/{rel}","templated":true}]}}