{"id":1719,"date":"2008-10-28T05:04:02","date_gmt":"2008-10-28T05:04:02","guid":{"rendered":"https:\/\/la-presse-anarchiste.net\/index.php\/2008\/10\/28\/dans-notre-courrier-7\/"},"modified":"2008-10-28T05:04:02","modified_gmt":"2008-10-28T05:04:02","slug":"dans-notre-courrier-7","status":"publish","type":"post","link":"https:\/\/la-presse-anarchiste.net\/index.php\/2008\/10\/28\/dans-notre-courrier-7\/","title":{"rendered":"Dans notre courrier"},"content":{"rendered":"<div class=\"pdfprnt-buttons pdfprnt-buttons-post pdfprnt-top-right\"><a href=\"https:\/\/la-presse-anarchiste.net\/index.php\/wp-json\/wp\/v2\/posts\/1719?print=pdf\" class=\"pdfprnt-button pdfprnt-button-pdf\" target=\"_blank\"><img decoding=\"async\" src=\"https:\/\/la-presse-anarchiste.net\/wp-content\/plugins\/pdf-print\/images\/pdf.png\" alt=\"image_pdf\" title=\"Afficher le PDF\"><\/a><a href=\"https:\/\/la-presse-anarchiste.net\/index.php\/wp-json\/wp\/v2\/posts\/1719?print=print\" class=\"pdfprnt-button pdfprnt-button-print\" target=\"_blank\"><img decoding=\"async\" src=\"https:\/\/la-presse-anarchiste.net\/wp-content\/plugins\/pdf-print\/images\/print.png\" alt=\"image_print\" title=\"Contenu imprim\u00e9\"><\/a><\/div><div align=\"justify\">\n[(L\u2019a\u00adbon\u00addance des mati\u00e8res de ce num\u00e9\u00adro nous contraint \u00e0 ne publier qu\u2019une seule lettre de lecteur.\n<p>Nous l\u2019a\u00advons choi\u00adsie en rai\u00adson des vives cri\u00adtiques qu\u2019elle nous adresse et du fait que ces cri\u00adtiques portent sur nos quatre der\u00adniers cahiers.)]<\/p>\n<p><strong>Du cama\u00adrade G.P. de Cha\u00adte\u00adnay-Mala\u00adbry<\/strong>&nbsp;: Je ne suis pas d\u2019ac\u00adcord avec les posi\u00adtions de \u00ab&nbsp;Noir et Rouge&nbsp;\u00bb n\u00b07\/8 sur le Natio\u00adna\u00adlisme. N &amp; R fait une cri\u00adtique favo\u00adrable des mou\u00adve\u00adments d\u2019in\u00add\u00e9\u00adpen\u00addance natio\u00adnale. Je pense que nous devons abso\u00adlu\u00adment nous oppo\u00adser \u00e0 ces mou\u00adve\u00adments retar\u00adda\u00adtaires. Com\u00adprendre qu\u2019un Alg\u00e9\u00adrien soit natio\u00adna\u00adliste est une chose, approu\u00adver son action en est une autre. Les \u00c9tats qui se sont fon\u00add\u00e9s \u00e0 la suite de r\u00e9vo\u00adlu\u00adtions natio\u00adnales ont tous eu la m\u00eame struc\u00adture que les \u00c9tats domi\u00adnants dans ces pays. Les nations d\u2019A\u00adm\u00e9\u00adrique du Sud, d\u2019A\u00adsie du Sud-Est ou des pays arabes n\u2019ont pas r\u00e9so\u00adlu les ques\u00adtions autre\u00adment que les autres \u00c9tats qui aupa\u00adra\u00advant les domi\u00adnaient. D\u2019autre part il semble que les imp\u00e9\u00adria\u00adlismes ont int\u00e9\u00adr\u00eat \u00e0 d\u00e9ve\u00adlop\u00adper ces nou\u00adveaux natio\u00adna\u00adlismes, ce sera de nou\u00adveaux d\u00e9bou\u00adch\u00e9s pour&nbsp;eux&nbsp;[\u2026].<\/p>\n<p>[\u2026] Le n\u00b09 sur le Par\u00adle\u00admen\u00adta\u00adrisme et l\u2019A\u00adnar\u00adchisme est bon. Ce ne sont pas des choses nou\u00advelles qui sont don\u00adn\u00e9es mais je trouve qu\u2019il est tr\u00e8s bien de les redire aujourd\u2019hui.<\/p>\n<p>Le n\u00b010, par contre, me semble tr\u00e8s faible. Je trouve que le cama\u00adrade ayant \u00e9crit le pre\u00admier article est tr\u00e8s gen\u00adtil \u00e0 l\u2019\u00e9\u00adgard de la classe ouvri\u00e8re fran\u00ad\u00e7aise&nbsp;; il n\u2019y a pas, non seule\u00adment, non-inter\u00adven\u00adtion de la classe ouvri\u00e8re dans la guerre d\u2019Al\u00adg\u00e9\u00adrie, mas bien accep\u00adta\u00adtion et par\u00adti\u00adci\u00adpa\u00adtion. Il n\u2019y a pas eu de r\u00e9ac\u00adtion contre cette guerre. Je pense que c\u2019est une folie de voir actuel\u00adle\u00adment la classe ouvri\u00e8re cr\u00e9er elle m\u00eame ses conseils r\u00e9vo\u00adlu\u00adtion\u00adnaires et ges\u00adtion\u00adnaires pour s\u2019en\u00adga\u00adger dans la voie de l\u2019\u00e9\u00adman\u00adci\u00adpa\u00adtion col\u00adlec\u00adtive. Aujourd\u2019\u00adhui, la classe ouvri\u00e8re (il fau\u00addrait savoir exac\u00adte\u00adment ce qu\u2019elle est et quelles sont ses limites) suit le ma\u00eetre comme elle l\u2019a sou\u00advent sui\u00advi et, demain, si elle n\u2019est pas contente de celui-l\u00e0 elle en choi\u00adsi\u00adra un autre. Depuis 40 ans, il n\u2019y a plus d\u2019\u00e9\u00addu\u00adca\u00adtion ouvri\u00e8re, 40 ans de sta\u00adli\u00adnisme ont jou\u00e9 leur r\u00f4le, la classe ouvri\u00e8re n\u2019existe pas actuel\u00adle\u00adment en tant que force r\u00e9elle pour s\u2019oc\u00adcu\u00adper des affaires qui l\u2019in\u00adt\u00e9\u00adressent. Il est n\u00e9ces\u00adsaire, avant de pen\u00adser \u00e0 cela, de revoir le pro\u00adbl\u00e8me et de reprendre l\u2019\u00e9\u00addu\u00adca\u00adtion ouvri\u00e8re \u00e0 son point de d\u00e9part. L\u2019h\u00e9\u00adri\u00adtage du capi\u00adta\u00adlisme ne revient pas n\u00e9ces\u00adsai\u00adre\u00adment \u00e0 la classe ouvri\u00e8re, il faut que celle-ci avant tout veuille et tra\u00advaille pour y abou\u00adtir. Depuis 40 ans, elle n\u2019a rien fait pour prendre la ges\u00adtion de l\u2019\u00e9\u00adco\u00adno\u00admie dans toutes les par\u00adties du monde. Lors\u00adqu\u2019elle a lut\u00adt\u00e9, ce n\u2019est que pour la d\u00e9fen\u00adsive et dans des p\u00e9riodes de recul. La classe ouvri\u00e8re jus\u00adqu\u2019i\u00adci n\u2019a jamais atta\u00adqu\u00e9 l\u2019ordre des choses, elle ne r\u00e9us\u00adsi\u00adra jamais en se conten\u00adtant de la d\u00e9fensive.<\/p>\n<p>Le n\u00b011 est \u00e0 mon avis navrant. Pour\u00adquoi un num\u00e9\u00adro sp\u00e9\u00adcial sur la gauche&nbsp;? Je ne pense pas que la classe ouvri\u00e8re a un point de com\u00admun et a un pas \u00e0 fran\u00adchir avec cette gauche qu\u2019elle soit radi\u00adcale, socia\u00adliste, com\u00admu\u00adniste, U.G.S. ou autre, la gauche fait par\u00adtie du sys\u00adt\u00e8me que nous vou\u00adlons d\u00e9mo\u00adlir et je suis navr\u00e9 de voir la revue N &amp; R jeter des fleurs \u00e0 Albert Bayet, homme essen\u00adtiel\u00adle\u00adment du r\u00e9gime.<\/p>\n<p>En esp\u00e9\u00adrant trou\u00adver des choses plus int\u00e9\u00adres\u00adsantes dans les pro\u00adchains num\u00e9\u00adros (je ne demande pas de choses o\u00f9 je suis poli\u00adti\u00adque\u00adment d\u2019ac\u00adcord, il est nor\u00admal que des diver\u00adgences existent), re\u00e7ois, etc.<\/p>\n<p>G.P.<\/p><\/div>\n","protected":false},"excerpt":{"rendered":"<p>[(L\u2019a\u00adbon\u00addance des mati\u00e8res de ce num\u00e9\u00adro nous contraint \u00e0 ne publier qu\u2019une seule lettre de lec\u00adteur. Nous l\u2019a\u00advons choi\u00adsie en rai\u00adson des vives cri\u00adtiques qu\u2019elle nous adresse et du fait que ces cri\u00adtiques portent sur nos quatre der\u00adniers cahiers.)] Du cama\u00adrade G.P. de Cha\u00ad\u00adte\u00ad\u00adnay-Mala\u00ad\u00adbry&nbsp;: Je ne suis pas d\u2019ac\u00adcord avec les posi\u00adtions de \u00ab&nbsp;Noir&nbsp;et&nbsp;[\u2026]<\/p>\n","protected":false},"author":1,"featured_media":0,"comment_status":"closed","ping_status":"closed","sticky":false,"template":"","format":"standard","meta":{"wp_typography_post_enhancements_disabled":false,"footnotes":""},"categories":[191],"tags":[],"ppma_author":[540],"class_list":["post-1719","post","type-post","status-publish","format-standard","hentry","category-noir-rouge-na12-hiver-1959"],"authors":[{"term_id":540,"user_id":1,"is_guest":0,"slug":"admin_3gikpwyf","display_name":"Vincent Dubuc","avatar_url":"https:\/\/secure.gravatar.com\/avatar\/d015720652c25fd2ced191ade86430094e1f288a17483713e3b34d26dea52507?s=96&d=mm&r=g","author_category":"","user_url":"https:\/\/la-presse-anarchiste.net","last_name":"Dubuc","first_name":"Vincent","job_title":"","description":""}],"_links":{"self":[{"href":"https:\/\/la-presse-anarchiste.net\/index.php\/wp-json\/wp\/v2\/posts\/1719","targetHints":{"allow":["GET"]}}],"collection":[{"href":"https:\/\/la-presse-anarchiste.net\/index.php\/wp-json\/wp\/v2\/posts"}],"about":[{"href":"https:\/\/la-presse-anarchiste.net\/index.php\/wp-json\/wp\/v2\/types\/post"}],"author":[{"embeddable":true,"href":"https:\/\/la-presse-anarchiste.net\/index.php\/wp-json\/wp\/v2\/users\/1"}],"replies":[{"embeddable":true,"href":"https:\/\/la-presse-anarchiste.net\/index.php\/wp-json\/wp\/v2\/comments?post=1719"}],"version-history":[{"count":0,"href":"https:\/\/la-presse-anarchiste.net\/index.php\/wp-json\/wp\/v2\/posts\/1719\/revisions"}],"wp:attachment":[{"href":"https:\/\/la-presse-anarchiste.net\/index.php\/wp-json\/wp\/v2\/media?parent=1719"}],"wp:term":[{"taxonomy":"category","embeddable":true,"href":"https:\/\/la-presse-anarchiste.net\/index.php\/wp-json\/wp\/v2\/categories?post=1719"},{"taxonomy":"post_tag","embeddable":true,"href":"https:\/\/la-presse-anarchiste.net\/index.php\/wp-json\/wp\/v2\/tags?post=1719"},{"taxonomy":"author","embeddable":true,"href":"https:\/\/la-presse-anarchiste.net\/index.php\/wp-json\/wp\/v2\/ppma_author?post=1719"}],"curies":[{"name":"wp","href":"https:\/\/api.w.org\/{rel}","templated":true}]}}