{"id":1720,"date":"2008-10-28T05:11:35","date_gmt":"2008-10-28T05:11:35","guid":{"rendered":"https:\/\/la-presse-anarchiste.net\/index.php\/2008\/10\/28\/editorial-14\/"},"modified":"2008-10-28T05:11:35","modified_gmt":"2008-10-28T05:11:35","slug":"editorial-14","status":"publish","type":"post","link":"https:\/\/la-presse-anarchiste.net\/index.php\/2008\/10\/28\/editorial-14\/","title":{"rendered":"\u00c9ditorial"},"content":{"rendered":"<div class=\"pdfprnt-buttons pdfprnt-buttons-post pdfprnt-top-right\"><a href=\"https:\/\/la-presse-anarchiste.net\/index.php\/wp-json\/wp\/v2\/posts\/1720?print=pdf\" class=\"pdfprnt-button pdfprnt-button-pdf\" target=\"_blank\"><img decoding=\"async\" src=\"https:\/\/la-presse-anarchiste.net\/wp-content\/plugins\/pdf-print\/images\/pdf.png\" alt=\"image_pdf\" title=\"Afficher le PDF\"><\/a><a href=\"https:\/\/la-presse-anarchiste.net\/index.php\/wp-json\/wp\/v2\/posts\/1720?print=print\" class=\"pdfprnt-button pdfprnt-button-print\" target=\"_blank\"><img decoding=\"async\" src=\"https:\/\/la-presse-anarchiste.net\/wp-content\/plugins\/pdf-print\/images\/print.png\" alt=\"image_print\" title=\"Contenu imprim\u00e9\"><\/a><\/div><div align=\"justify\">\nIl y a fort \u00e0 parier que pour les his\u00adto\u00adriens de l\u2019a\u00adve\u00adnir le fait le plus mar\u00adquant de ces der\u00adniers mois ne sera pas le 13 mai, le retour au pou\u00advoir de De Gaulle et la V<sup>e<\/sup> R\u00e9pu\u00adblique, mais bien le lan\u00adce\u00adment du Mar\u00adch\u00e9 Commun.\n<p>Cette grande ini\u00adtia\u00adtive patro\u00adnale d\u00e9passe de loin tous les cal\u00adculs et pro\u00adjets de nos hommes et mou\u00adve\u00adments de gauche encore attar\u00add\u00e9s \u00e0 sup\u00adpu\u00adter les chances d\u2019une socia\u00adli\u00adsa\u00adtion de l\u2019\u00e9\u00adco\u00adno\u00admie fran\u00ad\u00e7aise. Comme si l\u2019\u00e9\u00adco\u00adno\u00admie fran\u00ad\u00e7aise exis\u00adtait encore r\u00e9ellement.<\/p>\n<p>L\u2019ins\u00adtal\u00adla\u00adtion pro\u00adgres\u00adsive du Mar\u00adch\u00e9 com\u00admun, pra\u00adti\u00adque\u00adment imper\u00adcep\u00adtible certes au niveau de la consom\u00adma\u00adtion cou\u00adrante, doit entra\u00ee\u00adner d\u2019i\u00adci quelques ann\u00e9es seule\u00adment l\u2019u\u00adni\u00adfi\u00adca\u00adtion de l\u2019\u00e9\u00adco\u00adno\u00admie conti\u00adnen\u00adtale euro\u00adp\u00e9enne. Telle est la d\u00e9ci\u00adsion du grand capital.<\/p>\n<p>Depuis le Car\u00adtel inter\u00adna\u00adtio\u00adnal de l\u2019A\u00adcier avant guerre et le Plan Schu\u00adman apr\u00e8s, il a soi\u00adgneu\u00adse\u00adment pr\u00e9\u00adpa\u00adr\u00e9 l\u2019op\u00e9ration.<\/p>\n<p>L\u2019u\u00adni\u00adfi\u00adca\u00adtion poli\u00adtique ne doit pas suivre. Et sur\u00adtout pas l\u2019u\u00adni\u00adfi\u00adca\u00adtion syn\u00addi\u00adcale et ouvri\u00e8re.<\/p>\n<h2>\u2014 O \u2014<\/h2>\n<p>Quelle peut \u00eatre la posi\u00adtion anar\u00adchiste face \u00e0 cet \u00e9v\u00e9nement&nbsp;?<\/p>\n<p>1\u00b0) s\u2019en d\u00e9s\u00adin\u00adt\u00e9\u00adres\u00adser, comme de tout ce qui est impor\u00adtant mais sort du cadre de nos pr\u00e9\u00adoc\u00adcu\u00adpa\u00adtions habituelles.<\/p>\n<p>2\u00b0) pleur\u00adni\u00adcher comme les par\u00adtis socia\u00adliste et com\u00admu\u00adniste et autre pou\u00adja\u00addiste sur les sec\u00adteurs mar\u00adgi\u00adnaux de l\u2019\u00e9\u00adco\u00adno\u00admie capi\u00adta\u00adliste que cela met en danger.<\/p>\n<p>3\u00b0) ou essayer de devan\u00adcer les capi\u00adta\u00adlistes euro\u00adp\u00e9ens en \u00e9tant plus inter\u00adna\u00adtio\u00adna\u00adlistes qu\u2019eux et tra\u00advailler \u00e0 ce qu\u2019\u00e0 l\u2019in\u00adter\u00adna\u00adtio\u00adnale des patrons r\u00e9ponde une inter\u00adna\u00adtio\u00adnale ouvri\u00e8re R\u00c9ELLE.<\/p>\n<h2>\u2014 O \u2014<\/h2>\n<p>Il y a 7 ans d\u00e9j\u00e0, nous d\u00e9non\u00adcions en vain dans \u00ab&nbsp;Le Liber\u00adtaire&nbsp;\u00bb le scan\u00addale qu\u2019\u00e9\u00adtait l\u2019exis\u00adtence d\u2019un pool char\u00adbon-acier se jouant des fron\u00adti\u00e8res alors que syn\u00addi\u00adcats, gr\u00e8ves et reven\u00addi\u00adca\u00adtions s\u2019y arr\u00ea\u00adtaient. Depuis, chaque pro\u00adl\u00e9\u00adta\u00adriat, chaque pay\u00adsan\u00adnat a conti\u00adnu\u00e9 sa vie natio\u00adnale s\u00e9pa\u00adr\u00e9e, tan\u00addis que le capi\u00adta\u00adlisme coor\u00addonne chaque ann\u00e9e un peu plus ses m\u00e9thodes et ses int\u00e9r\u00eats.<\/p>\n<p>Et le jour est arri\u00adv\u00e9 o\u00f9, apr\u00e8s Krupp, de Wen\u00addel et Cocke\u00adrill, des com\u00adp\u00e8res comme Renault, Fiat et Volks\u00adwa\u00adgen peuvent jouer leurs ouvriers les uns contre les autres sans que ces der\u00adniers aient seule\u00adment appris \u00e0 se conna\u00eetre. Sans que les m\u00e9tal\u00adlos de Nantes-St Nazaire et du Schles\u00adwig-Hol\u00adstein aient com\u00adpa\u00adr\u00e9 leurs luttes.<\/p>\n<p>Emp\u00ea\u00adtr\u00e9es par leurs bureau\u00adcra\u00adties dans le jeu natio\u00adnal et par\u00adle\u00admen\u00adtaire les classes ouvri\u00e8res sont moins capables de se d\u00e9ga\u00adger d\u2019un cadre d\u00e9suet que leurs exploiteurs.<\/p>\n<h2>\u2014 O \u2014<\/h2>\n<p>Qu\u2019est l\u2019Eu\u00adrope des six&nbsp;? Une Europe conti\u00adnen\u00adtale tron\u00adqu\u00e9e certes de tout l\u2019Est sous-d\u00e9ve\u00adlop\u00adp\u00e9 domi\u00adn\u00e9 par la Rus\u00adsie, et de quelques pays de troi\u00adsi\u00e8me ordre (Suisse, Autriche, Ib\u00e9\u00adrie, Gr\u00e8ce) qui risquent d\u2019\u00eatre entra\u00ee\u00adn\u00e9s dans son orbite.<\/p>\n<p>C\u2019est sur\u00adtout un ensemble \u00e9co\u00adno\u00admique indus\u00adtria\u00adli\u00ads\u00e9 com\u00adpa\u00adrable seule\u00adment \u00e0 l\u2019URSS et aux&nbsp;USA.<\/p>\n<p>C\u2019est pour la pre\u00admi\u00e8re fois le conti\u00adnent euro\u00adp\u00e9en sur\u00admon\u00adtant la divi\u00adsion impo\u00ads\u00e9e par l\u2019An\u00adgle\u00adterre et pou\u00advant sur\u00adclas\u00adser celle-ci.<\/p>\n<p>C\u2019est la France bas\u00adcu\u00adlant du c\u00f4t\u00e9 de l\u2019Al\u00adle\u00admagne apr\u00e8s avoir \u00e9t\u00e9 depuis 50 ans un satel\u00adlite diplo\u00adma\u00adtique de l\u2019Angleterre.<\/p>\n<p>C\u2019est aus\u00adsi un pro\u00adl\u00e9\u00adta\u00adriat des plus exp\u00e9\u00adri\u00admen\u00adt\u00e9s au pas\u00ads\u00e9 r\u00e9vo\u00adlu\u00adtion\u00adnaire des plus riches, ayant v\u00e9cu par ins\u00adtant des d\u00e9buts d\u2019ac\u00adtion com\u00admune (1918\u200a\u2013\u200a19, 1936,&nbsp;1945).<\/p>\n<p>C\u2019est ceci qui nous int\u00e9resse.<\/p>\n<p>Nous ne sommes plus \u00e0 l\u2019\u00e9\u00adpoque o\u00f9 lorsque Paris bou\u00adgeait l\u2019Eu\u00adrope trem\u00adblai d\u2019un bout \u00e0 l\u2019autre (1830, 1848).<\/p>\n<p>Mais la lutte de la classe ouvri\u00e8re euro\u00adp\u00e9enne est un fac\u00adteur d\u2019un tout autre&nbsp;poids&nbsp;:<br>\n<br>\u2014 D\u2019un poids d\u00e9ci\u00adsif par sa rela\u00adtive iner\u00adtie apr\u00e8s&nbsp;1918<br>\n<br>\u2014 D\u2019un poids d\u00e9ci\u00adsif par son dyna\u00admisme si elle sait le retrouver.<\/p>\n<p>Encore lui reste-t-il \u00e0 prendre conscience de sa&nbsp;force.<\/p>\n<p>Noir et&nbsp;Rouge&nbsp;<\/p><\/div>\n","protected":false},"excerpt":{"rendered":"<p>Il y a fort \u00e0 parier que pour les his\u00adto\u00adriens de l\u2019a\u00adve\u00adnir le fait le plus mar\u00adquant de ces der\u00adniers mois ne sera pas le 13 mai, le retour au pou\u00advoir de De Gaulle et la Ve R\u00e9pu\u00adblique, mais bien le lan\u00adce\u00adment du Mar\u00adch\u00e9 Com\u00admun. Cette grande ini\u00adtia\u00adtive patro\u00adnale d\u00e9passe de loin tous les calculs&nbsp;[\u2026]<\/p>\n","protected":false},"author":1,"featured_media":0,"comment_status":"closed","ping_status":"closed","sticky":false,"template":"","format":"standard","meta":{"wp_typography_post_enhancements_disabled":false,"footnotes":""},"categories":[191],"tags":[],"ppma_author":[540],"class_list":["post-1720","post","type-post","status-publish","format-standard","hentry","category-noir-rouge-na12-hiver-1959"],"authors":[{"term_id":540,"user_id":1,"is_guest":0,"slug":"admin_3gikpwyf","display_name":"Vincent Dubuc","avatar_url":"https:\/\/secure.gravatar.com\/avatar\/d015720652c25fd2ced191ade86430094e1f288a17483713e3b34d26dea52507?s=96&d=mm&r=g","author_category":"","user_url":"https:\/\/la-presse-anarchiste.net","last_name":"Dubuc","first_name":"Vincent","job_title":"","description":""}],"_links":{"self":[{"href":"https:\/\/la-presse-anarchiste.net\/index.php\/wp-json\/wp\/v2\/posts\/1720","targetHints":{"allow":["GET"]}}],"collection":[{"href":"https:\/\/la-presse-anarchiste.net\/index.php\/wp-json\/wp\/v2\/posts"}],"about":[{"href":"https:\/\/la-presse-anarchiste.net\/index.php\/wp-json\/wp\/v2\/types\/post"}],"author":[{"embeddable":true,"href":"https:\/\/la-presse-anarchiste.net\/index.php\/wp-json\/wp\/v2\/users\/1"}],"replies":[{"embeddable":true,"href":"https:\/\/la-presse-anarchiste.net\/index.php\/wp-json\/wp\/v2\/comments?post=1720"}],"version-history":[{"count":0,"href":"https:\/\/la-presse-anarchiste.net\/index.php\/wp-json\/wp\/v2\/posts\/1720\/revisions"}],"wp:attachment":[{"href":"https:\/\/la-presse-anarchiste.net\/index.php\/wp-json\/wp\/v2\/media?parent=1720"}],"wp:term":[{"taxonomy":"category","embeddable":true,"href":"https:\/\/la-presse-anarchiste.net\/index.php\/wp-json\/wp\/v2\/categories?post=1720"},{"taxonomy":"post_tag","embeddable":true,"href":"https:\/\/la-presse-anarchiste.net\/index.php\/wp-json\/wp\/v2\/tags?post=1720"},{"taxonomy":"author","embeddable":true,"href":"https:\/\/la-presse-anarchiste.net\/index.php\/wp-json\/wp\/v2\/ppma_author?post=1720"}],"curies":[{"name":"wp","href":"https:\/\/api.w.org\/{rel}","templated":true}]}}