{"id":1721,"date":"2008-11-04T15:43:54","date_gmt":"2008-11-04T15:43:54","guid":{"rendered":"https:\/\/la-presse-anarchiste.net\/index.php\/2008\/11\/04\/paroles-en-lair\/"},"modified":"2008-11-04T15:43:54","modified_gmt":"2008-11-04T15:43:54","slug":"paroles-en-lair","status":"publish","type":"post","link":"https:\/\/la-presse-anarchiste.net\/index.php\/2008\/11\/04\/paroles-en-lair\/","title":{"rendered":"Paroles en&nbsp;l\u2019air"},"content":{"rendered":"<div class=\"pdfprnt-buttons pdfprnt-buttons-post pdfprnt-top-right\"><a href=\"https:\/\/la-presse-anarchiste.net\/index.php\/wp-json\/wp\/v2\/posts\/1721?print=pdf\" class=\"pdfprnt-button pdfprnt-button-pdf\" target=\"_blank\"><img decoding=\"async\" src=\"https:\/\/la-presse-anarchiste.net\/wp-content\/plugins\/pdf-print\/images\/pdf.png\" alt=\"image_pdf\" title=\"Afficher le PDF\"><\/a><a href=\"https:\/\/la-presse-anarchiste.net\/index.php\/wp-json\/wp\/v2\/posts\/1721?print=print\" class=\"pdfprnt-button pdfprnt-button-print\" target=\"_blank\"><img decoding=\"async\" src=\"https:\/\/la-presse-anarchiste.net\/wp-content\/plugins\/pdf-print\/images\/print.png\" alt=\"image_print\" title=\"Contenu imprim\u00e9\"><\/a><\/div><div align=\"justify\">\nQuoi de neuf dans ce pays dont les fron\u00adti\u00e8res \u00ab&nbsp;vont de Dun\u00adkerque \u00e0 Taman\u00adras\u00adset&nbsp;\u00bb en pas\u00adsant par le royaume du p\u00e8re Ubu (\u00d4 machine \u00e0 d\u00e9cer\u00adve\u00adler!)? La mala\u00addie suit son cours. \u00c0 quoi bon s\u2019in\u00addi\u00adgner de la condi\u00adtion faite aux tra\u00advailleurs, de la pour\u00adsuite de la tue\u00adrie d\u2019Al\u00adg\u00e9\u00adrie, du patient tra\u00advail de \u00ab&nbsp;recon\u00adqu\u00eate&nbsp;\u00bb par les par\u00adtis et les bureau\u00adcra\u00adties syn\u00addi\u00adcales d\u2019une clien\u00adt\u00e8le un moment las\u00ads\u00e9e&nbsp;? Ce peuple accepte tout, et nous aurions la satis\u00adfac\u00adtion toute jour\u00adna\u00adlis\u00adtique de \u00ab&nbsp;ton\u00adner&nbsp;\u00bb un bon coup contre les m\u00e9chants diri\u00adgeants, comme le font heb\u00addo\u00adma\u00addai\u00adre\u00adment les braves gens de la Gauche qui voient en cer\u00adtaines binettes (peu attrayantes, d\u2019ac\u00adcord!) la cause pre\u00admi\u00e8re de tous nos maux. Ah&nbsp;! si Men\u00add\u00e8s-France, Depreux ou Mit\u00adte\u00adrand avaient \u00e9t\u00e9 \u00e9lus, cela aurait \u00e9t\u00e9 dif\u00adf\u00e9\u00adrent et la \u00ab&nbsp;vraie&nbsp;\u00bb R\u00e9pu\u00adblique \u00e9tait sau\u00adv\u00e9e&nbsp;! Parce que pour ces gens (dont cer\u00adtains se disent m\u00eame \u00ab&nbsp;r\u00e9vo\u00adlu\u00adtion\u00adnaires&nbsp;\u00bb, et allez donc!) pas ques\u00adtion, bien enten\u00addu, de mettre en cause <i>le prin\u00adcipe<\/i> de gou\u00adver\u00adne\u00adment ou d\u2019ar\u00adm\u00e9e, le capi\u00adta\u00adlisme, les \u00e9lec\u00adtions, la France \u00e9ter\u00adnelle, et sur\u00adtout pas l\u2019\u00c9\u00adtat. Seuls les r\u00eaveurs, les anar\u00adchistes pour tout dire, se pr\u00e9\u00adoc\u00adcupent de tels pro\u00adbl\u00e8mes, les malheureux&nbsp;!\n<p>Non, le \u00ab&nbsp;s\u00e9rieux&nbsp;\u00bb, le \u00ab&nbsp;concret&nbsp;\u00bb, l\u2019\u00abefficace&nbsp;\u00bb, c\u2019est l\u2019\u00c9\u00adtat et ses poli\u00adti\u00adciens, soyons r\u00e9a\u00adlistes et redon\u00adnons-leurs nos voix, nous r\u00e9pond-t-on. Bien. Mais quand tout un peuple, et ses tra\u00advailleurs en par\u00adti\u00adcu\u00adlier, a pris l\u2019ha\u00adbi\u00adtude de <i>d\u00e9l\u00e9\u00adguer ses pou\u00advoirs<\/i> en se repo\u00adsant confor\u00adta\u00adble\u00adment, voire en s\u2019en\u00addor\u00admant, sur qui est cen\u00ads\u00e9 le repr\u00e9\u00adsen\u00adter, le r\u00e9veil se tra\u00adduit un jour par un vigou\u00adreux coup de botte quelque part au bas de la colonne ver\u00adt\u00e9\u00adbrale. Bien s\u00fbr il y a d\u00e9l\u00e9\u00adga\u00adtion et d\u00e9l\u00e9\u00adga\u00adtion, et on ne peut confondre la d\u00e9l\u00e9\u00adga\u00adtion au par\u00adle\u00adment bour\u00adgeois (ou \u00ab&nbsp;popu\u00adlaire&nbsp;\u00bb) avec celle que confie\u00adraient des tra\u00advailleurs orga\u00adni\u00ads\u00e9s \u00e0 leurs soviets, conseils ouvriers, com\u00admunes, etc. Mais, m\u00eame sur le plan syn\u00addi\u00adcal, faut-il encore que le d\u00e9l\u00e9\u00adgu\u00e9 repr\u00e9\u00adsente vrai\u00adment ses man\u00addants, ce qui implique un contr\u00f4le de leur part. Or, que s\u2019est-il pas\u00ads\u00e9 dans ce pays&nbsp;? On a vu les tra\u00advailleurs syn\u00addi\u00adqu\u00e9s prendre de plus en plus la douce habi\u00adtude de lais\u00adser carte blanche la plus abso\u00adlue aux d\u00e9l\u00e9\u00adgu\u00e9s, avec des rai\u00adson\u00adne\u00adments du genre&nbsp;: \u00ab&nbsp;Pas besoin de se cas\u00adser la t\u00eate, le copain est l\u00e0 pour \u00e7a, il le fera mieux que moi&nbsp;! Et puis c\u2019est un bou\u00adlot emmerdent. J\u2019ai pay\u00e9 mon timbre, alors\u2026\u00bb). Bien s\u00fbr il y a eu des excep\u00adtions, mais les cou\u00adra\u00adgeuses r\u00e9ac\u00adtions mino\u00adri\u00adtaires furent noy\u00e9es dans l\u2019a\u00admor\u00adphie g\u00e9n\u00e9\u00adrale. Les syn\u00addi\u00adcats poli\u00adti\u00ads\u00e9s n\u2019en deman\u00addaient d\u2019ailleurs pas plus et, de \u00ab&nbsp;gr\u00e8ves tour\u00adnantes&nbsp;\u00bb (cette g\u00e9niale inven\u00adtion impo\u00ads\u00e9e \u00e0 la C.G.T. par l\u2019in\u00adfect Jou\u00adhaux, sous le nom de \u00ab&nbsp;vagues suc\u00adces\u00adsives&nbsp;\u00bb, et qui per\u00admit de bri\u00adser la grande gr\u00e8ve des che\u00admi\u00adnots de f\u00e9vrier 1920, rap\u00adpe\u00adlons-le en pas\u00adsant) en \u00ab&nbsp;Ridg\u00adway-la-peste&nbsp;\u00bb, les tra\u00advailleurs se pr\u00e9\u00adpa\u00adraient de beaux jours\u2026 Bien enten\u00addu, si la C.G,T. accom\u00adplis\u00adsait son tra\u00advail de d\u00e9mo\u00adbi\u00adli\u00adsa\u00adtion ouvri\u00e8re, F.O. n\u2019\u00e9\u00adtait pas en reste et tra\u00advaillait dur de son c\u00f4t\u00e9 pour le \u00ab&nbsp;monde libre&nbsp;\u00bb (com\u00adpo\u00ads\u00e9 de Mol\u00adlet, de l\u2019Oc\u00adci\u00addent, des U.S.A., etc.).<\/p>\n<p>Pen\u00addant ce temps-l\u00e0, les guerres colo\u00adniales se d\u00e9cha\u00ee\u00adnaient, mais, dans l\u2019en\u00adsemble, les tra\u00advailleurs se sen\u00adtaient la conscience (de classe!) tran\u00adquille&nbsp;: la paye \u00e9tait bonne, gr\u00e2ce aux heures sup\u00adpl\u00e9\u00admen\u00adtaires exi\u00adg\u00e9es par le patro\u00adnat et accep\u00adt\u00e9es avec joie par le trop grand nombre. Ils avaient vot\u00e9 \u00ab&nbsp;ouvrier&nbsp;\u00bb au par\u00adle\u00adment et ren\u00adfor\u00adc\u00e9 de leurs voix les syn\u00addi\u00adcats en place. Quand aux non-syn\u00addi\u00adqu\u00e9s, \u00ab&nbsp;ceux-qui-ne-font-pas-de-poli\u00adtique-\u00e0-l\u2019u\u00adsine&nbsp;\u00bb (ou sur tout autre lieu de tra\u00advail) mais lisent \u00ab&nbsp;Le Pari\u00adsien Lib\u00e9\u00adr\u00e9&nbsp;\u00bb qui en fait pour eux, ils en fai\u00adsaient\u2026 dehors et votaient pour les par\u00adtis ad\u00e9\u00adquats, rejoi\u00adgnant en cela le bon peuple de France. La consigne \u00e9tait&nbsp;: \u00ab&nbsp;Sur\u00adtout pas d\u2019ac\u00adtion directe&nbsp;! Du calme, de la l\u00e9ga\u00adli\u00adt\u00e9&nbsp;! de l\u2019ordre, citoyens&nbsp;! de l\u2019ordre, cama\u00adrades&nbsp;! Et faites-nous confiance&nbsp;\u00bb. Puis ce fut le 13 mai, l\u2019ap\u00adpel \u00e0 Sa Hau\u00adteur, et l\u2019es\u00adpoir pour les braves gens fins pr\u00eats pour la cure de coups de pieds au cul. Ils vou\u00adlaient un Homme-fort pour se sen\u00adtir <i>diri\u00adg\u00e9s<\/i>, ils l\u2019a\u00advaient enfin et lui d\u00e9l\u00e9\u00adguaient tous les pou\u00advoirs. Quand aux autres, ceux qui par\u00admi \u00ab&nbsp;la gauche&nbsp;\u00bb vot\u00e8rent tout de m\u00eame pour LUI, ils s\u2019en remet\u00adtaient \u00e9ga\u00adle\u00adment \u00e0 ses bons soins, pour finir la guerre l\u2019Al\u00adg\u00e9\u00adrie, pour sau\u00adver la R\u00e9pu\u00adblique, etc. Avec LUI, on allait voir. On a vu. Et on n\u2019a pas fini d\u2019en&nbsp;voir.<\/p>\n<p>Avec LUI, ou avec un autre, ras\u00adsu\u00adrons-nous. Car d\u00e9j\u00e0, comme les fesses du peuple sou\u00adve\u00adrain mur\u00admurent, les por\u00adteurs de solu\u00adtions nou\u00advelles (et garan\u00adties irr\u00e9\u00adtr\u00e9\u00adcis\u00adsables au lavage) appa\u00adraissent \u00e0 l\u2019ho\u00adri\u00adzon, C\u2019\u00e9\u00adtait simple mais il fal\u00adlait y pen\u00adser&nbsp;: chan\u00adger les hommes&nbsp;!<\/p>\n<p>Quant aux ins\u00adti\u00adtu\u00adtions, elles, on n\u2019y touche pas&nbsp;! Pas plus qu\u2019\u00e0 ces belles, bonnes, saintes Id\u00e9es qui font que la soci\u00e9\u00adt\u00e9 ne sau\u00adrait \u00eatre remise en ques\u00adtion, que les chefs sont n\u00e9ces\u00adsaires pour diri\u00adger, les flics pour assu\u00adrer \u00ab&nbsp;l\u2019ordre&nbsp;\u00bb, les patrons du bou\u00adlot. Puis\u00adqu\u2019au\u00adcune autre solu\u00adtion n\u2019est envi\u00adsa\u00adg\u00e9e, pour le moment, que par\u00adle\u00admen\u00adtaire ou dic\u00adta\u00adto\u00adriale, on rever\u00adra les chefs de \u00ab&nbsp;gauche&nbsp;\u00bb suc\u00adc\u00e9\u00adder aux chefs de \u00ab&nbsp;droite&nbsp;\u00bb comme au man\u00e8ge des che\u00advaux de bois. (la seule dif\u00adf\u00e9\u00adrence est qu\u2019il s\u2019a\u00adgit ici de che\u00advaux de retour). Revien\u00addront-ils tout de suite ou un peu plus tard&nbsp;? La ques\u00adtion est de peu d\u2019im\u00adpor\u00adtance et le fait que les \u00ab&nbsp;oui-ouistes&nbsp;\u00bb d\u2019hier votent un jour P.C. ou S.F.I.O. <i>ne chan\u00adge\u00adra rien au r\u00e9gime d\u2019ex\u00adploi\u00adta\u00adtion<\/i>. C\u2019est cela, l\u2019important.<\/p>\n<p>Chris\u00adtian\n<\/p><\/div>\n","protected":false},"excerpt":{"rendered":"<p>Quoi de neuf dans ce pays dont les fron\u00adti\u00e8res \u00ab&nbsp;vont de Dun\u00adkerque \u00e0 Taman\u00adras\u00adset&nbsp;\u00bb en pas\u00adsant par le royaume du p\u00e8re Ubu (\u00d4 machine \u00e0 d\u00e9cer\u00adve\u00adler!)? La mala\u00addie suit son cours. \u00c0 quoi bon s\u2019in\u00addi\u00adgner de la condi\u00adtion faite aux tra\u00advailleurs, de la pour\u00adsuite de la tue\u00adrie d\u2019Al\u00adg\u00e9\u00adrie, du patient tra\u00advail de \u00ab&nbsp;recon\u00adqu\u00eate&nbsp;\u00bb par&nbsp;les&nbsp;[\u2026]<\/p>\n","protected":false},"author":1,"featured_media":0,"comment_status":"closed","ping_status":"closed","sticky":false,"template":"","format":"standard","meta":{"wp_typography_post_enhancements_disabled":false,"footnotes":""},"categories":[191],"tags":[],"ppma_author":[540],"class_list":["post-1721","post","type-post","status-publish","format-standard","hentry","category-noir-rouge-na12-hiver-1959"],"authors":[{"term_id":540,"user_id":1,"is_guest":0,"slug":"admin_3gikpwyf","display_name":"Vincent Dubuc","avatar_url":"https:\/\/secure.gravatar.com\/avatar\/d015720652c25fd2ced191ade86430094e1f288a17483713e3b34d26dea52507?s=96&d=mm&r=g","author_category":"","user_url":"https:\/\/la-presse-anarchiste.net","last_name":"Dubuc","first_name":"Vincent","job_title":"","description":""}],"_links":{"self":[{"href":"https:\/\/la-presse-anarchiste.net\/index.php\/wp-json\/wp\/v2\/posts\/1721","targetHints":{"allow":["GET"]}}],"collection":[{"href":"https:\/\/la-presse-anarchiste.net\/index.php\/wp-json\/wp\/v2\/posts"}],"about":[{"href":"https:\/\/la-presse-anarchiste.net\/index.php\/wp-json\/wp\/v2\/types\/post"}],"author":[{"embeddable":true,"href":"https:\/\/la-presse-anarchiste.net\/index.php\/wp-json\/wp\/v2\/users\/1"}],"replies":[{"embeddable":true,"href":"https:\/\/la-presse-anarchiste.net\/index.php\/wp-json\/wp\/v2\/comments?post=1721"}],"version-history":[{"count":0,"href":"https:\/\/la-presse-anarchiste.net\/index.php\/wp-json\/wp\/v2\/posts\/1721\/revisions"}],"wp:attachment":[{"href":"https:\/\/la-presse-anarchiste.net\/index.php\/wp-json\/wp\/v2\/media?parent=1721"}],"wp:term":[{"taxonomy":"category","embeddable":true,"href":"https:\/\/la-presse-anarchiste.net\/index.php\/wp-json\/wp\/v2\/categories?post=1721"},{"taxonomy":"post_tag","embeddable":true,"href":"https:\/\/la-presse-anarchiste.net\/index.php\/wp-json\/wp\/v2\/tags?post=1721"},{"taxonomy":"author","embeddable":true,"href":"https:\/\/la-presse-anarchiste.net\/index.php\/wp-json\/wp\/v2\/ppma_author?post=1721"}],"curies":[{"name":"wp","href":"https:\/\/api.w.org\/{rel}","templated":true}]}}