{"id":1725,"date":"2008-11-04T21:30:06","date_gmt":"2008-11-04T21:30:06","guid":{"rendered":"https:\/\/la-presse-anarchiste.net\/index.php\/2008\/11\/04\/contre-le-parti\/"},"modified":"2008-11-04T21:30:06","modified_gmt":"2008-11-04T21:30:06","slug":"contre-le-parti","status":"publish","type":"post","link":"https:\/\/la-presse-anarchiste.net\/index.php\/2008\/11\/04\/contre-le-parti\/","title":{"rendered":"Contre le&nbsp;Parti"},"content":{"rendered":"<div class=\"pdfprnt-buttons pdfprnt-buttons-post pdfprnt-top-right\"><a href=\"https:\/\/la-presse-anarchiste.net\/index.php\/wp-json\/wp\/v2\/posts\/1725?print=pdf\" class=\"pdfprnt-button pdfprnt-button-pdf\" target=\"_blank\"><img decoding=\"async\" src=\"https:\/\/la-presse-anarchiste.net\/wp-content\/plugins\/pdf-print\/images\/pdf.png\" alt=\"image_pdf\" title=\"Afficher le PDF\"><\/a><a href=\"https:\/\/la-presse-anarchiste.net\/index.php\/wp-json\/wp\/v2\/posts\/1725?print=print\" class=\"pdfprnt-button pdfprnt-button-print\" target=\"_blank\"><img decoding=\"async\" src=\"https:\/\/la-presse-anarchiste.net\/wp-content\/plugins\/pdf-print\/images\/print.png\" alt=\"image_print\" title=\"Contenu imprim\u00e9\"><\/a><\/div><div align=\"justify\">\nNous tenons abso\u00adlu\u00adment \u00e0 pr\u00e9\u00adci\u00adser au lec\u00adteur un cer\u00adtain nombre de notions qui ont pr\u00e9\u00adsi\u00add\u00e9 \u00e0 l\u2019\u00e9\u00adla\u00adbo\u00adra\u00adtion du texte sui\u00advant. Ceci dans le but d\u2019\u00e9\u00advi\u00adter tout malentendu.\n<p>Nous n\u2019a\u00advons pas la pr\u00e9\u00adten\u00adtion d\u2019\u00e9\u00adpui\u00adser le sujet. Ce qui deman\u00adde\u00adrait des volumes. De plus, cer\u00adtains aspects de la ques\u00adtion lors\u00adqu\u2019ils sont trop d\u00e9taill\u00e9s, peuvent assez faci\u00adle\u00adment \u00eatre remis en cause par l\u2019ex\u00adp\u00e9\u00adrience his\u00adto\u00adrique ult\u00e9\u00adrieure. Nous nous bor\u00adne\u00adrons donc \u00e0 ce qui est \u00e0 la fois essen\u00adtiel et d\u00e9fi\u00adni\u00adti\u00adve\u00adment acquis. Cet essen\u00adtiel suf\u00adfit puis\u00adqu\u2019il ne s\u2019a\u00adgit pas pour nous de r\u00e9di\u00adger une \u00ab&nbsp;bible&nbsp;\u00bb \u00e0 l\u2019u\u00adsage des r\u00e9vo\u00adlu\u00adtion\u00adnaires, les\u00adquels s\u2019en passent fort bien ou cessent d\u2019\u00eatre r\u00e9vo\u00adlu\u00adtion\u00adnaires \u00e0 par\u00adtir du moment o\u00f9 un quel\u00adconque cat\u00e9\u00adchisme leur est indis\u00adpen\u00adsable pour eux d\u2019a\u00adbord, pour le r\u00e9pandre dans les masses ensuite.\tcer\u00adtains r\u00e9vo\u00adlu\u00adtion\u00adnaires, autres que nous-m\u00eames, ayant expri\u00adm\u00e9 une par\u00adtie de nos posi\u00adtions, nous pr\u00e9\u00adci\u00adse\u00adrons dans le corps de cet article qui et quoi. Ceci n\u2019im\u00adpli\u00adquant nul\u00adle\u00adment que nous par\u00adta\u00adgions toute leur orien\u00adta\u00adtion, y com\u00adpris des insuf\u00adfi\u00adsances dont nous ferons d\u2019ailleurs \u00e9tat.<\/p>\n<p>Les termes que nous employons ont pour nous toute leur signi\u00adfi\u00adca\u00adtion ini\u00adtiale. Ils doivent \u00eatre com\u00adpris dans ce sens, c\u2019est-\u00e0-dire dans toute leur accep\u00adtion. \u00c0 titre d\u2019exemple, pr\u00e9\u00adci\u00adsons seule\u00adment que l\u2019emploi des mots \u00ab&nbsp;com\u00admu\u00adniste&nbsp;\u00bb, \u00ab&nbsp;socia\u00adliste&nbsp;\u00bb, d\u00e9si\u00adgnent les tra\u00advailleurs manuels et intel\u00adlec\u00adtuels lucides favo\u00adri\u00adsant l\u2019a\u00adv\u00e8\u00adne\u00adment d\u2019une forme de soci\u00e9\u00adt\u00e9 COMMUNISTE. L\u2019emploi de cette ter\u00admi\u00adno\u00adlo\u00adgie au sens propre ne d\u00e9signe pas MM.&nbsp;Thores et Mol\u00adlet ou leurs dis\u00adciples. Nous appel\u00adle\u00adrons ceux-ci, res\u00adpec\u00adti\u00adve\u00adment, les \u00ab&nbsp;sta\u00adli\u00adniens&nbsp;\u00bb et les \u00ab&nbsp;social-d\u00e9mo\u00adcrates&nbsp;\u00bb ou plus g\u00e9n\u00e9\u00adra\u00adle\u00adment&nbsp;: les \u00ab&nbsp;bureaucrates&nbsp;\u00bb.<\/p>\n<h2>1. De la bureaucratie\u2026<\/h2>\n<p>Depuis les \u00e9v\u00e9\u00adne\u00adments du 13 mai 1958 et la suite, tout ce qui existe en France comme orga\u00adni\u00adsa\u00adtions r\u00e9pu\u00adt\u00e9es \u00ab&nbsp;ouvri\u00e8res&nbsp;\u00bb se posent et posent \u00e0 l\u2019u\u00adsage de ce qui leur reste d\u2019au\u00addience, le pro\u00adbl\u00e8me des formes d\u2019organisation.<\/p>\n<p>Ceci n\u2019est pas nou\u00adveau. P\u00e9rio\u00addi\u00adque\u00adment le m\u00eame ph\u00e9\u00adno\u00adm\u00e8ne se pro\u00adduit. \u00c0 chaque fois que le pro\u00adl\u00e9\u00adta\u00adriat se d\u00e9tourne de ceux qui pr\u00e9\u00adten\u00addaient \u00eatre son \u00e9tat-major et celui de la r\u00e9vo\u00adlu\u00adtion socia\u00adliste. Si on se penche \u00ab&nbsp;sur le par\u00adti&nbsp;\u00bb ou \u00ab&nbsp;sur ses rap\u00adports avec les masses&nbsp;\u00bb, ce n\u2019est pas pour trou\u00adver le che\u00admin de la r\u00e9vo\u00adlu\u00adtion, mais pour cher\u00adcher un moyen de rame\u00adner les tra\u00advailleurs au ber\u00adcail bureau\u00adcra\u00adtique. Nous ne nous \u00e9ten\u00addrons pas sur les orga\u00adnismes bureau\u00adcra\u00adti\u00ads\u00e9s \u00e0 l\u2019ex\u00adtr\u00eame et de col\u00adla\u00adbo\u00adra\u00adtion avec la bour\u00adgeoi\u00adsie et l\u2019\u00c9\u00adtat que sont deve\u00adnus les syn\u00addi\u00adcats en atten\u00addant d\u2019\u00eatre com\u00adpl\u00e8\u00adte\u00adment int\u00e9\u00adgr\u00e9s \u00e0 l\u2019\u00c9\u00adtat comme dans les pays sta\u00adli\u00adniens ou de style fran\u00adquiste. Ceux qui nous parlent du Mou\u00adve\u00adment Syn\u00addi\u00adcal Uni et D\u00e9mo\u00adcra\u00adtique comme d\u2019une tarte \u00e0 la cr\u00e8me ne font que nous ser\u00advir la m\u00eame mar\u00adchan\u00addise sous un embal\u00adlage \u00e0 peine plus pr\u00e9sentable.<\/p>\n<p>La recette, c\u2019est le par\u00adti. Cer\u00adtains syn\u00addi\u00adca\u00adlistes de la C.F.T.C. et quelques poli\u00adti\u00adciens notam\u00adment du M.R.P., ont au cours de l\u2019\u00e9\u00adt\u00e9 envi\u00adsa\u00adg\u00e9 la for\u00adma\u00adtion d\u2019un \u00ab&nbsp;mou\u00adve\u00adment de la d\u00e9mo\u00adcra\u00adtie fran\u00ad\u00e7aise&nbsp;\u00bb. C\u2019est-\u00e0-dire, une sorte de par\u00adti d\u00e9mo\u00adcrate-chr\u00e9\u00adtien, social par rap\u00adport \u00e0 celui de MM.&nbsp;Bidault et Tixier-Vignan\u00adcourt. Ver\u00adba\u00adlisme social-chr\u00e9\u00adtien aurait per\u00admis un recru\u00adte\u00adment dans le mou\u00adve\u00adment ouvrier. Cette id\u00e9e n\u2019est pas com\u00adpl\u00e8\u00adte\u00adment aban\u00addon\u00adn\u00e9e, lors\u00adqu\u2019elle se repr\u00e9\u00adsen\u00adte\u00adra, nous aurons l\u2019oc\u00adca\u00adsion d\u2019en par\u00adler. Tou\u00adte\u00adfois, nous pr\u00e9\u00adci\u00adse\u00adrons d\u00e8s main\u00adte\u00adnant que la nais\u00adsance d\u2019un par\u00adti poli\u00adtique ne peut que ren\u00adcon\u00adtrer notre hos\u00adti\u00adli\u00adt\u00e9. \u00c0 plus forte rai\u00adson s\u2019il est d\u2019ins\u00adpi\u00adra\u00adtion confes\u00adsion\u00adnelle et m\u00eame si celle-ci se pr\u00e9\u00adsente sous le cou\u00advert de syndicalisme.<\/p>\n<p>1.600.000 \u00e9lec\u00adteurs habi\u00adtuels du par\u00adti sta\u00adli\u00adnien, n\u2019ayant vot\u00e9 ni \u00ab&nbsp;non&nbsp;\u00bb au r\u00e9f\u00e9\u00adren\u00addum ni \u00ab&nbsp;sta\u00adli\u00adnien&nbsp;\u00bb aux \u00e9lec\u00adtions, les bureau\u00adcrates de ce par\u00adti se penchent sur la ques\u00adtion des rap\u00adports entre le par\u00adti et les masses. Ser\u00advin s\u2019a\u00adper\u00ad\u00e7oit avec inqui\u00e9\u00adtude et stu\u00adp\u00e9\u00adfac\u00adtion \u00ab&nbsp;qu\u2019un mil\u00adlion d\u2019\u00e9\u00adlec\u00adteurs com\u00admu\u00adnistes, et m\u00eame d\u2019a\u00advan\u00adtage, ont vot\u00e9 \u201coui\u201d au r\u00e9f\u00e9\u00adren\u00addum, et qu\u2019au cours de la cam\u00adpagne du pl\u00e9\u00adbis\u00adcite le pari et ses mili\u00adtants n\u2019ONT PAS SENTI ce qui se pr\u00e9\u00adpa\u00adrait&nbsp;\u00bb. Ser\u00advin, dans un volu\u00admi\u00adneux rap\u00adport au comi\u00adt\u00e9 cen\u00adtral, et Tho\u00adrez, dans un dis\u00adcours-fleuve \u00e0 l\u2019is\u00adsue du m\u00eame C.C., en rejettent les res\u00adpon\u00adsa\u00adbi\u00adli\u00adt\u00e9s sur les mili\u00adtants qui n\u2019ont fait qu\u2019ap\u00adpli\u00adquer les consignes des sus-nom\u00adm\u00e9s. Ima\u00adgi\u00adnons qu\u2019ils aient sen\u00adti, qu\u2019ils aient dit, qu\u2019ils sen\u00adtaient venir le r\u00e9sul\u00adtat du 28 sep\u00adtembre, ils auraient \u00e9t\u00e9 exclus pour avoir os\u00e9 mettre en cause la ligne \u00ab&nbsp;tou\u00adjours juste&nbsp;\u00bb du par\u00adti. Ce que Ser\u00advin, Tho\u00adrez et autres ne sen\u00adti\u00adront jamais, parce que leurs int\u00e9\u00adr\u00eats propres de bureau\u00adcrates le leur inter\u00addisent abso\u00adlu\u00adment, c\u2019est la rup\u00adture entre une par\u00adtie tr\u00e8s impor\u00adtante du pro\u00adl\u00e9\u00adta\u00adriat et la d\u00e9mo\u00adcra\u00adtie (sic) bour\u00adgeoise. Ce n\u2019est que dans la mesure o\u00f9 des pers\u00adpec\u00adtives r\u00e9vo\u00adlu\u00adtion\u00adnaires s\u00e9rieuses n\u2019\u00e9\u00adtaient pas offertes aux tra\u00advailleurs que ceux-ci se sont mas\u00adsi\u00adve\u00adment tour\u00adn\u00e9s vers De Gaulle, par d\u00e9go\u00fbt de la R\u00e9pu\u00adblique par\u00adle\u00admen\u00adtaire, des scan\u00addales nau\u00ads\u00e9a\u00adbonds que l\u2019on sait. En cons\u00e9\u00adquence le mot d\u2019ordre de \u00ab&nbsp;la d\u00e9fense de la (IV<sup>e<\/sup>) R\u00e9pu\u00adblique&nbsp;\u00bb, QUI FUT CELUI DES STALINIENS PENDANT LES MOIS QUI ONT PR\u00c9C\u00c9D\u00c9 LE R\u00c9F\u00c9RENDUM, ne pou\u00advait que d\u00e9tour\u00adner les tra\u00advailleurs de ceux qui le lan\u00e7aient.<\/p>\n<p>Mais si les sta\u00adli\u00adniens ont pu, au prix d\u2019une perte sen\u00adsible de leur audience, faire l\u2019\u00e9\u00adco\u00adno\u00admie d\u2019un \u00e9cla\u00adte\u00adment du par\u00adti il n\u2019en va pas de m\u00eame pour la social-d\u00e9mo\u00adcra\u00adtie qui n\u2019a pu \u00e9vi\u00adter la scis\u00adsion. Les mino\u00adri\u00adtaires qui ont for\u00adm\u00e9 le par\u00adti \u00ab&nbsp;socia\u00adliste&nbsp;\u00bb auto\u00adnome, se sont-ils \u00e9loi\u00adgn\u00e9s des posi\u00adtions tra\u00addi\u00adtion\u00adnel\u00adle\u00adment social-d\u00e9mo\u00adcrates&nbsp;? Un article publi\u00e9 par \u00ab&nbsp;L\u2019Ob\u00adser\u00adva\u00adteur&nbsp;\u00bb et sign\u00e9 de Depreux ne doit pas faire illu\u00adsion. Le prin\u00adci\u00adpal tra\u00advail du par\u00adti socia\u00adliste auto\u00adnome a \u00e9t\u00e9 pla\u00adc\u00e9 dans le cadre de l\u2019U\u00adnion des Forces D\u00e9mo\u00adcra\u00adtiques o\u00f9 il ne s\u2019u\u00adnis\u00adsait qu\u2019\u00e0 la mino\u00adri\u00adt\u00e9 radi\u00adcale, au par\u00adti men\u00addes\u00adsiste jaco\u00adbin de Mit\u00adte\u00adrand (U.D.S.R.) ain\u00adsi qu\u2019\u00e0 cette orga\u00adni\u00adsa\u00adtion b\u00e2tarde, mi-social-d\u00e9mo\u00adcrate, mi-social-chr\u00e9\u00adtienne inti\u00adtu\u00adl\u00e9e \u00ab&nbsp;Union de la Gauche Socia\u00adliste&nbsp;\u00bb (U.G.S.).<\/p>\n<p>Tous ces cou\u00adrants jaco\u00adbins, social-d\u00e9mo\u00adcrates, chr\u00e9\u00adtiens de gauche, grou\u00adp\u00e9s dans l\u2019U.F.D., n\u2019ont pu dans ce cadre que jouer le r\u00f4le d\u2019un car\u00adtel \u00e9lec\u00adto\u00adral sans prin\u00adcipes et dont le pro\u00adgramme se r\u00e9su\u00admait en la convo\u00adca\u00adtion d\u2019un par\u00adle\u00adment constituant&nbsp;!<\/p>\n<p>Pour les dif\u00adf\u00e9\u00adrents cou\u00adrants qui com\u00adposent l\u2019U.F.D. apr\u00e8s l\u2019\u00e9\u00adchec de leur der\u00adni\u00e8re exp\u00e9\u00adrience \u00e9lec\u00adto\u00adra\u00adliste, il s\u2019a\u00adgit de \u00ab&nbsp;poser&nbsp;\u00bb le pro\u00adbl\u00e8me des formes d\u2019or\u00adga\u00adni\u00adsa\u00adtion. La ques\u00adtion se r\u00e9sume au sch\u00e9\u00adma sui\u00advant&nbsp;: par\u00adti ou par\u00adti&nbsp;? Pour les petits-bour\u00adgeois men\u00addes\u00adsistes ou men\u00addos\u00adsi\u00adsants il est impen\u00adsable de regrou\u00adper tout le monde (le petit monde de l\u2019U.F.D.) dans un par\u00adti tra\u00advailliste. Pour les \u00e9l\u00e9\u00adments social-d\u00e9mo\u00adcrates ou crypte-social-d\u00e9mo\u00adcrates (P.S.A. + U.G.S.) un par\u00adti \u00ab&nbsp;socia\u00adliste&nbsp;\u00bb (lire social-d\u00e9mo\u00adcrate) s\u2019a\u00adv\u00e8re abso\u00adlu\u00adment n\u00e9ces\u00adsaire. C\u2019est-\u00e0-dire recom\u00admen\u00adcer, pour les uns, l\u2019\u00e9\u00adpo\u00adp\u00e9e du PARTI radi\u00adcal, pour les autres, celle du PARTI social-d\u00e9mocrate&nbsp;!<\/p>\n<p>Mais, dira-t-on, il s\u2019a\u00adgit l\u00e0 de posi\u00adtions de per\u00adson\u00adnages issus de la bureau\u00adcra\u00adtie, il est com\u00adpr\u00e9\u00adhen\u00adsible que ceux-ci sor\u00adtis des appa\u00adreils, ils n\u2019y aient pas aban\u00addon\u00adn\u00e9 l\u2019i\u00add\u00e9o\u00adlo\u00adgie bureau\u00adcra\u00adtique et les habi\u00adtudes en d\u00e9cou\u00adlant. Si on pose mal ou ne pose pas le pro\u00adbl\u00e8me on peut tr\u00e8s faci\u00adle\u00adment abou\u00adtir \u00e0 de telles conclusions.<\/p>\n<h2>2\u2026 \u00c0 la micro-bureaucratie<\/h2>\n<p>Le par\u00adti com\u00admu\u00adniste inter\u00adna\u00adtio\u00adna\u00adliste (trots\u00adkyste) peut par son ver\u00adba\u00adlisme pas\u00adser pour r\u00e9vo\u00adlu\u00adtion\u00adnaire&nbsp;; ses posi\u00adtions devraient donc natu\u00adrel\u00adle\u00adment tran\u00adcher sur celles des bureau\u00adcrates. Nous extra\u00adyons ces lignes d\u2019un article de Lam\u00adbert pr\u00e9\u00adci\u00ads\u00e9\u00adment consa\u00adcr\u00e9 \u00ab&nbsp;aux pro\u00adbl\u00e8mes du&nbsp;parti&nbsp;\u00bb&nbsp;:<\/p>\n<p>\u00ab&nbsp;La classe ouvri\u00e8re, au cours d\u2019une lutte plus que s\u00e9cu\u00adlaire a \u00e9di\u00adfi\u00e9 pour la d\u00e9fense de ses int\u00e9\u00adr\u00eats imm\u00e9\u00addiats ins\u00e9\u00adpa\u00adrables de la r\u00e9a\u00adli\u00adsa\u00adtion de son objec\u00adtif his\u00adto\u00adrique&nbsp;: le socia\u00adlisme, des orga\u00adni\u00adsa\u00adtions, par\u00adtis et syn\u00addi\u00adcats, qui la ras\u00adsemblent face \u00e0 la classe capi\u00adta\u00adliste. Ces orga\u00adni\u00adsa\u00adtions ont toutes, HORMIS LE PARTI BOLCHEVIK DE L\u00c9NINE ET TROTSKY [[C\u2019est nous qui sou\u00adli\u00adgnons.]], failli \u00e0 leur mis\u00adsion [[La V\u00e9ri\u00adt\u00e9 n\u00b0513, 15\/\u200b11\/\u200b58, \u00ab&nbsp;Les pro\u00adbl\u00e8mes du&nbsp;parti&nbsp;\u00bb.]].\u00bb<\/p>\n<p>Si nous avons bien com\u00adpris Lam\u00adbert, la classe ouvri\u00e8re a accom\u00adpli en U.R.S.S. sa mis\u00adsion his\u00adto\u00adrique&nbsp;: le socia\u00adlisme. Et ce, \u00e0 tra\u00advers le par\u00adti bol\u00adche\u00advik. L\u2019\u00e9\u00admi\u00adnence grise du P.C.I. (\u00ab&nbsp;La V\u00e9ri\u00adt\u00e9&nbsp;\u00bb) r\u00e9cite une tirade du \u00ab&nbsp;Mani\u00adfeste du par\u00adti communiste&nbsp;\u00bb.<\/p>\n<p>Nous cite\u00adrons un autre texte omis dans son article&nbsp;:<\/p>\n<p>\u00ab&nbsp;La R\u00e9vo\u00adlu\u00adtion russe, cette m\u00eame R\u00e9vo\u00adlu\u00adtion qui consti\u00adtue la pre\u00admi\u00e8re exp\u00e9\u00adrience his\u00adto\u00adrique de la gr\u00e8ve g\u00e9n\u00e9\u00adrale, non seule\u00adment n\u2019est pas une r\u00e9ha\u00adbi\u00adli\u00adta\u00adtion de l\u2019a\u00adnar\u00adchisme, mais encore \u00e9qui\u00advaut \u00e0 une LIQUIDATION HISTORIQUE DE L\u2019ANARCHISME [[Sou\u00adli\u00adgn\u00e9 dans le texte.]]. La triste exis\u00adtence, \u00e0 laquelle cette ten\u00addance d\u2019es\u00adprit avait \u00e9t\u00e9 condam\u00adn\u00e9e par le puis\u00adsant d\u00e9ve\u00adlop\u00adpe\u00adment de la d\u00e9mo\u00adcra\u00adtie socia\u00adliste en Alle\u00admagne, pou\u00advait jus\u00adqu\u2019\u00e0 un cer\u00adtain point \u00eatre expli\u00adqu\u00e9e par le r\u00e8gne exclu\u00adsif et la longue dur\u00e9e de la p\u00e9riode par\u00adle\u00admen\u00adtaire. On pou\u00advait croire qu\u2019une ten\u00addance toute b\u00e2tie pour \u00ab&nbsp;l\u2019ex\u00adplo\u00adsion&nbsp;\u00bb et \u00ab&nbsp;l\u2019ac\u00adtion directe&nbsp;\u00bb, une ten\u00addance \u00ab&nbsp;r\u00e9vo\u00adlu\u00adtion\u00adnaire&nbsp;\u00bb au sens le plus \u00e9troit d\u2019ap\u00adpel \u00e0 la lev\u00e9e des fourches ne fai\u00adsait, dans l\u2019ac\u00adcal\u00admie de la rou\u00adtine par\u00adle\u00admen\u00adtaire, que som\u00admeiller momen\u00adta\u00adn\u00e9\u00adment pour se r\u00e9veiller loin du retour de la lutte ouverte, reprendre vie dans une r\u00e9vo\u00adlu\u00adtion de rue et d\u00e9ployer alors sa force int\u00e9rieure.<\/p>\n<p>\u00ab&nbsp;La Rus\u00adsie sur\u00adtout sem\u00adblait par\u00adti\u00adcu\u00adli\u00e8\u00adre\u00adment faite pour ser\u00advir de champ d\u2019ex\u00adp\u00e9\u00adrience aux exploits de l\u2019a\u00adnar\u00adchie. Un pays o\u00f9 le pro\u00adl\u00e9\u00adta\u00adriat n\u2019a\u00advait, abso\u00adlu\u00adment aucun droit poli\u00adtique et seule\u00adment une orga\u00adni\u00adsa\u00adtion faible \u00e0 l\u2019ex\u00adtr\u00eame un m\u00e9lange bario\u00adl\u00e9 de popu\u00adla\u00adtions diverses aux int\u00e9\u00adr\u00eats tr\u00e8s divers se tra\u00adver\u00adsant et s\u2019en\u00adtre\u00adcroi\u00adsant, le manque de culture dans la masse du peuple, la bes\u00adtia\u00adli\u00adt\u00e9 la plus exces\u00adsive employ\u00e9e par le r\u00e9gime r\u00e9gnant dans l\u2019emploi de la force tout cela sem\u00adblait comme cr\u00e9\u00e9 pour don\u00adner \u00e0 l\u2019a\u00adnar\u00adchisme une force sou\u00addaine, quoique peut-\u00eatre \u00e9ph\u00e9\u00adm\u00e8re. Enfin, la Rus\u00adsie \u00e9tait his\u00adto\u00adri\u00adque\u00adment le ber\u00adceau de l\u2019anarchisme.<\/p>\n<p>\u00ab&nbsp;Mais la patrie de Bakou\u00adnine devait deve\u00adnir le tom\u00adbeau de sa doc\u00adtrine. Non seule\u00adment, en Rus\u00adsie ce ne sont pas les anar\u00adchistes qui se sont trou\u00adv\u00e9s et se trouvent \u00e0 la t\u00eate du mou\u00adve\u00adment de gr\u00e8ve en masse, non seule\u00adment la conduite de l\u2019ac\u00adtion r\u00e9vo\u00adlu\u00adtion\u00adnaire poli\u00adtique et aus\u00adsi de la gr\u00e8ve en masse est enti\u00e8\u00adre\u00adment aux mains des orga\u00adni\u00adsa\u00adtions social-d\u00e9mo\u00adcrates, com\u00adbat\u00adtues avec achar\u00adne\u00adment par les anar\u00adchistes comme un \u00ab&nbsp;par\u00adti bour\u00adgeois&nbsp;\u00bb ou aux mains des orga\u00adni\u00adsa\u00adtions socia\u00adlistes plus ou moins influen\u00adc\u00e9es par la social-d\u00e9mo\u00adcra\u00adtie et se rap\u00adpro\u00adchant d\u2019elle, comme le par\u00adti ter\u00adro\u00adriste des \u00ab&nbsp;socia\u00adlistes r\u00e9vo\u00adlu\u00adtion\u00adnaires&nbsp;\u00bb\u200a\u2014\u200amais les anar\u00adchistes n\u2019existent pas du tout comme ten\u00addance poli\u00adtique s\u00e9rieuse dans la R\u00e9vo\u00adlu\u00adtion&nbsp;russe&nbsp;[\u2026].<\/p>\n<p>\u00ab[\u2026] L\u2019a\u00adnar\u00adchisme dans la R\u00e9vo\u00adlu\u00adtion russe n\u2019est pas la th\u00e9o\u00adrie du pro\u00adl\u00e9\u00adta\u00adriat com\u00adbat\u00adtant, mais l\u2019en\u00adseigne id\u00e9o\u00adlo\u00adgique de la canaille contre-r\u00e9vo\u00adlu\u00adtion\u00adnaire, grouillant comme une bande de requins dans le sillage du navire de guerre de la R\u00e9vo\u00adlu\u00adtion. Et sans doute, c\u2019est par l\u00e0 que finit la car\u00adri\u00e8re his\u00adto\u00adrique de l\u2019a\u00adnar\u00adchisme.&nbsp;\u00bb (Rosa Luxem\u00adbourg, \u00ab&nbsp;Gr\u00e8ve g\u00e9n\u00e9\u00adrale, par\u00adti et syn\u00addi\u00adcats&nbsp;\u00bb (1907), tra\u00adduc\u00adtion parue dans \u00ab&nbsp;Spar\u00adta\u00adcus&nbsp;\u00bb n\u00b021 oct-nov 47, pages 15\u200a\u2014\u200a16).<\/p>\n<p>Pauvre Rosa&nbsp;! Qui, en 1907, esti\u00admait la car\u00adri\u00e8re de l\u2019a\u00adnar\u00adchisme ter\u00admi\u00adn\u00e9e. Nous lais\u00adse\u00adrons de c\u00f4t\u00e9 les basses injures \u00ab&nbsp;luxem\u00adbour\u00adgistes&nbsp;\u00bb (et autres) sur la canaille anar\u00adchiste. Nous remar\u00adque\u00adrons en pas\u00adsant que dans la g\u00e9n\u00e9\u00adra\u00adli\u00adt\u00e9 des cas on a recours \u00e0 l\u2019in\u00adjure et \u00e0 la fal\u00adsi\u00adfi\u00adca\u00adtion lorsque les argu\u00adments valables font abso\u00adlu\u00adment d\u00e9faut. Ce qui semble \u00eatre par\u00adtiel\u00adle\u00adment le cas de Rosa Luxem\u00adbourg. Par ailleurs ce n\u2019est pas Rosa Luxem\u00adbourg mais l\u2019His\u00adtoire qui a mon\u00adtr\u00e9 qui \u00e9taient les canailles grouillant comme des requins dans le sillage de la R\u00e9vo\u00adlu\u00adtion. Consi\u00add\u00e9\u00adrant Rosa Luxem\u00adbourg comme une authen\u00adtique mar\u00adxiste nous ne \u00ab&nbsp;cher\u00adche\u00adrons pas frau\u00addu\u00adleu\u00adse\u00adment \u00e0 l\u2019op\u00adpo\u00adser au l\u00e9ni\u00adnisme r\u00e9vo\u00adlu\u00adtion\u00adnaire&nbsp;\u00bb (Lam\u00adbert).<\/p>\n<p>D\u2019a\u00adpr\u00e8s Rosa Luxem\u00adbourg, l\u2019a\u00adnar\u00adchisme n\u2019exis\u00adtait pas comme ten\u00addance poli\u00adtique <u>s\u00e9rieuse<\/u> dans la r\u00e9vo\u00adlu\u00adtion russe, notam\u00adment lors\u00adqu\u2019il condam\u00adnait la social-d\u00e9mo\u00adcra\u00adtie comme \u00ab&nbsp;par\u00adti bour\u00adgeois&nbsp;\u00bb. De la r\u00e9vo\u00adlu\u00adtion russe au mol\u00adle\u00adtisme, au nen\u00adnisme, au beva\u00adnisme en pas\u00adsant par la r\u00e9vo\u00adlu\u00adtion alle\u00admande (au cours de laquelle Luxem\u00adbourg a pu v\u00e9ri\u00adfier elle-m\u00eame les th\u00e8ses anar\u00adchistes), nous sommes pas\u00ads\u00e9s par toute une \u00e9vo\u00adlu\u00adtion de la S.D., d\u2019une <u>ten\u00addance<\/u> \u00e0 un embour\u00adgeoi\u00adse\u00adment\u200a\u2014\u200aet, paral\u00adl\u00e8\u00adle\u00adment, \u00e0 une bureau\u00adcra\u00adti\u00adsa\u00adtion\u200a\u2014\u200a\u00e0 leur <u>pro\u00adfonde r\u00e9a\u00adli\u00adt\u00e9<\/u>. Qui \u00e9taient s\u00e9rieux, les anar\u00adchistes ou Rosa Luxem\u00adbourg en&nbsp;1907&nbsp;?<\/p>\n<p>Rosa Luxem\u00adbourg avait tout de m\u00eame rai\u00adson en \u00e9cri\u00advant que la r\u00e9vo\u00adlu\u00adtion russe \u00e9tait le tom\u00adbeau d\u2019une doc\u00adtrine. Mais l\u00e0 o\u00f9 r\u00e9side l\u2019er\u00adreur, c\u2019est que la r\u00e9vo\u00adlu\u00adtion russe ne fut pas du tout la fin de la car\u00adri\u00e8re his\u00adto\u00adrique de l\u2019a\u00adnar\u00adchisme ELLE CONSACRA tout sim\u00adple\u00adment, LA FIN DE LA CARRI\u00c8RE HISTORIQUE DU MARXISME COMME COURANT COMMUNISTE.<\/p>\n<p>Ou l\u2019a\u00adnar\u00adchisme pour\u00adsuit tou\u00adjours sa car\u00adri\u00e8re his\u00adto\u00adrique (depuis 1907) ou il ne s\u2019est rien pas\u00ads\u00e9 en Ukraine en 1917\u200a\u2014\u200a21, en Espagne en 1936, en Hon\u00adgrie en 1956,&nbsp;etc.<\/p>\n<p>Aujourd\u2019\u00adhui, lorsque les tra\u00advailleurs se placent sur des posi\u00adtions de classe ils vomissent le par\u00adle\u00admen\u00adta\u00adrisme et se r\u00e9solvent \u00e0 l\u2019ac\u00adtion directe. Rejoi\u00adgnant par l\u00e0 les anar\u00adchistes et n\u00e9gli\u00adgeant \u00ab&nbsp;la p\u00e9riode par\u00adle\u00admen\u00adtaire&nbsp;\u00bb aus\u00adsi ch\u00e8re \u00e0 Tho\u00adrez qu\u2019\u00e0 Luxembourg.<\/p>\n<p>Enfin, la m\u00e9thode qui consiste \u00e0 \u00ab&nbsp;conduire l\u2019ac\u00adtion r\u00e9vo\u00adlu\u00adtion\u00adnaire&nbsp;\u00bb ne peut mener \u00e0 la r\u00e9vo\u00adlu\u00adtion sociale, mais au contraire \u00e0 la r\u00e9vo\u00adlu\u00adtion bureau\u00adcra\u00adtique. La r\u00e9vo\u00adlu\u00adtion russe en est l\u2019illustration.<\/p>\n<p>Face \u00e0 la situa\u00adtion pr\u00e9\u00adsente, en France, que pro\u00adposent donc les dis\u00adciples de Marx, L\u00e9nine et Luxem\u00adbourg r\u00e9unis&nbsp;? C\u2019est-\u00e0-dire prin\u00adci\u00adpa\u00adle\u00adment les trots\u00adkystes. Les chefs actuels du pro\u00adl\u00e9\u00adta\u00adriat \u00e9tant des \u00ab&nbsp;tra\u00eetres&nbsp;\u00bb, il faut chan\u00adger de chef, il faut refaire un PARTI r\u00e9vo\u00adlu\u00adtion\u00adnaire, \u00e9tat-major de la classe et de la r\u00e9vo\u00adlu\u00adtion. Mais lais\u00adsons la parole aux int\u00e9\u00adres\u00ads\u00e9s, ne ris\u00adquant pas ain\u00adsi de d\u00e9for\u00admer leur pens\u00e9e&nbsp;:<\/p>\n<p>\u00ab&nbsp;Cette crise (celle du 13 mai) est n\u00e9ces\u00adsaire et sera salu\u00adtaire si les mili\u00adtants com\u00admu\u00adnistes font l\u2019ef\u00adfort indis\u00adpen\u00adsable pour reve\u00adnir \u00e0 la poli\u00adtique de L\u00e9nine, pour \u00e9li\u00admi\u00adner une direc\u00adtion faillie et pour cr\u00e9er les condi\u00adtions de dis\u00adcus\u00adsion d\u00e9mo\u00adcra\u00adtique dans le mou\u00adve\u00adment ouvrier n\u00e9ces\u00adsaires \u00e0 la renais\u00adsance d\u2019une nou\u00advelle direc\u00adtion afin d\u2019as\u00adsu\u00adrer la revanche.&nbsp;\u00bb (\u00ab&nbsp;Qua\u00adtri\u00e8me Inter\u00adna\u00adtio\u00adnale&nbsp;\u00bb n\u00b04, 16\u00e8me ann\u00e9e, page 11, nov&nbsp;1958).<\/p>\n<p>Nous ne sommes nul\u00adle\u00adment \u00e9ton\u00adn\u00e9s de cette inca\u00adpa\u00adci\u00adt\u00e9 cong\u00e9\u00adni\u00adtale des mar\u00adxistes ortho\u00addoxes \u00e0 d\u00e9ga\u00adger une quel\u00adconque le\u00e7on de l\u2019ex\u00adp\u00e9\u00adrience du \u00ab&nbsp;par\u00adti r\u00e9vo\u00adlu\u00adtion\u00adnaire&nbsp;\u00bb, celle-ci pour\u00adrait cent fois abou\u00adtir aux r\u00e9sul\u00adtats obte\u00adnus par le bol\u00adche\u00advisme en U.R.S.S. Il y aurait tou\u00adjours des Lam\u00adbert ou des Frank pour \u00eatre pr\u00eats \u00e0 recom\u00admen\u00adcer une cent et uni\u00e8me fois la m\u00eame chose, pour esti\u00admer en m\u00eame temps que le par\u00adti \u00ab&nbsp;a rem\u00adpli sa mis\u00adsion his\u00adto\u00adrique&nbsp;\u00bb, pour insis\u00adter sur la \u00ab&nbsp;n\u00e9ces\u00adsi\u00adt\u00e9 de la d\u00e9fense de l\u2019U.R.S.S. (ou de ce qui en tien\u00addrait lieu)\u00bb et pour r\u00e9ci\u00adter par c\u0153ur, imper\u00adtur\u00adbables, le \u00ab&nbsp;pro\u00adgramme de tran\u00adsi\u00adtion&nbsp;\u00bb sans on oublier la moindre virgule.<\/p>\n<p>On ne s\u2019embarrasse pas de l\u2019His\u00adtoire, chez les mar\u00adxistes. Qu\u2019im\u00adporte donc si Trots\u00adky lui-m\u00eame a diri\u00adg\u00e9 la san\u00adglante r\u00e9pres\u00adsion de Crons\u00adtadt&nbsp;! qu\u2019im\u00adporte si en Hon\u00adgrie, \u00e9ga\u00adle\u00adment, la classe ouvri\u00e8re entre en conflit violent avec le PARTI \u00ab&nbsp;OUVRIER&nbsp;\u00bb et l\u2019\u00c9\u00adTAT \u00ab&nbsp;OUVRIER&nbsp;\u00bb. On com\u00admence par pas\u00adser les \u00e9v\u00e9\u00adne\u00adments de Crons\u00adtadt sous silence, On conti\u00adnue en qua\u00adli\u00adfiant le sta\u00adli\u00adnisme de \u00ab&nbsp;r\u00e9gime ouvrier d\u00e9g\u00e9\u00adn\u00e9\u00adr\u00e9&nbsp;\u00bb (?). On ter\u00admine en pre\u00adnant la pr\u00e9\u00adcau\u00adtion de pla\u00adcer les faits his\u00adto\u00adriques dans un cadre \u00e9ta\u00adbli, Sur ce der\u00adnier point nous cite\u00adrons Lambert&nbsp;:&nbsp;<\/p>\n<p>\u00ab&nbsp;AVANT de ten\u00adter d\u2019\u00e9\u00adta\u00adblir ce bilan indis\u00adpen\u00adsable \u00e0 une d\u00e9fi\u00adni\u00adtion cor\u00adrecte des condi\u00adtions de la construc\u00adtion d\u2019un par\u00adti ouvrier r\u00e9vo\u00adlu\u00adtion\u00adnaire, et, pour ce faire, de confron\u00adter l\u2019en\u00adsei\u00adgne\u00adment du mar\u00adxisme avec l\u2019ex\u00adp\u00e9\u00adrience his\u00adto\u00adrique concr\u00e8te, IL NOUS FAUT FIXER LES CADRES DE NOTRE TRAVAIL&nbsp;\u00bb. (\u00ab&nbsp;La V\u00e9ri\u00adt\u00e9&nbsp;\u00bb n\u00b0513, 15\/\u200b11\/\u200b58, \u00ab&nbsp;Les pro\u00adbl\u00e8mes du par\u00adtit&nbsp;\u00bb\u200a\u2014\u200aC\u2019est nous qui soulignons).<\/p>\n<p>Les copieuses cita\u00adtions de Marx et Rosa Luxem\u00adbourg qui jalonnent le texte de Lam\u00adbert, nous donnent une id\u00e9e du cadre. Comme ni Marx ni Luxem\u00adbourg n\u2019ont ana\u00adly\u00ads\u00e9 la bureau\u00adcra\u00adtie et le ph\u00e9\u00adno\u00adm\u00e8ne de la burau\u00adcra\u00adti\u00adsa\u00adtion de la soci\u00e9\u00adt\u00e9, la lutte des classes, r\u00e9a\u00adli\u00adt\u00e9 sociale de 1959, sera pla\u00adc\u00e9e dans un cadre, un sch\u00e9\u00adma qui date de Babeuf.<\/p>\n<h2>3. Notions et perspectives communistes<\/h2>\n<p>Les trots\u00adkystes ne sont pas les seuls mar\u00adxistes. Le groupe \u00ab&nbsp;Socia\u00adlisme ou Bar\u00adba\u00adrie&nbsp;\u00bb qui publie la revue du m\u00eame nom s\u2019est, lui aus\u00adsi, pos\u00e9 le pro\u00adbl\u00e8me du par\u00adti r\u00e9vo\u00adlu\u00adtion\u00adnaire. Le malaise qui exis\u00adtait dans le groupe sur cette ques\u00adtion depuis ses ori\u00adgines est arri\u00adv\u00e9 \u00e0 matu\u00adri\u00adt\u00e9 sous l\u2019in\u00adfluence des \u00e9v\u00e9\u00adne\u00adments du 13&nbsp;mai.<\/p>\n<p>Les cama\u00adrades du groupe \u00ab&nbsp;S. ou B.&nbsp;\u00bb ont quit\u00adt\u00e9 l\u2019or\u00adni\u00e8re trots\u00adkyste en essayant d\u2019a\u00adna\u00adly\u00adser les struc\u00adtures de la soci\u00e9\u00adt\u00e9 sta\u00adli\u00adnienne. Ce qui les a ame\u00adn\u00e9s \u00e0 reje\u00adter l\u2019af\u00adfir\u00adma\u00adtion du r\u00e9gime \u00ab&nbsp;ouvrier d\u00e9g\u00e9\u00adn\u00e9\u00adr\u00e9&nbsp;\u00bb ch\u00e8re \u00e0 la IV<sup>e<\/sup> Internationale.<\/p>\n<p>Mais ils ne devaient pas en res\u00adter \u00e0 cette atti\u00adtude n\u00e9ga\u00adtive. Tr\u00e8s rapi\u00adde\u00adment ils pro\u00addui\u00adsaient dans la revue d\u2019ex\u00adcel\u00adlentes ana\u00adlyses sur la Bureau\u00adcra\u00adtie et sa nature de classe en U.R,S.S. Ils d\u00e9niaient, et d\u00e9nient tou\u00adjours, tout carac\u00adt\u00e8re socia\u00adliste au r\u00e9gime sta\u00adli\u00adnien, forme d\u2019ex\u00adploi\u00adta\u00adtion sub\u00adsti\u00adtu\u00e9e a une&nbsp;autre.<\/p>\n<p>Les articles de Chau\u00adlieu \u00ab&nbsp;sur le conte\u00adnu du socia\u00adlisme&nbsp;\u00bb, de Lefort \u00ab&nbsp;Le tota\u00adli\u00adta\u00adrisme sans Sta\u00adline&nbsp;\u00bb, ou ceux trai\u00adtant de la r\u00e9vo\u00adlu\u00adtion hon\u00adgroise, nous changent des textes sacr\u00e9s de MM.&nbsp;Lam\u00adbert ou&nbsp;Frank.<\/p>\n<p>Dans le conte\u00adnu du socia\u00adlisme, Chau\u00adlieu nous explique que le conseil ouvrier (soviet) n\u2019a de pou\u00advoir de d\u00e9ci\u00adsions que pour des ques\u00adtions de rou\u00adtine. Pour toutes les ques\u00adtions impor\u00adtantes seule l\u2019as\u00adsem\u00adbl\u00e9e de TOUS LES OUVRIERS dis\u00adcute et d\u00e9cide. Pro\u00adgr\u00e8s par rap\u00adport aux mar\u00adxistes \u00ab&nbsp;tra\u00addi\u00adtion\u00adnels&nbsp;\u00bb, la notion de d\u00e9l\u00e9\u00adga\u00adtion de pou\u00advoirs \u00e0 un conseil semble avoir dis\u00adpa\u00adru. \u00c0 une r\u00e9cente r\u00e9union publique Moth\u00e9 et Guillaume \u00e9tendent ce pou\u00advoir direct au-del\u00e0 de l\u2019en\u00adtre\u00adprise et contestent la n\u00e9ces\u00adsi\u00adt\u00e9 de la prise du pou\u00advoir par le&nbsp;parti.<\/p>\n<p>Mais une telle \u00e9vo\u00adlu\u00adtion devait engen\u00addrer des contra\u00addic\u00adtions Tous les membres du groupe \u00ab&nbsp;S. ou B.&nbsp;\u00bb n\u2019\u00e9\u00advo\u00adluaient pas au m\u00eame rythme. La scis\u00adsion s\u2019est pro\u00adduite \u00e0 l\u2019au\u00adtomne der\u00adnier entre ceux (Socia\u00adlisme ou Bar\u00adba\u00adrie) qui croient encore \u00e0 la n\u00e9ces\u00adsi\u00adt\u00e9 du par\u00adti, dans un but d\u2019ef\u00adfi\u00adca\u00adci\u00adt\u00e9, dot\u00e9 d\u2019or\u00adga\u00adnismes cen\u00adtraux, de sta\u00adtuts et dis\u00adci\u00adpli\u00adn\u00e9 (loi de la majo\u00adri\u00adt\u00e9, dis\u00adci\u00adpline des mino\u00adri\u00adtaires dans la pra\u00adtique), et ceux (Infor\u00adma\u00adtion et liai\u00adsons ouvri\u00e8res\u200a\u2014\u200aI.L.O.) qui rejettent toute pers\u00adpec\u00adtive de&nbsp;parti.<\/p>\n<p>Depuis que les anar\u00adchistes existent en tant que mou\u00adve\u00adment orga\u00adni\u00ads\u00e9, ils ont reje\u00adt\u00e9 les formes d\u2019or\u00adga\u00adni\u00adsa\u00adtion en par\u00adti mili\u00adta\u00adri\u00ads\u00e9, cr\u00e9\u00e9 pour s\u2019emparer du pou\u00advoir poli\u00adtique et diri\u00adger la r\u00e9vo\u00adlu\u00adtion. Un si\u00e8cle d\u2019ex\u00adp\u00e9\u00adrience his\u00adto\u00adrique am\u00e8ne des \u00ab&nbsp;mar\u00adxistes&nbsp;\u00bb \u00e0 la m\u00eame atti\u00adtude. Mais pour cela il leur a fal\u00adlu aban\u00addon\u00adner un \u00e0 un les \u00e9l\u00e9\u00adments du sch\u00e9\u00adma mar\u00adxiste. En se per\u00admet\u00adtant le \u00ab&nbsp;luxe&nbsp;\u00bb de ne pas empri\u00adson\u00adner les faits, depuis le babou\u00advisme. jus\u00adqu\u2019\u00e0 la r\u00e9vo\u00adlu\u00adtion hon\u00adgroise dans un \u00ab&nbsp;cadre&nbsp;\u00bb, trots\u00adkystes ou non, ces cama\u00adrades ont pu consta\u00adter que tous les par\u00adtis poli\u00adtiques. et les syn\u00addi\u00adcats \u00ab&nbsp;ouvriers&nbsp;\u00bb, sans aucune excep\u00adtion, n\u2019\u00e9\u00adtaient deve\u00adnus que des bureau\u00adcra\u00adties (ou des micro-bureau\u00adcra\u00adties&nbsp;; style P.C.I.), et que les r\u00e9gimes domi\u00adn\u00e9s par ces par\u00adtis, ou plu\u00adt\u00f4t expri\u00adm\u00e9s poli\u00adti\u00adque\u00adment par eux, n\u2019a\u00advaient rien de com\u00admun avec la soci\u00e9\u00adt\u00e9 com\u00admu\u00adniste, qu\u2019il ne s\u2019a\u00adgis\u00adsait pas de \u00ab&nbsp;r\u00e9gimes ouvriers d\u00e9g\u00e9\u00adn\u00e9\u00adr\u00e9s&nbsp;\u00bb qu\u2019il faut d\u00e9fendre contre le capi\u00adta\u00adlisme (d\u00e9fense de l\u2019URSS&nbsp;: slo\u00adgan \u00ab&nbsp;IV<sup>e<\/sup> Inter\u00adna\u00adtio\u00adnale&nbsp;\u00bb), mais qu\u2019il s\u2019a\u00adgis\u00adsait bien d\u2019une autre forme d\u2019ex\u00adploi\u00adta\u00adtion, d\u2019un autre imp\u00e9rialisme.<\/p>\n<p>Le r\u00f4le des r\u00e9vo\u00adlu\u00adtion\u00adnaires n\u2019est donc pas de se subor\u00addon\u00adner \u00e0 l\u2019un ou \u00e0 l\u2019autre de ces imp\u00e9\u00adria\u00adlismes, il est de faie corps avec le pro\u00adl\u00e9\u00adta\u00adriat dans les luttes que celui-ci engage p\u00e9rio\u00addi\u00adque\u00adment contre l\u2019ex\u00adploi\u00adta\u00adtion bour\u00adgeoise ou bureaucratique.<\/p>\n<p>Nous consta\u00adtons avec satis\u00adfac\u00adtion l\u2019\u00e9\u00advo\u00adlu\u00adtion dans un sens liber\u00adtaire du groupe ILO qui trans\u00adpa\u00adra\u00eet dans cer\u00adtains textes. \u00c0 titre d\u2019exemple, nous don\u00adnons ci-des\u00adsous un extrait significatif&nbsp;:<\/p>\n<p>\u00ab&nbsp;Une orga\u00adni\u00adsa\u00adtion de l\u2019a\u00advant-garde est n\u00e9ces\u00adsaire, nous en sommes tous per\u00adsua\u00add\u00e9s, mais celle-ci doit r\u00e9pondre aux besoins nou\u00adveaux du mou\u00adve\u00adment ouvrier. Elle doit \u00eatre fon\u00add\u00e9e sur des prin\u00adcipes qui n\u2019ont rien de com\u00admun avec ceux qui ont gui\u00add\u00e9 les orga\u00adni\u00adsa\u00adtions com\u00admu\u00adnistes pas\u00ads\u00e9es et qui ont fait faillite avec la bureau\u00adcra\u00adti\u00adsa\u00adtion du mou\u00adve\u00adment ouvrier.<\/p>\n<p>Il serait tra\u00adgique que notre vision r\u00e9vo\u00adlu\u00adtion\u00adnaire de la soci\u00e9\u00adt\u00e9 n\u2019ins\u00adpire pas une concep\u00adtion r\u00e9vo\u00adlu\u00adtion\u00adnaire de notre orga\u00adni\u00adsa\u00adtion propre.<\/p>\n<p>Il serait absurde que nous soyons r\u00e9vo\u00adlu\u00adtion\u00adnaires en paroles quand il s\u2019a\u00adgit de d\u00e9fi\u00adnir les rap\u00adports sociaux que les ouvriers ont ins\u00adti\u00adtu\u00e9, et conser\u00adva\u00adteurs dans la pra\u00adtique, quand il s\u2019a\u00adgit d\u2019\u00e9\u00adta\u00adblir des rap\u00adports entre nous-m\u00eames&nbsp;[\u2026].<\/p>\n<p>[\u2026] Ou bien notre th\u00e9o\u00adrie de la bureau\u00adcra\u00adtie s\u2019a\u00adb\u00ee\u00adme\u00adra dans le ver\u00adba\u00adlisme, ou nous serons capables de faire valoir pra\u00adti\u00adque\u00adment, dans notre propre orga\u00adni\u00adsa\u00adtion, la for\u00admule de la coop\u00e9\u00adra\u00adtion et de d\u00e9mon\u00adtrer dans les faits la vani\u00adt\u00e9 des appa\u00adreils. L\u2019au\u00adto\u00adno\u00admie dont nous avons fait le prin\u00adcipe th\u00e9o\u00adrique de la lutte et de l\u2019or\u00adga\u00adni\u00adsa\u00adtion des tra\u00advailleurs, nous devons l\u2019\u00e9\u00adri\u00adger en prin\u00adcipe pra\u00adtique de notre propre acti\u00advi\u00adt\u00e9 et de notre propre orga\u00adni\u00adsa\u00adtion. La pre\u00admi\u00e8re cons\u00e9\u00adquence de ce prin\u00adcipe, c\u2019est que notre orga\u00adni\u00adsa\u00adtion ne sau\u00adrait se situer vis-\u00e0-vis des tra\u00advailleurs comme se sont situ\u00e9s les par\u00adtis tra\u00addi\u00adtion\u00adnels. Ces par\u00adtis se situent comme des direc\u00adtions qui appellent la classe ouvri\u00e8re \u00e0 adh\u00e9\u00adrer \u00e0 leur pro\u00adgramme, \u00e0 r\u00e9pondre \u00e0 leurs mots d\u2019ordre, \u00e0 les suivre avec dis\u00adci\u00adpline. Notre orga\u00adni\u00adsa\u00adtion n\u2019est qu\u2019un ins\u00adtru\u00adment au ser\u00advice des ouvriers pour qu\u2019ils consti\u00adtuent leur <u>propre direc\u00adtion<\/u> et qu\u2019ils s\u2019or\u00adga\u00adnisent eux-m\u00eames de mani\u00e8re auto\u00adnome, c\u2019est-\u00e0-dire dans des comi\u00adt\u00e9s, dans le cadre de la pro\u00adduc\u00adtion. Qu\u2019il s\u2019a\u00adgisse de l\u2019ac\u00adti\u00advi\u00adt\u00e9 th\u00e9o\u00adrique du groupe ou de son acti\u00advi\u00adt\u00e9 pro\u00adpa\u00adgan\u00addiste, celles-ci se d\u00e9ve\u00adloppent dans l\u2019es\u00adprit d\u2019ai\u00adder les tra\u00advailleurs \u00e0 prendre conscience de leurs propres t\u00e2ches et d\u2019a\u00adbord, de celle de l\u2019au\u00adto-orga\u00adni\u00adsa\u00adtion.&nbsp;\u00bb (Texte de la ten\u00addance I.L.O. \u00e0 l\u2019as\u00adsem\u00adbl\u00e9e de \u00ab&nbsp;S. ou B.&nbsp;\u00bb du 6 juin&nbsp;1958.)<\/p>\n<p>Nous insis\u00adte\u00adrons sur le fait que les deux groupes sont R\u00c9VISIONNISTES en ce sens qu\u2019ils s\u2019ef\u00adforcent de repen\u00adser le mar\u00adxisme \u00e0 la lumi\u00e8re des \u00e9v\u00e9\u00adne\u00adments. Ceci ne peut pas ne pas ren\u00adcon\u00adtrer notre vive sym\u00adpa\u00adthie. Notam\u00adment parce que cette dis\u00adpo\u00adsi\u00adtion d\u2019es\u00adprit pr\u00e9\u00adsup\u00adpose une \u00e9vo\u00adlu\u00adtion ult\u00e9\u00adrieure comme elle explique celle d\u00e9j\u00e0 r\u00e9a\u00adli\u00ads\u00e9e. Une bonne par\u00adtie de l\u2019\u00e9\u00addite du n\u00b026 de la revue \u00ab&nbsp;Socia\u00adlisme ou Bar\u00adba\u00adrie&nbsp;\u00bb reprend cer\u00adtaines de nos posi\u00adtions en mati\u00e8re d\u2019or\u00adga\u00adni\u00adsa\u00adtion, en voi\u00adci un extrait des plus int\u00e9ressants&nbsp;:<\/p>\n<p>\u00ab&nbsp;L\u2019ac\u00adtion poli\u00adtique n\u2019a pas de sens, en effet, si elle n\u2019est pas effi\u00adcace. Mais effi\u00adcace par rap\u00adport \u00e0 quoi, c\u2019est toute la ques\u00adtion. Une poli\u00adtique r\u00e9vo\u00adlu\u00adtion\u00adnaire est effi\u00adcace dans la mesure o\u00f9 elle \u00e9l\u00e8ve la conscience et la com\u00adba\u00adti\u00advi\u00adt\u00e9 des tra\u00advailleurs, les aide \u00e0 se d\u00e9bar\u00adras\u00adser des mys\u00adti\u00adfi\u00adca\u00adtions de la soci\u00e9\u00adt\u00e9 \u00e9ta\u00adblie et de ses ins\u00adtru\u00adments bureau\u00adcra\u00adtiques, enl\u00e8ve les obs\u00adtacles de leur route, aug\u00admente leur propre capa\u00adci\u00adt\u00e9 \u00e0 r\u00e9soudre leurs pro\u00adbl\u00e8mes. Il est effi\u00adcace d\u2019ai\u00adder dix ouvriers \u00e0 voir clair dans les pro\u00adbl\u00e8mes actuels&nbsp;; il ne l\u2019est abso\u00adlu\u00adment pas de faire \u00e9lire dix d\u00e9pu\u00adt\u00e9s Com\u00admu\u00adnistes suppl\u00e9mentaires.<\/p>\n<p>\u00ab&nbsp;L\u2019ac\u00adtion poli\u00adtique n\u2019a pas de sens en dehors d\u2019une orga\u00adni\u00adsa\u00adtion. Mais quelle orga\u00adni\u00adsa\u00adtion et pour\u00adquoi faire&nbsp;? L\u2019or\u00adga\u00adni\u00adsa\u00adtion n\u2019est rien si son fonc\u00adtion\u00adne\u00adment, son acti\u00advi\u00adt\u00e9, sa poli\u00adtique quo\u00adti\u00addiennes ne sont pas l\u2019in\u00adcar\u00adna\u00adtion visible et contr\u00f4\u00adlable par tous des fins qu\u2019elle pro\u00adclame. Cela est infi\u00adni\u00adment plus impor\u00adtant que la taille de l\u2019or\u00adga\u00adni\u00adsa\u00adtion comme telle, qui n\u2019a, \u00e0 pro\u00adpre\u00adment par\u00adler, aucune signi\u00adfi\u00adca\u00adtion en dehors du conte\u00adnu de l\u2019or\u00adga\u00adni\u00adsa\u00adtion&nbsp;: une orga\u00adni\u00adsa\u00adtion bureau\u00adcra\u00adtique trois fois plus impor\u00adtante est sim\u00adple\u00adment trois fois plus n\u00e9faste, un point c\u2019est&nbsp;tout.<\/p>\n<p>\u00ab&nbsp;Les mili\u00adtants qui tirent les le\u00e7ons de la faillite des orga\u00adni\u00adsa\u00adtions tra\u00addi\u00adtion\u00adnelles et veulent aller de l\u2019a\u00advant, doivent com\u00adprendre que, s\u2019ils ne veulent pas reprendre le m\u00eame cal\u00advaire avec le m\u00eame n\u00e9ant au bout, il faut com\u00admen\u00adcer par le com\u00admen\u00adce\u00adment. Ils doivent aban\u00addon\u00adner l\u2019i\u00add\u00e9e qu\u2019ils peuvent faire l\u2019\u00e9\u00adco\u00adno\u00admie d\u2019une r\u00e9vi\u00adsion radi\u00adcale des id\u00e9es sur les\u00adquelles ils ont v\u00e9cu pen\u00addant des ann\u00e9es. Ils doivent se d\u00e9bar\u00adras\u00adser de cette illu\u00adsion\u200a\u2014\u200aqui s\u2019empare curieu\u00adse\u00adment aujourd\u2019\u00adhui de l\u2019\u00abopposition com\u00admu\u00adniste&nbsp;\u00bb et montre com\u00adbien les sur\u00advi\u00advances du sta\u00adli\u00adnisme peuvent \u00eatre pro\u00adfondes\u200a\u2014\u200aqu\u2019il suf\u00adfit de cri\u00adti\u00adquer le P.C. sur des pro\u00adbl\u00e8mes fina\u00adle\u00adment conjonc\u00adtu\u00adrels, comme son atti\u00adtude sur l\u2019Al\u00adg\u00e9\u00adrie ou le 13 mai, et qu\u2019il faut sur\u00adtout \u00e9vi\u00adter de poser les grandes ques\u00adtions \u00ab&nbsp;abs\u00adtraites&nbsp;\u00bb&nbsp;: s\u2019ils s\u2019en\u00adga\u00adgeaient sur cette voie ils se pr\u00e9\u00adpa\u00adre\u00adraient le m\u00eame sort poli\u00adtique que le P.C. lui-m\u00eame, lorsque la ques\u00adtion alg\u00e9\u00adrienne ne sera plus l\u00e0 et que le 13 mai sera oubli\u00e9. Ils doivent sur\u00adtout com\u00adprendre que les d\u00e9buts d\u2019une nou\u00advelle orga\u00adni\u00adsa\u00adtion r\u00e9vo\u00adlu\u00adtion\u00adnaire seront fata\u00adle\u00adment modestes, qu\u2019on n\u2019a ni \u00e0 s\u2019en attris\u00adter ni \u00e0 s\u2019en r\u00e9jouir, mais sim\u00adple\u00adment \u00e0 recon\u00adna\u00eetre que c\u2019est la seule voie ouverte aujourd\u2019\u00adhui et que tout le reste c\u2019est du char\u00adla\u00adta\u00adnisme poli\u00adtique. Ceux qui veulent du \u00ab&nbsp;grand&nbsp;\u00bb peuvent res\u00adter au P.C., ceux qui se contentent de moins&nbsp;: aller \u00e0 l\u2019UGS. Mais ceux qui veulent habi\u00adter quelque chose de solide auront \u00e0 le construire eux-m\u00eames. Presque tous les mat\u00e9\u00adriaux sont l\u00e0, mais la terre est rase.&nbsp;\u00bb (\u00ab&nbsp;Socia\u00adlisme ou Bar\u00adba\u00adrie&nbsp;\u00bb n\u00b026 pages 17 \u00e0 19, d\u00e9cembre 58).<\/p>\n<p>Mais si dans le texte ci-des\u00adsus on omet de s\u2019\u00e9\u00adtendre sur le conte\u00adnu et la struc\u00adture de \u00ab&nbsp;l\u2019or\u00adga\u00adni\u00adsa\u00adtion r\u00e9vo\u00adlu\u00adtion\u00adnaire&nbsp;\u00bb, une r\u00e9so\u00adlu\u00adtion parue ant\u00e9\u00adrieu\u00adre\u00adment dans la m\u00eame revue pr\u00e9\u00adcise ce que l\u2019on entend par l\u00e0. \u00c9tant don\u00adn\u00e9 notre d\u00e9sac\u00adcord for\u00admel avec les concep\u00adtions qu\u2019elle exprime, nous en don\u00adnons les extraits sui\u00advants \u00e0 titre indicatif&nbsp;:<br>\n\u00ab&nbsp;Dans la mesure o\u00f9 l\u2019on admet que l\u2019ac\u00adti\u00advi\u00adt\u00e9 poli\u00adtique r\u00e9vo\u00adlu\u00adtion\u00adnaire est dans la p\u00e9riode actuelle la forme supr\u00eame de la lutte de l\u2019hu\u00adma\u00adni\u00adt\u00e9 pour son \u00e9man\u00adci\u00adpa\u00adtion on recon\u00adna\u00eet par-l\u00e0 m\u00eame que la pre\u00admi\u00e8re t\u00e2che qui s\u2019im\u00adpose \u00e0 tous ceux qui ont pris conscience de la n\u00e9ces\u00adsi\u00adt\u00e9 de la r\u00e9vo\u00adlu\u00adtion socia\u00adliste, est de se grou\u00adper pour pr\u00e9\u00adpa\u00adrer col\u00adlec\u00adti\u00adve\u00adment cette r\u00e9vo\u00adlu\u00adtion. De l\u00e0 d\u00e9coulent in\u00e9vi\u00adta\u00adble\u00adment des traits fon\u00adda\u00admen\u00adtaux de toute action poli\u00adtique col\u00adlec\u00adtive per\u00adma\u00adnente, \u00e0 savoir&nbsp;: la base de la coh\u00e9\u00adrence de toute action col\u00adlec\u00adtive, c\u2019est-\u00e0-dire un pro\u00adgramme his\u00adto\u00adrique et imm\u00e9\u00addiat, un sta\u00adtut de fonc\u00adtion\u00adne\u00adment, une action constante vers l\u2019ext\u00e9rieur.<\/p>\n<p>\u00ab&nbsp;C\u2019est \u00e0 par\u00adtir de ces traits que l\u2019on peut d\u00e9fi\u00adnir le par\u00adti r\u00e9vo\u00adlu\u00adtion\u00adnaire. Le par\u00adti r\u00e9vo\u00adlu\u00adtion\u00adnaire est l\u2019or\u00adga\u00adnisme col\u00adlec\u00adtif, fonc\u00adtion\u00adnant selon un sta\u00adtut d\u00e9ter\u00admi\u00adn\u00e9 et sur la base d\u2019un pro\u00adgramme his\u00adto\u00adrique et imm\u00e9\u00addiat qui tend \u00e0 coor\u00addon\u00adner et diri\u00adger les efforts de la classe ouvri\u00e8re, pour d\u00e9truire l\u2019\u00c9\u00adtat capi\u00adta\u00adliste, ins\u00adtal\u00adler \u00e0 sa place le pou\u00advoir des masses arm\u00e9es et r\u00e9a\u00adli\u00adser la trans\u00adfor\u00adma\u00adtion socia\u00adliste de la soci\u00e9t\u00e9.<\/p>\n<p> \u00ab&nbsp;La n\u00e9ces\u00adsi\u00adt\u00e9 du par\u00adti r\u00e9vo\u00adlu\u00adtion\u00adnaire d\u00e9coule sim\u00adple\u00adment du fait qu\u2019il nexiste pas d\u2019autre orga\u00adnisme de la classe capable d\u2019ac\u00adcom\u00adplir ces t\u00e2ches de coor\u00addi\u00adna\u00adtion et de direc\u00adtion d\u2019une mani\u00e8re per\u00adma\u00adnente avant la r\u00e9vo\u00adlu\u00adtion, et qu\u2019il est impos\u00adsible qu\u2019il en existe&nbsp;[\u2026].<\/p>\n<p>\u00ab[\u2026] Si les comi\u00adt\u00e9s de lutte ne r\u00e9solvent pas la ques\u00adtion de la direc\u00adtion r\u00e9vo\u00adlu\u00adtion\u00adnaire, du par\u00adti, ils sont cepen\u00addant le mat\u00e9\u00adriel de base pour la construc\u00adtion du par\u00adti dans la p\u00e9riode actuelle&nbsp;[\u2026].<\/p>\n<p>\u00ab[\u2026] La n\u00e9ces\u00adsi\u00adt\u00e9 du par\u00adti r\u00e9vo\u00adlu\u00adtion\u00adnaire ne cesse pas avec l\u2019ap\u00adpa\u00adri\u00adtion d\u2019or\u00adga\u00adnismes auto\u00adnomes de masses (orga\u00adnismes sovi\u00e9\u00adtiques). Aus\u00adsi bien l\u2019ex\u00adp\u00e9\u00adrience du pas\u00ads\u00e9 que l\u2019a\u00adna\u00adlyse des condi\u00adtions actuelles montrent que ces orga\u00adnismes n\u2019ont \u00e9t\u00e9 et ne seront, au d\u00e9part, que for\u00admel\u00adle\u00adment auto\u00adnomes et en fait domi\u00adn\u00e9s et influen\u00adc\u00e9s par des id\u00e9o\u00adlo\u00adgies et des cou\u00adrants poli\u00adtiques his\u00adto\u00adri\u00adque\u00adment hos\u00adtiles au pou\u00advoir pro\u00adl\u00e9\u00adta\u00adrien. Ces orga\u00adnismes ne deviennent effec\u00adti\u00adve\u00adment auto\u00adnomes qu\u2019\u00e0 par\u00adtir du moment o\u00f9 leur majo\u00adri\u00adt\u00e9 adopte et assi\u00admile le pro\u00adgramme r\u00e9vo\u00adlu\u00adtion\u00adnaire, que jusque l\u00e0 le par\u00adti est seul \u00e0 d\u00e9fendre sans com\u00adpro\u00admis\u00adsion&nbsp;\u00bb (\u00ab&nbsp;Socia\u00adlisme ou Bar\u00adba\u00adrie&nbsp;\u00bb n\u00b02, juin 49, pages 100 \u00e0&nbsp;101).<\/p>\n<p>On pour\u00adrait nous objec\u00adter que ces textes datent de 49. Soit, voi\u00adci donc du plus&nbsp;neuf&nbsp;:&nbsp;<\/p>\n<p>\u00ab&nbsp;5.\u200a\u2014\u200aEntre deux assem\u00adbl\u00e9es g\u00e9n\u00e9\u00adrales ou assem\u00adbl\u00e9es de d\u00e9l\u00e9\u00adgu\u00e9s, les acti\u00advi\u00adt\u00e9s du groupe sont coor\u00addon\u00adn\u00e9es par UN COMIT\u00c9 RESPONSABLE [[C\u2019est nous qui sou\u00adli\u00adgnons.]] qui assure en outre l\u2019ac\u00adcom\u00adplis\u00adse\u00adment des t\u00e2ches cen\u00adtrales, rela\u00adtions avec les cama\u00adrades de pro\u00advince et avec d\u2019autres orga\u00adni\u00adsa\u00adtions, ETC. [[Idem.]] [\u2026].<\/p>\n<p>\u00ab&nbsp;6.\u200a\u2014\u200aLes cama\u00adrades en d\u00e9sac\u00adcord avec les d\u00e9ci\u00adsions MAJORITAIRES [[Idem.]] r\u00e9gu\u00adli\u00e8\u00adre\u00adment prises de leur cel\u00adlule, de l\u2019as\u00adsem\u00adbl\u00e9e ou du C.R. [[Idem.]] sont tenus \u00e0 les appli\u00adquer. Ils ont le droit d\u2019ex\u00adpri\u00admer leurs d\u00e9sac\u00adcords [\u2026]\u00bb (Texte sur l\u2019or\u00adga\u00adni\u00adsa\u00adtion du groupe \u00ab&nbsp;S. ou B.&nbsp;\u00bb (majo\u00adri\u00adtaires), 6 juin&nbsp;58.)<\/p>\n<p>Cette der\u00adni\u00e8re cita\u00adtion d\u2019un texte r\u00e9cent des majo\u00adri\u00adtaires de Socia\u00adlisme ou Bar\u00adba\u00adrie tend sim\u00adple\u00adment \u00e0 d\u00e9mon\u00adtrer que l\u2019on n\u2019y a pas encore d\u00e9pas\u00ads\u00e9 \u00ab&nbsp;la n\u00e9ces\u00adsi\u00adt\u00e9 du par\u00adti&nbsp;\u00bb ni de l\u2019\u00e9\u00adtat d\u2019es\u00adprit s\u2019y rapportant.<\/p>\n<p>Notre r\u00e9cente et cui\u00adsante exp\u00e9\u00adrience de feu la F\u00e9d\u00e9\u00adra\u00adtion Com\u00admu\u00adniste Liber\u00adtaire nous am\u00e8ne \u00e0 confir\u00admer plus que jamais notre oppo\u00adsi\u00adtion irr\u00e9\u00adduc\u00adtible au concept m\u00eame du \u00ab&nbsp;par\u00adti&nbsp;\u00bb. D\u2019au\u00adtant plus que l\u2019en\u00adsei\u00adgne\u00adment de l\u2019his\u00adtoire nous donne rai\u00adson sur ce terrain.<\/p>\n<p>Nous devons tirer nos propres conclu\u00adsions de ce qui pr\u00e9\u00adc\u00e8de. En bref, nous pour\u00adrions \u00e9crire que l\u2019\u00e9\u00adman\u00adci\u00adpa\u00adtion des tra\u00advailleurs, ne sera l\u2019\u0153uvre que des tra\u00advailleurs eux-m\u00eames. Mais d\u2019autres ayant, par notam\u00adment des notions comme \u00ab&nbsp;la dic\u00adta\u00adture du pro\u00adl\u00e9\u00adta\u00adriat&nbsp;\u00bb qui s\u2019est dans la pra\u00adtique r\u00e9v\u00e9\u00adl\u00e9e comme \u00e9tant la dic\u00adta\u00adture du par\u00adti ET DE L\u2019\u00c9TAT contre le pro\u00adl\u00e9\u00adta\u00adriat, d\u00e9na\u00adtu\u00adr\u00e9, fal\u00adsi\u00adfi\u00e9 une telle notion et les pers\u00adpec\u00adtives qu\u2019elle implique, force nous est de pr\u00e9\u00adci\u00adser ce que nous enten\u00addons par&nbsp;l\u00e0.<\/p>\n<p>Nous ne sommes pas, nous ne vou\u00adlons pas \u00eatre des th\u00e9o\u00adri\u00adciens abs\u00adtraits du genre de ceux qui mettent les \u00ab&nbsp;faits dans un cadre&nbsp;\u00bb pour ne pas mettre en cause les textes sacr\u00e9s et autres tabous. Nous sommes des r\u00e9vo\u00adlu\u00adtion\u00adnaires, en ce sens que nous sommes r\u00e9a\u00adlistes et objec\u00adtifs. Nous ne jugeons et n\u2019\u00e9\u00adla\u00adbo\u00adrons que sur des faits, fid\u00e8les en cela \u00e0 la pen\u00ads\u00e9e mat\u00e9rialiste.<\/p>\n<p>Ain\u00adsi l\u2019ex\u00adp\u00e9\u00adrience his\u00adto\u00adrique est pour nous pri\u00admor\u00addiales. Or, elle condamne sans appel le par\u00adti. En 1905, en Rus\u00adsie, gr\u00e8ve g\u00e9n\u00e9\u00adrale et muti\u00adne\u00adrie conduisent les masses \u00e0 cr\u00e9er leurs organes de lutte&nbsp;: les soviets. Dans quelques cas les par\u00adtis s\u2019emparent de cette exp\u00e9\u00adrience pour la diri\u00adger. Mais, il fal\u00adlut attendre 1917 pour assis\u00adter au pas\u00adsage de la r\u00e9vo\u00adlu\u00adtion bour\u00adgeoise com\u00admen\u00adc\u00e9e en f\u00e9vrier \u00e0 la r\u00e9vo\u00adlu\u00adtion d\u2019oc\u00adtobre. C\u2019est l\u00e0 que les par\u00adtis, ou plu\u00adt\u00f4t tr\u00e8s rapi\u00adde\u00adment le plus cen\u00adtra\u00adli\u00ads\u00e9, le plus dis\u00adci\u00adpli\u00adn\u00e9&nbsp;: le par\u00adti des \u00ab&nbsp;r\u00e9vo\u00adlu\u00adtion\u00adnaires pro\u00adfes\u00adsion\u00adnels&nbsp;\u00bb, le par\u00adti bol\u00adche\u00advik, colo\u00adnisent, puis colo\u00adnise les soviets. Ceux-ci per\u00addant pro\u00adgres\u00adsi\u00adve\u00adment leur carac\u00adt\u00e8re d\u2019or\u00adga\u00adnismes auto\u00adnomes des masses pour ne deve\u00adnir que les appen\u00addices du par\u00adti, v\u00e9ri\u00adtable d\u00e9ten\u00adteur du pou\u00advoir. On sait que par la suite la bureau\u00adcra\u00adtie ne prit pas le pou\u00advoir en ren\u00adver\u00adsant le par\u00adti \u00ab&nbsp;r\u00e9vo\u00adlu\u00adtion\u00adnaire&nbsp;\u00bb (bol\u00adche\u00advik) mais prit nais\u00adsance dans ce par\u00adti ET DANS L\u2019APPAREIL D\u2019\u00c9TAT que celui-ci avait recons\u00adti\u00adtu\u00e9. Plus de qua\u00adrante ann\u00e9es du pou\u00advoir du par\u00adti \u00ab&nbsp;de L\u00e9nine et de Trots\u00adky&nbsp;\u00bb abou\u00adtissent au tota\u00adli\u00adta\u00adrisme bureau\u00adcra\u00adtique de MM.&nbsp;Sta\u00adline, Krout\u00adch\u00adchev, and&nbsp;C\u00b0.<\/p>\n<p>Vou\u00adloir don\u00adner un \u00e9tat-major \u00e0 la classe ouvri\u00e8re et \u00e0 la r\u00e9vo\u00adlu\u00adtion sociale c\u2019est condam\u00adner cette der\u00adni\u00e8re \u00e0 n\u2019\u00eatre pas socia\u00adliste mais bureaucratique.<\/p>\n<p>D\u2019au\u00adtant plus que la n\u00e9ces\u00adsi\u00adt\u00e9 du par\u00adti, ce n\u2019est pas seule\u00adment les anar\u00adchistes que nous sommes qui la contes\u00adtons. L\u2019HISTOIRE LA CONTESTE TOUT AUTANT OU ALORS IL NE S\u2019EST RIEN PASSE EN HONGRIE EN 1956, \u2018ENTRE AUTRES.<\/p>\n<p>En effet, non seule\u00adment le pro\u00adl\u00e9\u00adta\u00adriat hon\u00adgrois de 1956, au cours d\u2019un sou\u00adl\u00e8\u00adve\u00adment dont presque tout le monde semble avoir oubli\u00e9 les ensei\u00adgne\u00adments fon\u00adda\u00admen\u00adtaux, n\u2019a pas uti\u00adli\u00ads\u00e9 un par\u00adti pour trou\u00adver le che\u00admin de la r\u00e9vo\u00adlu\u00adtion&nbsp;; mais n\u2019a m\u00eame pas \u00e9prou\u00adv\u00e9 le besoin d\u2019en cr\u00e9er un (le \u00ab&nbsp;par\u00adti r\u00e9vo\u00adlu\u00adtion\u00adnaire de la jeu\u00adnesse&nbsp;\u00bb n\u2019a \u00e9t\u00e9 d\u00fb qu\u2019\u00e0 l\u2019i\u00adni\u00adtia\u00adtive d\u2019\u00e9\u00adtu\u00addiants aux\u00adquels ne s\u2019\u00e9\u00adtaient joints que de rares ouvriers). L\u2019es\u00adsen\u00adtiel des formes d\u2019or\u00adga\u00adni\u00adsa\u00adtion de la lutte des ouvriers r\u00e9si\u00addait dans les \u00ab&nbsp;conseils ouvriers&nbsp;\u00bb (les soviets) \u00e9lus et r\u00e9vo\u00adcables \u00e0 tout ins\u00adtant. Mais pour ten\u00adter d\u2019im\u00adpo\u00adser leur pou\u00advoir les tra\u00advailleurs grou\u00adp\u00e9s dans ou autour des soviets, se trou\u00advaient dans l\u2019o\u00adbli\u00adga\u00adtion de se dres\u00adser CONTRE LE PARTI QUI FUT CELUI DE BELA KHUN, CONTRE L4\u00c9TAT \u00ab&nbsp;OUVRIER&nbsp;\u00bb, CONTRE L\u2019ARM\u00c9E ROUGE FOND\u00c9E PAR\u2026 TROTSKY.<\/p>\n<p>Ceci nous am\u00e8ne aus\u00adsi \u00e0 cri\u00adti\u00adquer non seule\u00adment les insuf\u00adfi\u00adsances du groupe \u00ab&nbsp;Socia\u00adlisme ou Bar\u00adba\u00adrie&nbsp;\u00bb sur le par\u00adti, mais aus\u00adsi celles du groupe \u00ab&nbsp;Infor\u00adma\u00adtion et Liai\u00adsons Ouvri\u00e8res&nbsp;\u00bb sur l\u2019\u00c9\u00adtat. Car per\u00adsonne hor\u00admis les anar\u00adchistes n\u2019a pro\u00adc\u00e9\u00add\u00e9 \u00e0 une cri\u00adtique de l\u2019\u00c9\u00adtat aus\u00adsi radi\u00adcale que celle du&nbsp;parti.<\/p>\n<p>Pour\u00adtant si l\u2019on veut s\u00e9rieu\u00adse\u00adment contri\u00adbuer \u00e0 une pr\u00e9\u00adpa\u00adra\u00adtion de la r\u00e9vo\u00adlu\u00adtion et, par l\u00e0, tendre \u00e0 \u00e9le\u00adver le niveau actuel\u00adle\u00adment tr\u00e8s bas de la conscience de classe, pr\u00e9\u00adlude \u00e0 la prise de conscience r\u00e9vo\u00adlu\u00adtion\u00adnaire, il est indis\u00adpen\u00adsable de reje\u00adter toutes les notions et formes d\u2019or\u00adga\u00adni\u00adsa\u00adtion propres \u00e0 toute soci\u00e9\u00adt\u00e9 d\u2019ex\u00adploi\u00adta\u00adtion bour\u00adgeoise ou bureaucratique.<\/p>\n<p>Avant de pou\u00advoir vala\u00adble\u00adment d\u00e9fi\u00adnir les struc\u00adtures et le r\u00f4le de l\u2019or\u00adga\u00adni\u00adsa\u00adtion r\u00e9vo\u00adlu\u00adtion\u00adnaire, il est n\u00e9ces\u00adsaire de d\u00e9fi\u00adnir&nbsp;; ne serait-ce que bri\u00e8\u00adve\u00adment, ce qu\u2019est l\u2019\u00c9\u00adtat, ce qu\u2019est le&nbsp;parti.<\/p>\n<p>Pour le pre\u00admier, n\u2019im\u00adporte qui sait voir ce qui l\u2019en\u00adtoure, sait qu\u2019il ne s\u2019a\u00adgit l\u00e0 que d\u2019un ins\u00adtru\u00adment de coer\u00adci\u00adtion par la police, par l\u2019ar\u00adm\u00e9e, par le tri\u00adbu\u00adnal, par le par\u00adle\u00adment, le gou\u00adver\u00adne\u00adment, etc. Il ne s\u2019a\u00adgit que d\u2019un appa\u00adreil d\u2019exer\u00adcice par\u00adtiel du pou\u00advoir pour la classe exploi\u00adteuse et de pro\u00adtec\u00adtion de ce pou\u00advoir. C\u2019\u00e9\u00adtait du moins le sch\u00e9\u00adma clas\u00adsique valable il y a trois quarts de si\u00e8cle. Les anar\u00adchistes l\u2019a\u00advaient com\u00adpris comme le d\u00e9montre cet extrait d\u2019un texte que Car\u00adlo Caf\u00adfie\u00adro r\u00e9di\u00adgeait en 1872 \u00e0 l\u2019a\u00addresse d\u2019Engels&nbsp;:<\/p>\n<p>\u00ab&nbsp;Tous, nous vou\u00adlons conqu\u00e9\u00adrir, ou mieux, exi\u00adger le capi\u00adtal pour la col\u00adlec\u00adti\u00advi\u00adt\u00e9, et pour ce faire, nous pro\u00adpo\u00adsons deux pro\u00adc\u00e9\u00add\u00e9s divers. Les uns conseillent un coup de main sur la for\u00adte\u00adresse prin\u00adci\u00adpale, l\u2019\u00c9\u00adtat, laquelle \u00e9tant tom\u00adb\u00e9e en notre pou\u00advoir, la porte du capi\u00adtal sera ouverte \u00e0 tous, tan\u00addis que les autres envi\u00adsagent d\u2019a\u00adbattre tous ensemble tous les obs\u00adtacles et de s\u2019emparer col\u00adlec\u00adti\u00adve\u00adment, DE FAIT, de ce capi\u00adtal que l\u2019on veut assu\u00adrer pour tou\u00adjours pro\u00adpri\u00e9\u00adt\u00e9 collective.<\/p>\n<p>\u00ab&nbsp;Je me suis ran\u00adg\u00e9 avec les seconds, mon cher, et vous, bon mat\u00e9\u00adria\u00adliste, com\u00adment pou\u00advez-vous \u00eatre avec les pre\u00admiers&nbsp;? La th\u00e9o\u00adrie des cir\u00adcons\u00adtances d\u00e9ter\u00admi\u00adnantes, que vous savez, \u00e0 l\u2019oc\u00adca\u00adsion, si bien d\u00e9ve\u00adlop\u00adper, n\u2019ar\u00adrive-t-elle pas \u00e0 d\u00e9ter\u00admi\u00adner dans votre esprit le doute sur la nature de l\u2019\u0153uvre que vous accom\u00adpli\u00adrez une fois ins\u00adtal\u00adl\u00e9 au pou\u00advoir constitu\u00e9&nbsp;?&nbsp;\u00bb<\/p>\n<p>Ce doute, dans l\u2019es\u00adprit de Caf\u00adfie\u00adro, sur la nature de l\u2019\u0153uvre que l\u2019on peut accom\u00adplir une fois ins\u00adtal\u00adl\u00e9 au pou\u00advoir consti\u00adtu\u00e9, la r\u00e9vo\u00adlu\u00adtion russe apr\u00e8s plus de qua\u00adrante ans le trans\u00adforme en r\u00e9a\u00adli\u00adt\u00e9. La conqu\u00eate du pou\u00advoir poli\u00adtique, l\u2019a\u00adm\u00e9\u00adna\u00adge\u00adment de l\u2019\u00c9\u00adtat, son uti\u00adli\u00adsa\u00adtion \u00e0 des fins r\u00e9vo\u00adlu\u00adtion\u00adnaires, etc., n n\u2019a\u00adbou\u00adtissent pas en effet \u00e0 la pro\u00adpri\u00e9\u00adt\u00e9 col\u00adlec\u00adtive du capi\u00adtal, \u00e0 la ges\u00adtion ouvri\u00e8re des usines (que r\u00e9cla\u00admaient les insur\u00adg\u00e9s hon\u00adgrois), \u00e0 la d\u00e9mo\u00adcra\u00adtie (que r\u00e9cla\u00admaient les insur\u00adg\u00e9s de Crons\u00adtadt, ain\u00adsi que des mesures \u00e9ga\u00adli\u00adtaires) MAIS AU POUVOIR DE LA BUREAUCRATIE, EN TANT QUE NOUVELLE CLASSE EXPLOITEUSE. Or qu\u2019est donc cette bureau\u00adcra\u00adtie, si elle n\u2019est pas consti\u00adtu\u00e9e des cadres, des cadres syn\u00addi\u00adcaux, des cadres des entre\u00adprises et de tous les hauts fonc\u00adtion\u00adnaires directs de l\u2019ap\u00adpa\u00adreil d\u2019\u00c9\u00adtat. L\u2019\u00c9\u00adtat inter\u00advient en U.R.S,S. comme \u00e9tant la classe bureau\u00adcra\u00adtique n\u00e9e du par\u00adti bol\u00adche\u00advik, Ce n\u2019est donc pas l\u00e0 la r\u00e9a\u00adli\u00adsa\u00adtion de la r\u00e9vo\u00adlu\u00adtion socia\u00adliste, mais la r\u00e9vo\u00adlu\u00adtion bureau\u00adcra\u00adtique achev\u00e9e.<\/p>\n<p>En U.R.S.S., en You\u00adgo\u00adsla\u00advie, en Chine, les tra\u00advailleurs n\u2019ont fait que chan\u00adger d\u2019ex\u00adploi\u00adteurs, que pas\u00adser de la domi\u00adna\u00adtion de la bour\u00adgeoi\u00adsie capi\u00adta\u00adliste \u00e0 celle de l\u2019\u00c9\u00adtat bureaucratique.<\/p>\n<p>Le r\u00f4le des r\u00e9vo\u00adlu\u00adtion\u00adnaires COMMUNISTES n\u2019est pas de favo\u00adri\u00adser cette trans\u00adfor\u00adma\u00adtion l\u00e0. Or le par\u00adti est l\u2019ins\u00adtru\u00adment indis\u00adpen\u00adsable\u2026 pour d\u00e9vier la r\u00e9vo\u00adlu\u00adtion, socia\u00adliste \u00e0 l\u2019o\u00adri\u00adgine (en admet\u00adtant qu\u2019elle le soit, ce qui n\u2019est pas tou\u00adjours le cas = la r\u00e9vo\u00adlu\u00adtion anti\u00adco\u00adlo\u00adniale), de sa route et l\u2019ai\u00adguiller vers une trans\u00adfor\u00adma\u00adtion de la soci\u00e9\u00adt\u00e9, syno\u00adnyme de bureaucratisation.<\/p>\n<p>Nous avons de tout temps, depuis que nous exis\u00adtons sous forme orga\u00adni\u00ads\u00e9e, nous liber\u00adtaires- com\u00admu\u00adnistes repous\u00ads\u00e9 l\u2019\u00c9\u00adtat pour ce qu\u2019il \u00e9tait, quelle que soit la sauce \u00e0 laquelle il \u00e9tait accom\u00admo\u00add\u00e9\u203a il en fut de m\u00eame pour le par\u00adti (les pr\u00e9\u00adten\u00addus anar\u00adchistes qui p\u00e9rio\u00addi\u00adque\u00adment vont \u00ab&nbsp;vers le par\u00adti&nbsp;\u00bb finissent mal, dans le style F.C.L.). L\u2019ex\u00adp\u00e9\u00adrience his\u00adto\u00adrique n\u2019in\u00adfirme en rien nos posi\u00adtions tra\u00addi\u00adtion\u00adnelles. AU CONTRAIRE. Mais ceci n\u2019im\u00adplique pas que notre atti\u00adtude soit n\u00e9gative.<\/p>\n<p>\u00c0 l\u2019\u00c9\u00adtat nous oppo\u00adsons les dif\u00adf\u00e9\u00adrentes exp\u00e9\u00adriences d\u00e9j\u00e0 r\u00e9a\u00adli\u00ads\u00e9es par les tra\u00advailleurs, sous la forme des soviets auto\u00adnomes dans leurs d\u00e9ci\u00adsions et leur orga\u00adni\u00adsa\u00adtion interne (ce, de la Com\u00admune \u00e0 la r\u00e9vo\u00adlu\u00adtion hon\u00adgroise). Nous pen\u00adsons que seule une f\u00e9d\u00e9\u00adra\u00adtion de ces soviets peut consti\u00adtuer une forme r\u00e9el\u00adle\u00adment com\u00admu\u00adniste des rap\u00adports entre eux dans une soci\u00e9\u00adt\u00e9 socia\u00adliste. Pour que cette f\u00e9d\u00e9\u00adra\u00adtion des soviets soit liber\u00adtaire, la dis\u00adpa\u00adri\u00adtion de la police, de l\u2019ar\u00adm\u00e9e, des tri\u00adbu\u00adnaux, de toute D\u00c9L\u00c9GATION de pou\u00advoir \u00e0 un par\u00adti, \u00e0 un par\u00adle\u00adment, \u00e0 un gou\u00adver\u00adne\u00adment, c\u2019est-\u00e0-dire&nbsp;: DE L\u2019\u00c9TAT, EST UNE N\u00c9CESSIT\u00c9 VITALE. L\u2019\u00c9\u00adtat ne peut pas \u00eatre \u00ab&nbsp;ouvrier&nbsp;\u00bb, pas plus que les g\u00e9n\u00e9\u00adraux \u00ab&nbsp;anti\u00admi\u00adli\u00adta\u00adristes&nbsp;\u00bb ou les \u00e9v\u00eaques \u00ab&nbsp;libres-penseurs&nbsp;\u00bb.<\/p>\n<p>Au par\u00adti \u00ab&nbsp;r\u00e9vo\u00adlu\u00adtion\u00adnaire&nbsp;\u00bb clas\u00adsique, ou de style nou\u00adveau (Socia\u00adlisme ou Bar\u00adba\u00adrie), NOUS OPPOSONS DES FORMES D\u2019ORGANISATION, PR\u00c9FIGURATION DE LA SOCI\u00c9T\u00c9 QUE NOUS APPELONS DE TOUS NOS V\u0152UX ET DONT NOTRE ACTION \u00c0 POUR BUT DE FAVORISER L\u2019AV\u00c8NEMENT.<\/p>\n<p><u>Cela signi\u00adfie<\/u>&nbsp;: Que l\u2019or\u00adga\u00adni\u00adsa\u00adtion, pour assi\u00admi\u00adler dans ses formes et son com\u00adpor\u00adte\u00adment l\u2019ex\u00adp\u00e9\u00adrience r\u00e9vo\u00adlu\u00adtion\u00adnaire acquise, refuse d\u2019\u00eatre la direc\u00adtion, l\u2019\u00e9\u00adtat-major de la classe et de la r\u00e9volution.<\/p>\n<p>\u2014 Que les rap\u00adports entre les r\u00e9vo\u00adlu\u00adtion\u00adnaires orga\u00adni\u00ads\u00e9s ne peuvent pro\u00adc\u00e9\u00adder du sch\u00e9\u00adma sui\u00advant&nbsp;: le comi\u00adt\u00e9 cen\u00adtral dirige, la base ex\u00e9\u00adcute (d\u00e9fi\u00adni\u00adtion som\u00admaire du par\u00adti). C\u2019est-\u00e0-dire que des com\u00admu\u00adnistes v\u00e9ri\u00adtables ne peuvent avoir entre eux des rap\u00adports hi\u00e9\u00adrar\u00adchi\u00ads\u00e9s, com\u00adpor\u00adtant des d\u00e9l\u00e9\u00adga\u00adtions de pou\u00advoir. M\u00eame si les d\u00e9l\u00e9\u00adgu\u00e9s sont \u00ab&nbsp;contr\u00f4\u00adl\u00e9s&nbsp;\u00bb. Parce que de tels rap\u00adports SONT LA N\u00c9GATION M\u00caME DU COMMUNISME LIBERTAIRE et que paral\u00adl\u00e8\u00adle\u00adment ils ne sont que L\u2019H\u00c9RITAGE DES TARES ID\u00c9OLOGIQUES de toute soci\u00e9\u00adt\u00e9 d\u2019exploitation.<\/p>\n<p>\u2014 Que l\u2019or\u00adga\u00adni\u00adsa\u00adtion com\u00admu\u00adniste ne peut \u00eatre qu\u2019une f\u00e9d\u00e9\u00adra\u00adtion de groupes, les\u00adquels groupes peuvent se consti\u00adtuer soit sur la base du lieu de tra\u00advail, soit sur la base du quar\u00adtier ou toute autre base jug\u00e9e valable.<\/p>\n<p>\u2014 Que le groupe a une enti\u00e8re res\u00adpon\u00adsa\u00adbi\u00adli\u00adt\u00e9 dans la d\u00e9ter\u00admi\u00adna\u00adtion des rap\u00adports qu\u2019il aura avec les tra\u00advailleurs, de son orien\u00adta\u00adtion, de son appr\u00e9\u00adcia\u00adtion des faits, enfin de ses rap\u00adports avec les autres groupes dans le cadre f\u00e9d\u00e9\u00adral ain\u00adsi que de son orga\u00adni\u00adsa\u00adtion interne.<\/p>\n<p>\u2014 Que la f\u00e9d\u00e9\u00adra\u00adtion et cha\u00adcun des groupes la com\u00adpo\u00adsant ne se pr\u00e9\u00adsentent devant la classe ouvri\u00e8re que pour l\u2019ai\u00adder \u00e0 par\u00adve\u00adnir \u00e0 une prise de conscience r\u00e9vo\u00adlu\u00adtion\u00adnaire, et, pour ce faire, lui four\u00adnir toutes infor\u00adma\u00adtions, mettre le plus pos\u00adsible des tra\u00advailleurs en contact entre eux soit au cours de luttes et pour favo\u00adri\u00adser leur exten\u00adsion, soit en p\u00e9riode calme pour per\u00admettre la pr\u00e9\u00adpa\u00adra\u00adtion et la coor\u00addi\u00adna\u00adtion de luttes ult\u00e9\u00adrieures par les tra\u00advailleurs eux-m\u00eames.<\/p>\n<p>\u2014 Que ce qui pr\u00e9\u00adc\u00e8de n\u2019emp\u00eache nul\u00adle\u00adment les com\u00admu\u00adnistes orga\u00adni\u00ads\u00e9s de faire conna\u00eetre leur propre appr\u00e9\u00adcia\u00adtion, leurs propres sug\u00adges\u00adtions, d\u2019a\u00advoir leur propre orien\u00adta\u00adtion et d\u2019a\u00advoir, outre ceux qu\u2019ils mettent \u00e0 la dis\u00adpo\u00adsi\u00adtion des tra\u00advailleurs, leurs propres organes de presse.<\/p>\n<p>\u2014 Qu\u2019il existe un int\u00e9\u00adr\u00eat de la r\u00e9vo\u00adlu\u00adtion. Que celui-ci se confond avec les int\u00e9\u00adr\u00eats de toutes natures du pro\u00adl\u00e9\u00adta\u00adriat ouvrier-pay\u00adsan. QUE L\u2019ORGANISATION R\u00c9VOLUTIONNAIRE NE SAURAIT AVOIR D\u2019INT\u00c9R\u00caT PROPRE, DISTINCT DE CEUX DU PROL\u00c9TARIAT ET DE SA R\u00c9VOLUTION. Que dans une telle optique, peu importe l\u2019im\u00adpor\u00adtance num\u00e9\u00adrique de l\u2019or\u00adga\u00adni\u00adsa\u00adtion, peu importe s\u2019il y a une ou plu\u00adsieurs orga\u00adni\u00adsa\u00adtions r\u00e9vo\u00adlu\u00adtion\u00adnaires com\u00admu\u00adnistes, peu importe s\u2019il y a une majo\u00adri\u00adt\u00e9 et une mino\u00adri\u00adt\u00e9, si cette der\u00adni\u00e8re estime que ce qui la s\u00e9pare de la majo\u00adri\u00adt\u00e9 est plus impor\u00adtant que ce qui l\u2019y unis\u00adsait, elle cr\u00e9e une orga\u00adni\u00adsa\u00adtion nou\u00advelle qui peut col\u00adla\u00adbo\u00adrer avec les autres sur la base de m\u00e9thodes et de pers\u00adpec\u00adtives com\u00admunes. Il ne sau\u00adrait donc y avoir de dis\u00adci\u00adpline, que libre\u00adment consen\u00adtie par chaque r\u00e9vo\u00adlu\u00adtion\u00adnaire com\u00admu\u00adniste. LE SORT DE LA R\u00c9VOLUTION, SI ELLE EST SOCIALISTE, N\u2019EST PAS LI\u00c9 \u00c0 CELUI D\u2019UN OU PLUSIEURS GROUPES R\u00c9VOLUTIONNAIRES. CEUX-CI NE PEUVENT QUE SE DISSOUDRE, DEVANT LE POUVOIR DIRECT DES TRAVAILLEURS. N\u2019AYANT \u00c9T\u00c9, DANS LA P\u00c9RIODE PR\u00c9-R\u00c9VOLUTIONNAIRE ET DANS LA R\u00c9VOLUTION QUE DES ORGANISES DE PROPAGANDE, DES CENTRES DE R\u00c9FLEXIONS, DES GROUPES ORGANIS\u00c9S POUR DES ACTIONS PRATIQUES que nous pr\u00e9\u00adci\u00adsons par ailleurs.<\/p>\n<p>\u2014 Que l\u2019OR\u00adGA\u00adNI\u00adSA\u00adTION R\u00c9VOLUTIONNAIRE, N\u2019\u00c9TANT PAS UNE FIN MAIS UN MOYEN, ET QUE LA LUTTE ANTI-BUREAUCRATIQUE AYANT AUTANT D\u2019IMPORTANCE QUE LA LUTTE ANTICAPITALISTE, AUCUN COMPROMIS B\u00c2TARD, VICIEUX, PAR ESSENCE, ET SURTOUT PAR LA CONFUSION QU\u2019IL R\u00c9PAND, AUCUN COMPROMIS AVEC LA GAUCHE N\u2019EST POSSIBLE QUE S\u2019IL SIGNIFIE LE PASSAGE DE LA GAUCHE \u00c0 L\u2019ACTION R\u00c9VOLUTIONNAIRE, CE QUI NE SERAIT DONC PLUS UN COMPROMIS.<\/p>\n<p>\u2014 Que l\u2019ac\u00adtion r\u00e9vo\u00adlu\u00adtion\u00adnaire pour aller dans un sens com\u00admu\u00adniste ne peut que s\u2019ins\u00adcrire dans l\u2019op\u00adtion de la lutte des classes&nbsp;; que faire corps avec la lutte des pro\u00adl\u00e9\u00adtaires, tant contre le capi\u00adtal et son sys\u00adt\u00e8me que contre la bureau\u00adcra\u00adtie et son propre syst\u00e8me.<\/p>\n<p>\u2014 Que l\u2019on ne peut s\u2019as\u00adso\u00adcier avec l\u2019une des deux classes exploi\u00adteuses, m\u00eame si elle n\u2019est qu\u2019\u00e0 l\u2019\u00e9\u00adtat de ges\u00adta\u00adtion, si elle n\u2019est que poten\u00adtiel\u00adle\u00adment future classe exploi\u00adteuse, sous le fal\u00adla\u00adcieux pr\u00e9\u00adtexte de com\u00adbattre l\u2019autre \u00ab&nbsp;plus effi\u00adca\u00adce\u00adment&nbsp;\u00bb. Cette pr\u00e9\u00adten\u00addue \u00ab&nbsp;effi\u00adca\u00adci\u00adt\u00e9&nbsp;\u00bb n\u2019existe que dans l\u2019i\u00adma\u00adgi\u00adna\u00adtion de ceux qu\u2019elle tour\u00admente, De la \u00ab&nbsp;Lib\u00e9\u00adra\u00adtion&nbsp;\u00bb au 13 mai, il n\u2019a pas \u00e9t\u00e9 effi\u00adcace de sou\u00adte\u00adnir ou de ne pas d\u00e9non\u00adcer sans appel la bureau\u00adcra\u00adtie sous toutes ses formes. En l\u2019ab\u00adsence de pers\u00adpec\u00adtives r\u00e9vo\u00adlu\u00adtion\u00adnaires, il n\u2019y eut pas d\u2019ac\u00adtion r\u00e9vo\u00adlu\u00adtion\u00adnaire et la classe bour\u00adgeoise au pou\u00advoir fit ce qu\u2019elle vou\u00adlut faire. En France, aujourd\u2019\u00adhui, comme hier, s\u2019al\u00adlier \u00e0 la bureau\u00adcra\u00adtie, contre la bour\u00adgeoi\u00adsie par exemple, en par\u00adti\u00adci\u00adpant aux \u00e9lec\u00adtions poli\u00adti\u00adciennes ou aux syn\u00addi\u00adcats, c\u2019est dans cer\u00adtaines condi\u00adtions (comme celles qui exis\u00adtaient le 13 mai en France) lais\u00adser les mains enti\u00e8\u00adre\u00adment libres \u00e0 la bour\u00adgeoi\u00adsie ou dans des condi\u00adtions tout \u00e0 fait dif\u00adf\u00e9\u00adrentes ce serait par\u00adti\u00adci\u00adper acti\u00adve\u00adment au pas\u00adsage d\u2019un type de soci\u00e9\u00adt\u00e9 capi\u00adta\u00adliste clas\u00adsique au sys\u00adt\u00e8me bureau\u00adcra\u00adtique ou semi-bureau\u00adcra\u00adtique. C\u2019est-\u00e0-dire s\u2019as\u00adso\u00adcier aux sta\u00adli\u00adniens ou aux fas\u00adcistes. Col\u00adla\u00adbo\u00adrer aux ins\u00adti\u00adtu\u00adtions du r\u00e9gime que nous pr\u00e9\u00adten\u00addons vou\u00adloir abattre, qu\u2019elles soient int\u00e9\u00adgr\u00e9es au sys\u00adt\u00e8me (comme le par\u00adle\u00adment en France ou les syn\u00addi\u00adcats dans les pays sta\u00adli\u00adniens) qu\u2019elles soient semi-int\u00e9\u00adgr\u00e9es (comme les syn\u00addi\u00adcats en France), c\u2019est consciem\u00adment ou non, COLLABORER \u00c0 CE R\u00c9GIME direc\u00adte\u00adment ou indi\u00adrec\u00adte\u00adment. Ceci n\u2019a ni signi\u00adfi\u00adca\u00adtion socia\u00adliste, ni uti\u00adli\u00adt\u00e9 socia\u00adliste. Au contraire. Pour don\u00adner une signi\u00adfi\u00adca\u00adtion et une uti\u00adli\u00adt\u00e9 socia\u00adlistes \u00e0 notre action nous ne pou\u00advons que favo\u00adri\u00adser \u00e0 la base, dans les entre\u00adprises, l\u2019au\u00adto-orga\u00adni\u00adsa\u00adtion, l\u2019au\u00adto-d\u00e9ter\u00admi\u00adna\u00adtion, l\u2019au\u00adto-expres\u00adsion, l\u2019au\u00adto-direc\u00adtion des tra\u00advailleurs dans leurs luttes et y par\u00adti\u00adci\u00adper on tant que tra\u00advailleurs. Ceci conduit \u00e0 la r\u00e9a\u00adli\u00adsa\u00adtion de la soci\u00e9\u00adt\u00e9 socia\u00adliste, parce que cette forme d\u2019ac\u00adtion pr\u00e9\u00adpare net\u00adte\u00adment les tra\u00advailleurs, manuels et intel\u00adlec\u00adtuels, \u00e0 une prise de conscience de classe, puis r\u00e9vo\u00adlu\u00adtion\u00adnaire. La r\u00e9a\u00adli\u00adsa\u00adtion de la soci\u00e9\u00adt\u00e9 socia\u00adliste ne sup\u00adpose pas seule\u00adment la dis\u00adpa\u00adri\u00adtion de la divi\u00adsion de la soci\u00e9\u00adt\u00e9 en classes sociales anta\u00adgo\u00adnistes (parce que l\u2019une est exploi\u00adt\u00e9e, l\u2019autre exploi\u00adteuse), en tant que telles, dans leur nature sociale pro\u00adfonde et les rap\u00adports sociaux en d\u00e9cou\u00adlant, mais aus\u00adsi la dis\u00adpa\u00adri\u00adtion, jusque dans le sein d\u2019une m\u00eame couche sociale, de la divi\u00adsion entre les fonc\u00adtions de DIRECTION et d\u2019EX\u00c9CUTION.<\/p>\n<p>Pour nous le socia\u00adlisme, c\u2019est-\u00e0-dire la FIN pour\u00adsui\u00advie, ne peut qu\u2019\u00eatre la r\u00e9a\u00adli\u00adsa\u00adtion har\u00admo\u00adnieuse de l\u2019\u00e9\u00adpa\u00adnouis\u00adse\u00adment com\u00adplet de l\u2019in\u00addi\u00advi\u00addu et de l\u2019au\u00adto-ges\u00adtion de la soci\u00e9\u00adt\u00e9 dans tous les domaines de l\u2019ac\u00adti\u00advi\u00adt\u00e9 humaine (\u00e9co\u00adno\u00admique, cultu\u00adrel,&nbsp;etc.).<\/p>\n<p>Donc, pour que les formes d\u2019or\u00adga\u00adni\u00adsa\u00adtion, des com\u00admu\u00adnistes d\u2019a\u00adbord, des autres tra\u00advailleurs ensuite, soient sus\u00adcep\u00adtibles d\u2019ap\u00adpor\u00adter la r\u00e9vo\u00adlu\u00adtion com\u00admu\u00adniste, elles ne peuvent que s\u2019in\u00adt\u00e9\u00adgrer \u00e0 l\u2019ac\u00adtion directe dans le cadre de la soci\u00e9\u00adt\u00e9 d\u2019ex\u00adploi\u00adta\u00adtion <u>pour faire \u00e9cla\u00adter ce cadre<\/u>. Elles ne peuvent que rame\u00adner, que pr\u00e9\u00adpa\u00adrer les masses au retour \u00e0 leur propre ini\u00adtia\u00adtive cr\u00e9a\u00adtrice dans tous les domaines y com\u00adpris \u00e0 la r\u00e9in\u00adtro\u00adduc\u00adtion de la po\u00e9\u00adsie (cr\u00e9a\u00adtion) dans le tra\u00advail. Elles ne peuvent qu\u2019\u00eatre auto\u00adnomes, puisque remet\u00adtant en cause toute la soci\u00e9\u00adt\u00e9 actuelle et la refu\u00adsant dans sa totalit\u00e9.<\/p>\n<p>ELLE NE PEUVENT, COMME MOYENS, QUE PR\u00c9FIGURER LA FIN POURSUIVIE.<\/p>\n<p>Ber\u00adnard Prat-Cotter&nbsp;<\/p><\/div>\n","protected":false},"excerpt":{"rendered":"<p>Nous tenons abso\u00adlu\u00adment \u00e0 pr\u00e9\u00adci\u00adser au lec\u00adteur un cer\u00adtain nombre de notions qui ont pr\u00e9\u00adsi\u00add\u00e9 \u00e0 l\u2019\u00e9\u00adla\u00adbo\u00adra\u00adtion du texte sui\u00advant. Ceci dans le but d\u2019\u00e9\u00advi\u00adter tout mal\u00aden\u00adten\u00addu. Nous n\u2019a\u00advons pas la pr\u00e9\u00adten\u00adtion d\u2019\u00e9\u00adpui\u00adser le sujet. Ce qui deman\u00adde\u00adrait des volumes. De plus, cer\u00adtains aspects de la ques\u00adtion lors\u00adqu\u2019ils sont trop d\u00e9taill\u00e9s, peuvent assez faci\u00adle\u00adment&nbsp;\u00eatre&nbsp;[\u2026]<\/p>\n","protected":false},"author":1,"featured_media":0,"comment_status":"closed","ping_status":"closed","sticky":false,"template":"","format":"standard","meta":{"wp_typography_post_enhancements_disabled":false,"footnotes":""},"categories":[191],"tags":[],"ppma_author":[540],"class_list":["post-1725","post","type-post","status-publish","format-standard","hentry","category-noir-rouge-na12-hiver-1959"],"authors":[{"term_id":540,"user_id":1,"is_guest":0,"slug":"admin_3gikpwyf","display_name":"Vincent Dubuc","avatar_url":"https:\/\/secure.gravatar.com\/avatar\/d015720652c25fd2ced191ade86430094e1f288a17483713e3b34d26dea52507?s=96&d=mm&r=g","author_category":"","user_url":"https:\/\/la-presse-anarchiste.net","last_name":"Dubuc","first_name":"Vincent","job_title":"","description":""}],"_links":{"self":[{"href":"https:\/\/la-presse-anarchiste.net\/index.php\/wp-json\/wp\/v2\/posts\/1725","targetHints":{"allow":["GET"]}}],"collection":[{"href":"https:\/\/la-presse-anarchiste.net\/index.php\/wp-json\/wp\/v2\/posts"}],"about":[{"href":"https:\/\/la-presse-anarchiste.net\/index.php\/wp-json\/wp\/v2\/types\/post"}],"author":[{"embeddable":true,"href":"https:\/\/la-presse-anarchiste.net\/index.php\/wp-json\/wp\/v2\/users\/1"}],"replies":[{"embeddable":true,"href":"https:\/\/la-presse-anarchiste.net\/index.php\/wp-json\/wp\/v2\/comments?post=1725"}],"version-history":[{"count":0,"href":"https:\/\/la-presse-anarchiste.net\/index.php\/wp-json\/wp\/v2\/posts\/1725\/revisions"}],"wp:attachment":[{"href":"https:\/\/la-presse-anarchiste.net\/index.php\/wp-json\/wp\/v2\/media?parent=1725"}],"wp:term":[{"taxonomy":"category","embeddable":true,"href":"https:\/\/la-presse-anarchiste.net\/index.php\/wp-json\/wp\/v2\/categories?post=1725"},{"taxonomy":"post_tag","embeddable":true,"href":"https:\/\/la-presse-anarchiste.net\/index.php\/wp-json\/wp\/v2\/tags?post=1725"},{"taxonomy":"author","embeddable":true,"href":"https:\/\/la-presse-anarchiste.net\/index.php\/wp-json\/wp\/v2\/ppma_author?post=1725"}],"curies":[{"name":"wp","href":"https:\/\/api.w.org\/{rel}","templated":true}]}}