{"id":173,"date":"2007-02-10T22:01:41","date_gmt":"2007-02-10T22:01:41","guid":{"rendered":"https:\/\/la-presse-anarchiste.net\/index.php\/2007\/02\/10\/la-greve-generale\/"},"modified":"2007-02-10T22:01:41","modified_gmt":"2007-02-10T22:01:41","slug":"la-greve-generale","status":"publish","type":"post","link":"https:\/\/la-presse-anarchiste.net\/index.php\/2007\/02\/10\/la-greve-generale\/","title":{"rendered":"La gr\u00e8ve g\u00e9n\u00e9rale"},"content":{"rendered":"<div class=\"pdfprnt-buttons pdfprnt-buttons-post pdfprnt-top-right\"><a href=\"https:\/\/la-presse-anarchiste.net\/index.php\/wp-json\/wp\/v2\/posts\/173?print=pdf\" class=\"pdfprnt-button pdfprnt-button-pdf\" target=\"_blank\"><img decoding=\"async\" src=\"https:\/\/la-presse-anarchiste.net\/wp-content\/plugins\/pdf-print\/images\/pdf.png\" alt=\"image_pdf\" title=\"Afficher le PDF\"><\/a><a href=\"https:\/\/la-presse-anarchiste.net\/index.php\/wp-json\/wp\/v2\/posts\/173?print=print\" class=\"pdfprnt-button pdfprnt-button-print\" target=\"_blank\"><img decoding=\"async\" src=\"https:\/\/la-presse-anarchiste.net\/wp-content\/plugins\/pdf-print\/images\/print.png\" alt=\"image_print\" title=\"Contenu imprim\u00e9\"><\/a><\/div><div align=\"justify\">\nIl y avait assez long\u00adtemps que je n\u2019a\u00advais eu le plai\u00adsir de conver\u00adser avec mon ami Louis Lepage, quand, same\u00addi der\u00adnier, embar\u00adras\u00ads\u00e9 que j\u2019\u00e9\u00adtais pour r\u00e9di\u00adger l\u2019ar\u00adticle de fond de notre petite feuille, je me d\u00e9ci\u00addai \u00e0 me rendre chez lui. Autre\u00adfois, nous nous voyions plus sou\u00advent, mais Louis Lepage habite actuel\u00adle\u00adment dans la ban\u00adlieue, for\u00adc\u00e9 qu\u2019il a \u00e9t\u00e9 de s\u2019y r\u00e9fu\u00adgier par la cher\u00adt\u00e9 des loyers. On construit de belles mai\u00adsons dans les quar\u00adtiers excen\u00adtriques de Paris, de vastes b\u00e2ti\u00adments avec des pi\u00e8ces par\u00adque\u00adt\u00e9es, des cui\u00adsines claires, de larges fen\u00eatres par o\u00f9 p\u00e9n\u00e8trent l\u2019air et le soleil, seule\u00adment, car il y a un seule\u00adment&nbsp;; seule\u00adment, dis-je, les pro\u00adpri\u00e9\u00adtaires oublient de mettre les loyers de ces beaux loge\u00adments \u00e0 la por\u00adt\u00e9e des ouvriers qui habitent le quar\u00adtier, de sorte que ceux-ci, chas\u00ads\u00e9s de plus en plus vers les for\u00adti\u00adfi\u00adca\u00adtions, finissent par les franchir.\n<h2>\u2015 O \u2015<\/h2>\n<p>Comme c\u2019est son habi\u00adtude le same\u00addi soir, je trou\u00advai Louis Lepage en manches de che\u00admise, assis devant la table de bois noir qui lui sert de bureau et plon\u00adg\u00e9 dans une pro\u00adfonde lec\u00adture. J\u2019a\u00advais oubli\u00e9 de vous dire que mon ami est un mili\u00adtant du socia\u00adlisme r\u00e9vo\u00adlu\u00adtion\u00adnaire. Tout comme moi et depuis bien plus long\u00adtemps que moi, il est par\u00adfai\u00adte\u00adment convain\u00adcu que le pro\u00adl\u00e9\u00adta\u00adriat n\u2019a rien \u00e0 attendre de la soci\u00e9\u00adt\u00e9 telle qu\u2019elle est consti\u00adtu\u00e9e et que seule une trans\u00adfor\u00adma\u00adtion radi\u00adcale de cette soci\u00e9\u00adt\u00e9 capi\u00adta\u00adliste et \u00e9go\u00efste peut rendre pos\u00adsible l\u2019a\u00adv\u00e8\u00adne\u00adment d\u2019une huma\u00adni\u00adt\u00e9 meilleure.<\/p>\n<p>Je trou\u00advai Lepage absor\u00adb\u00e9 dans la lec\u00adture de plu\u00adsieurs heb\u00addo\u00adma\u00addaire du Par\u00adti, ou pour mieux dire des Par\u00adtis, car cha\u00adcun sait que le socia\u00adlisme com\u00adprend un nombre tr\u00e8s grand d\u2019\u00c9\u00adcoles, qui le plus sou\u00advent ne s\u2019en\u00adtendent pas et qui quel\u00adque\u00adfois se dis\u00adputent la direc\u00adtion du mou\u00adve\u00adment de l\u2019\u00e9\u00adman\u00adci\u00adpa\u00adtion pro\u00adl\u00e9\u00adta\u00adrienne, de sorte qu\u2019on ne sau\u00adrait dire par\u00adfois si c\u2019est l\u2019\u00e9\u00adman\u00adci\u00adpa\u00adtion en elle-m\u00eame ou la direc\u00adtion qu\u2019ils ont le plus \u00e0&nbsp;c\u0153ur.<\/p>\n<h2>\u2015 O \u2015<\/h2>\n<p>D\u00e8s qu\u2019il m\u2019a\u00adper\u00ad\u00e7ut, Lepage leva les&nbsp;yeux&nbsp;:<\/p>\n<p>\u2014&nbsp;Quoi de neuf&nbsp;? lui dis-je.<br>\n<br>\u2013 Pas grand\u2019\u00adchose. La que\u00adrelle du <em>Petit Sou<\/em> avec la <em>Petite R\u00e9pu\u00adbli\u00adqu<\/em>e, ou la pol\u00e9\u00admique, comme vous vou\u00addrez\u2026 J\u2019\u00e9\u00adtais en train de lire un article du <em>Socia\u00adliste<\/em> o\u00f9 Jau\u00adr\u00e8s se trouve encore pris \u00e0&nbsp;parti.<br>\n<br>\u2013 Assez, lui dis-je. Il y a d\u2019autres ques\u00adtions plus s\u00e9rieuses que ces que\u00adrelles de bou\u00adtiques dont se r\u00e9jouit la bour\u00adgeoi\u00adsie et les tenan\u00adciers d\u2019\u00e9\u00adchoppes de toute sorte. C\u2019est de la Gr\u00e8ve G\u00e9n\u00e9\u00adrale dont je vou\u00addrais vous entretenir.<br>\n<br>\u2013 La Gr\u00e8ve G\u00e9n\u00e9rale&nbsp;?<br>\n<br>\u2013 Cer\u00adtai\u00adne\u00adment, n\u2019est-ce pas dans trois jours, le 1<sup>er<\/sup> mai&nbsp;? ce pre\u00admier mai qui, entre paren\u00adth\u00e8ses ne la ver\u00adra pas plus na\u00eetre cette ann\u00e9e que les pr\u00e9\u00adc\u00e9\u00addentes. Ne vient-elle pas d\u2019\u00eatre dis\u00adcu\u00adt\u00e9e au Congr\u00e8s de Lens&nbsp;? Les tra\u00advailleurs ont l\u00e0 une arme assez ter\u00adrible pour qu\u2019ils ne la d\u00e9daignent pas\u2026<br>\n<br>\u2013 Vous avez rai\u00adson, inter\u00adrom\u00adpit Lepage, tan\u00addis que les yeux noy\u00e9s dans l\u2019es\u00adpace, il r\u00e9fl\u00e9\u00adchis\u00adsait, vous avez rai\u00adson, car de son emploi d\u00e9pen\u00addrait, tout au moins pen\u00addant de longues ann\u00e9es, l\u2019\u00e9\u00adman\u00adci\u00adpa\u00adtion de notre classe. Si elle r\u00e9us\u00adsis\u00adsait, qui pour\u00adrait pr\u00e9\u00advoir ses r\u00e9sul\u00adtats&nbsp;? Si elle \u00e9chouait, la d\u00e9faite serait peut-\u00eatre irr\u00e9\u00adpa\u00adrable pour le pro\u00adl\u00e9\u00adta\u00adriat rui\u00adn\u00e9, sai\u00adgn\u00e9 \u00e0 blanc, bri\u00ads\u00e9 par les pri\u00adva\u00adtions et la souf\u00adfrance&nbsp;; en admet\u00adtant que, pous\u00ads\u00e9 \u00e0 bout, il n\u2019e\u00fbt pas four\u00adni aux Lebels qui, eux, ne ch\u00f4ment pas un facile pr\u00e9\u00adtexte pour s\u2019exer\u00adcer sur terre fran\u00e7aise.<br>\n<br>\u2013 D\u2019ailleurs conti\u00adnua Lepage, qui me regar\u00addait fixe\u00adment main\u00adte\u00adnant comme s\u2019il e\u00fbt vou\u00adlu que ses argu\u00adments se gra\u00advassent sur mon cer\u00adveau, d\u2019ailleurs, il ne s\u2019a\u00adgit plus l\u00e0 d\u2019une de ces gr\u00e8ves de peu d\u2019im\u00adpor\u00adtance, d\u2019un de ces conflits locaux qu\u2019une coti\u00adsa\u00adtion minime des tra\u00advailleurs syn\u00addi\u00adqu\u00e9s de la m\u00eame coop\u00e9\u00adra\u00adtion pour\u00adrait sou\u00adte\u00adnir de longs mois le cas \u00e9ch\u00e9ant. Ce dont les pro\u00admo\u00adteurs de la Gr\u00e8ve g\u00e9n\u00e9\u00adrale des mineurs ne s\u2019im\u00adpr\u00e8gnent pas assez, c\u2019est qu\u2019il s\u2019a\u00adgit par l\u2019\u00e9\u00adten\u00addue et l\u2019im\u00adpor\u00adtance de la man\u0153uvre d\u2019ar\u00adr\u00ea\u00adter ou tout au moins de para\u00adly\u00adser le mou\u00adve\u00adment com\u00admer\u00adcial et indus\u00adtriel de tout un pays pour ame\u00adner le capi\u00adtal et par suite le gou\u00adver\u00adne\u00adment \u00e0 capituler.<\/p>\n<p>Ce serait superbe, si les capi\u00adta\u00adlistes consen\u00adtaient \u00e0 c\u00e9der, mais c\u2019est une habi\u00adtude qui leur fait mal\u00adheu\u00adreu\u00adse\u00adment d\u00e9faut. De plus, est-on bien s\u00fbr que ces mes\u00adsieurs ne trou\u00adve\u00adront pas dans le stock actuel\u00adle\u00adment dis\u00adpo\u00adnible le com\u00adbus\u00adtible qui leur est n\u00e9ces\u00adsaire et cela pour long\u00adtemps encore. Est-on bien s\u00fbr qu\u2019\u00e0 d\u00e9faut de ce stock, ils n\u2019au\u00adront pas recours aux pays voi\u00adsins ou \u00e0 l\u2019Am\u00e9rique&nbsp;?&nbsp;<\/p>\n<p>Rien \u00e0 faire dans ce cas et il a \u00e9t\u00e9 pr\u00e9\u00advu par les capi\u00adta\u00adlistes. Il fau\u00addrait tout d\u2019a\u00adbord s\u2019as\u00adsu\u00adrer de la coop\u00e9\u00adra\u00adtion des mineurs de l\u2019\u00e9\u00adtran\u00adger ou tout au moins, des employ\u00e9s affec\u00adt\u00e9s aux indus\u00adtries de trans\u00adport. Est-on cer\u00adtain que les uns ou les autres se soli\u00adda\u00adri\u00adse\u00adront avec nos mineurs&nbsp;?<\/p>\n<h2>\u2015 O \u2015<\/h2>\n<p>\u2014&nbsp;Tout cela, pour\u00adsui\u00advit Lepage, de l\u2019air d\u2019un math\u00e9\u00adma\u00adti\u00adcien qui vient vic\u00adto\u00adrieu\u00adse\u00adment de r\u00e9soudre quelque ardu pro\u00adbl\u00e8me, tout cela sans comp\u00adter qu\u2019il faut avoir sous la main quelques petits mil\u00adlions en r\u00e9serves mon\u00e9\u00adtaires ou en appro\u00advi\u00adsion\u00adne\u00adments qui per\u00admet\u00adtraient de faire face aux exi\u00adgences de la situa\u00adtion, car si, \u00e0 la rigueur, quelques dizaines de mil\u00adliers de francs suf\u00adfisent pour sub\u00adven\u00adtion\u00adner un petit conflit local, quelle somme fau\u00addra-t-il pour sou\u00adte\u00adnir la gr\u00e8ve de toute une cor\u00adpo\u00adra\u00adtion jus\u00adqu\u2019au moment o\u00f9, le stock mon\u00addial s\u2019\u00e9\u00adpui\u00adsant, il ne res\u00adte\u00adra plus aux puis\u00adsantes com\u00adpa\u00adgnies qu\u2019\u00e0 s\u2019incliner&nbsp;?<br>\n<br>\u2013 Et les <em>jaunes<\/em>, les non-syn\u00addi\u00adqu\u00e9s&nbsp;; les jaunes aux\u00adquels les bourses des natio\u00adna\u00adlistes et des anti\u00ads\u00e9\u00admites demeurent aus\u00adsi ouvertes que les portes des usines ou les puits des mines&nbsp;? A\u2011t-on r\u00e9fl\u00e9\u00adchi \u00e0 cela&nbsp;? Non, non, le pro\u00adl\u00e9\u00adta\u00adriat n\u2019est point m\u00fbr pour la Gr\u00e8ve G\u00e9n\u00e9\u00adrale, et les tra\u00advailleurs le com\u00adprennent si bien que vot\u00e9e ou non ils se ran\u00adge\u00adront aux vues de la majo\u00adri\u00adt\u00e9 des Congres\u00adsistes de&nbsp;Lens.<\/p>\n<h2>\u2015 O \u2015<\/h2>\n<p>Tout \u00e0 coup, Lepage se leva, comme illu\u00admi\u00adn\u00e9 par une r\u00e9v\u00e9\u00adla\u00adtion int\u00e9\u00adrieure, secou\u00e9 par une vio\u00adlente \u00e9mo\u00adtion, presque l\u2019air d\u2019un pro\u00adph\u00e8te avec son visage de vieux militant.&nbsp;<\/p>\n<p>\u2014&nbsp;Et puis, vou\u00adlez-vous que je vous dise l\u2019fin mot, jamais une Gr\u00e8ve G\u00e9n\u00e9\u00adrale ne r\u00e9us\u00adsi\u00adra tant q\u2019vous ver\u00adrez les tra\u00advailleurs d\u00e9battre leurs int\u00e9\u00adr\u00eats chez l\u2019mas\u00adtro\u00adquet. V\u2019s\u2019en\u00adten\u00addez, jamais. Rien qu\u2019a\u00advant-hier, j\u2019ai car\u00adr\u00e9\u00adment refu\u00ads\u00e9 d\u2019as\u00adsis\u00adter \u00e0 notr\u2019 r\u00e9union syn\u00addi\u00adcale d\u2019quar\u00adtier, que les amis ont vou\u00adlu \u00e0 tout prix avoir chez Faur\u00adtrinque, le liquo\u00adriste d\u2019la place. Est-ce qu\u2019ils peuvent pas se r\u00e9unir ici&nbsp;? Pour\u00adquoi faire s\u2019in\u00adgur\u00adgi\u00adter un tas d\u2019li\u00adqueurs. d\u2019l\u2019ab\u00adsinthe, du rhum ou autr\u2019 sale\u00adt\u00e9s pareilles pour dis\u00adcu\u00adter nos reven\u00addi\u00adca\u00adtions&nbsp;; \u00e7a, dans l\u2019ar\u00adri\u00e8re bou\u00adtique, tan\u00addis que les patrons ou les ronds-de-cuir font leur manille dans la salle. Tenez, vos sta\u00adtis\u00adti\u00adciens, y me font tordre. Y en a pas un encore qui nous ait fait le cal\u00adcul de c\u2019que d\u2019puis dix ans les ouvriers ont englou\u00adti en bois\u00adsons, en tabac, au jeu, en lec\u00adtures idiotes ou avec les d\u2019moi\u00adselles q\u2019 arpentent le trot\u00adtoir. J\u2019me demande par exemple la masse de coop\u00e9\u00adra\u00adtives de pro\u00adduc\u00adtion qu\u2019on aurait pu \u00e9ta\u00adblir et sou\u00adte\u00adnir avec&nbsp;\u00e7a&nbsp;?<\/p>\n<p>\tJe n\u2019a\u00advais jamais vu Lepage ain\u00adsi trans\u00adpor\u00adt\u00e9. Il \u00e9tait r\u00e9el\u00adle\u00adment superbe. Je ser\u00adrai cha\u00adleu\u00adreu\u00adse\u00adment sa forte main de m\u00e9ca\u00adni\u00adcien et je com\u00adpris, mieux que jamais en le quit\u00adtant, que plus vite il se dres\u00adse\u00adra en face du capi\u00adta\u00adlisme tout puis\u00adsant, un pro\u00adl\u00e9\u00adta\u00adriat conscient de sa force et de sa valeur morale, impr\u00e9\u00adgn\u00e9 de jus\u00adtice et de soli\u00adda\u00adri\u00adt\u00e9, ayant une claire notion de ses droits et de ses devoirs, d\u00e9li\u00advr\u00e9 des vices et des pas\u00adsions qui d\u00e9sho\u00adnorent l\u2019in\u00addi\u00advi\u00addu, plus vite la vic\u00adtoire ne tar\u00adde\u00adra pas \u00e0 \u00eatre de son c\u00f4t\u00e9, car la jus\u00adtice triomphe tou\u00adjours de l\u2019injustice.<\/p>\n<p>E. Armand\n<\/p><\/div>\n","protected":false},"excerpt":{"rendered":"<p>Il y avait assez long\u00adtemps que je n\u2019a\u00advais eu le plai\u00adsir de conver\u00adser avec mon ami Louis Lepage, quand, same\u00addi der\u00adnier, embar\u00adras\u00ads\u00e9 que j\u2019\u00e9\u00adtais pour r\u00e9di\u00adger l\u2019ar\u00adticle de fond de notre petite feuille, je me d\u00e9ci\u00addai \u00e0 me rendre chez lui. Autre\u00adfois, nous nous voyions plus sou\u00advent, mais Louis Lepage habite actuel\u00adle\u00adment dans la banlieue,&nbsp;[\u2026]<\/p>\n","protected":false},"author":1,"featured_media":0,"comment_status":"closed","ping_status":"closed","sticky":false,"template":"","format":"standard","meta":{"wp_typography_post_enhancements_disabled":false,"footnotes":""},"categories":[30],"tags":[],"ppma_author":[540],"class_list":["post-173","post","type-post","status-publish","format-standard","hentry","category-lere-nouvelle-n-1-mai-1901"],"authors":[{"term_id":540,"user_id":1,"is_guest":0,"slug":"admin_3gikpwyf","display_name":"Vincent Dubuc","avatar_url":"https:\/\/secure.gravatar.com\/avatar\/d015720652c25fd2ced191ade86430094e1f288a17483713e3b34d26dea52507?s=96&d=mm&r=g","author_category":"","user_url":"https:\/\/la-presse-anarchiste.net","last_name":"Dubuc","first_name":"Vincent","job_title":"","description":""}],"_links":{"self":[{"href":"https:\/\/la-presse-anarchiste.net\/index.php\/wp-json\/wp\/v2\/posts\/173","targetHints":{"allow":["GET"]}}],"collection":[{"href":"https:\/\/la-presse-anarchiste.net\/index.php\/wp-json\/wp\/v2\/posts"}],"about":[{"href":"https:\/\/la-presse-anarchiste.net\/index.php\/wp-json\/wp\/v2\/types\/post"}],"author":[{"embeddable":true,"href":"https:\/\/la-presse-anarchiste.net\/index.php\/wp-json\/wp\/v2\/users\/1"}],"replies":[{"embeddable":true,"href":"https:\/\/la-presse-anarchiste.net\/index.php\/wp-json\/wp\/v2\/comments?post=173"}],"version-history":[{"count":0,"href":"https:\/\/la-presse-anarchiste.net\/index.php\/wp-json\/wp\/v2\/posts\/173\/revisions"}],"wp:attachment":[{"href":"https:\/\/la-presse-anarchiste.net\/index.php\/wp-json\/wp\/v2\/media?parent=173"}],"wp:term":[{"taxonomy":"category","embeddable":true,"href":"https:\/\/la-presse-anarchiste.net\/index.php\/wp-json\/wp\/v2\/categories?post=173"},{"taxonomy":"post_tag","embeddable":true,"href":"https:\/\/la-presse-anarchiste.net\/index.php\/wp-json\/wp\/v2\/tags?post=173"},{"taxonomy":"author","embeddable":true,"href":"https:\/\/la-presse-anarchiste.net\/index.php\/wp-json\/wp\/v2\/ppma_author?post=173"}],"curies":[{"name":"wp","href":"https:\/\/api.w.org\/{rel}","templated":true}]}}