{"id":1742,"date":"2008-11-08T13:58:48","date_gmt":"2008-11-08T13:58:48","guid":{"rendered":"https:\/\/la-presse-anarchiste.net\/index.php\/2008\/11\/08\/a-nos-lecteurs-et-amis-2\/"},"modified":"2008-11-08T13:58:48","modified_gmt":"2008-11-08T13:58:48","slug":"a-nos-lecteurs-et-amis-2","status":"publish","type":"post","link":"https:\/\/la-presse-anarchiste.net\/index.php\/2008\/11\/08\/a-nos-lecteurs-et-amis-2\/","title":{"rendered":"\u00c0 nos lecteurs et&nbsp;amis"},"content":{"rendered":"<div class=\"pdfprnt-buttons pdfprnt-buttons-post pdfprnt-top-right\"><a href=\"https:\/\/la-presse-anarchiste.net\/index.php\/wp-json\/wp\/v2\/posts\/1742?print=pdf\" class=\"pdfprnt-button pdfprnt-button-pdf\" target=\"_blank\"><img decoding=\"async\" src=\"https:\/\/la-presse-anarchiste.net\/wp-content\/plugins\/pdf-print\/images\/pdf.png\" alt=\"image_pdf\" title=\"Afficher le PDF\"><\/a><a href=\"https:\/\/la-presse-anarchiste.net\/index.php\/wp-json\/wp\/v2\/posts\/1742?print=print\" class=\"pdfprnt-button pdfprnt-button-print\" target=\"_blank\"><img decoding=\"async\" src=\"https:\/\/la-presse-anarchiste.net\/wp-content\/plugins\/pdf-print\/images\/print.png\" alt=\"image_print\" title=\"Contenu imprim\u00e9\"><\/a><\/div><div align=\"justify\">\n\tNotre der\u00adnier appel a \u00e9t\u00e9 enten\u00addu, d\u00e9j\u00e0, et nombre de cor\u00adres\u00adpon\u00addants nous ont \u00e9crit pour nous pro\u00admettre leur concours.\n<p>\tMer\u00adci \u00e0&nbsp;tous.<\/p>\n<p>\tIl est bien enten\u00addu que ce que nous d\u00e9si\u00adrons, par des\u00adsus tout, ce sont des faits concer\u00adnant la vie ouvri\u00e8re elle-m\u00eame, la lutte g\u00e9n\u00e9\u00adrale d\u2019une cor\u00adpo\u00adra\u00adtion contre le patro\u00adnat, et non les griefs per\u00adson\u00adnels contre telle ou telle indi\u00advi\u00addua\u00adli\u00adt\u00e9. S\u2019il nous fal\u00adlait enre\u00adgis\u00adtrer tous les actes d\u2019ar\u00adbi\u00adtraire par\u00adti\u00adcu\u00adliers, ce n\u2019est plus un jour\u00adnal, mais dix, vingt, cent jour\u00adnaux qui seraient n\u00e9cessaires.<\/p>\n<p>\tQuant \u00e0 l\u2019ex\u00adten\u00adsion de notre organe, nous n\u2019a\u00advons encore rien de d\u00e9ci\u00add\u00e9&nbsp;: agran\u00addis\u00adse\u00adment de for\u00admat ou appa\u00adri\u00adtion bi-heb\u00addo\u00adma\u00addaire, ce sera ce qui nous sem\u00adble\u00adra le mieux, \u00e9tant don\u00adn\u00e9 que les frais que \u00e7a entra\u00ee\u00adne\u00adra seront presque \u00e9quivalents.<\/p>\n<p>\tSi nous rece\u00advons des docu\u00adments int\u00e9\u00adres\u00adsants et en nombre, nous serons bien for\u00adc\u00e9s d\u2019y arri\u00adver, mais pour cou\u00advrir ces frais sup\u00adpl\u00e9\u00admen\u00adtaires, il nous faut aug\u00admen\u00adter la&nbsp;vente.<\/p>\n<p>\tC\u2019est pour\u00adquoi nous fai\u00adsons appel \u00e0 tous pour que l\u2019on nous aide \u00e0 cr\u00e9er des d\u00e9p\u00f4ts dans les loca\u00adli\u00adt\u00e9s o\u00f9 nous n\u2019a\u00advons pas encore p\u00e9n\u00e9\u00adtr\u00e9, \u00e0 aug\u00admen\u00adter la vente l\u00e0 o\u00f9 nous en avons&nbsp;d\u00e9j\u00e0.<\/p>\n<p>\tAfin de faire conna\u00eetre notre jour\u00adnal, nous tenons les inven\u00addus \u00e0 la dis\u00adpo\u00adsi\u00adtion de tous ceux qui vou\u00addront en dis\u00adtri\u00adbuer autour d\u2019eux.<\/p>\n<p>La R\u00e9dac\u00adtion\n<\/p><\/div>\n","protected":false},"excerpt":{"rendered":"<p>Notre der\u00adnier appel a \u00e9t\u00e9 enten\u00addu, d\u00e9j\u00e0, et nombre de cor\u00adres\u00adpon\u00addants nous ont \u00e9crit pour nous pro\u00admettre leur concours. Mer\u00adci \u00e0&nbsp;tous. Il est bien enten\u00addu que ce que nous d\u00e9si\u00adrons, par des\u00adsus tout, ce sont des faits concer\u00adnant la vie ouvri\u00e8re elle-m\u00eame, la lutte g\u00e9n\u00e9\u00adrale d\u2019une cor\u00adpo\u00adra\u00adtion contre le patro\u00adnat, et non les griefs personnels&nbsp;[\u2026]<\/p>\n","protected":false},"author":1,"featured_media":0,"comment_status":"closed","ping_status":"closed","sticky":false,"template":"","format":"standard","meta":{"wp_typography_post_enhancements_disabled":false,"footnotes":""},"categories":[195],"tags":[],"ppma_author":[540],"class_list":["post-1742","post","type-post","status-publish","format-standard","hentry","category-les-temps-nouveaux-n13-27-juillet-2-aout-1895"],"authors":[{"term_id":540,"user_id":1,"is_guest":0,"slug":"admin_3gikpwyf","display_name":"Vincent Dubuc","avatar_url":"https:\/\/secure.gravatar.com\/avatar\/d015720652c25fd2ced191ade86430094e1f288a17483713e3b34d26dea52507?s=96&d=mm&r=g","author_category":"","user_url":"https:\/\/la-presse-anarchiste.net","last_name":"Dubuc","first_name":"Vincent","job_title":"","description":""}],"_links":{"self":[{"href":"https:\/\/la-presse-anarchiste.net\/index.php\/wp-json\/wp\/v2\/posts\/1742","targetHints":{"allow":["GET"]}}],"collection":[{"href":"https:\/\/la-presse-anarchiste.net\/index.php\/wp-json\/wp\/v2\/posts"}],"about":[{"href":"https:\/\/la-presse-anarchiste.net\/index.php\/wp-json\/wp\/v2\/types\/post"}],"author":[{"embeddable":true,"href":"https:\/\/la-presse-anarchiste.net\/index.php\/wp-json\/wp\/v2\/users\/1"}],"replies":[{"embeddable":true,"href":"https:\/\/la-presse-anarchiste.net\/index.php\/wp-json\/wp\/v2\/comments?post=1742"}],"version-history":[{"count":0,"href":"https:\/\/la-presse-anarchiste.net\/index.php\/wp-json\/wp\/v2\/posts\/1742\/revisions"}],"wp:attachment":[{"href":"https:\/\/la-presse-anarchiste.net\/index.php\/wp-json\/wp\/v2\/media?parent=1742"}],"wp:term":[{"taxonomy":"category","embeddable":true,"href":"https:\/\/la-presse-anarchiste.net\/index.php\/wp-json\/wp\/v2\/categories?post=1742"},{"taxonomy":"post_tag","embeddable":true,"href":"https:\/\/la-presse-anarchiste.net\/index.php\/wp-json\/wp\/v2\/tags?post=1742"},{"taxonomy":"author","embeddable":true,"href":"https:\/\/la-presse-anarchiste.net\/index.php\/wp-json\/wp\/v2\/ppma_author?post=1742"}],"curies":[{"name":"wp","href":"https:\/\/api.w.org\/{rel}","templated":true}]}}