{"id":1764,"date":"2008-11-10T13:51:47","date_gmt":"2008-11-10T13:51:47","guid":{"rendered":"https:\/\/la-presse-anarchiste.net\/index.php\/2008\/11\/10\/laffaire-henriette-alquier\/"},"modified":"2008-11-10T13:51:47","modified_gmt":"2008-11-10T13:51:47","slug":"laffaire-henriette-alquier","status":"publish","type":"post","link":"https:\/\/la-presse-anarchiste.net\/index.php\/2008\/11\/10\/laffaire-henriette-alquier\/","title":{"rendered":"L\u2019affaire Henriette Alquier"},"content":{"rendered":"<div class=\"pdfprnt-buttons pdfprnt-buttons-post pdfprnt-top-right\"><a href=\"https:\/\/la-presse-anarchiste.net\/index.php\/wp-json\/wp\/v2\/posts\/1764?print=pdf\" class=\"pdfprnt-button pdfprnt-button-pdf\" target=\"_blank\"><img decoding=\"async\" src=\"https:\/\/la-presse-anarchiste.net\/wp-content\/plugins\/pdf-print\/images\/pdf.png\" alt=\"image_pdf\" title=\"Afficher le PDF\"><\/a><a href=\"https:\/\/la-presse-anarchiste.net\/index.php\/wp-json\/wp\/v2\/posts\/1764?print=print\" class=\"pdfprnt-button pdfprnt-button-print\" target=\"_blank\"><img decoding=\"async\" src=\"https:\/\/la-presse-anarchiste.net\/wp-content\/plugins\/pdf-print\/images\/print.png\" alt=\"image_print\" title=\"Contenu imprim\u00e9\"><\/a><\/div><div align=\"justify\">\nReprendre dans les \u00e9coles la place pr\u00e9\u00adpon\u00add\u00e9\u00adrante qu\u2019ils occu\u00adpaient il y a quelques d\u00e9cades, est cer\u00adtai\u00adne\u00adment un des v\u0153ux les plus ardents des r\u00e9ac\u00adtion\u00adnaires. Ils savent bien qu\u2019en ayant prise sur le cer\u00adveau de l\u2019en\u00adfant, ils pour\u00adront plus faci\u00adle\u00adment se livrer \u00e0 leur besogne d\u2019asservissement.\n<p>Aus\u00adsi vouent-ils \u00e0 l\u2019\u00e9\u00adcole publique une haine f\u00e9roce et ne manquent-ils aucun pr\u00e9\u00adtexte pour calom\u00adnier,  sou\u00advent mal\u00adadroi\u00adte\u00adment les ma\u00eetres la\u00efcs.<\/p>\n<p>L\u2019Af\u00adfaire Hen\u00adriette Alquier est un \u00e9pi\u00adsode de cette lutte entre la r\u00e9ac\u00adtion et l\u2019\u00e9\u00adcole la\u00efque.<\/p>\n<p>Hen\u00adriette Alquier, ins\u00adti\u00adtu\u00adtrice syn\u00addi\u00adca\u00adliste et f\u00e9mi\u00adniste, est l\u2019au\u00adteur d\u2019un rap\u00adport sur \u00ab&nbsp;La Mater\u00adni\u00adt\u00e9, fonc\u00adtion sociale&nbsp;\u00bb. Ce rap\u00adport \u00e9ta\u00adbli \u00e0 l\u2019aide de la docu\u00admen\u00adta\u00adtion de toutes les sec\u00adtions d\u00e9par\u00adte\u00admen\u00adtales des Groupes f\u00e9mi\u00adnistes de l\u2019En\u00adsei\u00adgne\u00adment, a \u00e9t\u00e9 approu\u00adv\u00e9 par le Congr\u00e8s de ces Groupes, \u00e0 Gre\u00adnoble en 1926. Il a \u00e9t\u00e9 publi\u00e9 en f\u00e9vrier der\u00adnier dans un num\u00e9\u00adro sp\u00e9\u00adcial du \u00ab&nbsp;Bul\u00adle\u00adtin des groupes f\u00e9ministes&nbsp;\u00bb.<\/p>\n<p>Hen\u00adriette Alquier a dans cette \u00e9tude, exa\u00admi\u00adn\u00e9 de pr\u00e8s toutes les ques\u00adtions int\u00e9\u00adres\u00adsant la mater\u00adni\u00adt\u00e9 et l\u2019en\u00adfance. Les \u0153uvres exis\u00adtantes (gouttes de lait, consul\u00adta\u00adtions de nour\u00adris\u00adsons, secours aux femmes en couches, etc.), les \u0153uvres \u00e0 cr\u00e9er ou \u00e0 per\u00adfec\u00adtion\u00adner y sont pr\u00e9\u00adsen\u00adt\u00e9es avec un sou\u00adci \u00e9vident de rendre plus heu\u00adreuse la mater\u00adni\u00adt\u00e9, de dimi\u00adnuer la mis\u00e8re des enfants du pro\u00adl\u00e9\u00adta\u00adriat. Dans son tra\u00advail, Hen\u00adriette Alquier pose inci\u00addem\u00adment la ques\u00adtion de la mater\u00adni\u00adt\u00e9 consciente et entre\u00advoit pour l\u2019a\u00adve\u00adnir un r\u00e9gime o\u00f9 une pro\u00adpor\u00adtion ration\u00adnelle sera \u00e9ta\u00adblie entre la nais\u00adsance des enfants et les pos\u00adsi\u00adbi\u00adli\u00adt\u00e9s de les \u00e9lever.<\/p>\n<p>C\u2019est l\u00e0 un crime que ne peuvent lui par\u00addon\u00adner les r\u00e9ac\u00adtion\u00adnaires&nbsp;! Cas\u00adtel\u00adneau pr\u00e9\u00adsident de la F\u00e9d\u00e9\u00adra\u00adtion Natio\u00adnale Catho\u00adlique (grou\u00adpe\u00adment qui doit comp\u00adter une belle pro\u00adpor\u00adtion de c\u00e9li\u00adba\u00adtaires!). J. Le Mec qui n\u2019en est pas \u00e0 une calom\u00adnie pr\u00e8s, quelques autres nota\u00adbi\u00adli\u00adt\u00e9s trop bien pen\u00adsantes, ont men\u00e9 contre Hen\u00adriette Alquier, m\u00e8re de famille, une telle cam\u00adpagne, qu\u2019ils ont r\u00e9us\u00adsi \u00e0 obte\u00adnir du ministre de  l\u2019Ins\u00adtruc\u00adtion publique des pro\u00admesses de pour\u00adsuites judi\u00adciaires en appli\u00adca\u00adtion de la lui de 1920 r\u00e9pri\u00admant la pro\u00adpa\u00adgande anticonceptionnelle.<\/p>\n<p>Il y a l\u00e0 un tel d\u00e9fi au bon sens, que tous ceux qui ne sont pas aveu\u00adgl\u00e9s par leur haine de l\u2019\u00e9\u00adcole la\u00efque se sont dres\u00ads\u00e9s spon\u00adta\u00adn\u00e9\u00adment pour d\u00e9fendre notre cama\u00adrade. Esp\u00e9\u00adrons que leur voix sera assez forte pour \u00eatre entendue.<\/p>\n<p>Les Groupes F\u00e9mi\u00adnistes de l\u2019En\u00adsei\u00adgne\u00adment la\u00efque&nbsp;<\/p><\/div>\n","protected":false},"excerpt":{"rendered":"<p>Reprendre dans les \u00e9coles la place pr\u00e9\u00adpon\u00add\u00e9\u00adrante qu\u2019ils occu\u00adpaient il y a quelques d\u00e9cades, est cer\u00adtai\u00adne\u00adment un des v\u0153ux les plus ardents des r\u00e9ac\u00adtion\u00adnaires. Ils savent bien qu\u2019en ayant prise sur le cer\u00adveau de l\u2019en\u00adfant, ils pour\u00adront plus faci\u00adle\u00adment se livrer \u00e0 leur besogne d\u2019asservissement. Aus\u00adsi vouent-ils \u00e0 l\u2019\u00e9\u00adcole publique une haine f\u00e9roce et&nbsp;ne&nbsp;[\u2026]<\/p>\n","protected":false},"author":1,"featured_media":0,"comment_status":"closed","ping_status":"closed","sticky":false,"template":"","format":"standard","meta":{"wp_typography_post_enhancements_disabled":false,"footnotes":""},"categories":[202],"tags":[],"ppma_author":[540],"class_list":["post-1764","post","type-post","status-publish","format-standard","hentry","category-liberation-n3-decembre-1927"],"authors":[{"term_id":540,"user_id":1,"is_guest":0,"slug":"admin_3gikpwyf","display_name":"Vincent Dubuc","avatar_url":"https:\/\/secure.gravatar.com\/avatar\/d015720652c25fd2ced191ade86430094e1f288a17483713e3b34d26dea52507?s=96&d=mm&r=g","author_category":"","user_url":"https:\/\/la-presse-anarchiste.net","last_name":"Dubuc","first_name":"Vincent","job_title":"","description":""}],"_links":{"self":[{"href":"https:\/\/la-presse-anarchiste.net\/index.php\/wp-json\/wp\/v2\/posts\/1764","targetHints":{"allow":["GET"]}}],"collection":[{"href":"https:\/\/la-presse-anarchiste.net\/index.php\/wp-json\/wp\/v2\/posts"}],"about":[{"href":"https:\/\/la-presse-anarchiste.net\/index.php\/wp-json\/wp\/v2\/types\/post"}],"author":[{"embeddable":true,"href":"https:\/\/la-presse-anarchiste.net\/index.php\/wp-json\/wp\/v2\/users\/1"}],"replies":[{"embeddable":true,"href":"https:\/\/la-presse-anarchiste.net\/index.php\/wp-json\/wp\/v2\/comments?post=1764"}],"version-history":[{"count":0,"href":"https:\/\/la-presse-anarchiste.net\/index.php\/wp-json\/wp\/v2\/posts\/1764\/revisions"}],"wp:attachment":[{"href":"https:\/\/la-presse-anarchiste.net\/index.php\/wp-json\/wp\/v2\/media?parent=1764"}],"wp:term":[{"taxonomy":"category","embeddable":true,"href":"https:\/\/la-presse-anarchiste.net\/index.php\/wp-json\/wp\/v2\/categories?post=1764"},{"taxonomy":"post_tag","embeddable":true,"href":"https:\/\/la-presse-anarchiste.net\/index.php\/wp-json\/wp\/v2\/tags?post=1764"},{"taxonomy":"author","embeddable":true,"href":"https:\/\/la-presse-anarchiste.net\/index.php\/wp-json\/wp\/v2\/ppma_author?post=1764"}],"curies":[{"name":"wp","href":"https:\/\/api.w.org\/{rel}","templated":true}]}}