{"id":1768,"date":"2008-11-10T14:15:11","date_gmt":"2008-11-10T14:15:11","guid":{"rendered":"https:\/\/la-presse-anarchiste.net\/index.php\/2008\/11\/10\/eux-et-nous\/"},"modified":"2008-11-10T14:15:11","modified_gmt":"2008-11-10T14:15:11","slug":"eux-et-nous","status":"publish","type":"post","link":"https:\/\/la-presse-anarchiste.net\/index.php\/2008\/11\/10\/eux-et-nous\/","title":{"rendered":"Eux et&nbsp;nous"},"content":{"rendered":"<div class=\"pdfprnt-buttons pdfprnt-buttons-post pdfprnt-top-right\"><a href=\"https:\/\/la-presse-anarchiste.net\/index.php\/wp-json\/wp\/v2\/posts\/1768?print=pdf\" class=\"pdfprnt-button pdfprnt-button-pdf\" target=\"_blank\"><img decoding=\"async\" src=\"https:\/\/la-presse-anarchiste.net\/wp-content\/plugins\/pdf-print\/images\/pdf.png\" alt=\"image_pdf\" title=\"Afficher le PDF\"><\/a><a href=\"https:\/\/la-presse-anarchiste.net\/index.php\/wp-json\/wp\/v2\/posts\/1768?print=print\" class=\"pdfprnt-button pdfprnt-button-print\" target=\"_blank\"><img decoding=\"async\" src=\"https:\/\/la-presse-anarchiste.net\/wp-content\/plugins\/pdf-print\/images\/print.png\" alt=\"image_print\" title=\"Contenu imprim\u00e9\"><\/a><\/div><div align=\"justify\">\nDans Une conver\u00adsa\u00adtion avec Mon\u00adsieur de M\u00e9zer\u00adville, patriote vaillant qui vient de faire un brillant mariage en Cos\u00adta-Rica o\u00f9 il s\u2019ins\u00adtal\u00adla il y a quelques vingt ann\u00e9es (ou plus), o\u00f9 il fut m\u00eame consul de notre tr\u00e8s paci\u00adfique France, j\u2019ap\u00adpris que si son fr\u00e8re plus terre \u00e0 terre pr\u00e9\u00adf\u00e9\u00adra le sol Cos\u00adta-Ricien au sol san\u00adglant mais tant glo\u00adrieux de la der\u00adni\u00e8re guerre lui par\u00adtit connue volon\u00adtaire dans les rangs d\u2019une arm\u00e9e qu\u2019il est de bon go\u00fbt d\u2019ap\u00adpe\u00adler la pre\u00admi\u00e8re du&nbsp;monde.\n<p>Aus\u00adsi sui\u00advant. ses dires y fit-il appa\u00adri\u00adtion comme com\u00adbat\u00adtant mais devant la dis\u00adci\u00adpline mili\u00adtaire devant laquelle tout bon Fran\u00ad\u00e7ais doit s\u2019in\u00adcli\u00adner il fut for\u00adc\u00e9 de pas\u00adser une visite m\u00e9dicale.<\/p>\n<p>Impos\u00adsible, lui fut-il r\u00e9pon\u00addu, de vous lais\u00adser dans une uni\u00adt\u00e9 combattante.<br>\n<br>\u2014\tMais\u2026<br>\n<br>\u2014 Et vous \u00eates pro\u00adpo\u00ads\u00e9 pour la r\u00e9forme.<br>\n<br>\u2014\tPour la r\u00e9forme&nbsp;! Oh&nbsp;! mais, je ne veux pas de r\u00e9forme, puisque j\u2019ai \u00e9t\u00e9 au front il n\u2019y a pas de rai\u00adson que je n\u2019y retourne.<\/p>\n<p>Devant cette preuve d\u2019h\u00e9\u00adro\u00efsme, le g\u00e9n\u00e9\u00adral lui dit&nbsp;alors&nbsp;:<br>\n<br>\u2014\tSi&nbsp;; mon ami, nous-allons vous r\u00e9for\u00admer&nbsp;; d\u2019ailleurs, vous savez bien, entre nous, que des gens de votre condi\u00adtion ont leur place \u00e0 l\u2019ar\u00adri\u00e8re plus qu\u2019au&nbsp;front.<\/p>\n<p>Et avec la r\u00e9forme, l\u2019on don\u00adna \u00e0 ce brave et vaillant patriote une fonc\u00adtion loin\u00adtaine qui lui per\u00admit de conti\u00adnuer \u00e0 por\u00adter l\u2019u\u00adni\u00adforme d\u2019of\u00adfi\u00adcier de l\u2019ar\u00adm\u00e9e fran\u00ad\u00e7aise et de rega\u00adgner a la fin des hos\u00adti\u00adli\u00adt\u00e9s son home et ses affaires&nbsp;!<\/p>\n<p>Com\u00adment vou\u00adlez-vous que ces gens-l\u00e0 ne soient pas patriotes et qu\u2019ils n\u2019en\u00adgagent pas les autres \u00e0 se faire cas\u00adser la g\u2026 figure, puisque vu \u00ab&nbsp;la condi\u00adtion&nbsp;\u00bb l\u2019ar\u00adri\u00e8re est leur ter\u00adrain de combat&nbsp;!<\/p>\n<p>M.&nbsp;Theu\u00adreau\n<\/p><\/div>\n","protected":false},"excerpt":{"rendered":"<p>Dans Une conver\u00adsa\u00adtion avec Mon\u00adsieur de M\u00e9zer\u00adville, patriote vaillant qui vient de faire un brillant mariage en Cos\u00ad\u00adta-Rica o\u00f9 il s\u2019ins\u00adtal\u00adla il y a quelques vingt ann\u00e9es (ou plus), o\u00f9 il fut m\u00eame consul de notre tr\u00e8s paci\u00adfique France, j\u2019ap\u00adpris que si son fr\u00e8re plus terre \u00e0 terre pr\u00e9\u00adf\u00e9\u00adra le sol Cos\u00ad\u00adta-Ricien au sol sanglant&nbsp;[\u2026]<\/p>\n","protected":false},"author":1,"featured_media":0,"comment_status":"closed","ping_status":"closed","sticky":false,"template":"","format":"standard","meta":{"wp_typography_post_enhancements_disabled":false,"footnotes":""},"categories":[204],"tags":[],"ppma_author":[540],"class_list":["post-1768","post","type-post","status-publish","format-standard","hentry","category-le-refractaire-n2-mars-1928"],"authors":[{"term_id":540,"user_id":1,"is_guest":0,"slug":"admin_3gikpwyf","display_name":"Vincent Dubuc","avatar_url":"https:\/\/secure.gravatar.com\/avatar\/d015720652c25fd2ced191ade86430094e1f288a17483713e3b34d26dea52507?s=96&d=mm&r=g","author_category":"","user_url":"https:\/\/la-presse-anarchiste.net","last_name":"Dubuc","first_name":"Vincent","job_title":"","description":""}],"_links":{"self":[{"href":"https:\/\/la-presse-anarchiste.net\/index.php\/wp-json\/wp\/v2\/posts\/1768","targetHints":{"allow":["GET"]}}],"collection":[{"href":"https:\/\/la-presse-anarchiste.net\/index.php\/wp-json\/wp\/v2\/posts"}],"about":[{"href":"https:\/\/la-presse-anarchiste.net\/index.php\/wp-json\/wp\/v2\/types\/post"}],"author":[{"embeddable":true,"href":"https:\/\/la-presse-anarchiste.net\/index.php\/wp-json\/wp\/v2\/users\/1"}],"replies":[{"embeddable":true,"href":"https:\/\/la-presse-anarchiste.net\/index.php\/wp-json\/wp\/v2\/comments?post=1768"}],"version-history":[{"count":0,"href":"https:\/\/la-presse-anarchiste.net\/index.php\/wp-json\/wp\/v2\/posts\/1768\/revisions"}],"wp:attachment":[{"href":"https:\/\/la-presse-anarchiste.net\/index.php\/wp-json\/wp\/v2\/media?parent=1768"}],"wp:term":[{"taxonomy":"category","embeddable":true,"href":"https:\/\/la-presse-anarchiste.net\/index.php\/wp-json\/wp\/v2\/categories?post=1768"},{"taxonomy":"post_tag","embeddable":true,"href":"https:\/\/la-presse-anarchiste.net\/index.php\/wp-json\/wp\/v2\/tags?post=1768"},{"taxonomy":"author","embeddable":true,"href":"https:\/\/la-presse-anarchiste.net\/index.php\/wp-json\/wp\/v2\/ppma_author?post=1768"}],"curies":[{"name":"wp","href":"https:\/\/api.w.org\/{rel}","templated":true}]}}