{"id":1772,"date":"2008-11-10T14:22:27","date_gmt":"2008-11-10T14:22:27","guid":{"rendered":"https:\/\/la-presse-anarchiste.net\/index.php\/2008\/11\/10\/les-objecteurs-de-conscience-et-nous\/"},"modified":"2008-11-10T14:22:27","modified_gmt":"2008-11-10T14:22:27","slug":"les-objecteurs-de-conscience-et-nous","status":"publish","type":"post","link":"https:\/\/la-presse-anarchiste.net\/index.php\/2008\/11\/10\/les-objecteurs-de-conscience-et-nous\/","title":{"rendered":"Les objecteurs de conscience et&nbsp;nous"},"content":{"rendered":"<div class=\"pdfprnt-buttons pdfprnt-buttons-post pdfprnt-top-right\"><a href=\"https:\/\/la-presse-anarchiste.net\/index.php\/wp-json\/wp\/v2\/posts\/1772?print=pdf\" class=\"pdfprnt-button pdfprnt-button-pdf\" target=\"_blank\"><img decoding=\"async\" src=\"https:\/\/la-presse-anarchiste.net\/wp-content\/plugins\/pdf-print\/images\/pdf.png\" alt=\"image_pdf\" title=\"Afficher le PDF\"><\/a><a href=\"https:\/\/la-presse-anarchiste.net\/index.php\/wp-json\/wp\/v2\/posts\/1772?print=print\" class=\"pdfprnt-button pdfprnt-button-print\" target=\"_blank\"><img decoding=\"async\" src=\"https:\/\/la-presse-anarchiste.net\/wp-content\/plugins\/pdf-print\/images\/print.png\" alt=\"image_print\" title=\"Contenu imprim\u00e9\"><\/a><\/div><div align=\"justify\">\nDepuis long\u00adtemps d\u00e9j\u00e0 nous rece\u00advons des lettres de cama\u00adrades qui, dans un but \u00e9vi\u00addem\u00adment louable, nous demande de pr\u00e9\u00adci\u00adser notre atti\u00adtude \u00e0 l\u2019\u00e9\u00adgard de la Ligue pour l\u2019ob\u00adjec\u00adtion de conscience.\n<p>D\u2019au\u00adcuns semblent croire que la Ligue des R\u00e9frac\u00adtaires est abso\u00adlu\u00adment soli\u00addaire des objec\u00adteurs de conscience dans leur action et dans leur atti\u00adtude. Il nous parait n\u00e9ces\u00adsaire de dis\u00adsi\u00adper l\u2019\u00e9\u00adqui\u00advoque et d\u2019\u00e9\u00adta\u00adblir la dif\u00adf\u00e9\u00adrence&nbsp;; aus\u00adsi bien nous sommes pr\u00eats, comme nous l\u2019a\u00advons fait d\u00e9j\u00e0, \u00e0 aider et \u00e0 sou\u00adte\u00adnir les objec\u00adteurs dans leur action indi\u00advi\u00adduelle de r\u00e9frac\u00adtaires \u00e0 la loi militaire.<\/p>\n<p>Nous avons sous les yeux un article d\u2019An\u00addr\u00e9 Loru\u00adlot, qui est un des ani\u00adma\u00adteurs de cette Ligue o\u00f9 il est \u00e9crit [[&nbsp;<i>La Rumeur<\/i>, 9 f\u00e9vrier 1928.]]: \u00ab&nbsp;Les objec\u00adteurs de conscience ne sont pas des embus\u00adqu\u00e9s puis\u00adqu\u2019ils acceptent. de se sou\u00admettre \u00e0 un \tser\u00advice civil, f\u00fbt-il des plus rudes. Toute leur ambi\u00adtion consiste \u00e0 ne pas&nbsp;tuer.&nbsp;\u00bb<\/p>\n<p>Et Loru\u00adlot ter\u00admine&nbsp;ainsi&nbsp;:<\/p>\n<p>\u00ab&nbsp;Don\u00adnez, \u00f4 ma\u00eetres de la France rayon\u00adnante cette preuve de votre amour de la paix. Lib\u00e9\u00adrez Che\u00adv\u00e9 et accor\u00addez aux objec\tteurs de conscience la satis\u00adfac\u00adtion l\u00e9gi\u00adtime qu\u2019ils r\u00e9clament.&nbsp;\u00bb<\/p>\n<p>Ain\u00adsi l\u2019am\u00adbi\u00adtion, toute l\u2019am\u00adbi\u00adtion des objec\u00adteurs de conscience consiste \u00e0 ne pas tuer&nbsp;? L\u2019i\u00add\u00e9e, certes, est noble, g\u00e9n\u00e9\u00adreuse m\u00eame&nbsp;; elle ne nous suf\u00adfit&nbsp;pas.<\/p>\n<p>R\u00e9frac\u00adtaires, enne\u00admis irr\u00e9\u00adduc\u00adtibles de l\u2019ar\u00adm\u00e9e et de l\u2019au\u00adto\u00adri\u00adt\u00e9, nous n\u2019ac\u00adcep\u00adtons pas plus d\u2019\u00eatre embri\u00adga\u00add\u00e9s dans un ser\u00advice civil que dans un ser\u00advice mili\u00adtaire, nous savons par exp\u00e9\u00adrience qu\u2019en temps de guerre, toute l\u2019ac\u00adti\u00advi\u00adt\u00e9 de la nation (voir pro\u00adjet Bon\u00adcour) par\u00adti\u00adcipe direc\u00adte\u00adment ou indi\u00adrec\u00adte\u00adment \u00e0 l\u2019ac\u00adcom\u00adplis\u00adse\u00adment du crime. Que l\u2019on fabrique des obus pour tuer, que l\u2019on construise des auto\u00admo\u00adbiles ou des wagons pour trans\u00adpor\u00adter les troupes, que l\u2019on empierre les routes o\u00f9 pas\u00adse\u00adra la grosse artille\u00adrie, ou que l\u2019on pr\u00e9\u00adpare les pan\u00adse\u00adments pour soi\u00adgner assas\u00adsins et assas\u00adsi\u00adn\u00e9s, le geste se r\u00e9sume mal\u00adgr\u00e9 tout en quelques mots&nbsp;: par\u00adti\u00adci\u00adpa\u00adtion \u00e0 la guerre.<\/p>\n<p>Il ne nous convient pas non plus d\u2019\u00eatre les spec\u00adta\u00adteurs impuis\u00adsants et d\u00e9sar\u00adm\u00e9s du plus mons\u00adtrueux des for\u00adfaits, toutes nos volon\u00adt\u00e9s d\u2019hommes libres, toutes nos intel\u00adli\u00adgences de r\u00e9frac\u00adtaires, toutes nos forces d\u2019an\u00adti\u00admi\u00adli\u00adta\u00adristes res\u00adte\u00adront ten\u00addues, farouches et in\u00e9bra\u00adlables vers ce but&nbsp;: emp\u00ea\u00adcher ou arr\u00ea\u00adter le mas\u00adsacre, par tous les moyens.<\/p>\n<p>Nous connais\u00adsons les points faibles, la cui\u00adrasse de police dont s\u2019en\u00adtourent les diri\u00adgeants et les pour\u00advoyeurs de char\u00adniers n\u2019est pas invul\u00adn\u00e9\u00adrable. Fils du peuple, nous nous sommes don\u00adn\u00e9 pour tache de le d\u00e9fendre contre ceux qui, d\u00e9li\u00adb\u00e9\u00adr\u00e9\u00adment, le poussent \u00e0 la mort. Et puisque toutes les p\u00e9ti\u00adtions, les sup\u00adpliques, les larmes sont impuis\u00adsantes \u00e0 d\u00e9tr\u00f4\u00adner le f\u00e9roce \u00e9go\u00efsme des mar\u00adchands de canons et des fau\u00adteurs de guerres il est n\u00e9ces\u00adsaire que les hommes r\u00e9so\u00adlus se pr\u00e9\u00adparent \u00e0 l\u2019action.<\/p>\n<p>Nous ne serons peut-\u00eatre pas le nombre&nbsp;? Qu\u2019im\u00adporte, nous avons pour nous la jus\u00adtesse de notre cause et la gran\u00addeur de notre id\u00e9al. Objec\u00adteurs de conscience&nbsp;! Soit, mais \u00e0 notre mani\u00e8re. Entre Tol\u00adsto\u00ef et \u00c9mile Cot\u00adtin nous avons choisi.<\/p>\n<p>Le Comi\u00adt\u00e9 d\u2019Action&nbsp;<\/p><\/div>\n","protected":false},"excerpt":{"rendered":"<p>Depuis long\u00adtemps d\u00e9j\u00e0 nous rece\u00advons des lettres de cama\u00adrades qui, dans un but \u00e9vi\u00addem\u00adment louable, nous demande de pr\u00e9\u00adci\u00adser notre atti\u00adtude \u00e0 l\u2019\u00e9\u00adgard de la Ligue pour l\u2019ob\u00adjec\u00adtion de conscience. D\u2019au\u00adcuns semblent croire que la Ligue des R\u00e9frac\u00adtaires est abso\u00adlu\u00adment soli\u00addaire des objec\u00adteurs de conscience dans leur action et dans leur atti\u00adtude. Il nous parait&nbsp;[\u2026]<\/p>\n","protected":false},"author":1,"featured_media":0,"comment_status":"closed","ping_status":"closed","sticky":false,"template":"","format":"standard","meta":{"wp_typography_post_enhancements_disabled":false,"footnotes":""},"categories":[204],"tags":[],"ppma_author":[540],"class_list":["post-1772","post","type-post","status-publish","format-standard","hentry","category-le-refractaire-n2-mars-1928"],"authors":[{"term_id":540,"user_id":1,"is_guest":0,"slug":"admin_3gikpwyf","display_name":"Vincent Dubuc","avatar_url":"https:\/\/secure.gravatar.com\/avatar\/d015720652c25fd2ced191ade86430094e1f288a17483713e3b34d26dea52507?s=96&d=mm&r=g","author_category":"","user_url":"https:\/\/la-presse-anarchiste.net","last_name":"Dubuc","first_name":"Vincent","job_title":"","description":""}],"_links":{"self":[{"href":"https:\/\/la-presse-anarchiste.net\/index.php\/wp-json\/wp\/v2\/posts\/1772","targetHints":{"allow":["GET"]}}],"collection":[{"href":"https:\/\/la-presse-anarchiste.net\/index.php\/wp-json\/wp\/v2\/posts"}],"about":[{"href":"https:\/\/la-presse-anarchiste.net\/index.php\/wp-json\/wp\/v2\/types\/post"}],"author":[{"embeddable":true,"href":"https:\/\/la-presse-anarchiste.net\/index.php\/wp-json\/wp\/v2\/users\/1"}],"replies":[{"embeddable":true,"href":"https:\/\/la-presse-anarchiste.net\/index.php\/wp-json\/wp\/v2\/comments?post=1772"}],"version-history":[{"count":0,"href":"https:\/\/la-presse-anarchiste.net\/index.php\/wp-json\/wp\/v2\/posts\/1772\/revisions"}],"wp:attachment":[{"href":"https:\/\/la-presse-anarchiste.net\/index.php\/wp-json\/wp\/v2\/media?parent=1772"}],"wp:term":[{"taxonomy":"category","embeddable":true,"href":"https:\/\/la-presse-anarchiste.net\/index.php\/wp-json\/wp\/v2\/categories?post=1772"},{"taxonomy":"post_tag","embeddable":true,"href":"https:\/\/la-presse-anarchiste.net\/index.php\/wp-json\/wp\/v2\/tags?post=1772"},{"taxonomy":"author","embeddable":true,"href":"https:\/\/la-presse-anarchiste.net\/index.php\/wp-json\/wp\/v2\/ppma_author?post=1772"}],"curies":[{"name":"wp","href":"https:\/\/api.w.org\/{rel}","templated":true}]}}