{"id":1773,"date":"1872-03-20T00:50:41","date_gmt":"1872-03-20T00:50:41","guid":{"rendered":"https:\/\/la-presse-anarchiste.net\/index.php\/2008\/11\/16\/nouvelles-de-lexterieur-2\/"},"modified":"2024-05-01T13:51:03","modified_gmt":"2024-05-01T13:51:03","slug":"nouvelles-de-lexterieur-2","status":"publish","type":"post","link":"https:\/\/la-presse-anarchiste.net\/index.php\/1872\/03\/20\/nouvelles-de-lexterieur-2\/","title":{"rendered":"Nouvelles de l\u2019ext\u00e9rieur"},"content":{"rendered":"<div class=\"pdfprnt-buttons pdfprnt-buttons-post pdfprnt-top-right\"><a href=\"https:\/\/la-presse-anarchiste.net\/index.php\/wp-json\/wp\/v2\/posts\/1773?print=pdf\" class=\"pdfprnt-button pdfprnt-button-pdf\" target=\"_blank\"><img decoding=\"async\" src=\"https:\/\/la-presse-anarchiste.net\/wp-content\/plugins\/pdf-print\/images\/pdf.png\" alt=\"image_pdf\" title=\"Afficher le PDF\"><\/a><a href=\"https:\/\/la-presse-anarchiste.net\/index.php\/wp-json\/wp\/v2\/posts\/1773?print=print\" class=\"pdfprnt-button pdfprnt-button-print\" target=\"_blank\"><img decoding=\"async\" src=\"https:\/\/la-presse-anarchiste.net\/wp-content\/plugins\/pdf-print\/images\/print.png\" alt=\"image_print\" title=\"Contenu imprim\u00e9\"><\/a><\/div><p class=\"post_excerpt\"><sup class=\"modern-footnotes-footnote modern-footnotes-footnote--expands-on-desktop \" data-mfn=\"1\" data-mfn-post-scope=\"000000001fa42f5800000000039ba26d_1773\"><a href=\"javascript:void(0)\" role=\"button\" aria-pressed=\"false\" aria-describedby=\"mfn-content-000000001fa42f5800000000039ba26d_1773-1\">1<\/a><\/sup><span id=\"mfn-content-000000001fa42f5800000000039ba26d_1773-1\" role=\"tooltip\" class=\"modern-footnotes-footnote__note\" tabindex=\"0\" data-mfn=\"1\">Article publi\u00e9 sans&nbsp;titre<\/span><\/p>\n<div align=\"justify\">\n<p>Le 17 mars s\u2019est r\u00e9uni \u00e0 Bologne le congr\u00e8s du <i>Fas\u00adcio ope\u00adraio<\/i>, f\u00e9d\u00e9\u00adra\u00adtion des soci\u00e9\u00adt\u00e9s ouvri\u00e8res ita\u00adliennes adh\u00e9\u00adrentes \u00e0 l\u2019Internationale.Parmi les ques\u00adtions dont s\u2019est occu\u00adp\u00e9e ce Congr\u00e8s, se trou\u00advait celle-ci&nbsp;:<\/p>\n<p>\u00ab&nbsp;Dans l\u2019in\u00adt\u00e9\u00adr\u00eat g\u00e9n\u00e9\u00adral et pour assu\u00adrer la pleine auto\u00adno\u00admie du Fas\u00adcio ope\u00adraio, celui-ci doit-il recon\u00adna\u00eetre et s\u2019as\u00adsu\u00adjet\u00adtir \u00e0 la direc\u00adtion du comi\u00adt\u00e9 g\u00e9n\u00e9\u00adral de Londres ou de celui du Jura ber\u00adnois, ou doit-il en res\u00adter ind\u00e9\u00adpen\u00addant, tout en main\u00adte\u00adnant des rela\u00adtions avec ces Comi\u00adt\u00e9s dans l\u2019in\u00adt\u00e9\u00adr\u00eat et pour le meilleur d\u00e9ve\u00adlop\u00adpe\u00adment de l\u2019Association&nbsp;?&nbsp;\u00bb<\/p>\n<p>\u00c0 cette ques\u00adtion le Congr\u00e8s a fait la r\u00e9ponse suivante&nbsp;:<\/p>\n<p>\u00ab&nbsp;Le Congr\u00e8s ne recon\u00adna\u00eet dans le Comi\u00adt\u00e9 g\u00e9n\u00e9\u00adral de Londres et dans celui du Jura ber\u00adnois que de simples offices de cor\u00adres\u00adpon\u00addance et de sta\u00adtis\u00adtique&nbsp;; il charge le consu\u00adlat de la r\u00e9gion de Bologne de se mettre en rela\u00adtion avec eux, et d\u2019en r\u00e9f\u00e9\u00adrer \u00e0 chaque section.&nbsp;\u00bb<\/p>\n<p>Nos amis du Fas\u00adcio ope\u00adraio ont fait ici une erreur qui a \u00e9t\u00e9 per\u00adfi\u00adde\u00adment exploi\u00adt\u00e9e par nos adversaires.<\/p>\n<p>Le Fas\u00adcio ope\u00adraio a cru, \u00e0 ce qu\u2019il sem\u00adble\u00adrait, que le Comi\u00adt\u00e9 f\u00e9d\u00e9\u00adral juras\u00adsien se posait en rival du Conseil g\u00e9n\u00e9\u00adral de Londres et qu\u2019il y avait \u00e0 choi\u00adsir entre Londres et Sonvillier.<\/p>\n<p>Rien de sem\u00adblable n\u2019a jamais exis\u00adt\u00e9. Le comi\u00adt\u00e9 f\u00e9d\u00e9\u00adral juras\u00adsien est un simple comi\u00adt\u00e9 r\u00e9gio\u00adnal, qui ne repr\u00e9\u00adsente rien que les sec\u00adtions jurassiennes.<\/p>\n<p>Le Conseil g\u00e9n\u00e9\u00adral de Londres, par contre, quels que soient les griefs qu\u2019on \u00e9l\u00e8ve jus\u00adte\u00adment contre cer\u00adtains de ces actes, est le repr\u00e9\u00adsen\u00adtant offi\u00adciel de l\u2019As\u00adso\u00adcia\u00adtion inter\u00adna\u00adtio\u00adnale tout enti\u00e8re.<\/p>\n<p>Le comi\u00adt\u00e9 f\u00e9d\u00e9\u00adral juras\u00adsien n\u2019est donc pas un rival du Conseil g\u00e9n\u00e9\u00adral de Londres&nbsp;; il ne pr\u00e9\u00adtend abso\u00adlu\u00adment \u00e0 aucune direc\u00adtion dans les affaires de l\u2019Internationale.<\/p>\n<p>La F\u00e9d\u00e9\u00adra\u00adtion juras\u00adsienne s\u2019est bor\u00adn\u00e9e, comme c\u2019\u00e9\u00adtait son droit, \u00e0 pro\u00adtes\u00adter contre les r\u00e9so\u00adlu\u00adtions de la Conf\u00e9\u00adrence de Londres et \u00e0 en appe\u00adler au pro\u00adchain Congr\u00e8s. Voi\u00adl\u00e0&nbsp;tout.<\/p>\n<p>Que les autres f\u00e9d\u00e9\u00adra\u00adtions adh\u00e8rent \u00e0 la pro\u00adtes\u00adta\u00adtion de la f\u00e9d\u00e9\u00adra\u00adtion juras\u00adsienne, ou fassent pour leur compte des pro\u00adtes\u00adta\u00adtions ana\u00adlogues, rien de plus natu\u00adrel. Mais qu\u2019elles veuillent faire de la F\u00e9d\u00e9\u00adra\u00adtion juras\u00adsienne et de son comi\u00adt\u00e9 un autre Conseil g\u00e9n\u00e9\u00adral, c\u2019est dou\u00adble\u00adment absurde&nbsp;: d\u2019a\u00adbord c\u2019est le ren\u00adver\u00adse\u00adment des sta\u00adtuts de l\u2019As\u00adso\u00adcia\u00adtion&nbsp;; puis c\u2019est abso\u00adlu\u00adment contraire \u00e0 l\u2019es\u00adprit m\u00eame de la F\u00e9d\u00e9\u00adra\u00adtion juras\u00adsienne, qui repousse toute direc\u00adtion impo\u00ads\u00e9e, et qui ne peut pas cons\u00e9\u00adquence son\u00adger \u00e0 impo\u00adser la sienne aux autres.<\/p>\n<\/div>\n<ul class=\"modern-footnotes-list modern-footnotes-list--show-only-for-print\"><li><span>1<\/span><div>Article publi\u00e9 sans&nbsp;titre<\/div><\/li><\/ul>","protected":false},"excerpt":{"rendered":"<p>Le 17 mars s\u2019est r\u00e9uni \u00e0 Bologne le congr\u00e8s du Fas\u00adcio ope\u00adraio, f\u00e9d\u00e9\u00adra\u00adtion des soci\u00e9\u00adt\u00e9s ouvri\u00e8res ita\u00adliennes adh\u00e9\u00adrentes \u00e0 l\u2019Internationale.Parmi les ques\u00adtions dont s\u2019est occu\u00adp\u00e9e ce Congr\u00e8s, se trou\u00advait celle-ci&nbsp;: \u00ab&nbsp;Dans l\u2019in\u00adt\u00e9\u00adr\u00eat g\u00e9n\u00e9\u00adral et pour assu\u00adrer la pleine auto\u00adno\u00admie du Fas\u00adcio ope\u00adraio, celui-ci doit-il recon\u00adna\u00eetre et s\u2019as\u00adsu\u00adjet\u00adtir \u00e0 la direc\u00adtion du comi\u00adt\u00e9 g\u00e9n\u00e9\u00adral de Londres&nbsp;[\u2026]<\/p>\n","protected":false},"author":8,"featured_media":6089,"comment_status":"closed","ping_status":"closed","sticky":false,"template":"wp-custom-template-page-d-article","format":"standard","meta":{"wp_typography_post_enhancements_disabled":false,"footnotes":""},"categories":[205],"tags":[942,951],"ppma_author":[680],"class_list":["post-1773","post","type-post","status-publish","format-standard","has-post-thumbnail","hentry","category-bulletin-de-la-federation-jurassienne-n4-20-mars-1872","tag-italie","tag-organisation-ouvriere"],"authors":[{"term_id":680,"user_id":8,"is_guest":0,"slug":"anonyme","display_name":"Anonyme","avatar_url":"https:\/\/secure.gravatar.com\/avatar\/cdccebf2bbf18d75df96a6721f7ce7f7ec80d026f1b8ec6be93de563bca5236b?s=96&d=mm&r=g","author_category":"","user_url":"","last_name":"","first_name":"","job_title":"","description":""}],"_links":{"self":[{"href":"https:\/\/la-presse-anarchiste.net\/index.php\/wp-json\/wp\/v2\/posts\/1773","targetHints":{"allow":["GET"]}}],"collection":[{"href":"https:\/\/la-presse-anarchiste.net\/index.php\/wp-json\/wp\/v2\/posts"}],"about":[{"href":"https:\/\/la-presse-anarchiste.net\/index.php\/wp-json\/wp\/v2\/types\/post"}],"author":[{"embeddable":true,"href":"https:\/\/la-presse-anarchiste.net\/index.php\/wp-json\/wp\/v2\/users\/8"}],"replies":[{"embeddable":true,"href":"https:\/\/la-presse-anarchiste.net\/index.php\/wp-json\/wp\/v2\/comments?post=1773"}],"version-history":[{"count":3,"href":"https:\/\/la-presse-anarchiste.net\/index.php\/wp-json\/wp\/v2\/posts\/1773\/revisions"}],"predecessor-version":[{"id":7263,"href":"https:\/\/la-presse-anarchiste.net\/index.php\/wp-json\/wp\/v2\/posts\/1773\/revisions\/7263"}],"wp:featuredmedia":[{"embeddable":true,"href":"https:\/\/la-presse-anarchiste.net\/index.php\/wp-json\/wp\/v2\/media\/6089"}],"wp:attachment":[{"href":"https:\/\/la-presse-anarchiste.net\/index.php\/wp-json\/wp\/v2\/media?parent=1773"}],"wp:term":[{"taxonomy":"category","embeddable":true,"href":"https:\/\/la-presse-anarchiste.net\/index.php\/wp-json\/wp\/v2\/categories?post=1773"},{"taxonomy":"post_tag","embeddable":true,"href":"https:\/\/la-presse-anarchiste.net\/index.php\/wp-json\/wp\/v2\/tags?post=1773"},{"taxonomy":"author","embeddable":true,"href":"https:\/\/la-presse-anarchiste.net\/index.php\/wp-json\/wp\/v2\/ppma_author?post=1773"}],"curies":[{"name":"wp","href":"https:\/\/api.w.org\/{rel}","templated":true}]}}