{"id":1774,"date":"1872-03-20T00:40:11","date_gmt":"1872-03-20T00:40:11","guid":{"rendered":"https:\/\/la-presse-anarchiste.net\/index.php\/2008\/11\/16\/nouvelles-de-lexterieur-3\/"},"modified":"2024-05-01T13:47:58","modified_gmt":"2024-05-01T13:47:58","slug":"nouvelles-de-lexterieur-3","status":"publish","type":"post","link":"https:\/\/la-presse-anarchiste.net\/index.php\/1872\/03\/20\/nouvelles-de-lexterieur-3\/","title":{"rendered":"Nouvelles de l\u2019ext\u00e9rieur"},"content":{"rendered":"<div class=\"pdfprnt-buttons pdfprnt-buttons-post pdfprnt-top-right\"><a href=\"https:\/\/la-presse-anarchiste.net\/index.php\/wp-json\/wp\/v2\/posts\/1774?print=pdf\" class=\"pdfprnt-button pdfprnt-button-pdf\" target=\"_blank\"><img decoding=\"async\" src=\"https:\/\/la-presse-anarchiste.net\/wp-content\/plugins\/pdf-print\/images\/pdf.png\" alt=\"image_pdf\" title=\"Afficher le PDF\"><\/a><a href=\"https:\/\/la-presse-anarchiste.net\/index.php\/wp-json\/wp\/v2\/posts\/1774?print=print\" class=\"pdfprnt-button pdfprnt-button-print\" target=\"_blank\"><img decoding=\"async\" src=\"https:\/\/la-presse-anarchiste.net\/wp-content\/plugins\/pdf-print\/images\/print.png\" alt=\"image_print\" title=\"Contenu imprim\u00e9\"><\/a><\/div><div align=\"justify\">\n<p>(Cor\u00adres\u00adpon\u00addance de Paris, 17 mars.) \u2015 \u00ab&nbsp;Les chambres syn\u00addi\u00adcales ouvri\u00e8res se reforment l\u2019une apr\u00e8s l\u2019autre. Leur mou\u00adve\u00adment s\u2019est accen\u00adtu\u00e9 assez mol\u00adle\u00adment au d\u00e9but, mal\u00adgr\u00e9 les efforts de la <i>Consti\u00adtu\u00adtion<\/i>, qui tous les jours exhorte les ouvriers \u00e0 refor\u00admer leurs syn\u00addi\u00adcats. Toute la presse radi\u00adcale se pr\u00eate d\u2019ailleurs volon\u00adtiers aux com\u00admu\u00adni\u00adca\u00adtions ouvri\u00e8res&nbsp;; nos amis \u00e9crivent dans le <i>Rap\u00adpel<\/i>, dans la <i>R\u00e9pu\u00adblique fran\u00ad\u00e7aise<\/i>, dans le <i>Radi\u00adcal<\/i>. \u00c0 d\u00e9faut d\u2019or\u00adganes socia\u00adlistes, il faut bien se ser\u00advir de ce qu\u2019on a sous la main.\u00abCinq ou six cor\u00adpo\u00adra\u00adtions seule\u00adment fonc\u00adtionnent de nou\u00adveau jus\u00adqu\u2019\u00e0 pr\u00e9\u00adsent&nbsp;: les bijou\u00adtiers, les mar\u00adbriers, les impri\u00admeurs-litho\u00adgraphes, les m\u00e9ca\u00adni\u00adciens, les ouvriers en cuirs et en peaux, les gan\u00adtiers, et peut-\u00eatre deux ou trois autres branches.<\/p>\n<p>\u00ab&nbsp;L\u2019\u00e9\u00adtat de si\u00e8ge, les sou\u00adve\u00adnirs r\u00e9cents de la guerre inti\u00admident beau\u00adcoup de monde. C\u2019est pour les d\u00e9bu\u00adtants s\u2019of\u00adfrir en p\u00e2ture \u00e0 la police que de prendre l\u2019i\u00adni\u00adtia\u00adtive&nbsp;; on h\u00e9site \u00e0 se com\u00adpro\u00admettre, on attend. Mais comme la presse par ses com\u00admu\u00adni\u00adca\u00adtions donne une cer\u00adtaine faci\u00adli\u00adt\u00e9 d\u2019ac\u00adtion, les \u00e9l\u00e9\u00adments les plus \u00e9ner\u00adgiques ne tar\u00adde\u00adront pas \u00e0 agir, et nous auront bien\u00adt\u00f4t un ensemble de forces l\u00e9gales \u00e0 oppo\u00adser \u00e0 la loi qui va \u00eatre promulgu\u00e9e.<\/p>\n<p>\u00ab&nbsp;Les d\u00e9ci\u00adsions de la Conf\u00e9\u00adrence de Londres, en jetant le trouble dans les esprits, ont beau\u00adcoup entra\u00adv\u00e9 notre pro\u00adpa\u00adgande. En effet, gr\u00e2ce \u00e0 la d\u00e9ci\u00adsion de cette Conf\u00e9\u00adrence sur les d\u00e9si\u00adgna\u00adtions que doivent prendre les branches et sec\u00adtions, beau\u00adcoup de per\u00adsonnes se figurent qu\u2019il est inter\u00addit de for\u00admer des sec\u00adtions autres que les soci\u00e9\u00adt\u00e9s cor\u00adpo\u00adra\u00adtives. Nous com\u00adbat\u00adtons de notre mieux cette erreur, et sans nous pr\u00e9\u00adoc\u00adcu\u00adper de savoir si notre action est conforme ou non aux <i>d\u00e9crets<\/i> de la Conf\u00e9\u00adrence, nous avons fon\u00add\u00e9 \u00e0 Paris une sec\u00adtion, la seule sec\u00adtion de l\u2019In\u00adter\u00adna\u00adtio\u00adnale actuel\u00adle\u00adment exis\u00adtant dans cette&nbsp;ville.<\/p>\n<p>\u00ab&nbsp;La presse pari\u00adsienne a publi\u00e9 dans ces der\u00adniers mois d\u2019as\u00adsez nom\u00adbreux articles sur l\u2019In\u00adter\u00adna\u00adtio\u00adnale, la plu\u00adpart t\u00e9moi\u00adgnant d\u2019une com\u00adpl\u00e8te igno\u00adrance et de notre v\u00e9ri\u00adtable orga\u00adni\u00adsa\u00adtion, et des ques\u00adtions qui nous divisent. Il faut ajou\u00adter que cer\u00adtains organes ont pr\u00ea\u00adt\u00e9 leur publi\u00adci\u00adt\u00e9 (quel\u00adque\u00adfois sous l\u2019ins\u00adpi\u00adra\u00adtion directe de Londres) pour faire prendre ce [\u2026] \u00e0 nos v\u00e9ri\u00adtables amis sur la nature r\u00e9elle de nos dif\u00adf\u00e9\u00adrents. La <i>R\u00e9pu\u00adblique fran\u00ad\u00e7aise<\/i> a com\u00admen\u00adc\u00e9, d\u2019une mani\u00e8re inci\u00addente, \u00e0 r\u00e9ta\u00adblir les choses sous leur vrai jour, et a fait conna\u00eetre aux ouvriers fran\u00ad\u00e7ais la pro\u00adtes\u00adta\u00adtion de la f\u00e9d\u00e9\u00adra\u00adtion juras\u00adsienne contre la Conf\u00e9\u00adrence de Londres.&nbsp;\u00bb<\/p>\n<\/div>\n","protected":false},"excerpt":{"rendered":"<p>(Cor\u00adres\u00adpon\u00addance de Paris, 17 mars.) \u2015 \u00ab&nbsp;Les chambres syn\u00addi\u00adcales ouvri\u00e8res se reforment l\u2019une apr\u00e8s l\u2019autre. Leur mou\u00adve\u00adment s\u2019est accen\u00adtu\u00e9 assez mol\u00adle\u00adment au d\u00e9but, mal\u00adgr\u00e9 les efforts de la Consti\u00adtu\u00adtion, qui tous les jours exhorte les ouvriers \u00e0 refor\u00admer leurs syn\u00addi\u00adcats. Toute la presse radi\u00adcale se pr\u00eate d\u2019ailleurs volon\u00adtiers aux com\u00admu\u00adni\u00adca\u00adtions ouvri\u00e8res&nbsp;; nos amis \u00e9crivent dans&nbsp;[\u2026]<\/p>\n","protected":false},"author":8,"featured_media":6089,"comment_status":"closed","ping_status":"closed","sticky":false,"template":"wp-custom-template-page-d-article","format":"standard","meta":{"wp_typography_post_enhancements_disabled":false,"footnotes":""},"categories":[205],"tags":[],"ppma_author":[680],"class_list":["post-1774","post","type-post","status-publish","format-standard","has-post-thumbnail","hentry","category-bulletin-de-la-federation-jurassienne-n4-20-mars-1872"],"authors":[{"term_id":680,"user_id":8,"is_guest":0,"slug":"anonyme","display_name":"Anonyme","avatar_url":"https:\/\/secure.gravatar.com\/avatar\/cdccebf2bbf18d75df96a6721f7ce7f7ec80d026f1b8ec6be93de563bca5236b?s=96&d=mm&r=g","author_category":"","user_url":"","last_name":"","first_name":"","job_title":"","description":""}],"_links":{"self":[{"href":"https:\/\/la-presse-anarchiste.net\/index.php\/wp-json\/wp\/v2\/posts\/1774","targetHints":{"allow":["GET"]}}],"collection":[{"href":"https:\/\/la-presse-anarchiste.net\/index.php\/wp-json\/wp\/v2\/posts"}],"about":[{"href":"https:\/\/la-presse-anarchiste.net\/index.php\/wp-json\/wp\/v2\/types\/post"}],"author":[{"embeddable":true,"href":"https:\/\/la-presse-anarchiste.net\/index.php\/wp-json\/wp\/v2\/users\/8"}],"replies":[{"embeddable":true,"href":"https:\/\/la-presse-anarchiste.net\/index.php\/wp-json\/wp\/v2\/comments?post=1774"}],"version-history":[{"count":3,"href":"https:\/\/la-presse-anarchiste.net\/index.php\/wp-json\/wp\/v2\/posts\/1774\/revisions"}],"predecessor-version":[{"id":7262,"href":"https:\/\/la-presse-anarchiste.net\/index.php\/wp-json\/wp\/v2\/posts\/1774\/revisions\/7262"}],"wp:featuredmedia":[{"embeddable":true,"href":"https:\/\/la-presse-anarchiste.net\/index.php\/wp-json\/wp\/v2\/media\/6089"}],"wp:attachment":[{"href":"https:\/\/la-presse-anarchiste.net\/index.php\/wp-json\/wp\/v2\/media?parent=1774"}],"wp:term":[{"taxonomy":"category","embeddable":true,"href":"https:\/\/la-presse-anarchiste.net\/index.php\/wp-json\/wp\/v2\/categories?post=1774"},{"taxonomy":"post_tag","embeddable":true,"href":"https:\/\/la-presse-anarchiste.net\/index.php\/wp-json\/wp\/v2\/tags?post=1774"},{"taxonomy":"author","embeddable":true,"href":"https:\/\/la-presse-anarchiste.net\/index.php\/wp-json\/wp\/v2\/ppma_author?post=1774"}],"curies":[{"name":"wp","href":"https:\/\/api.w.org\/{rel}","templated":true}]}}