{"id":1776,"date":"1872-03-20T00:20:01","date_gmt":"1872-03-20T00:20:01","guid":{"rendered":"https:\/\/la-presse-anarchiste.net\/index.php\/2008\/11\/16\/dementi-des-affirmations-de-m-amberny-de-geneve\/"},"modified":"2024-05-01T13:45:40","modified_gmt":"2024-05-01T13:45:40","slug":"dementi-des-affirmations-de-m-amberny-de-geneve","status":"publish","type":"post","link":"https:\/\/la-presse-anarchiste.net\/index.php\/1872\/03\/20\/dementi-des-affirmations-de-m-amberny-de-geneve\/","title":{"rendered":"D\u00e9menti des affirmations de M.&nbsp;Amberny de Gen\u00e8ve"},"content":{"rendered":"<div class=\"pdfprnt-buttons pdfprnt-buttons-post pdfprnt-top-right\"><a href=\"https:\/\/la-presse-anarchiste.net\/index.php\/wp-json\/wp\/v2\/posts\/1776?print=pdf\" class=\"pdfprnt-button pdfprnt-button-pdf\" target=\"_blank\"><img decoding=\"async\" src=\"https:\/\/la-presse-anarchiste.net\/wp-content\/plugins\/pdf-print\/images\/pdf.png\" alt=\"image_pdf\" title=\"Afficher le PDF\"><\/a><a href=\"https:\/\/la-presse-anarchiste.net\/index.php\/wp-json\/wp\/v2\/posts\/1776?print=print\" class=\"pdfprnt-button pdfprnt-button-print\" target=\"_blank\"><img decoding=\"async\" src=\"https:\/\/la-presse-anarchiste.net\/wp-content\/plugins\/pdf-print\/images\/print.png\" alt=\"image_print\" title=\"Contenu imprim\u00e9\"><\/a><\/div><p class=\"post_excerpt\"><sup class=\"modern-footnotes-footnote modern-footnotes-footnote--expands-on-desktop \" data-mfn=\"1\" data-mfn-post-scope=\"000000003547ea28000000001472b6e8_1776\"><a href=\"javascript:void(0)\" role=\"button\" aria-pressed=\"false\" aria-describedby=\"mfn-content-000000003547ea28000000001472b6e8_1776-1\">1<\/a><\/sup><span id=\"mfn-content-000000003547ea28000000001472b6e8_1776-1\" role=\"tooltip\" class=\"modern-footnotes-footnote__note\" tabindex=\"0\" data-mfn=\"1\">Article \u00e9di\u00adt\u00e9 sans&nbsp;titre.<\/span><\/p>\n<div align=\"justify\">\n<p>Le <i>Jour\u00adnal de Gen\u00e8ve<\/i> du 15 mars conte\u00adnait une longue lettre sign\u00e9e Amber\u00adny, et consa\u00adcr\u00e9e \u00e0 l\u2019In\u00adter\u00adna\u00adtio\u00adnale et aux r\u00e9fu\u00adgi\u00e9s de la Com\u00admune. Cette lettre, dont l\u2019au\u00adteur semble se consti\u00adtuer en avo\u00adcat offi\u00adciel de l\u2019In\u00adter\u00adna\u00adtio\u00adnale contient entre autres le pas\u00adsage suivant&nbsp;:<\/p>\n<blockquote><p>\u00ab&nbsp;J\u2019af\u00adfirme, d\u2019a\u00adpr\u00e8s des ren\u00adsei\u00adgne\u00adments cer\u00adtains, et en ver\u00adtu d\u2019une auto\u00adri\u00adsa\u00adtion expresse, qu\u2019au\u00adcune gr\u00e8ve n\u2019a \u00e9t\u00e9 d\u00e9cr\u00e9\u00adt\u00e9e pour le can\u00adton de Gen\u00e8ve, que le pro\u00adjet n\u2019en a pas m\u00eame \u00e9t\u00e9 con\u00e7u&nbsp;; et qu\u2019en\u00adfin l\u2019In\u00adter\u00adna\u00adtio\u00adnale n\u2019ar\u00adr\u00ea\u00adte\u00adra aucune mesure sem\u00adblable dans notre can\u00adton en&nbsp;1872.<\/p>\n<p>\u00ab&nbsp;S\u2019il fal\u00adlait une sanc\u00adtion \u00e0 cette affir\u00adma\u00adtion abso\u00adlue, j\u2019a\u00adjou\u00adte\u00adrais que je m\u2019im\u00adpose d\u2019a\u00advance une amende de mille francs, \u00e0 ver\u00adser \u00e0 l\u2019h\u00f4\u00adpi\u00adtal can\u00adto\u00adnal, si l\u2019as\u00adso\u00adcia\u00adtion inter\u00adna\u00adtio\u00adnale d\u00e9cr\u00e8te, cette ann\u00e9e, une gr\u00e8ve g\u00e9n\u00e9\u00adrale ou m\u00eame par\u00adtielle \u00e0 Gen\u00e8ve.&nbsp;\u00bb<\/p><\/blockquote>\n<p>Qu\u2019est-ce que c\u2019est que cette plai\u00adsan\u00adte\u00adrie&nbsp;? Qui est ce Mon\u00adsieur Amber\u00adny, avo\u00adcat gene\u00advois, qui vient par\u00adler au nom de l\u2019In\u00adter\u00adna\u00adtio\u00adnale, et qui d\u00e9clare solen\u00adnel\u00adle\u00adment que l\u2019<i>Inter\u00adna\u00adtio\u00adnale ne d\u00e9cr\u00e8\u00adte\u00adra pas de gr\u00e8ves cette ann\u00e9e<\/i>&nbsp;?<\/p>\n<p>Est-ce que jamais l\u2019In\u00adter\u00adna\u00adtio\u00adnale a d\u00e9cr\u00e9\u00adt\u00e9e des gr\u00e8ves&nbsp;? Non. Et elle a tou\u00adjours d\u00e9cla\u00adr\u00e9 calom\u00adnia\u00adteurs ceux qui pr\u00e9\u00adten\u00addaient le contraire. \u2015 Et voi\u00adl\u00e0 un Mon\u00adsieur Amber\u00adny, que nous ne connais\u00adsons pas, qui n\u2019est pas de l\u2019In\u00adter\u00adna\u00adtio\u00adnale \u2015 son igno\u00adrance de la ques\u00adtion le prouve \u2015 qui s\u2019a\u00advise de pro\u00admettre que nous ne <i>d\u00e9cr\u00e8\u00adte\u00adrons<\/i> pas de gr\u00e8ves en 1872&nbsp;! \u2015 Mon\u00adsieur Amber\u00adny admet donc que nous avons <i>d\u00e9cr\u00e9\u00adt\u00e9<\/i> autre\u00adfois, ou que nous <i>d\u00e9cr\u00e8\u00adte\u00adrons<\/i> dans l\u2019avenir.<\/p>\n<p>Nous d\u00e9cla\u00adrons, pour nous, que M.&nbsp;Amber\u00adny n\u2019a pas <i>\u00e9t\u00e9 auto\u00adri\u00ads\u00e9 par l\u2019In\u00adter\u00adna\u00adtio\u00adnale \u00e0 par\u00adler en son nom&nbsp;; que si telle per\u00adson\u00adna\u00adli\u00adt\u00e9 lui a don\u00adn\u00e9 une auto\u00adri\u00adsa\u00adtion pareille, cette per\u00adson\u00adna\u00adli\u00adt\u00e9 n\u2019en avait pas le droit&nbsp;; que m\u00eame une sec\u00adtion de l\u2019In\u00adter\u00adna\u00adtio\u00adnale qui tien\u00addrait un lan\u00adgage pareil \u00e0 celui de M.&nbsp;Amber\u00adny, m\u00e9ri\u00adte\u00adrait pour ce fait d\u2019\u00eatre exclue de l\u2019As\u00adso\u00adcia\u00adtion, comme en ayant m\u00e9con\u00adnu les prin\u00adcipes fondamentaux.<\/i><\/p>\n<p>La f\u00e9d\u00e9\u00adra\u00adtion juras\u00adsienne, qui a une sec\u00adtion \u00e0 Gen\u00e8ve, inflige donc un d\u00e9sa\u00adveu public \u00e0 M.&nbsp;Amber\u00adny. Si la f\u00e9d\u00e9\u00adra\u00adtion romande, plus par\u00adti\u00adcu\u00adli\u00e8\u00adre\u00adment int\u00e9\u00adres\u00ads\u00e9e dans cette ques\u00adtion, n\u2019en fait pas autant de son c\u00f4t\u00e9, tant pis pour&nbsp;elle.<\/p>\n<\/div>\n<ul class=\"modern-footnotes-list modern-footnotes-list--show-only-for-print\"><li><span>1<\/span><div>Article \u00e9di\u00adt\u00e9 sans&nbsp;titre.<\/div><\/li><\/ul>","protected":false},"excerpt":{"rendered":"<p>Le Jour\u00adnal de Gen\u00e8ve du 15 mars conte\u00adnait une longue lettre sign\u00e9e Amber\u00adny, et consa\u00adcr\u00e9e \u00e0 l\u2019In\u00adter\u00adna\u00adtio\u00adnale et aux r\u00e9fu\u00adgi\u00e9s de la Com\u00admune. Cette lettre, dont l\u2019au\u00adteur semble se consti\u00adtuer en avo\u00adcat offi\u00adciel de l\u2019In\u00adter\u00adna\u00adtio\u00adnale contient entre autres le pas\u00adsage sui\u00advant&nbsp;: \u00ab&nbsp;J\u2019af\u00adfirme, d\u2019a\u00adpr\u00e8s des ren\u00adsei\u00adgne\u00adments cer\u00adtains, et en ver\u00adtu d\u2019une auto\u00adri\u00adsa\u00adtion expresse, qu\u2019au\u00adcune gr\u00e8ve n\u2019a [\u2026]<\/p>\n","protected":false},"author":8,"featured_media":6089,"comment_status":"closed","ping_status":"closed","sticky":false,"template":"wp-custom-template-page-d-article","format":"standard","meta":{"wp_typography_post_enhancements_disabled":false,"footnotes":""},"categories":[205],"tags":[],"ppma_author":[680],"class_list":["post-1776","post","type-post","status-publish","format-standard","has-post-thumbnail","hentry","category-bulletin-de-la-federation-jurassienne-n4-20-mars-1872"],"authors":[{"term_id":680,"user_id":8,"is_guest":0,"slug":"anonyme","display_name":"Anonyme","avatar_url":"https:\/\/secure.gravatar.com\/avatar\/cdccebf2bbf18d75df96a6721f7ce7f7ec80d026f1b8ec6be93de563bca5236b?s=96&d=mm&r=g","author_category":"","user_url":"","last_name":"","first_name":"","job_title":"","description":""}],"_links":{"self":[{"href":"https:\/\/la-presse-anarchiste.net\/index.php\/wp-json\/wp\/v2\/posts\/1776","targetHints":{"allow":["GET"]}}],"collection":[{"href":"https:\/\/la-presse-anarchiste.net\/index.php\/wp-json\/wp\/v2\/posts"}],"about":[{"href":"https:\/\/la-presse-anarchiste.net\/index.php\/wp-json\/wp\/v2\/types\/post"}],"author":[{"embeddable":true,"href":"https:\/\/la-presse-anarchiste.net\/index.php\/wp-json\/wp\/v2\/users\/8"}],"replies":[{"embeddable":true,"href":"https:\/\/la-presse-anarchiste.net\/index.php\/wp-json\/wp\/v2\/comments?post=1776"}],"version-history":[{"count":3,"href":"https:\/\/la-presse-anarchiste.net\/index.php\/wp-json\/wp\/v2\/posts\/1776\/revisions"}],"predecessor-version":[{"id":7260,"href":"https:\/\/la-presse-anarchiste.net\/index.php\/wp-json\/wp\/v2\/posts\/1776\/revisions\/7260"}],"wp:featuredmedia":[{"embeddable":true,"href":"https:\/\/la-presse-anarchiste.net\/index.php\/wp-json\/wp\/v2\/media\/6089"}],"wp:attachment":[{"href":"https:\/\/la-presse-anarchiste.net\/index.php\/wp-json\/wp\/v2\/media?parent=1776"}],"wp:term":[{"taxonomy":"category","embeddable":true,"href":"https:\/\/la-presse-anarchiste.net\/index.php\/wp-json\/wp\/v2\/categories?post=1776"},{"taxonomy":"post_tag","embeddable":true,"href":"https:\/\/la-presse-anarchiste.net\/index.php\/wp-json\/wp\/v2\/tags?post=1776"},{"taxonomy":"author","embeddable":true,"href":"https:\/\/la-presse-anarchiste.net\/index.php\/wp-json\/wp\/v2\/ppma_author?post=1776"}],"curies":[{"name":"wp","href":"https:\/\/api.w.org\/{rel}","templated":true}]}}