{"id":1783,"date":"1985-03-01T00:06:56","date_gmt":"1985-03-01T00:06:56","guid":{"rendered":"https:\/\/la-presse-anarchiste.net\/index.php\/2008\/11\/18\/belgrade-proces-new-look\/"},"modified":"2024-05-15T07:08:49","modified_gmt":"2024-05-15T07:08:49","slug":"belgrade-proces-new-look","status":"publish","type":"post","link":"https:\/\/la-presse-anarchiste.net\/index.php\/1985\/03\/01\/belgrade-proces-new-look\/","title":{"rendered":"Belgrade, proc\u00e8s new&nbsp;look"},"content":{"rendered":"<div class=\"pdfprnt-buttons pdfprnt-buttons-post pdfprnt-top-right\"><a href=\"https:\/\/la-presse-anarchiste.net\/index.php\/wp-json\/wp\/v2\/posts\/1783?print=pdf\" class=\"pdfprnt-button pdfprnt-button-pdf\" target=\"_blank\"><img decoding=\"async\" src=\"https:\/\/la-presse-anarchiste.net\/wp-content\/plugins\/pdf-print\/images\/pdf.png\" alt=\"image_pdf\" title=\"Afficher le PDF\"><\/a><a href=\"https:\/\/la-presse-anarchiste.net\/index.php\/wp-json\/wp\/v2\/posts\/1783?print=print\" class=\"pdfprnt-button pdfprnt-button-print\" target=\"_blank\"><img decoding=\"async\" src=\"https:\/\/la-presse-anarchiste.net\/wp-content\/plugins\/pdf-print\/images\/print.png\" alt=\"image_print\" title=\"Contenu imprim\u00e9\"><\/a><\/div><div align=\"justify\">En ao\u00fbt 1984, le par\u00adquet de Bel\u00adgrade a \u00e9ta\u00adbli un acte d\u2019ac\u00adcu\u00adsa\u00adtion \u00e0 l\u2019en\u00adcontre de Vla\u00addi\u00admir Mija\u00adno\u00advic (n\u00e9 en 1946, ancien \u00e9tu\u00addiant en socio\u00adlo\u00adgie), Mio\u00addrag Mille (n\u00e9 en 1929, sc\u00e9\u00adna\u00adriste), Pav\u00adlus\u00adko Imsi\u00adro\u00advic (n\u00e9 en 1948, tra\u00adduc\u00adteur), Dra\u00adgo\u00admir Olu\u00adjic (n\u00e9 en 1949, jour\u00adna\u00adliste \u00e0 Radio-Bel\u00adgrade), Milan Niko\u00adlic (n\u00e9 en 1947, employ\u00e9 \u00e0 l\u2019Ins\u00adti\u00adtut d\u2019\u00c9\u00adco\u00adno\u00admie Agri\u00adcole de Bel\u00adgrade) et Gor\u00addan Jova\u00adno\u00advic (n\u00e9 en 1961, \u00e9tu\u00addiant en his\u00adtoire de l\u2019art), habi\u00adtant tous Bel\u00adgrade et appar\u00adte\u00adnant \u00e0 ce que l\u2019on appelle la \u00ab&nbsp;nou\u00advelle gauche&nbsp;\u00bb. Leur acti\u00advi\u00adt\u00e9 \u00ab&nbsp;contre-r\u00e9vo\u00adlu\u00adtion\u00adnaire&nbsp;\u00bb consis\u00adte\u00adrait \u00e0 avoir orga\u00adni\u00ads\u00e9 dans leurs appar\u00adte\u00adments des dis\u00adcus\u00adsions sur divers th\u00e8mes \u00e0 carac\u00adt\u00e8re th\u00e9o\u00adrique ou poli\u00adtique et dans le fait d\u2019a\u00advoir par\u00adti\u00adci\u00adper \u00e0 ces discussions.\n<p>Pour bien sai\u00adsir l\u2019ar\u00adri\u00e8re-plan de ce \u00ab&nbsp;pro\u00adc\u00e8s des 6&nbsp;\u00bb, il faut reve\u00adnir au prin\u00adtemps 1968, lors\u00adqu\u2019\u00e0 Bel\u00adgrade exis\u00adtait un mou\u00adve\u00adment \u00e9tu\u00addiant assez proche par ses id\u00e9es de ses homo\u00adlogues d\u2019Eu\u00adrope occi\u00adden\u00adtale. Il connut son apo\u00adg\u00e9e lors des mani\u00adfes\u00adta\u00adtions de juin 1968 \u00e0 la suite des\u00adquelles les \u00e9tu\u00addiants occu\u00adp\u00e8rent toutes les facul\u00adt\u00e9s de l\u2019U\u00adni\u00adver\u00adsi\u00adt\u00e9 de Bel\u00adgrade, le mou\u00adve\u00adment s\u2019\u00e9\u00adten\u00addant alors aux autres uni\u00adver\u00adsi\u00adt\u00e9s you\u00adgo\u00adslaves. Celui qui dans ces \u00e9v\u00e8\u00adne\u00adments joua le r\u00f4le le plus en vue fut un jeune \u00e9tu\u00addiant de 22 ans ins\u00adcrit \u00e0 la facul\u00adt\u00e9 de lettres&nbsp;: V. Mijanovic.<\/p>\n<p>La contes\u00adta\u00adtion a conti\u00adnu\u00e9 pen\u00addant les ann\u00e9es sui\u00advantes, par\u00adti\u00adcu\u00adli\u00e8\u00adre\u00adment \u00e0 la facul\u00adt\u00e9 de lettres o\u00f9 Mija\u00adno\u00advic \u00e9tait le pr\u00e9\u00adsident de l\u2019or\u00adga\u00adni\u00adsa\u00adtion des \u00e9tu\u00addiants. Mais \u00e0 l\u2019au\u00adtomne 1970, Mija\u00adno\u00advic se voit condam\u00adn\u00e9 \u00e0 18 mois de pri\u00adson, ce qui a pro\u00advo\u00adqu\u00e9 une vague de pro\u00adtes\u00adta\u00adtions, dont une gr\u00e8ve des \u00e9tu\u00addiants dans plu\u00adsieurs facul\u00adt\u00e9s. D\u2019autres \u00e9tu\u00addiants radi\u00adcaux sont les cibles de la r\u00e9pres\u00adsion&nbsp;: l\u2019\u00e9\u00adt\u00e9 1972 Milan Niko\u00adlic et Pav\u00adlus\u00adko Imsi\u00adro\u00advic sont condam\u00adn\u00e9s cha\u00adcun \u00e0 deux ans de pri\u00adson pour \u00ab&nbsp;acti\u00advi\u00adt\u00e9s hos\u00adtiles&nbsp;\u00bb. La r\u00e9pres\u00adsion obtient des r\u00e9sul\u00adtats&nbsp;: en 1974, la pro\u00adtes\u00adta\u00adtion mas\u00adsive contre la sus\u00adpen\u00adsion d\u2019un groupe d\u2019en\u00adsei\u00adgnants de la facul\u00adt\u00e9 des lettres (Mihai\u00adlo Mar\u00adko\u00advic, Lju\u00adbo\u00admir Tadic, Zagor\u00adka Golu\u00adbo\u00advic et d\u2019autres) est le der\u00adnier signe de vie du mou\u00adve\u00adment \u00e9tudiant.<\/p>\n<p>Cepen\u00addant les id\u00e9es ne s\u2019\u00e9\u00adtant pas \u00e9va\u00adnouies avec le mou\u00adve\u00adment, dans la deuxi\u00e8me moi\u00adti\u00e9 des ann\u00e9es 70 il se cr\u00e9e \u00e0 Bel\u00adgrade une forme sp\u00e9\u00adci\u00adfique de sc\u00e8ne publique&nbsp;: des groupes de dis\u00adcus\u00adsion se consti\u00adtuent, le pre\u00admier \u00e9tant fon\u00add\u00e9 par des pro\u00adfes\u00adseurs sus\u00adpen\u00addus de la facul\u00adt\u00e9 de lettres, les autres se com\u00adpo\u00adsant de per\u00adsonnes plus jeunes, anciens du mou\u00adve\u00adment \u00e9tu\u00addiant et \u00e9tu\u00addiants actuels. Ces per\u00adsonnes se ras\u00adsemblent dans des appar\u00adte\u00adments et \u00e9changent leurs id\u00e9es, contri\u00adbuant ain\u00adsi \u00e0 la conti\u00adnui\u00adt\u00e9 de l\u2019\u00e9\u00adtat d\u2019es\u00adprit de la fin des ann\u00e9es 60, confi\u00adn\u00e9 en marge de la vie publique par la r\u00e9pres\u00adsion. Ces milieux aux\u00adquels appar\u00adtiennent Mija\u00adno\u00advic et les autres accu\u00ads\u00e9s doivent \u00eatre dis\u00adtin\u00adgu\u00e9s des cercles \u00ab&nbsp;dis\u00adsi\u00addents&nbsp;\u00bb r\u00e9unis autour de per\u00adson\u00adna\u00adli\u00adt\u00e9s comme Dji\u00adlas et pro-occi\u00adden\u00adtaux, et des divers milieux natio\u00adna\u00adlistes, reli\u00adgieux et sta\u00adli\u00adniens dog\u00adma\u00adtiques. Les milieux dont nous par\u00adlons se dif\u00adf\u00e9\u00adren\u00adcient par leur orien\u00adta\u00adtion socia\u00adliste, plu\u00adt\u00f4t radi\u00adcale, fon\u00add\u00e9e sur autre chose g\u00e9n\u00e9\u00adra\u00adle\u00adment que le mar\u00adxisme dogmatique.<\/p>\n<p>Ces der\u00adni\u00e8res ann\u00e9es, toute une s\u00e9rie d\u2019i\u00adni\u00adtia\u00adtives \u00e9ma\u00adna de ces milieux, et on peut citer entre autres choses un grand nombre de pro\u00adtes\u00adta\u00adtions adres\u00ads\u00e9es aux auto\u00adri\u00adt\u00e9s contre la r\u00e9pres\u00adsion tou\u00adchant cer\u00adtaines r\u00e9gions. La pro\u00adtes\u00adta\u00adtion contre l\u2019\u00e9\u00adtat de guerre en Pologne fut par\u00adti\u00adcu\u00adli\u00e8\u00adre\u00adment remar\u00adqu\u00e9e, avec les mani\u00adfes\u00adta\u00adtions devant l\u2019am\u00adbas\u00adsade de Pologne \u00e0 Bel\u00adgrade. Renou\u00adve\u00adl\u00e9e en 1982 cette pro\u00adtes\u00adta\u00adtion pris fin avec l\u2019ar\u00adres\u00adta\u00adtion de 16 per\u00adsonnes dont Imsi\u00adro\u00advic, Niko\u00adlic, Olu\u00adjic et Jova\u00adno\u00advic, empri\u00adson\u00adn\u00e9s quelques temps. Au d\u00e9but des ann\u00e9es 80, cer\u00adtaines ins\u00adti\u00adtu\u00adtions \u00e0 Bel\u00adgrade se lib\u00e9\u00adra\u00adlisent et beau\u00adcoup d\u2019in\u00adtel\u00adlec\u00adtuels mar\u00adqu\u00e9s \u00e0 gauche par\u00adviennent \u00e0 par\u00adti\u00adci\u00adper \u00e0 des conf\u00e9\u00adrences publiques en ville dont la th\u00e9\u00adma\u00adtique s\u2019\u00e9\u00adlar\u00adgit sen\u00adsi\u00adble\u00adment. Le nombre des dis\u00adcus\u00adsions dans les appar\u00adte\u00adments dimi\u00adnue en rai\u00adson de cela, et elles ne sont plus fr\u00e9\u00adquen\u00adt\u00e9es que par les plus jeunes. Le 20 avril 1984, M.&nbsp;Dji\u00adlas, \u00e9tran\u00adger \u00e0 ces milieux de gauche, par\u00adti\u00adci\u00adpait \u00e0 une dis\u00adcus\u00adsion dans l\u2019ap\u00adpar\u00adte\u00adment de D. Olu\u00adjic lorsque la police fait irrup\u00adtion et arr\u00eate 28 per\u00adsonnes dont Olu\u00adjic, Milic, Imsi\u00adro\u00advic et Jova\u00adno\u00advic. Elles sont toutes rel\u00e2\u00adch\u00e9es dans les 4 jours qui suivent, mais cer\u00adtaines ont subi des mau\u00advais trai\u00adte\u00adments, comme l\u2019\u00e9\u00adtu\u00addiant J. Miha\u00adj\u00adlo\u00advic qui a ten\u00adt\u00e9 de se suicider.<\/p>\n<p>L\u2019ou\u00advrier syn\u00addi\u00adca\u00adliste Rado\u00admir Rado\u00advic, l\u2019un des 28, a \u00e9t\u00e9 retrou\u00adv\u00e9 mort le 30 avril dans un vil\u00adlage pr\u00e8s de Bel\u00adgrade. L\u2019en\u00adqu\u00eate a conclu au sui\u00adcide, mais de nom\u00adbreuses per\u00adsonnes le mettent en doute. Un groupe de 19 intel\u00adlec\u00adtuels de Bel\u00adgrade a adres\u00ads\u00e9 au secr\u00e9\u00adtaire aux affaires int\u00e9\u00adrieures d\u2019a\u00adlors, Stane Dolanc, une lettre ouverte exi\u00adgeant sa d\u00e9mis\u00adsion s\u2019il n\u2019en\u00adtre\u00adprend pas une enqu\u00eate s\u00e9rieuse. Dolanc n\u2019a pas d\u00e9mis\u00adsion\u00adn\u00e9 (il est deve\u00adnu membre de la pr\u00e9\u00adsi\u00addence de la You\u00adgo\u00adsla\u00advie), mais le 23 mai les ini\u00adtia\u00adteurs de la p\u00e9ti\u00adtion sont arr\u00ea\u00adt\u00e9s&nbsp;: Mija\u00adno\u00advic, Imsi\u00adro\u00advic puis Niko\u00adlic rejoignent Milic et Olu\u00adjic en pri\u00adson. Jova\u00adno\u00advic n\u2019est arr\u00ea\u00adt\u00e9 que le 22 juin. \u00c0 la suite de la gr\u00e8ve de la faim men\u00e9e par les trois pre\u00admiers d\u00e8s leur arres\u00adta\u00adtion et de la pres\u00adsion inter\u00adna\u00adtio\u00adnale, les 6 sont rel\u00e2\u00adch\u00e9s le 2 juillet. Ils ont gagn\u00e9 le droit de se d\u00e9fendre en libert\u00e9.<\/p>\n<p>Le pro\u00adc\u00e8s qui s\u2019est ouvert \u00e0 Bel\u00adgrade d\u00e9but novembre est vrai\u00adment hors du com\u00admun. D\u2019a\u00adbord, il est d\u2019une lon\u00adgueur excep\u00adtion\u00adnelle, 3 mois, alors que le d\u00e9but avait d\u00e9j\u00e0 \u00e9t\u00e9 retar\u00add\u00e9. Des batailles de pro\u00adc\u00e9\u00addure enga\u00adg\u00e9es par les accu\u00ads\u00e9s ont don\u00adn\u00e9 lieu \u00e0 de nom\u00adbreuses inter\u00adrup\u00adtions, la liber\u00adt\u00e9 de ton des accu\u00ads\u00e9s \u00e9tant par\u00adti\u00adcu\u00adli\u00e8\u00adre\u00adment \u00e9ton\u00adnante&nbsp;: ils n\u2019h\u00e9\u00adsi\u00adt\u00e8rent pas \u00e0 mettre en cause l\u2019in\u00adt\u00e9\u00adgri\u00adt\u00e9 des juges et m\u00eame \u00e0 dis\u00adtri\u00adbuer en tract le texte de leurs d\u00e9fenses dans la salle d\u2019audience.<\/p>\n<p>Les irr\u00e9\u00adgu\u00adla\u00adri\u00adt\u00e9s ont \u00e9t\u00e9 moins nom\u00adbreuses que d\u2019ha\u00adbi\u00adtude, du moins au d\u00e9but, en rai\u00adson des nom\u00adbreux obser\u00adva\u00adteurs \u00e9tran\u00adgers. Mais il y en a eu, \u00e0 com\u00admen\u00adcer par le fait que ce pro\u00adc\u00e8s a \u00e9t\u00e9 annon\u00adc\u00e9 par le pr\u00e9\u00adsident de la You\u00adgo\u00adsla\u00advie avant que l\u2019acte d\u2019ac\u00adcu\u00adsa\u00adtion ne par\u00advienne au tri\u00adbu\u00adnal, puis le c\u00e9l\u00e8bre avo\u00adcat Popo\u00advic a \u00e9t\u00e9 cit\u00e9 comme t\u00e9moin pour qu\u2019il ne puisse pas d\u00e9fendre Mija\u00adno\u00advic, etc. Notons sur\u00adtout l\u2019ex\u00adclu\u00adsion de Mija\u00adno\u00advic de la salle des d\u00e9bats pour avoir d\u00e9cla\u00adr\u00e9 que l\u2019un des juges l\u2019a\u00advait d\u00e9j\u00e0 condam\u00adn\u00e9 <u>injus\u00adte\u00adment<\/u>, trois modi\u00adfi\u00adca\u00adtions de l\u2019acte d\u2019ac\u00adcu\u00adsa\u00adtion en cours de route, et la dis\u00adjonc\u00adtion des cas de Mija\u00adno\u00advic et de Jova\u00adno\u00advic. Enfin, les pour\u00adsuites contre Imsi\u00adro\u00advic ont \u00e9t\u00e9 aban\u00addon\u00adn\u00e9es. Cela montre l\u2019ex\u00adtr\u00eame embar\u00adras des juges devant le bruit fait autour de ce proc\u00e8s.<\/p>\n<p>Et c\u2019est sur\u00adtout cela qui est inha\u00adbi\u00adtuel et int\u00e9\u00adres\u00adsant pour un pro\u00adc\u00e8s poli\u00adtique en You\u00adgo\u00adsla\u00advie&nbsp;: l\u2019am\u00adpleur du sou\u00adtien dans le pays comme \u00e0 l\u2019\u00e9\u00adtran\u00adger ain\u00adsi que l\u2019\u00e9\u00adcho dans la presse. De nom\u00adbreuses per\u00adson\u00adna\u00adli\u00adt\u00e9s de divers pays ont sign\u00e9 des p\u00e9ti\u00adtions, des obser\u00adva\u00adteurs sont venus au pro\u00adc\u00e8s, dont les lea\u00adders des \u00ab&nbsp;verts&nbsp;\u00bb ouest-alle\u00admands, etc. \u00c0 Bel\u00adgrade s\u2019est cr\u00e9\u00e9 un <i>Comi\u00adt\u00e9 pour la D\u00e9fense de la Liber\u00adt\u00e9 de Presse et d\u2019Ex\u00adpres\u00adsion<\/i> com\u00adpre\u00adnant de nom\u00adbreuses per\u00adson\u00adna\u00adli\u00adt\u00e9s. Un bul\u00adle\u00adtin (<i>Bil\u00adten<\/i>) parait d\u00e8s le d\u00e9but, ren\u00addant compte quo\u00adti\u00addien\u00adne\u00adment des audiences et du sou\u00adtien en ser\u00adbo-croate et en anglais, sign\u00e9 \u00ab&nbsp;les amis des accu\u00ads\u00e9s&nbsp;\u00bb. Il y a m\u00eame eu une r\u00e9plique humo\u00adris\u00adtique, le <i>Ten\u00adbil<\/i> sign\u00e9 \u00ab&nbsp;les amis du procureur&nbsp;\u00bb.<\/p>\n<p>Tout cela n\u2019a n\u00e9an\u00admoins pas emp\u00ea\u00adch\u00e9 la police d\u2019\u00eatre agres\u00adsive&nbsp;: inti\u00admi\u00adda\u00adtions pour ceux qui assis\u00adtaient aux d\u00e9bats, vio\u00adlences contre un accu\u00ads\u00e9 et le fils d\u2019un avo\u00adcat, et m\u00eame menaces de mort \u00e0 l\u2019en\u00adcontre de Milic de la part d\u2019un offi\u00adcier de police qui s\u2019est van\u00adt\u00e9 du meurtre au p\u00e8re d\u2019un autre avo\u00adcat. Apr\u00e8s le pro\u00adc\u00e8s, l\u2019ap\u00adpa\u00adreil a vou\u00adlu se ven\u00adger en rayant du bar\u00adreau et en empri\u00adson\u00adnant ill\u00e9\u00adga\u00adle\u00adment l\u2019a\u00advo\u00adcat de Mija\u00adno\u00advic Vla\u00addi\u00admir Seks (condam\u00adn\u00e9 \u00e0 18 mois de pri\u00adson pr\u00e9\u00adc\u00e9\u00addem\u00adment, il ne devait pas \u00eatre arr\u00ea\u00adt\u00e9 avant le ver\u00addict de la cour d\u2019ap\u00adpel) alors qu\u2019il souffre d\u2019un ulc\u00e8re et qu\u2019il a eu une crise car\u00addiaque pen\u00addant le proc\u00e8s.<\/p>\n<p>La presse ne s\u2019est pas pri\u00adv\u00e9e d\u2019at\u00adta\u00adquer les accu\u00ads\u00e9s et ceux qui les sou\u00adtiennent&nbsp;: Dji\u00adlas qui \u00ab&nbsp;ob\u00e9it a la voix de ses ma\u00eetres&nbsp;\u00bb en assis\u00adtant au pro\u00adc\u00e8s avec sa femme, Petra Kel\u00adly qui uti\u00adlise les vic\u00adtimes du nazisme (elle s\u2019\u00e9\u00adtait incli\u00adn\u00e9e devant le monu\u00adment qui leur est consa\u00adcr\u00e9 en com\u00adpa\u00adgnie d\u2019Im\u00adsi\u00adro\u00advic) pour se for\u00adger un ali\u00adbi afin d\u2019or\u00adga\u00adni\u00adser ses pro\u00advo\u00adca\u00adtions!!! Les lec\u00adteurs you\u00adgo\u00adslaves ont eu droit \u00e0 de vrais mor\u00adceaux d\u2019an\u00adtho\u00adlo\u00adgie, sans oublier les insi\u00adnua\u00adtions selon les\u00adquelles les accu\u00ads\u00e9s ne seraient que des ter\u00adro\u00adristes&nbsp;: on a trou\u00adv\u00e9 chez Mija\u00adno\u00advic une bro\u00adchure de la RAF. Et pour une fois, \u00e0 c\u00f4t\u00e9 du terme usuel mais absurde d\u2019\u00abanarcho-lib\u00e9raux&nbsp;\u00bb, on n\u2019h\u00e9\u00adsi\u00adtait pas \u00e0 ajou\u00adter \u00ab&nbsp;anar\u00adchistes&nbsp;\u00bb dans l\u2019\u00e9\u00adnu\u00adm\u00e9\u00adra\u00adtion de tous les \u00ab&nbsp;enne\u00admis du socia\u00adlisme et de l\u2019au\u00adto\u00adges\u00adtion&nbsp;\u00bb qui se retrou\u00advaient dans la salle d\u2019au\u00addience. Ajou\u00adtons que l\u00e0-bas aus\u00adsi le terme \u00ab&nbsp;anar\u00adchiste&nbsp;\u00bb n\u2019est pas tr\u00e8s \u00e9loi\u00adgn\u00e9 pour le jour\u00adna\u00adliste moyen de celui de \u00ab&nbsp;terroriste&nbsp;\u00bb.<\/p>\n<p>Les m\u00e9dias occi\u00adden\u00adtaux ne sont pas exempts de reproches puis\u00adqu\u2019ils ont os\u00e9 qua\u00adli\u00adfier de \u00ab&nbsp;cl\u00e9\u00admentes&nbsp;\u00bb les peines pro\u00adnon\u00adc\u00e9es le 4 f\u00e9vrier&nbsp;: 2 ans, 1 ans et demi et 1 an pour Milic, Niko\u00adlic et Olu\u00adjic aux\u00adquels on ne repro\u00adchait plus que la \u00ab&nbsp;pro\u00adpa\u00adgande hos\u00adtile&nbsp;\u00bb. Ils attendent en liber\u00adt\u00e9 leur pro\u00adc\u00e8s en appel et sur\u00adtout les 2 \u00ab&nbsp;cas dis\u00adjoints&nbsp;\u00bb ne savent pas ce qui va leur arri\u00adver alors que le pro\u00adc\u00e8s est termin\u00e9.<\/p>\n<p>Mais il ne faut pas oublier d\u2019autres cas plus graves comme celui ce Seselj, l\u2019un des 28 arr\u00ea\u00adt\u00e9s en avril 1984, et condam\u00adn\u00e9 \u00e0 8 ans rame\u00adn\u00e9s \u00e0 4 en appel (une autre \u00ab&nbsp;cl\u00e9mence6), ou du po\u00e8te Mla\u00adde\u00adno\u00advic condam\u00adn\u00e9 \u00e0 18 mois en f\u00e9vrier. Las\u00adlo Sekelj, dont <i>Iztok<\/i> a publi\u00e9 un texte <a href=\"https:\/\/la-presse-anarchiste.net\/index.php\/1984\/09\/01\/bakounine-et-lenine\/\">dans son n\u00b09<\/a>, a \u00e9t\u00e9 appe\u00adl\u00e9 \u00e0 t\u00e9moi\u00adgner au pro\u00adc\u00e8s des 6, et il est en butte \u00e0 de nom\u00adbreuses tra\u00adcas\u00adse\u00adries et \u00e0 des attaques dans les jour\u00adnaux, il a \u00e9t\u00e9 chas\u00ads\u00e9 de l\u2019u\u00adni\u00adver\u00adsi\u00adt\u00e9 de Novi Sad et il n\u2019a plus de passeport.<\/p>\n<p>Seks, Seselj et Mla\u00adde\u00adno\u00advic ont enta\u00adm\u00e9 tous trois une gr\u00e8ve de la faim et les 6 ont \u00e9ga\u00adle\u00adment pro\u00admis de recom\u00admen\u00adcer la leur s\u2019ils \u00e9taient empri\u00adson\u00adn\u00e9s. Qu\u2019ils en soient r\u00e9duits \u00e0 de telles extr\u00e9\u00admi\u00adt\u00e9s prouve que la lib\u00e9\u00adra\u00adli\u00adsa\u00adtion inter\u00adve\u00adnue apr\u00e8s la mort de Tito est toute relative.<\/p>\n<p>Au silence pesant qui r\u00e9gnait il y a quelques ann\u00e9es a suc\u00adc\u00e9\u00add\u00e9 une situa\u00adtion tr\u00e8s confuse o\u00f9 les nom\u00adbreuses inter\u00addic\u00adtions et condam\u00adna\u00adtions r\u00e9pondent aux dis\u00adsen\u00adsions entre diri\u00adgeants. Citons la prise de posi\u00adtion des anciens de la guerre d\u2019Es\u00adpagne qui se d\u00e9clarent par\u00adti\u00adsans d\u2019une r\u00e9vi\u00adsion lib\u00e9\u00adrale du Code P\u00e9nal et d\u2019un res\u00adpect des liber\u00adt\u00e9s garan\u00adties par la constitution.<\/p>\n<p>En tout cas, pour l\u2019ins\u00adtant, les \u00e9l\u00e9\u00adments les plus durs du pou\u00advoir n\u2019ont pas r\u00e9us\u00adsi dans ce qui sem\u00adblait \u00eatre leur but&nbsp;: paci\u00adfier pr\u00e9\u00adven\u00adti\u00adve\u00adment Bel\u00adgrade, faire ces\u00adser toute acti\u00advi\u00adt\u00e9 \u00e0 la \u00ab&nbsp;nou\u00advelle gauche|, mettre \u00e0 l\u2019\u00e9\u00adcart les \u00e9l\u00e9\u00adments les plus g\u00eanants, semer la peur dans la jeu\u00adnesse, en un mot s\u2019as\u00adsu\u00adrer pour l\u2019a\u00adve\u00adnir, un ave\u00adnir dans lequel on peut s\u2019at\u00adtendre selon toute pro\u00adba\u00adbi\u00adli\u00adt\u00e9 \u00e0 de graves conflits sociaux.<\/p>\n<p style=\"text-align: right;\">Des membres du Comi\u00adt\u00e9 Radovic<br>\n(c\/\u200bo M.&nbsp;Matha, 34 rue Feu\u00adtrier, 75018&nbsp;Paris&nbsp;)<br>\n(Ce texte a \u00e9t\u00e9 \u00e9ta\u00adbli \u00e0 par\u00adtir de docu\u00adments qui nous ont \u00e9t\u00e9 trans\u00admis de Yougoslavie)<\/p>\n<\/div>\n","protected":false},"excerpt":{"rendered":"<p>En ao\u00fbt 1984, le par\u00adquet de Bel\u00adgrade a \u00e9ta\u00adbli un acte d\u2019ac\u00adcu\u00adsa\u00adtion \u00e0 l\u2019en\u00adcontre de Vla\u00addi\u00admir Mija\u00adno\u00advic (n\u00e9 en 1946, ancien \u00e9tu\u00addiant en socio\u00adlo\u00adgie), Mio\u00addrag Mille (n\u00e9 en 1929, sc\u00e9\u00adna\u00adriste), Pav\u00adlus\u00adko Imsi\u00adro\u00advic (n\u00e9 en 1948, tra\u00adduc\u00adteur), Dra\u00adgo\u00admir Olu\u00adjic (n\u00e9 en 1949, jour\u00adna\u00adliste \u00e0 Radio-Bel\u00ad\u00adgrade), Milan Niko\u00adlic (n\u00e9 en 1947, employ\u00e9 \u00e0 l\u2019Ins\u00adti\u00adtut d\u2019\u00c9\u00adco\u00adno\u00admie Agri\u00adcole&nbsp;de&nbsp;[\u2026]<\/p>\n","protected":false},"author":8,"featured_media":5945,"comment_status":"closed","ping_status":"closed","sticky":false,"template":"wp-custom-template-page-d-article","format":"standard","meta":{"wp_typography_post_enhancements_disabled":false,"footnotes":""},"categories":[206],"tags":[648,556],"ppma_author":[680],"class_list":["post-1783","post","type-post","status-publish","format-standard","has-post-thumbnail","hentry","category-iztok-na10-mars-1985","tag-bulgarie","tag-repression"],"authors":[{"term_id":680,"user_id":8,"is_guest":0,"slug":"anonyme","display_name":"Anonyme","avatar_url":"https:\/\/secure.gravatar.com\/avatar\/cdccebf2bbf18d75df96a6721f7ce7f7ec80d026f1b8ec6be93de563bca5236b?s=96&d=mm&r=g","author_category":"","user_url":"","last_name":"","first_name":"","job_title":"","description":""}],"_links":{"self":[{"href":"https:\/\/la-presse-anarchiste.net\/index.php\/wp-json\/wp\/v2\/posts\/1783","targetHints":{"allow":["GET"]}}],"collection":[{"href":"https:\/\/la-presse-anarchiste.net\/index.php\/wp-json\/wp\/v2\/posts"}],"about":[{"href":"https:\/\/la-presse-anarchiste.net\/index.php\/wp-json\/wp\/v2\/types\/post"}],"author":[{"embeddable":true,"href":"https:\/\/la-presse-anarchiste.net\/index.php\/wp-json\/wp\/v2\/users\/8"}],"replies":[{"embeddable":true,"href":"https:\/\/la-presse-anarchiste.net\/index.php\/wp-json\/wp\/v2\/comments?post=1783"}],"version-history":[{"count":2,"href":"https:\/\/la-presse-anarchiste.net\/index.php\/wp-json\/wp\/v2\/posts\/1783\/revisions"}],"predecessor-version":[{"id":7738,"href":"https:\/\/la-presse-anarchiste.net\/index.php\/wp-json\/wp\/v2\/posts\/1783\/revisions\/7738"}],"wp:featuredmedia":[{"embeddable":true,"href":"https:\/\/la-presse-anarchiste.net\/index.php\/wp-json\/wp\/v2\/media\/5945"}],"wp:attachment":[{"href":"https:\/\/la-presse-anarchiste.net\/index.php\/wp-json\/wp\/v2\/media?parent=1783"}],"wp:term":[{"taxonomy":"category","embeddable":true,"href":"https:\/\/la-presse-anarchiste.net\/index.php\/wp-json\/wp\/v2\/categories?post=1783"},{"taxonomy":"post_tag","embeddable":true,"href":"https:\/\/la-presse-anarchiste.net\/index.php\/wp-json\/wp\/v2\/tags?post=1783"},{"taxonomy":"author","embeddable":true,"href":"https:\/\/la-presse-anarchiste.net\/index.php\/wp-json\/wp\/v2\/ppma_author?post=1783"}],"curies":[{"name":"wp","href":"https:\/\/api.w.org\/{rel}","templated":true}]}}